{"id":126562,"date":"2025-12-30T15:49:23","date_gmt":"2025-12-30T15:49:23","guid":{"rendered":"https:\/\/www.altominho.tv\/site\/?p=126562"},"modified":"2025-12-30T15:49:26","modified_gmt":"2025-12-30T15:49:26","slug":"chega-acusa-camara-de-viana-do-castelo-de-incumprimento-em-revisao-orcamental","status":"publish","type":"post","link":"https:\/\/www.altominho.tv\/site\/2025\/12\/30\/chega-acusa-camara-de-viana-do-castelo-de-incumprimento-em-revisao-orcamental\/","title":{"rendered":"Chega acusa C\u00e2mara de Viana do Castelo de incumprimento em revis\u00e3o or\u00e7amental"},"content":{"rendered":"<p>O vereador do Chega na C\u00e2mara de Viana do Castelo acusou hoje a maioria socialista na autarquia de ter cometido \u201cum grave incumprimento da lei&#8221; ao n\u00e3o submeter \u00e0 aprecia\u00e7\u00e3o e aprova\u00e7\u00e3o da Assembleia Municipal uma revis\u00e3o or\u00e7amental.<\/p>\n<p>Eduardo Teixeira, que falava em confer\u00eancia de imprensa na sede do partido em Viana do Castelo, adiantou que \u201cos eleitos na C\u00e2mara e Assembleia Municipal, de forma respons\u00e1vel, institucional e, no devido cumprimento do seu dever de fiscaliza\u00e7\u00e3o, solicitar\u00e3o esclarecimentos ao Tribunal de Contas&#8221;.<\/p>\n<p>\u201cEst\u00e3o em causa princ\u00edpios fundamentais do Estado de direito democr\u00e1tico, nomeadamente a legalidade, a transpar\u00eancia e a boa gest\u00e3o dos dinheiros p\u00fablicos\u201d, sublinhou.<\/p>\n<p>Contactado pela Lusa, o presidente da C\u00e2mara, Lu\u00eds Nobre, garantiu \u201cn\u00e3o existir qualquer desrespeito pelo \u00f3rg\u00e3o deliberativo&#8221;.<\/p>\n<p>Segundo o vereador do Chega na C\u00e2mara, a revis\u00e3o or\u00e7amental foi aprovada na \u00faltima reuni\u00e3o camar\u00e1ria, mas \u201cimplica uma redu\u00e7\u00e3o de cerca de 46 milh\u00f5es de euros na receita face ao or\u00e7amento [2024] inicialmente aprovado\u201d.<\/p>\n<p>\u201cPela quinta revis\u00e3o or\u00e7amental efetuada, o or\u00e7amento inicial de 226 milh\u00f5es de euros \u00e9 assim reduzido a praticamente metade no montante de 114 milh\u00f5es de euros, afetando as verbas previstas para os investimentos, coes\u00e3o territorial e desenvolvimento econ\u00f3mico, mantendo-se, no entanto, em linha do previsto o montante das despesas correntes e a receita dos impostos cobrados aos vianenses\u201d, sustentou.<\/p>\n<p>Eduardo Teixeira referiu que \u201ca legisla\u00e7\u00e3o \u00e9 inequ\u00edvoca, as revis\u00f5es or\u00e7amentais s\u00e3o da compet\u00eancia da Assembleia Municipal, n\u00e3o podendo o executivo camar\u00e1rio deliberar isoladamente sobre mat\u00e9rias desta natureza\u201d.<\/p>\n<p>Argumentou que, \u201cao contornar este procedimento legal obrigat\u00f3rio, o executivo demonstra uma preocupante desconsidera\u00e7\u00e3o pelas regras democr\u00e1ticas, pelo princ\u00edpio da legalidade financeira e pelo papel fiscalizador do \u00f3rg\u00e3o deliberativo do munic\u00edpio\u201d.<\/p>\n<p>Para Eduardo Teixeira, \u201cmais grave ainda \u00e9 que esta revis\u00e3o or\u00e7amental surge a cerca de 15 dias do encerramento do ano econ\u00f3mico [reuni\u00e3o camar\u00e1ria de 22 de dezembro], com um grau de execu\u00e7\u00e3o de apenas 48,74% do or\u00e7amento inicial\u201d, levantando \u201cs\u00e9rias d\u00favidas quanto \u00e0 sua finalidade\u201d.<\/p>\n<p>\u201cEsta op\u00e7\u00e3o n\u00e3o traduz uma gest\u00e3o rigorosa e respons\u00e1vel das finan\u00e7as municipais, mas antes uma tentativa de ajustar artificialmente os n\u00fameros para apresentar um grau de execu\u00e7\u00e3o or\u00e7amental que n\u00e3o corresponde \u00e0 realidade do or\u00e7amento inicialmente aprovado\u201d, especificou.<\/p>\n<p>Contactado pela Lusa, o presidente da C\u00e2mara, Lu\u00eds Nobre, garantiu \u201cn\u00e3o existir qualquer desrespeito pelo \u00f3rg\u00e3o deliberativo, atendendo a que a diminui\u00e7\u00e3o ou anula\u00e7\u00e3o da receita n\u00e3o implicou a elimina\u00e7\u00e3o de projetos de investimento j\u00e1 aprovados, conforme pode ser consultado no Subgrupo de Apoio T\u00e9cnico (SATA)na aplica\u00e7\u00e3o do Plano Oficial de Contabilidade das Autarquias Locais (POCAL)\u201d.<\/p>\n<p>O autarca socialista invoca o que \u00e9 indicado no SATAPOCAL que refere que, \u201cse a diminui\u00e7\u00e3o ou anula\u00e7\u00e3o da receita n\u00e3o implicar a elimina\u00e7\u00e3o de projetos de investimentos, j\u00e1 aprovados, considerando que uma redu\u00e7\u00e3o da receita ir\u00e1 implicar uma redu\u00e7\u00e3o tamb\u00e9m na despesa, a metodologia a adotar dever\u00e1 passar por uma altera\u00e7\u00e3o or\u00e7amental, nos termos legalmente previstos\u201d.<\/p>\n<p>Lu\u00eds Nobre acrescenta que na \u201cBrochura n\u00ba 1 \u2013 Modifica\u00e7\u00f5es aos Documentos Previsionais, \u00e9 igualmente referido que as Altera\u00e7\u00f5es Or\u00e7amentais s\u00e3o ajustes no or\u00e7amento anual, para flexibilizar a execu\u00e7\u00e3o\u201d.<\/p>\n<p>Segundo Lu\u00eds Nobre, esses \u201cajustes\u201d podem ser realizados em caso de \u201cexcesso de receita ou outras receitas n\u00e3o previstas, diminui\u00e7\u00e3o ou anula\u00e7\u00e3o de receitas, despesas n\u00e3o previstas ou insuficientemente dotadas\u201d.<\/p>\n<p>\u201cNo caso da diminui\u00e7\u00e3o ou anula\u00e7\u00e3o de receitas, o \u00f3rg\u00e3o competente para a sua aprova\u00e7\u00e3o \u00e9 a C\u00e2mara Municipal\u201d, frisou.<\/p>\n","protected":false},"excerpt":{"rendered":"<p>O vereador do Chega na C\u00e2mara de Viana do Castelo acusou hoje a maioria socialista na autarquia de ter cometido \u201cum grave incumprimento da lei&#8221; ao n\u00e3o submeter \u00e0 aprecia\u00e7\u00e3o e aprova\u00e7\u00e3o da Assembleia Municipal uma revis\u00e3o or\u00e7amental. Eduardo Teixeira, que falava em confer\u00eancia de imprensa na sede do partido em Viana do Castelo, adiantou [&hellip;]<\/p>\n","protected":false},"author":13,"featured_media":126563,"comment_status":"closed","ping_status":"closed","sticky":false,"template":"","format":"standard","meta":{"_exactmetrics_skip_tracking":false,"_exactmetrics_sitenote_active":false,"_exactmetrics_sitenote_note":"","_exactmetrics_sitenote_category":0,"footnotes":""},"categories":[14],"tags":[56326],"class_list":["post-126562","post","type-post","status-publish","format-standard","has-post-thumbnail","hentry","category-viana-do-castelo","tag-politica"],"yoast_head":"<!-- This site is optimized with the Yoast SEO Premium plugin v27.4 (Yoast SEO v27.4) - https:\/\/yoast.com\/product\/yoast-seo-premium-wordpress\/ -->\n<title>Chega acusa C\u00e2mara de Viana do Castelo de incumprimento em revis\u00e3o or\u00e7amental<\/title>\n<meta name=\"description\" content=\"O vereador do Chega na C\u00e2mara de Viana do Castelo acusou hoje a maioria socialista na autarquia de ter cometido \u201cum grave incumprimento da lei&quot; ao n\u00e3o submeter \u00e0 aprecia\u00e7\u00e3o e aprova\u00e7\u00e3o da Assembleia Municipal uma revis\u00e3o or\u00e7amental.\" \/>\n<meta name=\"robots\" content=\"index, follow, max-snippet:-1, max-image-preview:large, max-video-preview:-1\" \/>\n<link rel=\"canonical\" href=\"https:\/\/www.altominho.tv\/site\/2025\/12\/30\/chega-acusa-camara-de-viana-do-castelo-de-incumprimento-em-revisao-orcamental\/\" \/>\n<meta property=\"og:locale\" content=\"pt_PT\" \/>\n<meta property=\"og:type\" content=\"article\" \/>\n<meta property=\"og:title\" content=\"Chega acusa C\u00e2mara de Viana do Castelo de incumprimento em revis\u00e3o or\u00e7amental\" \/>\n<meta property=\"og:description\" content=\"O vereador do Chega na C\u00e2mara de Viana do Castelo acusou hoje a maioria socialista na autarquia de ter cometido \u201cum grave incumprimento da lei&quot; ao n\u00e3o submeter \u00e0 aprecia\u00e7\u00e3o e aprova\u00e7\u00e3o da Assembleia Municipal uma revis\u00e3o or\u00e7amental.\" \/>\n<meta property=\"og:url\" content=\"https:\/\/www.altominho.tv\/site\/2025\/12\/30\/chega-acusa-camara-de-viana-do-castelo-de-incumprimento-em-revisao-orcamental\/\" \/>\n<meta property=\"og:site_name\" content=\"Altominho.tv\" \/>\n<meta property=\"article:publisher\" content=\"https:\/\/www.facebook.com\/altominhotv\" \/>\n<meta property=\"article:published_time\" content=\"2025-12-30T15:49:23+00:00\" \/>\n<meta property=\"article:modified_time\" content=\"2025-12-30T15:49:26+00:00\" \/>\n<meta property=\"og:image\" content=\"https:\/\/www.altominho.tv\/site\/wp-content\/uploads\/2025\/12\/contas-viana.jpg\" \/>\n\t<meta property=\"og:image:width\" content=\"1200\" \/>\n\t<meta property=\"og:image:height\" content=\"630\" \/>\n\t<meta property=\"og:image:type\" content=\"image\/jpeg\" \/>\n<meta name=\"author\" content=\"Lusa\" \/>\n<meta name=\"twitter:card\" content=\"summary_large_image\" \/>\n<meta name=\"twitter:creator\" content=\"@altominhoTV\" \/>\n<meta name=\"twitter:site\" content=\"@altominhoTV\" \/>\n<meta name=\"twitter:label1\" content=\"Escrito por\" \/>\n\t<meta name=\"twitter:data1\" content=\"Lusa\" \/>\n\t<meta name=\"twitter:label2\" content=\"Tempo estimado de leitura\" \/>\n\t<meta name=\"twitter:data2\" content=\"4 minutos\" \/>\n<script type=\"application\/ld+json\" class=\"yoast-schema-graph\">{\"@context\":\"https:\\\/\\\/schema.org\",\"@graph\":[{\"@type\":\"Article\",\"@id\":\"https:\\\/\\\/www.altominho.tv\\\/site\\\/2025\\\/12\\\/30\\\/chega-acusa-camara-de-viana-do-castelo-de-incumprimento-em-revisao-orcamental\\\/#article\",\"isPartOf\":{\"@id\":\"https:\\\/\\\/www.altominho.tv\\\/site\\\/2025\\\/12\\\/30\\\/chega-acusa-camara-de-viana-do-castelo-de-incumprimento-em-revisao-orcamental\\\/\"},\"author\":{\"name\":\"Lusa\",\"@id\":\"https:\\\/\\\/www.altominho.tv\\\/site\\\/#\\\/schema\\\/person\\\/63f693da3e1899361cbe955c46f3232e\"},\"headline\":\"Chega acusa C\u00e2mara de Viana do Castelo de incumprimento em revis\u00e3o or\u00e7amental\",\"datePublished\":\"2025-12-30T15:49:23+00:00\",\"dateModified\":\"2025-12-30T15:49:26+00:00\",\"mainEntityOfPage\":{\"@id\":\"https:\\\/\\\/www.altominho.tv\\\/site\\\/2025\\\/12\\\/30\\\/chega-acusa-camara-de-viana-do-castelo-de-incumprimento-em-revisao-orcamental\\\/\"},\"wordCount\":655,\"image\":{\"@id\":\"https:\\\/\\\/www.altominho.tv\\\/site\\\/2025\\\/12\\\/30\\\/chega-acusa-camara-de-viana-do-castelo-de-incumprimento-em-revisao-orcamental\\\/#primaryimage\"},\"thumbnailUrl\":\"https:\\\/\\\/www.altominho.tv\\\/site\\\/wp-content\\\/uploads\\\/2025\\\/12\\\/contas-viana.jpg\",\"keywords\":[\"Pol\u00edtica\"],\"articleSection\":[\"Viana do Castelo\"],\"inLanguage\":\"pt-PT\",\"copyrightYear\":\"2025\",\"copyrightHolder\":{\"@id\":\"https:\\\/\\\/www.altominho.tv\\\/site\\\/#organization\"}},{\"@type\":\"WebPage\",\"@id\":\"https:\\\/\\\/www.altominho.tv\\\/site\\\/2025\\\/12\\\/30\\\/chega-acusa-camara-de-viana-do-castelo-de-incumprimento-em-revisao-orcamental\\\/\",\"url\":\"https:\\\/\\\/www.altominho.tv\\\/site\\\/2025\\\/12\\\/30\\\/chega-acusa-camara-de-viana-do-castelo-de-incumprimento-em-revisao-orcamental\\\/\",\"name\":\"Chega acusa C\u00e2mara de Viana do Castelo de incumprimento em revis\u00e3o or\u00e7amental\",\"isPartOf\":{\"@id\":\"https:\\\/\\\/www.altominho.tv\\\/site\\\/#website\"},\"primaryImageOfPage\":{\"@id\":\"https:\\\/\\\/www.altominho.tv\\\/site\\\/2025\\\/12\\\/30\\\/chega-acusa-camara-de-viana-do-castelo-de-incumprimento-em-revisao-orcamental\\\/#primaryimage\"},\"image\":{\"@id\":\"https:\\\/\\\/www.altominho.tv\\\/site\\\/2025\\\/12\\\/30\\\/chega-acusa-camara-de-viana-do-castelo-de-incumprimento-em-revisao-orcamental\\\/#primaryimage\"},\"thumbnailUrl\":\"https:\\\/\\\/www.altominho.tv\\\/site\\\/wp-content\\\/uploads\\\/2025\\\/12\\\/contas-viana.jpg\",\"datePublished\":\"2025-12-30T15:49:23+00:00\",\"dateModified\":\"2025-12-30T15:49:26+00:00\",\"author\":{\"@id\":\"https:\\\/\\\/www.altominho.tv\\\/site\\\/#\\\/schema\\\/person\\\/63f693da3e1899361cbe955c46f3232e\"},\"description\":\"O vereador do Chega na C\u00e2mara de Viana do Castelo acusou hoje a maioria socialista na autarquia de ter cometido \u201cum grave incumprimento da lei\\\" ao n\u00e3o submeter \u00e0 aprecia\u00e7\u00e3o e aprova\u00e7\u00e3o da Assembleia Municipal uma revis\u00e3o or\u00e7amental.\",\"breadcrumb\":{\"@id\":\"https:\\\/\\\/www.altominho.tv\\\/site\\\/2025\\\/12\\\/30\\\/chega-acusa-camara-de-viana-do-castelo-de-incumprimento-em-revisao-orcamental\\\/#breadcrumb\"},\"inLanguage\":\"pt-PT\",\"potentialAction\":[{\"@type\":\"ReadAction\",\"target\":[\"https:\\\/\\\/www.altominho.tv\\\/site\\\/2025\\\/12\\\/30\\\/chega-acusa-camara-de-viana-do-castelo-de-incumprimento-em-revisao-orcamental\\\/\"]}]},{\"@type\":\"ImageObject\",\"inLanguage\":\"pt-PT\",\"@id\":\"https:\\\/\\\/www.altominho.tv\\\/site\\\/2025\\\/12\\\/30\\\/chega-acusa-camara-de-viana-do-castelo-de-incumprimento-em-revisao-orcamental\\\/#primaryimage\",\"url\":\"https:\\\/\\\/www.altominho.tv\\\/site\\\/wp-content\\\/uploads\\\/2025\\\/12\\\/contas-viana.jpg\",\"contentUrl\":\"https:\\\/\\\/www.altominho.tv\\\/site\\\/wp-content\\\/uploads\\\/2025\\\/12\\\/contas-viana.jpg\",\"width\":1200,\"height\":630},{\"@type\":\"BreadcrumbList\",\"@id\":\"https:\\\/\\\/www.altominho.tv\\\/site\\\/2025\\\/12\\\/30\\\/chega-acusa-camara-de-viana-do-castelo-de-incumprimento-em-revisao-orcamental\\\/#breadcrumb\",\"itemListElement\":[{\"@type\":\"ListItem\",\"position\":1,\"name\":\"In\u00edcio\",\"item\":\"https:\\\/\\\/www.altominho.tv\\\/site\\\/\"},{\"@type\":\"ListItem\",\"position\":2,\"name\":\"Chega acusa C\u00e2mara de Viana do Castelo de incumprimento em revis\u00e3o or\u00e7amental\"}]},{\"@type\":\"WebSite\",\"@id\":\"https:\\\/\\\/www.altominho.tv\\\/site\\\/#website\",\"url\":\"https:\\\/\\\/www.altominho.tv\\\/site\\\/\",\"name\":\"Altominho.tv\",\"description\":\"A sua regi\u00e3o \u00e0 dist\u00e2ncia de um clique...\",\"potentialAction\":[{\"@type\":\"SearchAction\",\"target\":{\"@type\":\"EntryPoint\",\"urlTemplate\":\"https:\\\/\\\/www.altominho.tv\\\/site\\\/?s={search_term_string}\"},\"query-input\":{\"@type\":\"PropertyValueSpecification\",\"valueRequired\":true,\"valueName\":\"search_term_string\"}}],\"inLanguage\":\"pt-PT\"},{\"@type\":\"Person\",\"@id\":\"https:\\\/\\\/www.altominho.tv\\\/site\\\/#\\\/schema\\\/person\\\/63f693da3e1899361cbe955c46f3232e\",\"name\":\"Lusa\",\"image\":{\"@type\":\"ImageObject\",\"inLanguage\":\"pt-PT\",\"@id\":\"https:\\\/\\\/www.altominho.tv\\\/site\\\/wp-content\\\/uploads\\\/2019\\\/08\\\/LUSA_Logo.gif\",\"url\":\"https:\\\/\\\/www.altominho.tv\\\/site\\\/wp-content\\\/uploads\\\/2019\\\/08\\\/LUSA_Logo.gif\",\"contentUrl\":\"https:\\\/\\\/www.altominho.tv\\\/site\\\/wp-content\\\/uploads\\\/2019\\\/08\\\/LUSA_Logo.gif\",\"caption\":\"Lusa\"},\"sameAs\":[\"http:\\\/\\\/\\\/\\\/www.altominho.tv\\\/site\"],\"url\":\"https:\\\/\\\/www.altominho.tv\\\/site\\\/author\\\/lusa\\\/\"}]}<\/script>\n<!-- \/ Yoast SEO Premium plugin. -->","yoast_head_json":{"title":"Chega acusa C\u00e2mara de Viana do Castelo de incumprimento em revis\u00e3o or\u00e7amental","description":"O vereador do Chega na C\u00e2mara de Viana do Castelo acusou hoje a maioria socialista na autarquia de ter cometido \u201cum grave incumprimento da lei\" ao n\u00e3o submeter \u00e0 aprecia\u00e7\u00e3o e aprova\u00e7\u00e3o da Assembleia Municipal uma revis\u00e3o or\u00e7amental.","robots":{"index":"index","follow":"follow","max-snippet":"max-snippet:-1","max-image-preview":"max-image-preview:large","max-video-preview":"max-video-preview:-1"},"canonical":"https:\/\/www.altominho.tv\/site\/2025\/12\/30\/chega-acusa-camara-de-viana-do-castelo-de-incumprimento-em-revisao-orcamental\/","og_locale":"pt_PT","og_type":"article","og_title":"Chega acusa C\u00e2mara de Viana do Castelo de incumprimento em revis\u00e3o or\u00e7amental","og_description":"O vereador do Chega na C\u00e2mara de Viana do Castelo acusou hoje a maioria socialista na autarquia de ter cometido \u201cum grave incumprimento da lei\" ao n\u00e3o submeter \u00e0 aprecia\u00e7\u00e3o e aprova\u00e7\u00e3o da Assembleia Municipal uma revis\u00e3o or\u00e7amental.","og_url":"https:\/\/www.altominho.tv\/site\/2025\/12\/30\/chega-acusa-camara-de-viana-do-castelo-de-incumprimento-em-revisao-orcamental\/","og_site_name":"Altominho.tv","article_publisher":"https:\/\/www.facebook.com\/altominhotv","article_published_time":"2025-12-30T15:49:23+00:00","article_modified_time":"2025-12-30T15:49:26+00:00","og_image":[{"width":1200,"height":630,"url":"https:\/\/www.altominho.tv\/site\/wp-content\/uploads\/2025\/12\/contas-viana.jpg","type":"image\/jpeg"}],"author":"Lusa","twitter_card":"summary_large_image","twitter_creator":"@altominhoTV","twitter_site":"@altominhoTV","twitter_misc":{"Escrito por":"Lusa","Tempo estimado de leitura":"4 minutos"},"schema":{"@context":"https:\/\/schema.org","@graph":[{"@type":"Article","@id":"https:\/\/www.altominho.tv\/site\/2025\/12\/30\/chega-acusa-camara-de-viana-do-castelo-de-incumprimento-em-revisao-orcamental\/#article","isPartOf":{"@id":"https:\/\/www.altominho.tv\/site\/2025\/12\/30\/chega-acusa-camara-de-viana-do-castelo-de-incumprimento-em-revisao-orcamental\/"},"author":{"name":"Lusa","@id":"https:\/\/www.altominho.tv\/site\/#\/schema\/person\/63f693da3e1899361cbe955c46f3232e"},"headline":"Chega acusa C\u00e2mara de Viana do Castelo de incumprimento em revis\u00e3o or\u00e7amental","datePublished":"2025-12-30T15:49:23+00:00","dateModified":"2025-12-30T15:49:26+00:00","mainEntityOfPage":{"@id":"https:\/\/www.altominho.tv\/site\/2025\/12\/30\/chega-acusa-camara-de-viana-do-castelo-de-incumprimento-em-revisao-orcamental\/"},"wordCount":655,"image":{"@id":"https:\/\/www.altominho.tv\/site\/2025\/12\/30\/chega-acusa-camara-de-viana-do-castelo-de-incumprimento-em-revisao-orcamental\/#primaryimage"},"thumbnailUrl":"https:\/\/www.altominho.tv\/site\/wp-content\/uploads\/2025\/12\/contas-viana.jpg","keywords":["Pol\u00edtica"],"articleSection":["Viana do Castelo"],"inLanguage":"pt-PT","copyrightYear":"2025","copyrightHolder":{"@id":"https:\/\/www.altominho.tv\/site\/#organization"}},{"@type":"WebPage","@id":"https:\/\/www.altominho.tv\/site\/2025\/12\/30\/chega-acusa-camara-de-viana-do-castelo-de-incumprimento-em-revisao-orcamental\/","url":"https:\/\/www.altominho.tv\/site\/2025\/12\/30\/chega-acusa-camara-de-viana-do-castelo-de-incumprimento-em-revisao-orcamental\/","name":"Chega acusa C\u00e2mara de Viana do Castelo de incumprimento em revis\u00e3o or\u00e7amental","isPartOf":{"@id":"https:\/\/www.altominho.tv\/site\/#website"},"primaryImageOfPage":{"@id":"https:\/\/www.altominho.tv\/site\/2025\/12\/30\/chega-acusa-camara-de-viana-do-castelo-de-incumprimento-em-revisao-orcamental\/#primaryimage"},"image":{"@id":"https:\/\/www.altominho.tv\/site\/2025\/12\/30\/chega-acusa-camara-de-viana-do-castelo-de-incumprimento-em-revisao-orcamental\/#primaryimage"},"thumbnailUrl":"https:\/\/www.altominho.tv\/site\/wp-content\/uploads\/2025\/12\/contas-viana.jpg","datePublished":"2025-12-30T15:49:23+00:00","dateModified":"2025-12-30T15:49:26+00:00","author":{"@id":"https:\/\/www.altominho.tv\/site\/#\/schema\/person\/63f693da3e1899361cbe955c46f3232e"},"description":"O vereador do Chega na C\u00e2mara de Viana do Castelo acusou hoje a maioria socialista na autarquia de ter cometido \u201cum grave incumprimento da lei\" ao n\u00e3o submeter \u00e0 aprecia\u00e7\u00e3o e aprova\u00e7\u00e3o da Assembleia Municipal uma revis\u00e3o or\u00e7amental.","breadcrumb":{"@id":"https:\/\/www.altominho.tv\/site\/2025\/12\/30\/chega-acusa-camara-de-viana-do-castelo-de-incumprimento-em-revisao-orcamental\/#breadcrumb"},"inLanguage":"pt-PT","potentialAction":[{"@type":"ReadAction","target":["https:\/\/www.altominho.tv\/site\/2025\/12\/30\/chega-acusa-camara-de-viana-do-castelo-de-incumprimento-em-revisao-orcamental\/"]}]},{"@type":"ImageObject","inLanguage":"pt-PT","@id":"https:\/\/www.altominho.tv\/site\/2025\/12\/30\/chega-acusa-camara-de-viana-do-castelo-de-incumprimento-em-revisao-orcamental\/#primaryimage","url":"https:\/\/www.altominho.tv\/site\/wp-content\/uploads\/2025\/12\/contas-viana.jpg","contentUrl":"https:\/\/www.altominho.tv\/site\/wp-content\/uploads\/2025\/12\/contas-viana.jpg","width":1200,"height":630},{"@type":"BreadcrumbList","@id":"https:\/\/www.altominho.tv\/site\/2025\/12\/30\/chega-acusa-camara-de-viana-do-castelo-de-incumprimento-em-revisao-orcamental\/#breadcrumb","itemListElement":[{"@type":"ListItem","position":1,"name":"In\u00edcio","item":"https:\/\/www.altominho.tv\/site\/"},{"@type":"ListItem","position":2,"name":"Chega acusa C\u00e2mara de Viana do Castelo de incumprimento em revis\u00e3o or\u00e7amental"}]},{"@type":"WebSite","@id":"https:\/\/www.altominho.tv\/site\/#website","url":"https:\/\/www.altominho.tv\/site\/","name":"Altominho.tv","description":"A sua regi\u00e3o \u00e0 dist\u00e2ncia de um clique...","potentialAction":[{"@type":"SearchAction","target":{"@type":"EntryPoint","urlTemplate":"https:\/\/www.altominho.tv\/site\/?s={search_term_string}"},"query-input":{"@type":"PropertyValueSpecification","valueRequired":true,"valueName":"search_term_string"}}],"inLanguage":"pt-PT"},{"@type":"Person","@id":"https:\/\/www.altominho.tv\/site\/#\/schema\/person\/63f693da3e1899361cbe955c46f3232e","name":"Lusa","image":{"@type":"ImageObject","inLanguage":"pt-PT","@id":"https:\/\/www.altominho.tv\/site\/wp-content\/uploads\/2019\/08\/LUSA_Logo.gif","url":"https:\/\/www.altominho.tv\/site\/wp-content\/uploads\/2019\/08\/LUSA_Logo.gif","contentUrl":"https:\/\/www.altominho.tv\/site\/wp-content\/uploads\/2019\/08\/LUSA_Logo.gif","caption":"Lusa"},"sameAs":["http:\/\/\/\/www.altominho.tv\/site"],"url":"https:\/\/www.altominho.tv\/site\/author\/lusa\/"}]}},"_links":{"self":[{"href":"https:\/\/www.altominho.tv\/site\/wp-json\/wp\/v2\/posts\/126562","targetHints":{"allow":["GET"]}}],"collection":[{"href":"https:\/\/www.altominho.tv\/site\/wp-json\/wp\/v2\/posts"}],"about":[{"href":"https:\/\/www.altominho.tv\/site\/wp-json\/wp\/v2\/types\/post"}],"author":[{"embeddable":true,"href":"https:\/\/www.altominho.tv\/site\/wp-json\/wp\/v2\/users\/13"}],"replies":[{"embeddable":true,"href":"https:\/\/www.altominho.tv\/site\/wp-json\/wp\/v2\/comments?post=126562"}],"version-history":[{"count":1,"href":"https:\/\/www.altominho.tv\/site\/wp-json\/wp\/v2\/posts\/126562\/revisions"}],"predecessor-version":[{"id":126564,"href":"https:\/\/www.altominho.tv\/site\/wp-json\/wp\/v2\/posts\/126562\/revisions\/126564"}],"wp:featuredmedia":[{"embeddable":true,"href":"https:\/\/www.altominho.tv\/site\/wp-json\/wp\/v2\/media\/126563"}],"wp:attachment":[{"href":"https:\/\/www.altominho.tv\/site\/wp-json\/wp\/v2\/media?parent=126562"}],"wp:term":[{"taxonomy":"category","embeddable":true,"href":"https:\/\/www.altominho.tv\/site\/wp-json\/wp\/v2\/categories?post=126562"},{"taxonomy":"post_tag","embeddable":true,"href":"https:\/\/www.altominho.tv\/site\/wp-json\/wp\/v2\/tags?post=126562"}],"curies":[{"name":"wp","href":"https:\/\/api.w.org\/{rel}","templated":true}]}}