{"id":126556,"date":"2025-12-30T14:33:59","date_gmt":"2025-12-30T14:33:59","guid":{"rendered":"https:\/\/www.altominho.tv\/site\/?p=126556"},"modified":"2025-12-30T14:34:01","modified_gmt":"2025-12-30T14:34:01","slug":"coura-aprova-orcamento-para-2026-com-aumento-de-25-nas-transferencias-para-as-freguesias","status":"publish","type":"post","link":"https:\/\/www.altominho.tv\/site\/2025\/12\/30\/coura-aprova-orcamento-para-2026-com-aumento-de-25-nas-transferencias-para-as-freguesias\/","title":{"rendered":"Coura aprova or\u00e7amento para 2026 com aumento de 25% nas transfer\u00eancias para as freguesias"},"content":{"rendered":"<p data-start=\"201\" data-end=\"642\">A Assembleia Municipal de Paredes de Coura aprovou, por ampla maioria, o Plano de Atividades e Or\u00e7amento para 2026, no valor global de 30.166.040 euros. O documento, que corresponde ao primeiro or\u00e7amento municipal do atual executivo, define como eixos centrais o refor\u00e7o das transfer\u00eancias para as freguesias, o investimento na educa\u00e7\u00e3o e na cultura, o apoio \u00e0s fam\u00edlias e a cria\u00e7\u00e3o de condi\u00e7\u00f5es para o desenvolvimento econ\u00f3mico do concelho.<\/p>\n<p data-start=\"644\" data-end=\"980\">Entre as medidas previstas destaca-se o aumento de 25% nas transfer\u00eancias financeiras para as freguesias, n\u00e3o incluindo neste valor as interven\u00e7\u00f5es espec\u00edficas consideradas priorit\u00e1rias por cada junta e j\u00e1 contempladas no or\u00e7amento. O executivo municipal considera esta medida um refor\u00e7o da autonomia local e da proximidade \u00e0 popula\u00e7\u00e3o.<\/p>\n<p data-start=\"982\" data-end=\"1305\">O documento or\u00e7amental mant\u00e9m tamb\u00e9m medidas de al\u00edvio fiscal, nomeadamente a redu\u00e7\u00e3o da participa\u00e7\u00e3o municipal no IRS de 3% para 2,5%, a manuten\u00e7\u00e3o do IMI no valor m\u00ednimo legal e a fixa\u00e7\u00e3o da derrama em 0% para empresas com volume de neg\u00f3cios at\u00e9 150 mil euros. Para empresas de maior dimens\u00e3o, a derrama foi fixada em 1%.<\/p>\n<p data-start=\"1307\" data-end=\"1637\">A educa\u00e7\u00e3o e a cultura surgem como \u00e1reas estrat\u00e9gicas do Plano de Atividades, assumidas como pilares para o desenvolvimento futuro do concelho. A habita\u00e7\u00e3o \u00e9 igualmente apontada como prioridade, com a implementa\u00e7\u00e3o da estrat\u00e9gia municipal para a habita\u00e7\u00e3o, com o objetivo de facilitar o acesso e reduzir encargos para as fam\u00edlias.<\/p>\n<p data-start=\"1639\" data-end=\"2081\">Ao n\u00edvel do desenvolvimento econ\u00f3mico, o or\u00e7amento contempla a cria\u00e7\u00e3o da Zona Industrial de Linhares e Ferreira e a liga\u00e7\u00e3o entre a Zona Industrial de Formariz e a Zona Industrial de Castanheira. Est\u00e1 ainda previsto o refor\u00e7o do abastecimento el\u00e9trico em m\u00e9dia tens\u00e3o e a constru\u00e7\u00e3o de uma subesta\u00e7\u00e3o, em articula\u00e7\u00e3o com o operador da rede nacional, visando garantir capacidade energ\u00e9tica para a atra\u00e7\u00e3o de investimento e cria\u00e7\u00e3o de emprego.<\/p>\n<p data-start=\"2083\" data-end=\"2311\">O Plano de Atividades e Or\u00e7amento para 2026 foi aprovado com 27 votos favor\u00e1veis \u2014 24 do PS, dois de eleitos independentes e um do Partido Ecologista \u201cOs Verdes\u201d \u2014, registando-se uma absten\u00e7\u00e3o e cinco votos contra, ambos do PSD.<\/p>\n","protected":false},"excerpt":{"rendered":"<p>A Assembleia Municipal de Paredes de Coura aprovou, por ampla maioria, o Plano de Atividades e Or\u00e7amento para 2026, no valor global de 30.166.040 euros. O documento, que corresponde ao primeiro or\u00e7amento municipal do atual executivo, define como eixos centrais o refor\u00e7o das transfer\u00eancias para as freguesias, o investimento na educa\u00e7\u00e3o e na cultura, o [&hellip;]<\/p>\n","protected":false},"author":1,"featured_media":126557,"comment_status":"closed","ping_status":"closed","sticky":false,"template":"","format":"standard","meta":{"_exactmetrics_skip_tracking":false,"_exactmetrics_sitenote_active":false,"_exactmetrics_sitenote_note":"","_exactmetrics_sitenote_category":0,"footnotes":""},"categories":[10],"tags":[21],"class_list":["post-126556","post","type-post","status-publish","format-standard","has-post-thumbnail","hentry","category-paredes-de-coura","tag-economia"],"yoast_head":"<!-- This site is optimized with the Yoast SEO Premium plugin v27.5 (Yoast SEO v27.5) - https:\/\/yoast.com\/product\/yoast-seo-premium-wordpress\/ -->\n<title>Coura aprova or\u00e7amento para 2026 com aumento de 25% nas transfer\u00eancias para as freguesias<\/title>\n<meta name=\"description\" content=\"A Assembleia Municipal de Paredes de Coura aprovou, por ampla maioria, o Plano de Atividades e Or\u00e7amento para 2026, no valor global de 30.166.040 euros. O documento, que corresponde ao primeiro or\u00e7amento municipal do atual executivo, define como eixos centrais o refor\u00e7o das transfer\u00eancias para as freguesias, o investimento na educa\u00e7\u00e3o e na cultura, o apoio \u00e0s fam\u00edlias e a cria\u00e7\u00e3o de condi\u00e7\u00f5es para o desenvolvimento econ\u00f3mico do concelho.\" \/>\n<meta name=\"robots\" content=\"index, follow, max-snippet:-1, max-image-preview:large, max-video-preview:-1\" \/>\n<link rel=\"canonical\" href=\"https:\/\/www.altominho.tv\/site\/2025\/12\/30\/coura-aprova-orcamento-para-2026-com-aumento-de-25-nas-transferencias-para-as-freguesias\/\" \/>\n<meta property=\"og:locale\" content=\"pt_PT\" \/>\n<meta property=\"og:type\" content=\"article\" \/>\n<meta property=\"og:title\" content=\"Coura aprova or\u00e7amento para 2026 com aumento de 25% nas transfer\u00eancias para as freguesias\" \/>\n<meta property=\"og:description\" content=\"A Assembleia Municipal de Paredes de Coura aprovou, por ampla maioria, o Plano de Atividades e Or\u00e7amento para 2026, no valor global de 30.166.040 euros. O documento, que corresponde ao primeiro or\u00e7amento municipal do atual executivo, define como eixos centrais o refor\u00e7o das transfer\u00eancias para as freguesias, o investimento na educa\u00e7\u00e3o e na cultura, o apoio \u00e0s fam\u00edlias e a cria\u00e7\u00e3o de condi\u00e7\u00f5es para o desenvolvimento econ\u00f3mico do concelho.\" \/>\n<meta property=\"og:url\" content=\"https:\/\/www.altominho.tv\/site\/2025\/12\/30\/coura-aprova-orcamento-para-2026-com-aumento-de-25-nas-transferencias-para-as-freguesias\/\" \/>\n<meta property=\"og:site_name\" content=\"Altominho.tv\" \/>\n<meta property=\"article:publisher\" content=\"https:\/\/www.facebook.com\/altominhotv\" \/>\n<meta property=\"article:published_time\" content=\"2025-12-30T14:33:59+00:00\" \/>\n<meta property=\"article:modified_time\" content=\"2025-12-30T14:34:01+00:00\" \/>\n<meta property=\"og:image\" content=\"https:\/\/www.altominho.tv\/site\/wp-content\/uploads\/2025\/12\/camara-coura.jpg\" \/>\n\t<meta property=\"og:image:width\" content=\"1200\" \/>\n\t<meta property=\"og:image:height\" content=\"630\" \/>\n\t<meta property=\"og:image:type\" content=\"image\/jpeg\" \/>\n<meta name=\"author\" content=\"Altominho.tv\" \/>\n<meta name=\"twitter:card\" content=\"summary_large_image\" \/>\n<meta name=\"twitter:creator\" content=\"@altominhoTV\" \/>\n<meta name=\"twitter:site\" content=\"@altominhoTV\" \/>\n<meta name=\"twitter:label1\" content=\"Escrito por\" \/>\n\t<meta name=\"twitter:data1\" content=\"Altominho.tv\" \/>\n\t<meta name=\"twitter:label2\" content=\"Tempo estimado de leitura\" \/>\n\t<meta name=\"twitter:data2\" content=\"3 minutos\" \/>\n<script type=\"application\/ld+json\" class=\"yoast-schema-graph\">{\"@context\":\"https:\\\/\\\/schema.org\",\"@graph\":[{\"@type\":\"Article\",\"@id\":\"https:\\\/\\\/www.altominho.tv\\\/site\\\/2025\\\/12\\\/30\\\/coura-aprova-orcamento-para-2026-com-aumento-de-25-nas-transferencias-para-as-freguesias\\\/#article\",\"isPartOf\":{\"@id\":\"https:\\\/\\\/www.altominho.tv\\\/site\\\/2025\\\/12\\\/30\\\/coura-aprova-orcamento-para-2026-com-aumento-de-25-nas-transferencias-para-as-freguesias\\\/\"},\"author\":{\"name\":\"Altominho.tv\",\"@id\":\"https:\\\/\\\/www.altominho.tv\\\/site\\\/#\\\/schema\\\/person\\\/4e536851627d7914baf3dac752b6af22\"},\"headline\":\"Coura aprova or\u00e7amento para 2026 com aumento de 25% nas transfer\u00eancias para as freguesias\",\"datePublished\":\"2025-12-30T14:33:59+00:00\",\"dateModified\":\"2025-12-30T14:34:01+00:00\",\"mainEntityOfPage\":{\"@id\":\"https:\\\/\\\/www.altominho.tv\\\/site\\\/2025\\\/12\\\/30\\\/coura-aprova-orcamento-para-2026-com-aumento-de-25-nas-transferencias-para-as-freguesias\\\/\"},\"wordCount\":387,\"image\":{\"@id\":\"https:\\\/\\\/www.altominho.tv\\\/site\\\/2025\\\/12\\\/30\\\/coura-aprova-orcamento-para-2026-com-aumento-de-25-nas-transferencias-para-as-freguesias\\\/#primaryimage\"},\"thumbnailUrl\":\"https:\\\/\\\/www.altominho.tv\\\/site\\\/wp-content\\\/uploads\\\/2025\\\/12\\\/camara-coura.jpg\",\"keywords\":[\"Economia\"],\"articleSection\":[\"Paredes de Coura\"],\"inLanguage\":\"pt-PT\",\"copyrightYear\":\"2025\",\"copyrightHolder\":{\"@id\":\"https:\\\/\\\/www.altominho.tv\\\/site\\\/#organization\"}},{\"@type\":\"WebPage\",\"@id\":\"https:\\\/\\\/www.altominho.tv\\\/site\\\/2025\\\/12\\\/30\\\/coura-aprova-orcamento-para-2026-com-aumento-de-25-nas-transferencias-para-as-freguesias\\\/\",\"url\":\"https:\\\/\\\/www.altominho.tv\\\/site\\\/2025\\\/12\\\/30\\\/coura-aprova-orcamento-para-2026-com-aumento-de-25-nas-transferencias-para-as-freguesias\\\/\",\"name\":\"Coura aprova or\u00e7amento para 2026 com aumento de 25% nas transfer\u00eancias para as freguesias\",\"isPartOf\":{\"@id\":\"https:\\\/\\\/www.altominho.tv\\\/site\\\/#website\"},\"primaryImageOfPage\":{\"@id\":\"https:\\\/\\\/www.altominho.tv\\\/site\\\/2025\\\/12\\\/30\\\/coura-aprova-orcamento-para-2026-com-aumento-de-25-nas-transferencias-para-as-freguesias\\\/#primaryimage\"},\"image\":{\"@id\":\"https:\\\/\\\/www.altominho.tv\\\/site\\\/2025\\\/12\\\/30\\\/coura-aprova-orcamento-para-2026-com-aumento-de-25-nas-transferencias-para-as-freguesias\\\/#primaryimage\"},\"thumbnailUrl\":\"https:\\\/\\\/www.altominho.tv\\\/site\\\/wp-content\\\/uploads\\\/2025\\\/12\\\/camara-coura.jpg\",\"datePublished\":\"2025-12-30T14:33:59+00:00\",\"dateModified\":\"2025-12-30T14:34:01+00:00\",\"author\":{\"@id\":\"https:\\\/\\\/www.altominho.tv\\\/site\\\/#\\\/schema\\\/person\\\/4e536851627d7914baf3dac752b6af22\"},\"description\":\"A Assembleia Municipal de Paredes de Coura aprovou, por ampla maioria, o Plano de Atividades e Or\u00e7amento para 2026, no valor global de 30.166.040 euros. O documento, que corresponde ao primeiro or\u00e7amento municipal do atual executivo, define como eixos centrais o refor\u00e7o das transfer\u00eancias para as freguesias, o investimento na educa\u00e7\u00e3o e na cultura, o apoio \u00e0s fam\u00edlias e a cria\u00e7\u00e3o de condi\u00e7\u00f5es para o desenvolvimento econ\u00f3mico do concelho.\",\"breadcrumb\":{\"@id\":\"https:\\\/\\\/www.altominho.tv\\\/site\\\/2025\\\/12\\\/30\\\/coura-aprova-orcamento-para-2026-com-aumento-de-25-nas-transferencias-para-as-freguesias\\\/#breadcrumb\"},\"inLanguage\":\"pt-PT\",\"potentialAction\":[{\"@type\":\"ReadAction\",\"target\":[\"https:\\\/\\\/www.altominho.tv\\\/site\\\/2025\\\/12\\\/30\\\/coura-aprova-orcamento-para-2026-com-aumento-de-25-nas-transferencias-para-as-freguesias\\\/\"]}]},{\"@type\":\"ImageObject\",\"inLanguage\":\"pt-PT\",\"@id\":\"https:\\\/\\\/www.altominho.tv\\\/site\\\/2025\\\/12\\\/30\\\/coura-aprova-orcamento-para-2026-com-aumento-de-25-nas-transferencias-para-as-freguesias\\\/#primaryimage\",\"url\":\"https:\\\/\\\/www.altominho.tv\\\/site\\\/wp-content\\\/uploads\\\/2025\\\/12\\\/camara-coura.jpg\",\"contentUrl\":\"https:\\\/\\\/www.altominho.tv\\\/site\\\/wp-content\\\/uploads\\\/2025\\\/12\\\/camara-coura.jpg\",\"width\":1200,\"height\":630},{\"@type\":\"BreadcrumbList\",\"@id\":\"https:\\\/\\\/www.altominho.tv\\\/site\\\/2025\\\/12\\\/30\\\/coura-aprova-orcamento-para-2026-com-aumento-de-25-nas-transferencias-para-as-freguesias\\\/#breadcrumb\",\"itemListElement\":[{\"@type\":\"ListItem\",\"position\":1,\"name\":\"In\u00edcio\",\"item\":\"https:\\\/\\\/www.altominho.tv\\\/site\\\/\"},{\"@type\":\"ListItem\",\"position\":2,\"name\":\"Coura aprova or\u00e7amento para 2026 com aumento de 25% nas transfer\u00eancias para as freguesias\"}]},{\"@type\":\"WebSite\",\"@id\":\"https:\\\/\\\/www.altominho.tv\\\/site\\\/#website\",\"url\":\"https:\\\/\\\/www.altominho.tv\\\/site\\\/\",\"name\":\"Altominho.tv\",\"description\":\"A sua regi\u00e3o \u00e0 dist\u00e2ncia de um clique...\",\"potentialAction\":[{\"@type\":\"SearchAction\",\"target\":{\"@type\":\"EntryPoint\",\"urlTemplate\":\"https:\\\/\\\/www.altominho.tv\\\/site\\\/?s={search_term_string}\"},\"query-input\":{\"@type\":\"PropertyValueSpecification\",\"valueRequired\":true,\"valueName\":\"search_term_string\"}}],\"inLanguage\":\"pt-PT\"},{\"@type\":\"Person\",\"@id\":\"https:\\\/\\\/www.altominho.tv\\\/site\\\/#\\\/schema\\\/person\\\/4e536851627d7914baf3dac752b6af22\",\"name\":\"Altominho.tv\",\"image\":{\"@type\":\"ImageObject\",\"inLanguage\":\"pt-PT\",\"@id\":\"https:\\\/\\\/www.altominho.tv\\\/site\\\/wp-content\\\/uploads\\\/2019\\\/11\\\/Logo_Avatar_2-150x150.jpg\",\"url\":\"https:\\\/\\\/www.altominho.tv\\\/site\\\/wp-content\\\/uploads\\\/2019\\\/11\\\/Logo_Avatar_2-150x150.jpg\",\"contentUrl\":\"https:\\\/\\\/www.altominho.tv\\\/site\\\/wp-content\\\/uploads\\\/2019\\\/11\\\/Logo_Avatar_2-150x150.jpg\",\"caption\":\"Altominho.tv\"},\"url\":\"https:\\\/\\\/www.altominho.tv\\\/site\\\/author\\\/altominhotv-tecnico\\\/\"}]}<\/script>\n<!-- \/ Yoast SEO Premium plugin. -->","yoast_head_json":{"title":"Coura aprova or\u00e7amento para 2026 com aumento de 25% nas transfer\u00eancias para as freguesias","description":"A Assembleia Municipal de Paredes de Coura aprovou, por ampla maioria, o Plano de Atividades e Or\u00e7amento para 2026, no valor global de 30.166.040 euros. O documento, que corresponde ao primeiro or\u00e7amento municipal do atual executivo, define como eixos centrais o refor\u00e7o das transfer\u00eancias para as freguesias, o investimento na educa\u00e7\u00e3o e na cultura, o apoio \u00e0s fam\u00edlias e a cria\u00e7\u00e3o de condi\u00e7\u00f5es para o desenvolvimento econ\u00f3mico do concelho.","robots":{"index":"index","follow":"follow","max-snippet":"max-snippet:-1","max-image-preview":"max-image-preview:large","max-video-preview":"max-video-preview:-1"},"canonical":"https:\/\/www.altominho.tv\/site\/2025\/12\/30\/coura-aprova-orcamento-para-2026-com-aumento-de-25-nas-transferencias-para-as-freguesias\/","og_locale":"pt_PT","og_type":"article","og_title":"Coura aprova or\u00e7amento para 2026 com aumento de 25% nas transfer\u00eancias para as freguesias","og_description":"A Assembleia Municipal de Paredes de Coura aprovou, por ampla maioria, o Plano de Atividades e Or\u00e7amento para 2026, no valor global de 30.166.040 euros. O documento, que corresponde ao primeiro or\u00e7amento municipal do atual executivo, define como eixos centrais o refor\u00e7o das transfer\u00eancias para as freguesias, o investimento na educa\u00e7\u00e3o e na cultura, o apoio \u00e0s fam\u00edlias e a cria\u00e7\u00e3o de condi\u00e7\u00f5es para o desenvolvimento econ\u00f3mico do concelho.","og_url":"https:\/\/www.altominho.tv\/site\/2025\/12\/30\/coura-aprova-orcamento-para-2026-com-aumento-de-25-nas-transferencias-para-as-freguesias\/","og_site_name":"Altominho.tv","article_publisher":"https:\/\/www.facebook.com\/altominhotv","article_published_time":"2025-12-30T14:33:59+00:00","article_modified_time":"2025-12-30T14:34:01+00:00","og_image":[{"width":1200,"height":630,"url":"https:\/\/www.altominho.tv\/site\/wp-content\/uploads\/2025\/12\/camara-coura.jpg","type":"image\/jpeg"}],"author":"Altominho.tv","twitter_card":"summary_large_image","twitter_creator":"@altominhoTV","twitter_site":"@altominhoTV","twitter_misc":{"Escrito por":"Altominho.tv","Tempo estimado de leitura":"3 minutos"},"schema":{"@context":"https:\/\/schema.org","@graph":[{"@type":"Article","@id":"https:\/\/www.altominho.tv\/site\/2025\/12\/30\/coura-aprova-orcamento-para-2026-com-aumento-de-25-nas-transferencias-para-as-freguesias\/#article","isPartOf":{"@id":"https:\/\/www.altominho.tv\/site\/2025\/12\/30\/coura-aprova-orcamento-para-2026-com-aumento-de-25-nas-transferencias-para-as-freguesias\/"},"author":{"name":"Altominho.tv","@id":"https:\/\/www.altominho.tv\/site\/#\/schema\/person\/4e536851627d7914baf3dac752b6af22"},"headline":"Coura aprova or\u00e7amento para 2026 com aumento de 25% nas transfer\u00eancias para as freguesias","datePublished":"2025-12-30T14:33:59+00:00","dateModified":"2025-12-30T14:34:01+00:00","mainEntityOfPage":{"@id":"https:\/\/www.altominho.tv\/site\/2025\/12\/30\/coura-aprova-orcamento-para-2026-com-aumento-de-25-nas-transferencias-para-as-freguesias\/"},"wordCount":387,"image":{"@id":"https:\/\/www.altominho.tv\/site\/2025\/12\/30\/coura-aprova-orcamento-para-2026-com-aumento-de-25-nas-transferencias-para-as-freguesias\/#primaryimage"},"thumbnailUrl":"https:\/\/www.altominho.tv\/site\/wp-content\/uploads\/2025\/12\/camara-coura.jpg","keywords":["Economia"],"articleSection":["Paredes de Coura"],"inLanguage":"pt-PT","copyrightYear":"2025","copyrightHolder":{"@id":"https:\/\/www.altominho.tv\/site\/#organization"}},{"@type":"WebPage","@id":"https:\/\/www.altominho.tv\/site\/2025\/12\/30\/coura-aprova-orcamento-para-2026-com-aumento-de-25-nas-transferencias-para-as-freguesias\/","url":"https:\/\/www.altominho.tv\/site\/2025\/12\/30\/coura-aprova-orcamento-para-2026-com-aumento-de-25-nas-transferencias-para-as-freguesias\/","name":"Coura aprova or\u00e7amento para 2026 com aumento de 25% nas transfer\u00eancias para as freguesias","isPartOf":{"@id":"https:\/\/www.altominho.tv\/site\/#website"},"primaryImageOfPage":{"@id":"https:\/\/www.altominho.tv\/site\/2025\/12\/30\/coura-aprova-orcamento-para-2026-com-aumento-de-25-nas-transferencias-para-as-freguesias\/#primaryimage"},"image":{"@id":"https:\/\/www.altominho.tv\/site\/2025\/12\/30\/coura-aprova-orcamento-para-2026-com-aumento-de-25-nas-transferencias-para-as-freguesias\/#primaryimage"},"thumbnailUrl":"https:\/\/www.altominho.tv\/site\/wp-content\/uploads\/2025\/12\/camara-coura.jpg","datePublished":"2025-12-30T14:33:59+00:00","dateModified":"2025-12-30T14:34:01+00:00","author":{"@id":"https:\/\/www.altominho.tv\/site\/#\/schema\/person\/4e536851627d7914baf3dac752b6af22"},"description":"A Assembleia Municipal de Paredes de Coura aprovou, por ampla maioria, o Plano de Atividades e Or\u00e7amento para 2026, no valor global de 30.166.040 euros. O documento, que corresponde ao primeiro or\u00e7amento municipal do atual executivo, define como eixos centrais o refor\u00e7o das transfer\u00eancias para as freguesias, o investimento na educa\u00e7\u00e3o e na cultura, o apoio \u00e0s fam\u00edlias e a cria\u00e7\u00e3o de condi\u00e7\u00f5es para o desenvolvimento econ\u00f3mico do concelho.","breadcrumb":{"@id":"https:\/\/www.altominho.tv\/site\/2025\/12\/30\/coura-aprova-orcamento-para-2026-com-aumento-de-25-nas-transferencias-para-as-freguesias\/#breadcrumb"},"inLanguage":"pt-PT","potentialAction":[{"@type":"ReadAction","target":["https:\/\/www.altominho.tv\/site\/2025\/12\/30\/coura-aprova-orcamento-para-2026-com-aumento-de-25-nas-transferencias-para-as-freguesias\/"]}]},{"@type":"ImageObject","inLanguage":"pt-PT","@id":"https:\/\/www.altominho.tv\/site\/2025\/12\/30\/coura-aprova-orcamento-para-2026-com-aumento-de-25-nas-transferencias-para-as-freguesias\/#primaryimage","url":"https:\/\/www.altominho.tv\/site\/wp-content\/uploads\/2025\/12\/camara-coura.jpg","contentUrl":"https:\/\/www.altominho.tv\/site\/wp-content\/uploads\/2025\/12\/camara-coura.jpg","width":1200,"height":630},{"@type":"BreadcrumbList","@id":"https:\/\/www.altominho.tv\/site\/2025\/12\/30\/coura-aprova-orcamento-para-2026-com-aumento-de-25-nas-transferencias-para-as-freguesias\/#breadcrumb","itemListElement":[{"@type":"ListItem","position":1,"name":"In\u00edcio","item":"https:\/\/www.altominho.tv\/site\/"},{"@type":"ListItem","position":2,"name":"Coura aprova or\u00e7amento para 2026 com aumento de 25% nas transfer\u00eancias para as freguesias"}]},{"@type":"WebSite","@id":"https:\/\/www.altominho.tv\/site\/#website","url":"https:\/\/www.altominho.tv\/site\/","name":"Altominho.tv","description":"A sua regi\u00e3o \u00e0 dist\u00e2ncia de um clique...","potentialAction":[{"@type":"SearchAction","target":{"@type":"EntryPoint","urlTemplate":"https:\/\/www.altominho.tv\/site\/?s={search_term_string}"},"query-input":{"@type":"PropertyValueSpecification","valueRequired":true,"valueName":"search_term_string"}}],"inLanguage":"pt-PT"},{"@type":"Person","@id":"https:\/\/www.altominho.tv\/site\/#\/schema\/person\/4e536851627d7914baf3dac752b6af22","name":"Altominho.tv","image":{"@type":"ImageObject","inLanguage":"pt-PT","@id":"https:\/\/www.altominho.tv\/site\/wp-content\/uploads\/2019\/11\/Logo_Avatar_2-150x150.jpg","url":"https:\/\/www.altominho.tv\/site\/wp-content\/uploads\/2019\/11\/Logo_Avatar_2-150x150.jpg","contentUrl":"https:\/\/www.altominho.tv\/site\/wp-content\/uploads\/2019\/11\/Logo_Avatar_2-150x150.jpg","caption":"Altominho.tv"},"url":"https:\/\/www.altominho.tv\/site\/author\/altominhotv-tecnico\/"}]}},"_links":{"self":[{"href":"https:\/\/www.altominho.tv\/site\/wp-json\/wp\/v2\/posts\/126556","targetHints":{"allow":["GET"]}}],"collection":[{"href":"https:\/\/www.altominho.tv\/site\/wp-json\/wp\/v2\/posts"}],"about":[{"href":"https:\/\/www.altominho.tv\/site\/wp-json\/wp\/v2\/types\/post"}],"author":[{"embeddable":true,"href":"https:\/\/www.altominho.tv\/site\/wp-json\/wp\/v2\/users\/1"}],"replies":[{"embeddable":true,"href":"https:\/\/www.altominho.tv\/site\/wp-json\/wp\/v2\/comments?post=126556"}],"version-history":[{"count":1,"href":"https:\/\/www.altominho.tv\/site\/wp-json\/wp\/v2\/posts\/126556\/revisions"}],"predecessor-version":[{"id":126558,"href":"https:\/\/www.altominho.tv\/site\/wp-json\/wp\/v2\/posts\/126556\/revisions\/126558"}],"wp:featuredmedia":[{"embeddable":true,"href":"https:\/\/www.altominho.tv\/site\/wp-json\/wp\/v2\/media\/126557"}],"wp:attachment":[{"href":"https:\/\/www.altominho.tv\/site\/wp-json\/wp\/v2\/media?parent=126556"}],"wp:term":[{"taxonomy":"category","embeddable":true,"href":"https:\/\/www.altominho.tv\/site\/wp-json\/wp\/v2\/categories?post=126556"},{"taxonomy":"post_tag","embeddable":true,"href":"https:\/\/www.altominho.tv\/site\/wp-json\/wp\/v2\/tags?post=126556"}],"curies":[{"name":"wp","href":"https:\/\/api.w.org\/{rel}","templated":true}]}}