{"id":126503,"date":"2025-12-29T11:40:52","date_gmt":"2025-12-29T11:40:52","guid":{"rendered":"https:\/\/www.altominho.tv\/site\/?p=126503"},"modified":"2025-12-29T11:40:54","modified_gmt":"2025-12-29T11:40:54","slug":"concerto-de-ano-novo-marca-inicio-de-2026-em-caminha","status":"publish","type":"post","link":"https:\/\/www.altominho.tv\/site\/2025\/12\/29\/concerto-de-ano-novo-marca-inicio-de-2026-em-caminha\/","title":{"rendered":"Concerto de Ano Novo marca in\u00edcio de 2026 em Caminha"},"content":{"rendered":"<p data-start=\"58\" data-end=\"400\">Caminha inicia o ano de 2026 com a realiza\u00e7\u00e3o do tradicional Concerto de Ano Novo, que ter\u00e1 lugar na Igreja Matriz de Caminha, na pr\u00f3xima quinta-feira, 1 de janeiro, pelas 17h00. A iniciativa volta a colocar a m\u00fasica no centro da vida cultural do concelho, assinalando o in\u00edcio do novo ano com um momento de celebra\u00e7\u00e3o e encontro comunit\u00e1rio.<\/p>\n<p data-start=\"402\" data-end=\"776\">O concerto contar\u00e1 com a atua\u00e7\u00e3o da Sociedade Musical Banda Lanhelense, uma das mais representativas associa\u00e7\u00f5es culturais do concelho, reconhecida pelo seu contributo para a preserva\u00e7\u00e3o e divulga\u00e7\u00e3o do patrim\u00f3nio musical local. O evento pretende valorizar o trabalho desenvolvido pelos m\u00fasicos e pelas associa\u00e7\u00f5es culturais, promovendo o conv\u00edvio entre diferentes gera\u00e7\u00f5es.<\/p>\n<p data-start=\"778\" data-end=\"1088\" data-is-last-node=\"\" data-is-only-node=\"\">A iniciativa enquadra-se na estrat\u00e9gia do Munic\u00edpio de Caminha de promo\u00e7\u00e3o da cultura como fator de desenvolvimento social e comunit\u00e1rio, refor\u00e7ando a identidade local e a participa\u00e7\u00e3o da popula\u00e7\u00e3o em momentos culturais de refer\u00eancia.<\/p>\n<p data-start=\"778\" data-end=\"1088\" data-is-last-node=\"\" data-is-only-node=\"\">O Concerto de Ano Novo \u00e9 de entrada livre e destina-se ao p\u00fablico em geral.<\/p>\n","protected":false},"excerpt":{"rendered":"<p>Caminha inicia o ano de 2026 com a realiza\u00e7\u00e3o do tradicional Concerto de Ano Novo, que ter\u00e1 lugar na Igreja Matriz de Caminha, na pr\u00f3xima quinta-feira, 1 de janeiro, pelas 17h00. A iniciativa volta a colocar a m\u00fasica no centro da vida cultural do concelho, assinalando o in\u00edcio do novo ano com um momento de [&hellip;]<\/p>\n","protected":false},"author":1,"featured_media":126504,"comment_status":"closed","ping_status":"closed","sticky":false,"template":"","format":"standard","meta":{"_exactmetrics_skip_tracking":false,"_exactmetrics_sitenote_active":false,"_exactmetrics_sitenote_note":"","_exactmetrics_sitenote_category":0,"footnotes":""},"categories":[7],"tags":[24],"class_list":["post-126503","post","type-post","status-publish","format-standard","has-post-thumbnail","hentry","category-caminha","tag-lazer"],"yoast_head":"<!-- This site is optimized with the Yoast SEO Premium plugin v27.5 (Yoast SEO v27.5) - https:\/\/yoast.com\/product\/yoast-seo-premium-wordpress\/ -->\n<title>Concerto de Ano Novo marca in\u00edcio de 2026 em Caminha<\/title>\n<meta name=\"description\" content=\"Caminha inicia o ano de 2026 com a realiza\u00e7\u00e3o do tradicional Concerto de Ano Novo, que ter\u00e1 lugar na Igreja Matriz de Caminha, na pr\u00f3xima quinta-feira, 1 de janeiro, pelas 17h00. A iniciativa volta a colocar a m\u00fasica no centro da vida cultural do concelho, assinalando o in\u00edcio do novo ano com um momento de celebra\u00e7\u00e3o e encontro comunit\u00e1rio.\" \/>\n<meta name=\"robots\" content=\"index, follow, max-snippet:-1, max-image-preview:large, max-video-preview:-1\" \/>\n<link rel=\"canonical\" href=\"https:\/\/www.altominho.tv\/site\/2025\/12\/29\/concerto-de-ano-novo-marca-inicio-de-2026-em-caminha\/\" \/>\n<meta property=\"og:locale\" content=\"pt_PT\" \/>\n<meta property=\"og:type\" content=\"article\" \/>\n<meta property=\"og:title\" content=\"Concerto de Ano Novo marca in\u00edcio de 2026 em Caminha\" \/>\n<meta property=\"og:description\" content=\"Caminha inicia o ano de 2026 com a realiza\u00e7\u00e3o do tradicional Concerto de Ano Novo, que ter\u00e1 lugar na Igreja Matriz de Caminha, na pr\u00f3xima quinta-feira, 1 de janeiro, pelas 17h00. A iniciativa volta a colocar a m\u00fasica no centro da vida cultural do concelho, assinalando o in\u00edcio do novo ano com um momento de celebra\u00e7\u00e3o e encontro comunit\u00e1rio.\" \/>\n<meta property=\"og:url\" content=\"https:\/\/www.altominho.tv\/site\/2025\/12\/29\/concerto-de-ano-novo-marca-inicio-de-2026-em-caminha\/\" \/>\n<meta property=\"og:site_name\" content=\"Altominho.tv\" \/>\n<meta property=\"article:publisher\" content=\"https:\/\/www.facebook.com\/altominhotv\" \/>\n<meta property=\"article:published_time\" content=\"2025-12-29T11:40:52+00:00\" \/>\n<meta property=\"article:modified_time\" content=\"2025-12-29T11:40:54+00:00\" \/>\n<meta property=\"og:image\" content=\"https:\/\/www.altominho.tv\/site\/wp-content\/uploads\/2025\/12\/banda-lanhelense.png\" \/>\n\t<meta property=\"og:image:width\" content=\"1200\" \/>\n\t<meta property=\"og:image:height\" content=\"630\" \/>\n\t<meta property=\"og:image:type\" content=\"image\/png\" \/>\n<meta name=\"author\" content=\"Altominho.tv\" \/>\n<meta name=\"twitter:card\" content=\"summary_large_image\" \/>\n<meta name=\"twitter:creator\" content=\"@altominhoTV\" \/>\n<meta name=\"twitter:site\" content=\"@altominhoTV\" \/>\n<meta name=\"twitter:label1\" content=\"Escrito por\" \/>\n\t<meta name=\"twitter:data1\" content=\"Altominho.tv\" \/>\n\t<meta name=\"twitter:label2\" content=\"Tempo estimado de leitura\" \/>\n\t<meta name=\"twitter:data2\" content=\"2 minutos\" \/>\n<script type=\"application\/ld+json\" class=\"yoast-schema-graph\">{\"@context\":\"https:\\\/\\\/schema.org\",\"@graph\":[{\"@type\":\"Article\",\"@id\":\"https:\\\/\\\/www.altominho.tv\\\/site\\\/2025\\\/12\\\/29\\\/concerto-de-ano-novo-marca-inicio-de-2026-em-caminha\\\/#article\",\"isPartOf\":{\"@id\":\"https:\\\/\\\/www.altominho.tv\\\/site\\\/2025\\\/12\\\/29\\\/concerto-de-ano-novo-marca-inicio-de-2026-em-caminha\\\/\"},\"author\":{\"name\":\"Altominho.tv\",\"@id\":\"https:\\\/\\\/www.altominho.tv\\\/site\\\/#\\\/schema\\\/person\\\/4e536851627d7914baf3dac752b6af22\"},\"headline\":\"Concerto de Ano Novo marca in\u00edcio de 2026 em Caminha\",\"datePublished\":\"2025-12-29T11:40:52+00:00\",\"dateModified\":\"2025-12-29T11:40:54+00:00\",\"mainEntityOfPage\":{\"@id\":\"https:\\\/\\\/www.altominho.tv\\\/site\\\/2025\\\/12\\\/29\\\/concerto-de-ano-novo-marca-inicio-de-2026-em-caminha\\\/\"},\"wordCount\":190,\"image\":{\"@id\":\"https:\\\/\\\/www.altominho.tv\\\/site\\\/2025\\\/12\\\/29\\\/concerto-de-ano-novo-marca-inicio-de-2026-em-caminha\\\/#primaryimage\"},\"thumbnailUrl\":\"https:\\\/\\\/www.altominho.tv\\\/site\\\/wp-content\\\/uploads\\\/2025\\\/12\\\/banda-lanhelense.png\",\"keywords\":[\"Lazer\"],\"articleSection\":[\"Caminha\"],\"inLanguage\":\"pt-PT\",\"copyrightYear\":\"2025\",\"copyrightHolder\":{\"@id\":\"https:\\\/\\\/www.altominho.tv\\\/site\\\/#organization\"}},{\"@type\":\"WebPage\",\"@id\":\"https:\\\/\\\/www.altominho.tv\\\/site\\\/2025\\\/12\\\/29\\\/concerto-de-ano-novo-marca-inicio-de-2026-em-caminha\\\/\",\"url\":\"https:\\\/\\\/www.altominho.tv\\\/site\\\/2025\\\/12\\\/29\\\/concerto-de-ano-novo-marca-inicio-de-2026-em-caminha\\\/\",\"name\":\"Concerto de Ano Novo marca in\u00edcio de 2026 em Caminha\",\"isPartOf\":{\"@id\":\"https:\\\/\\\/www.altominho.tv\\\/site\\\/#website\"},\"primaryImageOfPage\":{\"@id\":\"https:\\\/\\\/www.altominho.tv\\\/site\\\/2025\\\/12\\\/29\\\/concerto-de-ano-novo-marca-inicio-de-2026-em-caminha\\\/#primaryimage\"},\"image\":{\"@id\":\"https:\\\/\\\/www.altominho.tv\\\/site\\\/2025\\\/12\\\/29\\\/concerto-de-ano-novo-marca-inicio-de-2026-em-caminha\\\/#primaryimage\"},\"thumbnailUrl\":\"https:\\\/\\\/www.altominho.tv\\\/site\\\/wp-content\\\/uploads\\\/2025\\\/12\\\/banda-lanhelense.png\",\"datePublished\":\"2025-12-29T11:40:52+00:00\",\"dateModified\":\"2025-12-29T11:40:54+00:00\",\"author\":{\"@id\":\"https:\\\/\\\/www.altominho.tv\\\/site\\\/#\\\/schema\\\/person\\\/4e536851627d7914baf3dac752b6af22\"},\"description\":\"Caminha inicia o ano de 2026 com a realiza\u00e7\u00e3o do tradicional Concerto de Ano Novo, que ter\u00e1 lugar na Igreja Matriz de Caminha, na pr\u00f3xima quinta-feira, 1 de janeiro, pelas 17h00. A iniciativa volta a colocar a m\u00fasica no centro da vida cultural do concelho, assinalando o in\u00edcio do novo ano com um momento de celebra\u00e7\u00e3o e encontro comunit\u00e1rio.\",\"breadcrumb\":{\"@id\":\"https:\\\/\\\/www.altominho.tv\\\/site\\\/2025\\\/12\\\/29\\\/concerto-de-ano-novo-marca-inicio-de-2026-em-caminha\\\/#breadcrumb\"},\"inLanguage\":\"pt-PT\",\"potentialAction\":[{\"@type\":\"ReadAction\",\"target\":[\"https:\\\/\\\/www.altominho.tv\\\/site\\\/2025\\\/12\\\/29\\\/concerto-de-ano-novo-marca-inicio-de-2026-em-caminha\\\/\"]}]},{\"@type\":\"ImageObject\",\"inLanguage\":\"pt-PT\",\"@id\":\"https:\\\/\\\/www.altominho.tv\\\/site\\\/2025\\\/12\\\/29\\\/concerto-de-ano-novo-marca-inicio-de-2026-em-caminha\\\/#primaryimage\",\"url\":\"https:\\\/\\\/www.altominho.tv\\\/site\\\/wp-content\\\/uploads\\\/2025\\\/12\\\/banda-lanhelense.png\",\"contentUrl\":\"https:\\\/\\\/www.altominho.tv\\\/site\\\/wp-content\\\/uploads\\\/2025\\\/12\\\/banda-lanhelense.png\",\"width\":1200,\"height\":630},{\"@type\":\"BreadcrumbList\",\"@id\":\"https:\\\/\\\/www.altominho.tv\\\/site\\\/2025\\\/12\\\/29\\\/concerto-de-ano-novo-marca-inicio-de-2026-em-caminha\\\/#breadcrumb\",\"itemListElement\":[{\"@type\":\"ListItem\",\"position\":1,\"name\":\"In\u00edcio\",\"item\":\"https:\\\/\\\/www.altominho.tv\\\/site\\\/\"},{\"@type\":\"ListItem\",\"position\":2,\"name\":\"Concerto de Ano Novo marca in\u00edcio de 2026 em Caminha\"}]},{\"@type\":\"WebSite\",\"@id\":\"https:\\\/\\\/www.altominho.tv\\\/site\\\/#website\",\"url\":\"https:\\\/\\\/www.altominho.tv\\\/site\\\/\",\"name\":\"Altominho.tv\",\"description\":\"A sua regi\u00e3o \u00e0 dist\u00e2ncia de um clique...\",\"potentialAction\":[{\"@type\":\"SearchAction\",\"target\":{\"@type\":\"EntryPoint\",\"urlTemplate\":\"https:\\\/\\\/www.altominho.tv\\\/site\\\/?s={search_term_string}\"},\"query-input\":{\"@type\":\"PropertyValueSpecification\",\"valueRequired\":true,\"valueName\":\"search_term_string\"}}],\"inLanguage\":\"pt-PT\"},{\"@type\":\"Person\",\"@id\":\"https:\\\/\\\/www.altominho.tv\\\/site\\\/#\\\/schema\\\/person\\\/4e536851627d7914baf3dac752b6af22\",\"name\":\"Altominho.tv\",\"image\":{\"@type\":\"ImageObject\",\"inLanguage\":\"pt-PT\",\"@id\":\"https:\\\/\\\/www.altominho.tv\\\/site\\\/wp-content\\\/uploads\\\/2019\\\/11\\\/Logo_Avatar_2-150x150.jpg\",\"url\":\"https:\\\/\\\/www.altominho.tv\\\/site\\\/wp-content\\\/uploads\\\/2019\\\/11\\\/Logo_Avatar_2-150x150.jpg\",\"contentUrl\":\"https:\\\/\\\/www.altominho.tv\\\/site\\\/wp-content\\\/uploads\\\/2019\\\/11\\\/Logo_Avatar_2-150x150.jpg\",\"caption\":\"Altominho.tv\"},\"url\":\"https:\\\/\\\/www.altominho.tv\\\/site\\\/author\\\/altominhotv-tecnico\\\/\"}]}<\/script>\n<!-- \/ Yoast SEO Premium plugin. -->","yoast_head_json":{"title":"Concerto de Ano Novo marca in\u00edcio de 2026 em Caminha","description":"Caminha inicia o ano de 2026 com a realiza\u00e7\u00e3o do tradicional Concerto de Ano Novo, que ter\u00e1 lugar na Igreja Matriz de Caminha, na pr\u00f3xima quinta-feira, 1 de janeiro, pelas 17h00. A iniciativa volta a colocar a m\u00fasica no centro da vida cultural do concelho, assinalando o in\u00edcio do novo ano com um momento de celebra\u00e7\u00e3o e encontro comunit\u00e1rio.","robots":{"index":"index","follow":"follow","max-snippet":"max-snippet:-1","max-image-preview":"max-image-preview:large","max-video-preview":"max-video-preview:-1"},"canonical":"https:\/\/www.altominho.tv\/site\/2025\/12\/29\/concerto-de-ano-novo-marca-inicio-de-2026-em-caminha\/","og_locale":"pt_PT","og_type":"article","og_title":"Concerto de Ano Novo marca in\u00edcio de 2026 em Caminha","og_description":"Caminha inicia o ano de 2026 com a realiza\u00e7\u00e3o do tradicional Concerto de Ano Novo, que ter\u00e1 lugar na Igreja Matriz de Caminha, na pr\u00f3xima quinta-feira, 1 de janeiro, pelas 17h00. A iniciativa volta a colocar a m\u00fasica no centro da vida cultural do concelho, assinalando o in\u00edcio do novo ano com um momento de celebra\u00e7\u00e3o e encontro comunit\u00e1rio.","og_url":"https:\/\/www.altominho.tv\/site\/2025\/12\/29\/concerto-de-ano-novo-marca-inicio-de-2026-em-caminha\/","og_site_name":"Altominho.tv","article_publisher":"https:\/\/www.facebook.com\/altominhotv","article_published_time":"2025-12-29T11:40:52+00:00","article_modified_time":"2025-12-29T11:40:54+00:00","og_image":[{"width":1200,"height":630,"url":"https:\/\/www.altominho.tv\/site\/wp-content\/uploads\/2025\/12\/banda-lanhelense.png","type":"image\/png"}],"author":"Altominho.tv","twitter_card":"summary_large_image","twitter_creator":"@altominhoTV","twitter_site":"@altominhoTV","twitter_misc":{"Escrito por":"Altominho.tv","Tempo estimado de leitura":"2 minutos"},"schema":{"@context":"https:\/\/schema.org","@graph":[{"@type":"Article","@id":"https:\/\/www.altominho.tv\/site\/2025\/12\/29\/concerto-de-ano-novo-marca-inicio-de-2026-em-caminha\/#article","isPartOf":{"@id":"https:\/\/www.altominho.tv\/site\/2025\/12\/29\/concerto-de-ano-novo-marca-inicio-de-2026-em-caminha\/"},"author":{"name":"Altominho.tv","@id":"https:\/\/www.altominho.tv\/site\/#\/schema\/person\/4e536851627d7914baf3dac752b6af22"},"headline":"Concerto de Ano Novo marca in\u00edcio de 2026 em Caminha","datePublished":"2025-12-29T11:40:52+00:00","dateModified":"2025-12-29T11:40:54+00:00","mainEntityOfPage":{"@id":"https:\/\/www.altominho.tv\/site\/2025\/12\/29\/concerto-de-ano-novo-marca-inicio-de-2026-em-caminha\/"},"wordCount":190,"image":{"@id":"https:\/\/www.altominho.tv\/site\/2025\/12\/29\/concerto-de-ano-novo-marca-inicio-de-2026-em-caminha\/#primaryimage"},"thumbnailUrl":"https:\/\/www.altominho.tv\/site\/wp-content\/uploads\/2025\/12\/banda-lanhelense.png","keywords":["Lazer"],"articleSection":["Caminha"],"inLanguage":"pt-PT","copyrightYear":"2025","copyrightHolder":{"@id":"https:\/\/www.altominho.tv\/site\/#organization"}},{"@type":"WebPage","@id":"https:\/\/www.altominho.tv\/site\/2025\/12\/29\/concerto-de-ano-novo-marca-inicio-de-2026-em-caminha\/","url":"https:\/\/www.altominho.tv\/site\/2025\/12\/29\/concerto-de-ano-novo-marca-inicio-de-2026-em-caminha\/","name":"Concerto de Ano Novo marca in\u00edcio de 2026 em Caminha","isPartOf":{"@id":"https:\/\/www.altominho.tv\/site\/#website"},"primaryImageOfPage":{"@id":"https:\/\/www.altominho.tv\/site\/2025\/12\/29\/concerto-de-ano-novo-marca-inicio-de-2026-em-caminha\/#primaryimage"},"image":{"@id":"https:\/\/www.altominho.tv\/site\/2025\/12\/29\/concerto-de-ano-novo-marca-inicio-de-2026-em-caminha\/#primaryimage"},"thumbnailUrl":"https:\/\/www.altominho.tv\/site\/wp-content\/uploads\/2025\/12\/banda-lanhelense.png","datePublished":"2025-12-29T11:40:52+00:00","dateModified":"2025-12-29T11:40:54+00:00","author":{"@id":"https:\/\/www.altominho.tv\/site\/#\/schema\/person\/4e536851627d7914baf3dac752b6af22"},"description":"Caminha inicia o ano de 2026 com a realiza\u00e7\u00e3o do tradicional Concerto de Ano Novo, que ter\u00e1 lugar na Igreja Matriz de Caminha, na pr\u00f3xima quinta-feira, 1 de janeiro, pelas 17h00. A iniciativa volta a colocar a m\u00fasica no centro da vida cultural do concelho, assinalando o in\u00edcio do novo ano com um momento de celebra\u00e7\u00e3o e encontro comunit\u00e1rio.","breadcrumb":{"@id":"https:\/\/www.altominho.tv\/site\/2025\/12\/29\/concerto-de-ano-novo-marca-inicio-de-2026-em-caminha\/#breadcrumb"},"inLanguage":"pt-PT","potentialAction":[{"@type":"ReadAction","target":["https:\/\/www.altominho.tv\/site\/2025\/12\/29\/concerto-de-ano-novo-marca-inicio-de-2026-em-caminha\/"]}]},{"@type":"ImageObject","inLanguage":"pt-PT","@id":"https:\/\/www.altominho.tv\/site\/2025\/12\/29\/concerto-de-ano-novo-marca-inicio-de-2026-em-caminha\/#primaryimage","url":"https:\/\/www.altominho.tv\/site\/wp-content\/uploads\/2025\/12\/banda-lanhelense.png","contentUrl":"https:\/\/www.altominho.tv\/site\/wp-content\/uploads\/2025\/12\/banda-lanhelense.png","width":1200,"height":630},{"@type":"BreadcrumbList","@id":"https:\/\/www.altominho.tv\/site\/2025\/12\/29\/concerto-de-ano-novo-marca-inicio-de-2026-em-caminha\/#breadcrumb","itemListElement":[{"@type":"ListItem","position":1,"name":"In\u00edcio","item":"https:\/\/www.altominho.tv\/site\/"},{"@type":"ListItem","position":2,"name":"Concerto de Ano Novo marca in\u00edcio de 2026 em Caminha"}]},{"@type":"WebSite","@id":"https:\/\/www.altominho.tv\/site\/#website","url":"https:\/\/www.altominho.tv\/site\/","name":"Altominho.tv","description":"A sua regi\u00e3o \u00e0 dist\u00e2ncia de um clique...","potentialAction":[{"@type":"SearchAction","target":{"@type":"EntryPoint","urlTemplate":"https:\/\/www.altominho.tv\/site\/?s={search_term_string}"},"query-input":{"@type":"PropertyValueSpecification","valueRequired":true,"valueName":"search_term_string"}}],"inLanguage":"pt-PT"},{"@type":"Person","@id":"https:\/\/www.altominho.tv\/site\/#\/schema\/person\/4e536851627d7914baf3dac752b6af22","name":"Altominho.tv","image":{"@type":"ImageObject","inLanguage":"pt-PT","@id":"https:\/\/www.altominho.tv\/site\/wp-content\/uploads\/2019\/11\/Logo_Avatar_2-150x150.jpg","url":"https:\/\/www.altominho.tv\/site\/wp-content\/uploads\/2019\/11\/Logo_Avatar_2-150x150.jpg","contentUrl":"https:\/\/www.altominho.tv\/site\/wp-content\/uploads\/2019\/11\/Logo_Avatar_2-150x150.jpg","caption":"Altominho.tv"},"url":"https:\/\/www.altominho.tv\/site\/author\/altominhotv-tecnico\/"}]}},"_links":{"self":[{"href":"https:\/\/www.altominho.tv\/site\/wp-json\/wp\/v2\/posts\/126503","targetHints":{"allow":["GET"]}}],"collection":[{"href":"https:\/\/www.altominho.tv\/site\/wp-json\/wp\/v2\/posts"}],"about":[{"href":"https:\/\/www.altominho.tv\/site\/wp-json\/wp\/v2\/types\/post"}],"author":[{"embeddable":true,"href":"https:\/\/www.altominho.tv\/site\/wp-json\/wp\/v2\/users\/1"}],"replies":[{"embeddable":true,"href":"https:\/\/www.altominho.tv\/site\/wp-json\/wp\/v2\/comments?post=126503"}],"version-history":[{"count":1,"href":"https:\/\/www.altominho.tv\/site\/wp-json\/wp\/v2\/posts\/126503\/revisions"}],"predecessor-version":[{"id":126505,"href":"https:\/\/www.altominho.tv\/site\/wp-json\/wp\/v2\/posts\/126503\/revisions\/126505"}],"wp:featuredmedia":[{"embeddable":true,"href":"https:\/\/www.altominho.tv\/site\/wp-json\/wp\/v2\/media\/126504"}],"wp:attachment":[{"href":"https:\/\/www.altominho.tv\/site\/wp-json\/wp\/v2\/media?parent=126503"}],"wp:term":[{"taxonomy":"category","embeddable":true,"href":"https:\/\/www.altominho.tv\/site\/wp-json\/wp\/v2\/categories?post=126503"},{"taxonomy":"post_tag","embeddable":true,"href":"https:\/\/www.altominho.tv\/site\/wp-json\/wp\/v2\/tags?post=126503"}],"curies":[{"name":"wp","href":"https:\/\/api.w.org\/{rel}","templated":true}]}}