{"id":126374,"date":"2025-12-21T13:26:52","date_gmt":"2025-12-21T13:26:52","guid":{"rendered":"https:\/\/www.altominho.tv\/site\/?p=126374"},"modified":"2025-12-21T13:26:54","modified_gmt":"2025-12-21T13:26:54","slug":"neve-regressa-a-serra-e-obriga-a-cuidados-redobrados-na-estrada","status":"publish","type":"post","link":"https:\/\/www.altominho.tv\/site\/2025\/12\/21\/neve-regressa-a-serra-e-obriga-a-cuidados-redobrados-na-estrada\/","title":{"rendered":"Neve regressa \u00e0 serra e obriga a cuidados redobrados na estrada"},"content":{"rendered":"<p data-start=\"264\" data-end=\"572\">A queda de neve registada nas \u00faltimas horas nas zonas de montanha do concelho de Arcos de Valdevez est\u00e1 a mobilizar os Bombeiros Volunt\u00e1rios locais, que se encontram no terreno a realizar opera\u00e7\u00f5es de limpeza das vias e de coloca\u00e7\u00e3o de sal na estrada, com o objetivo de garantir a seguran\u00e7a da circula\u00e7\u00e3o rodovi\u00e1ria.<\/p>\n<p data-start=\"574\" data-end=\"834\">De acordo com o Comando dos Bombeiros Volunt\u00e1rios de Arcos de Valdevez, os trabalhos decorrem de forma cont\u00ednua, sobretudo nos acessos mais afetados pela acumula\u00e7\u00e3o de neve e gelo, numa altura em que muitas pessoas se deslocam \u00e0 serra para observar o fen\u00f3meno.<\/p>\n<p data-start=\"836\" data-end=\"1231\">As autoridades apelam \u00e0 popula\u00e7\u00e3o para que evite desloca\u00e7\u00f5es desnecess\u00e1rias \u00e0s zonas de montanha, lembrando que as condi\u00e7\u00f5es meteorol\u00f3gicas adversas aumentam significativamente o risco de acidentes. Aos condutores que necessitem de circular, \u00e9 recomendado que o fa\u00e7am a velocidade moderada, com redobrada aten\u00e7\u00e3o e que utilizem correntes de neve sempre que as condi\u00e7\u00f5es da estrada o justifiquem.<\/p>\n<p data-start=\"1233\" data-end=\"1459\">\u00c9 ainda refor\u00e7ado o pedido para que sejam rigorosamente respeitadas as indica\u00e7\u00f5es das autoridades no local, nomeadamente eventuais cortes ou condicionamentos de tr\u00e2nsito, que poder\u00e3o ser implementados por motivos de seguran\u00e7a.<\/p>\n<p data-start=\"1461\" data-end=\"1709\">Os Bombeiros Volunt\u00e1rios de Arcos de Valdevez sublinham que a seguran\u00e7a de todos depende do comportamento respons\u00e1vel de cada cidad\u00e3o, apelando ao bom senso de quem pretende deslocar-se para ver a neve, para que o fa\u00e7a de forma segura e consciente.<\/p>\n","protected":false},"excerpt":{"rendered":"<p>A queda de neve registada nas \u00faltimas horas nas zonas de montanha do concelho de Arcos de Valdevez est\u00e1 a mobilizar os Bombeiros Volunt\u00e1rios locais, que se encontram no terreno a realizar opera\u00e7\u00f5es de limpeza das vias e de coloca\u00e7\u00e3o de sal na estrada, com o objetivo de garantir a seguran\u00e7a da circula\u00e7\u00e3o rodovi\u00e1ria. De [&hellip;]<\/p>\n","protected":false},"author":1,"featured_media":126375,"comment_status":"closed","ping_status":"closed","sticky":false,"template":"","format":"standard","meta":{"_exactmetrics_skip_tracking":false,"_exactmetrics_sitenote_active":false,"_exactmetrics_sitenote_note":"","_exactmetrics_sitenote_category":0,"footnotes":""},"categories":[2],"tags":[27],"class_list":["post-126374","post","type-post","status-publish","format-standard","has-post-thumbnail","hentry","category-arcos-de-valdevez","tag-sociedade"],"yoast_head":"<!-- This site is optimized with the Yoast SEO Premium plugin v27.4 (Yoast SEO v27.4) - https:\/\/yoast.com\/product\/yoast-seo-premium-wordpress\/ -->\n<title>Neve regressa \u00e0 serra e obriga a cuidados redobrados na estrada<\/title>\n<meta name=\"robots\" content=\"index, follow, max-snippet:-1, max-image-preview:large, max-video-preview:-1\" \/>\n<link rel=\"canonical\" href=\"https:\/\/www.altominho.tv\/site\/2025\/12\/21\/neve-regressa-a-serra-e-obriga-a-cuidados-redobrados-na-estrada\/\" \/>\n<meta property=\"og:locale\" content=\"pt_PT\" \/>\n<meta property=\"og:type\" content=\"article\" \/>\n<meta property=\"og:title\" content=\"Neve regressa \u00e0 serra e obriga a cuidados redobrados na estrada\" \/>\n<meta property=\"og:description\" content=\"A queda de neve registada nas \u00faltimas horas nas zonas de montanha do concelho de Arcos de Valdevez est\u00e1 a mobilizar os Bombeiros Volunt\u00e1rios locais, que se encontram no terreno a realizar opera\u00e7\u00f5es de limpeza das vias e de coloca\u00e7\u00e3o de sal na estrada, com o objetivo de garantir a seguran\u00e7a da circula\u00e7\u00e3o rodovi\u00e1ria. De [&hellip;]\" \/>\n<meta property=\"og:url\" content=\"https:\/\/www.altominho.tv\/site\/2025\/12\/21\/neve-regressa-a-serra-e-obriga-a-cuidados-redobrados-na-estrada\/\" \/>\n<meta property=\"og:site_name\" content=\"Altominho.tv\" \/>\n<meta property=\"article:publisher\" content=\"https:\/\/www.facebook.com\/altominhotv\" \/>\n<meta property=\"article:published_time\" content=\"2025-12-21T13:26:52+00:00\" \/>\n<meta property=\"article:modified_time\" content=\"2025-12-21T13:26:54+00:00\" \/>\n<meta property=\"og:image\" content=\"https:\/\/www.altominho.tv\/site\/wp-content\/uploads\/2025\/12\/Autoridades_Colocam_Sal_Estradas.jpg\" \/>\n\t<meta property=\"og:image:width\" content=\"1200\" \/>\n\t<meta property=\"og:image:height\" content=\"630\" \/>\n\t<meta property=\"og:image:type\" content=\"image\/jpeg\" \/>\n<meta name=\"author\" content=\"Altominho.tv\" \/>\n<meta name=\"twitter:card\" content=\"summary_large_image\" \/>\n<meta name=\"twitter:creator\" content=\"@altominhoTV\" \/>\n<meta name=\"twitter:site\" content=\"@altominhoTV\" \/>\n<meta name=\"twitter:label1\" content=\"Escrito por\" \/>\n\t<meta name=\"twitter:data1\" content=\"Altominho.tv\" \/>\n\t<meta name=\"twitter:label2\" content=\"Tempo estimado de leitura\" \/>\n\t<meta name=\"twitter:data2\" content=\"2 minutos\" \/>\n<script type=\"application\/ld+json\" class=\"yoast-schema-graph\">{\"@context\":\"https:\\\/\\\/schema.org\",\"@graph\":[{\"@type\":\"Article\",\"@id\":\"https:\\\/\\\/www.altominho.tv\\\/site\\\/2025\\\/12\\\/21\\\/neve-regressa-a-serra-e-obriga-a-cuidados-redobrados-na-estrada\\\/#article\",\"isPartOf\":{\"@id\":\"https:\\\/\\\/www.altominho.tv\\\/site\\\/2025\\\/12\\\/21\\\/neve-regressa-a-serra-e-obriga-a-cuidados-redobrados-na-estrada\\\/\"},\"author\":{\"name\":\"Altominho.tv\",\"@id\":\"https:\\\/\\\/www.altominho.tv\\\/site\\\/#\\\/schema\\\/person\\\/4e536851627d7914baf3dac752b6af22\"},\"headline\":\"Neve regressa \u00e0 serra e obriga a cuidados redobrados na estrada\",\"datePublished\":\"2025-12-21T13:26:52+00:00\",\"dateModified\":\"2025-12-21T13:26:54+00:00\",\"mainEntityOfPage\":{\"@id\":\"https:\\\/\\\/www.altominho.tv\\\/site\\\/2025\\\/12\\\/21\\\/neve-regressa-a-serra-e-obriga-a-cuidados-redobrados-na-estrada\\\/\"},\"wordCount\":260,\"image\":{\"@id\":\"https:\\\/\\\/www.altominho.tv\\\/site\\\/2025\\\/12\\\/21\\\/neve-regressa-a-serra-e-obriga-a-cuidados-redobrados-na-estrada\\\/#primaryimage\"},\"thumbnailUrl\":\"https:\\\/\\\/www.altominho.tv\\\/site\\\/wp-content\\\/uploads\\\/2025\\\/12\\\/Autoridades_Colocam_Sal_Estradas.jpg\",\"keywords\":[\"Sociedade\"],\"articleSection\":[\"Arcos de Valdevez\"],\"inLanguage\":\"pt-PT\",\"copyrightYear\":\"2025\",\"copyrightHolder\":{\"@id\":\"https:\\\/\\\/www.altominho.tv\\\/site\\\/#organization\"}},{\"@type\":\"WebPage\",\"@id\":\"https:\\\/\\\/www.altominho.tv\\\/site\\\/2025\\\/12\\\/21\\\/neve-regressa-a-serra-e-obriga-a-cuidados-redobrados-na-estrada\\\/\",\"url\":\"https:\\\/\\\/www.altominho.tv\\\/site\\\/2025\\\/12\\\/21\\\/neve-regressa-a-serra-e-obriga-a-cuidados-redobrados-na-estrada\\\/\",\"name\":\"Neve regressa \u00e0 serra e obriga a cuidados redobrados na estrada\",\"isPartOf\":{\"@id\":\"https:\\\/\\\/www.altominho.tv\\\/site\\\/#website\"},\"primaryImageOfPage\":{\"@id\":\"https:\\\/\\\/www.altominho.tv\\\/site\\\/2025\\\/12\\\/21\\\/neve-regressa-a-serra-e-obriga-a-cuidados-redobrados-na-estrada\\\/#primaryimage\"},\"image\":{\"@id\":\"https:\\\/\\\/www.altominho.tv\\\/site\\\/2025\\\/12\\\/21\\\/neve-regressa-a-serra-e-obriga-a-cuidados-redobrados-na-estrada\\\/#primaryimage\"},\"thumbnailUrl\":\"https:\\\/\\\/www.altominho.tv\\\/site\\\/wp-content\\\/uploads\\\/2025\\\/12\\\/Autoridades_Colocam_Sal_Estradas.jpg\",\"datePublished\":\"2025-12-21T13:26:52+00:00\",\"dateModified\":\"2025-12-21T13:26:54+00:00\",\"author\":{\"@id\":\"https:\\\/\\\/www.altominho.tv\\\/site\\\/#\\\/schema\\\/person\\\/4e536851627d7914baf3dac752b6af22\"},\"breadcrumb\":{\"@id\":\"https:\\\/\\\/www.altominho.tv\\\/site\\\/2025\\\/12\\\/21\\\/neve-regressa-a-serra-e-obriga-a-cuidados-redobrados-na-estrada\\\/#breadcrumb\"},\"inLanguage\":\"pt-PT\",\"potentialAction\":[{\"@type\":\"ReadAction\",\"target\":[\"https:\\\/\\\/www.altominho.tv\\\/site\\\/2025\\\/12\\\/21\\\/neve-regressa-a-serra-e-obriga-a-cuidados-redobrados-na-estrada\\\/\"]}]},{\"@type\":\"ImageObject\",\"inLanguage\":\"pt-PT\",\"@id\":\"https:\\\/\\\/www.altominho.tv\\\/site\\\/2025\\\/12\\\/21\\\/neve-regressa-a-serra-e-obriga-a-cuidados-redobrados-na-estrada\\\/#primaryimage\",\"url\":\"https:\\\/\\\/www.altominho.tv\\\/site\\\/wp-content\\\/uploads\\\/2025\\\/12\\\/Autoridades_Colocam_Sal_Estradas.jpg\",\"contentUrl\":\"https:\\\/\\\/www.altominho.tv\\\/site\\\/wp-content\\\/uploads\\\/2025\\\/12\\\/Autoridades_Colocam_Sal_Estradas.jpg\",\"width\":1200,\"height\":630},{\"@type\":\"BreadcrumbList\",\"@id\":\"https:\\\/\\\/www.altominho.tv\\\/site\\\/2025\\\/12\\\/21\\\/neve-regressa-a-serra-e-obriga-a-cuidados-redobrados-na-estrada\\\/#breadcrumb\",\"itemListElement\":[{\"@type\":\"ListItem\",\"position\":1,\"name\":\"In\u00edcio\",\"item\":\"https:\\\/\\\/www.altominho.tv\\\/site\\\/\"},{\"@type\":\"ListItem\",\"position\":2,\"name\":\"Neve regressa \u00e0 serra e obriga a cuidados redobrados na estrada\"}]},{\"@type\":\"WebSite\",\"@id\":\"https:\\\/\\\/www.altominho.tv\\\/site\\\/#website\",\"url\":\"https:\\\/\\\/www.altominho.tv\\\/site\\\/\",\"name\":\"Altominho.tv\",\"description\":\"A sua regi\u00e3o \u00e0 dist\u00e2ncia de um clique...\",\"potentialAction\":[{\"@type\":\"SearchAction\",\"target\":{\"@type\":\"EntryPoint\",\"urlTemplate\":\"https:\\\/\\\/www.altominho.tv\\\/site\\\/?s={search_term_string}\"},\"query-input\":{\"@type\":\"PropertyValueSpecification\",\"valueRequired\":true,\"valueName\":\"search_term_string\"}}],\"inLanguage\":\"pt-PT\"},{\"@type\":\"Person\",\"@id\":\"https:\\\/\\\/www.altominho.tv\\\/site\\\/#\\\/schema\\\/person\\\/4e536851627d7914baf3dac752b6af22\",\"name\":\"Altominho.tv\",\"image\":{\"@type\":\"ImageObject\",\"inLanguage\":\"pt-PT\",\"@id\":\"https:\\\/\\\/www.altominho.tv\\\/site\\\/wp-content\\\/uploads\\\/2019\\\/11\\\/Logo_Avatar_2-150x150.jpg\",\"url\":\"https:\\\/\\\/www.altominho.tv\\\/site\\\/wp-content\\\/uploads\\\/2019\\\/11\\\/Logo_Avatar_2-150x150.jpg\",\"contentUrl\":\"https:\\\/\\\/www.altominho.tv\\\/site\\\/wp-content\\\/uploads\\\/2019\\\/11\\\/Logo_Avatar_2-150x150.jpg\",\"caption\":\"Altominho.tv\"},\"url\":\"https:\\\/\\\/www.altominho.tv\\\/site\\\/author\\\/altominhotv-tecnico\\\/\"}]}<\/script>\n<!-- \/ Yoast SEO Premium plugin. -->","yoast_head_json":{"title":"Neve regressa \u00e0 serra e obriga a cuidados redobrados na estrada","robots":{"index":"index","follow":"follow","max-snippet":"max-snippet:-1","max-image-preview":"max-image-preview:large","max-video-preview":"max-video-preview:-1"},"canonical":"https:\/\/www.altominho.tv\/site\/2025\/12\/21\/neve-regressa-a-serra-e-obriga-a-cuidados-redobrados-na-estrada\/","og_locale":"pt_PT","og_type":"article","og_title":"Neve regressa \u00e0 serra e obriga a cuidados redobrados na estrada","og_description":"A queda de neve registada nas \u00faltimas horas nas zonas de montanha do concelho de Arcos de Valdevez est\u00e1 a mobilizar os Bombeiros Volunt\u00e1rios locais, que se encontram no terreno a realizar opera\u00e7\u00f5es de limpeza das vias e de coloca\u00e7\u00e3o de sal na estrada, com o objetivo de garantir a seguran\u00e7a da circula\u00e7\u00e3o rodovi\u00e1ria. De [&hellip;]","og_url":"https:\/\/www.altominho.tv\/site\/2025\/12\/21\/neve-regressa-a-serra-e-obriga-a-cuidados-redobrados-na-estrada\/","og_site_name":"Altominho.tv","article_publisher":"https:\/\/www.facebook.com\/altominhotv","article_published_time":"2025-12-21T13:26:52+00:00","article_modified_time":"2025-12-21T13:26:54+00:00","og_image":[{"width":1200,"height":630,"url":"https:\/\/www.altominho.tv\/site\/wp-content\/uploads\/2025\/12\/Autoridades_Colocam_Sal_Estradas.jpg","type":"image\/jpeg"}],"author":"Altominho.tv","twitter_card":"summary_large_image","twitter_creator":"@altominhoTV","twitter_site":"@altominhoTV","twitter_misc":{"Escrito por":"Altominho.tv","Tempo estimado de leitura":"2 minutos"},"schema":{"@context":"https:\/\/schema.org","@graph":[{"@type":"Article","@id":"https:\/\/www.altominho.tv\/site\/2025\/12\/21\/neve-regressa-a-serra-e-obriga-a-cuidados-redobrados-na-estrada\/#article","isPartOf":{"@id":"https:\/\/www.altominho.tv\/site\/2025\/12\/21\/neve-regressa-a-serra-e-obriga-a-cuidados-redobrados-na-estrada\/"},"author":{"name":"Altominho.tv","@id":"https:\/\/www.altominho.tv\/site\/#\/schema\/person\/4e536851627d7914baf3dac752b6af22"},"headline":"Neve regressa \u00e0 serra e obriga a cuidados redobrados na estrada","datePublished":"2025-12-21T13:26:52+00:00","dateModified":"2025-12-21T13:26:54+00:00","mainEntityOfPage":{"@id":"https:\/\/www.altominho.tv\/site\/2025\/12\/21\/neve-regressa-a-serra-e-obriga-a-cuidados-redobrados-na-estrada\/"},"wordCount":260,"image":{"@id":"https:\/\/www.altominho.tv\/site\/2025\/12\/21\/neve-regressa-a-serra-e-obriga-a-cuidados-redobrados-na-estrada\/#primaryimage"},"thumbnailUrl":"https:\/\/www.altominho.tv\/site\/wp-content\/uploads\/2025\/12\/Autoridades_Colocam_Sal_Estradas.jpg","keywords":["Sociedade"],"articleSection":["Arcos de Valdevez"],"inLanguage":"pt-PT","copyrightYear":"2025","copyrightHolder":{"@id":"https:\/\/www.altominho.tv\/site\/#organization"}},{"@type":"WebPage","@id":"https:\/\/www.altominho.tv\/site\/2025\/12\/21\/neve-regressa-a-serra-e-obriga-a-cuidados-redobrados-na-estrada\/","url":"https:\/\/www.altominho.tv\/site\/2025\/12\/21\/neve-regressa-a-serra-e-obriga-a-cuidados-redobrados-na-estrada\/","name":"Neve regressa \u00e0 serra e obriga a cuidados redobrados na estrada","isPartOf":{"@id":"https:\/\/www.altominho.tv\/site\/#website"},"primaryImageOfPage":{"@id":"https:\/\/www.altominho.tv\/site\/2025\/12\/21\/neve-regressa-a-serra-e-obriga-a-cuidados-redobrados-na-estrada\/#primaryimage"},"image":{"@id":"https:\/\/www.altominho.tv\/site\/2025\/12\/21\/neve-regressa-a-serra-e-obriga-a-cuidados-redobrados-na-estrada\/#primaryimage"},"thumbnailUrl":"https:\/\/www.altominho.tv\/site\/wp-content\/uploads\/2025\/12\/Autoridades_Colocam_Sal_Estradas.jpg","datePublished":"2025-12-21T13:26:52+00:00","dateModified":"2025-12-21T13:26:54+00:00","author":{"@id":"https:\/\/www.altominho.tv\/site\/#\/schema\/person\/4e536851627d7914baf3dac752b6af22"},"breadcrumb":{"@id":"https:\/\/www.altominho.tv\/site\/2025\/12\/21\/neve-regressa-a-serra-e-obriga-a-cuidados-redobrados-na-estrada\/#breadcrumb"},"inLanguage":"pt-PT","potentialAction":[{"@type":"ReadAction","target":["https:\/\/www.altominho.tv\/site\/2025\/12\/21\/neve-regressa-a-serra-e-obriga-a-cuidados-redobrados-na-estrada\/"]}]},{"@type":"ImageObject","inLanguage":"pt-PT","@id":"https:\/\/www.altominho.tv\/site\/2025\/12\/21\/neve-regressa-a-serra-e-obriga-a-cuidados-redobrados-na-estrada\/#primaryimage","url":"https:\/\/www.altominho.tv\/site\/wp-content\/uploads\/2025\/12\/Autoridades_Colocam_Sal_Estradas.jpg","contentUrl":"https:\/\/www.altominho.tv\/site\/wp-content\/uploads\/2025\/12\/Autoridades_Colocam_Sal_Estradas.jpg","width":1200,"height":630},{"@type":"BreadcrumbList","@id":"https:\/\/www.altominho.tv\/site\/2025\/12\/21\/neve-regressa-a-serra-e-obriga-a-cuidados-redobrados-na-estrada\/#breadcrumb","itemListElement":[{"@type":"ListItem","position":1,"name":"In\u00edcio","item":"https:\/\/www.altominho.tv\/site\/"},{"@type":"ListItem","position":2,"name":"Neve regressa \u00e0 serra e obriga a cuidados redobrados na estrada"}]},{"@type":"WebSite","@id":"https:\/\/www.altominho.tv\/site\/#website","url":"https:\/\/www.altominho.tv\/site\/","name":"Altominho.tv","description":"A sua regi\u00e3o \u00e0 dist\u00e2ncia de um clique...","potentialAction":[{"@type":"SearchAction","target":{"@type":"EntryPoint","urlTemplate":"https:\/\/www.altominho.tv\/site\/?s={search_term_string}"},"query-input":{"@type":"PropertyValueSpecification","valueRequired":true,"valueName":"search_term_string"}}],"inLanguage":"pt-PT"},{"@type":"Person","@id":"https:\/\/www.altominho.tv\/site\/#\/schema\/person\/4e536851627d7914baf3dac752b6af22","name":"Altominho.tv","image":{"@type":"ImageObject","inLanguage":"pt-PT","@id":"https:\/\/www.altominho.tv\/site\/wp-content\/uploads\/2019\/11\/Logo_Avatar_2-150x150.jpg","url":"https:\/\/www.altominho.tv\/site\/wp-content\/uploads\/2019\/11\/Logo_Avatar_2-150x150.jpg","contentUrl":"https:\/\/www.altominho.tv\/site\/wp-content\/uploads\/2019\/11\/Logo_Avatar_2-150x150.jpg","caption":"Altominho.tv"},"url":"https:\/\/www.altominho.tv\/site\/author\/altominhotv-tecnico\/"}]}},"_links":{"self":[{"href":"https:\/\/www.altominho.tv\/site\/wp-json\/wp\/v2\/posts\/126374","targetHints":{"allow":["GET"]}}],"collection":[{"href":"https:\/\/www.altominho.tv\/site\/wp-json\/wp\/v2\/posts"}],"about":[{"href":"https:\/\/www.altominho.tv\/site\/wp-json\/wp\/v2\/types\/post"}],"author":[{"embeddable":true,"href":"https:\/\/www.altominho.tv\/site\/wp-json\/wp\/v2\/users\/1"}],"replies":[{"embeddable":true,"href":"https:\/\/www.altominho.tv\/site\/wp-json\/wp\/v2\/comments?post=126374"}],"version-history":[{"count":1,"href":"https:\/\/www.altominho.tv\/site\/wp-json\/wp\/v2\/posts\/126374\/revisions"}],"predecessor-version":[{"id":126376,"href":"https:\/\/www.altominho.tv\/site\/wp-json\/wp\/v2\/posts\/126374\/revisions\/126376"}],"wp:featuredmedia":[{"embeddable":true,"href":"https:\/\/www.altominho.tv\/site\/wp-json\/wp\/v2\/media\/126375"}],"wp:attachment":[{"href":"https:\/\/www.altominho.tv\/site\/wp-json\/wp\/v2\/media?parent=126374"}],"wp:term":[{"taxonomy":"category","embeddable":true,"href":"https:\/\/www.altominho.tv\/site\/wp-json\/wp\/v2\/categories?post=126374"},{"taxonomy":"post_tag","embeddable":true,"href":"https:\/\/www.altominho.tv\/site\/wp-json\/wp\/v2\/tags?post=126374"}],"curies":[{"name":"wp","href":"https:\/\/api.w.org\/{rel}","templated":true}]}}