{"id":126295,"date":"2025-12-18T09:58:26","date_gmt":"2025-12-18T09:58:26","guid":{"rendered":"https:\/\/www.altominho.tv\/site\/?p=126295"},"modified":"2025-12-18T10:00:15","modified_gmt":"2025-12-18T10:00:15","slug":"camara-caminha-aprova-assinatura-digital-espaco-coworking-dinamizacao-local","status":"publish","type":"post","link":"https:\/\/www.altominho.tv\/site\/2025\/12\/18\/camara-caminha-aprova-assinatura-digital-espaco-coworking-dinamizacao-local\/","title":{"rendered":"C\u00e2mara de Caminha aprova assinatura digital e espa\u00e7o de coworking para dinamiza\u00e7\u00e3o local"},"content":{"rendered":"<p class=\"p1\">A C\u00e2mara Municipal de Caminha deu um importante passo rumo \u00e0 moderniza\u00e7\u00e3o administrativa ao aprovar a disponibiliza\u00e7\u00e3o da assinatura digital de faturas eletr\u00f3nicas e a implementa\u00e7\u00e3o do servi\u00e7o &#8220;fatura sem papel&#8221;. Esta medida permite o envio de faturas digitais com assinatura eletr\u00f3nica qualificada, atrav\u00e9s da integra\u00e7\u00e3o dos servi\u00e7os SAFE e &#8220;faturas sem papel&#8221;, promovendo a desmaterializa\u00e7\u00e3o dos procedimentos e a efici\u00eancia dos servi\u00e7os p\u00fablicos.<\/p>\n<p class=\"p1\">Foi ainda aprovada a portabilidade de dados, ferramenta destinada a simplificar a rela\u00e7\u00e3o entre os cidad\u00e3os e o munic\u00edpio ao permitir o acesso direto a informa\u00e7\u00e3o j\u00e1 existente, reduzindo significativamente o n\u00famero de documentos exigidos aos mun\u00edcipes.<\/p>\n<p class=\"p1\">No \u00e2mbito da inova\u00e7\u00e3o social e econ\u00f3mica, a C\u00e2mara aprovou as normas de utiliza\u00e7\u00e3o do espa\u00e7o de coworking do munic\u00edpio, possibilitando o in\u00edcio imediato da sua utiliza\u00e7\u00e3o. Este espa\u00e7o destina-se a estimular a criatividade, o empreendedorismo, a colabora\u00e7\u00e3o e a fixa\u00e7\u00e3o de talento no territ\u00f3rio.<\/p>\n<p class=\"p1\">A presidente da C\u00e2mara, Liliana Silva, informou que est\u00e1 em fase inicial a elabora\u00e7\u00e3o do regulamento de utiliza\u00e7\u00e3o do coworking, com a inten\u00e7\u00e3o de, a m\u00e9dio prazo, transferir este espa\u00e7o para uma localiza\u00e7\u00e3o mais aut\u00f3noma e acess\u00edvel a toda a popula\u00e7\u00e3o, refor\u00e7ando a sua voca\u00e7\u00e3o inclusiva e comunit\u00e1ria.<\/p>\n<p class=\"p1\">Foi tamb\u00e9m aprovada a minuta de protocolo para a disponibiliza\u00e7\u00e3o do Cart\u00e3o do Mun\u00edcipe na aplica\u00e7\u00e3o gov.pt, um passo decisivo para aproximar os servi\u00e7os municipais dos cidad\u00e3os. Criado pelo executivo municipal, este cart\u00e3o permitir\u00e1 o acesso a diversas experi\u00eancias, promo\u00e7\u00f5es e servi\u00e7os do munic\u00edpio, que futuramente estar\u00e3o integrados no Balc\u00e3o Online, atualmente em fase de implementa\u00e7\u00e3o.<\/p>\n<p class=\"p1\">\u201cTrata-se de uma aposta clara num munic\u00edpio mais digital, mais simples e mais pr\u00f3ximo, onde os servi\u00e7os acompanham o ritmo da vida das pessoas\u201d, afirmou a autarquia.<\/p>\n<p class=\"p1\">Estas decis\u00f5es refletem uma governa\u00e7\u00e3o com vis\u00e3o, que aposta na inova\u00e7\u00e3o, sustentabilidade e proximidade, colocando Caminha num percurso de maior agilidade, acessibilidade e prepara\u00e7\u00e3o face aos desafios do futuro. \u201cCaminha avan\u00e7a, com confian\u00e7a, com ambi\u00e7\u00e3o e com todos,\u201d concluiu a autarquia.<\/p>\n\n\n<p><\/p>\n","protected":false},"excerpt":{"rendered":"<p>A C\u00e2mara Municipal de Caminha deu um importante passo rumo \u00e0 moderniza\u00e7\u00e3o administrativa ao aprovar a disponibiliza\u00e7\u00e3o da assinatura digital de faturas eletr\u00f3nicas e a implementa\u00e7\u00e3o do servi\u00e7o &#8220;fatura sem papel&#8221;. Esta medida permite o envio de faturas digitais com assinatura eletr\u00f3nica qualificada, atrav\u00e9s da integra\u00e7\u00e3o dos servi\u00e7os SAFE e &#8220;faturas sem papel&#8221;, promovendo a [&hellip;]<\/p>\n","protected":false},"author":30,"featured_media":126298,"comment_status":"closed","ping_status":"closed","sticky":false,"template":"","format":"standard","meta":{"_exactmetrics_skip_tracking":false,"_exactmetrics_sitenote_active":false,"_exactmetrics_sitenote_note":"","_exactmetrics_sitenote_category":0,"footnotes":""},"categories":[7],"tags":[27],"class_list":["post-126295","post","type-post","status-publish","format-standard","has-post-thumbnail","hentry","category-caminha","tag-sociedade"],"yoast_head":"<!-- This site is optimized with the Yoast SEO Premium plugin v27.5 (Yoast SEO v27.5) - https:\/\/yoast.com\/product\/yoast-seo-premium-wordpress\/ -->\n<title>C\u00e2mara de Caminha aprova assinatura digital e espa\u00e7o de coworking para dinamiza\u00e7\u00e3o local<\/title>\n<meta name=\"description\" content=\"A C\u00e2mara Municipal de Caminha deu um importante passo rumo \u00e0 moderniza\u00e7\u00e3o administrativa ao aprovar a disponibiliza\u00e7\u00e3o da assinatura digital de faturas eletr\u00f3nicas e a implementa\u00e7\u00e3o do servi\u00e7o &quot;fatura sem papel&quot;\" \/>\n<meta name=\"robots\" content=\"index, follow, max-snippet:-1, max-image-preview:large, max-video-preview:-1\" \/>\n<link rel=\"canonical\" href=\"https:\/\/www.altominho.tv\/site\/2025\/12\/18\/camara-caminha-aprova-assinatura-digital-espaco-coworking-dinamizacao-local\/\" \/>\n<meta property=\"og:locale\" content=\"pt_PT\" \/>\n<meta property=\"og:type\" content=\"article\" \/>\n<meta property=\"og:title\" content=\"C\u00e2mara de Caminha aprova assinatura digital e espa\u00e7o de coworking para dinamiza\u00e7\u00e3o local\" \/>\n<meta property=\"og:description\" content=\"A C\u00e2mara Municipal de Caminha deu um importante passo rumo \u00e0 moderniza\u00e7\u00e3o administrativa ao aprovar a disponibiliza\u00e7\u00e3o da assinatura digital de faturas eletr\u00f3nicas e a implementa\u00e7\u00e3o do servi\u00e7o &quot;fatura sem papel&quot;\" \/>\n<meta property=\"og:url\" content=\"https:\/\/www.altominho.tv\/site\/2025\/12\/18\/camara-caminha-aprova-assinatura-digital-espaco-coworking-dinamizacao-local\/\" \/>\n<meta property=\"og:site_name\" content=\"Altominho.tv\" \/>\n<meta property=\"article:publisher\" content=\"https:\/\/www.facebook.com\/altominhotv\" \/>\n<meta property=\"article:published_time\" content=\"2025-12-18T09:58:26+00:00\" \/>\n<meta property=\"article:modified_time\" content=\"2025-12-18T10:00:15+00:00\" \/>\n<meta property=\"og:image\" content=\"https:\/\/www.altominho.tv\/site\/wp-content\/uploads\/2025\/12\/EXECUTIVO-CAMARA-CAMINHA.jpg\" \/>\n\t<meta property=\"og:image:width\" content=\"1200\" \/>\n\t<meta property=\"og:image:height\" content=\"630\" \/>\n\t<meta property=\"og:image:type\" content=\"image\/jpeg\" \/>\n<meta name=\"author\" content=\"Eduarda Cardoso\" \/>\n<meta name=\"twitter:card\" content=\"summary_large_image\" \/>\n<meta name=\"twitter:creator\" content=\"@altominhoTV\" \/>\n<meta name=\"twitter:site\" content=\"@altominhoTV\" \/>\n<meta name=\"twitter:label1\" content=\"Escrito por\" \/>\n\t<meta name=\"twitter:data1\" content=\"Eduarda Cardoso\" \/>\n\t<meta name=\"twitter:label2\" content=\"Tempo estimado de leitura\" \/>\n\t<meta name=\"twitter:data2\" content=\"2 minutos\" \/>\n<script type=\"application\/ld+json\" class=\"yoast-schema-graph\">{\"@context\":\"https:\\\/\\\/schema.org\",\"@graph\":[{\"@type\":\"Article\",\"@id\":\"https:\\\/\\\/www.altominho.tv\\\/site\\\/2025\\\/12\\\/18\\\/camara-caminha-aprova-assinatura-digital-espaco-coworking-dinamizacao-local\\\/#article\",\"isPartOf\":{\"@id\":\"https:\\\/\\\/www.altominho.tv\\\/site\\\/2025\\\/12\\\/18\\\/camara-caminha-aprova-assinatura-digital-espaco-coworking-dinamizacao-local\\\/\"},\"author\":{\"name\":\"Eduarda Cardoso\",\"@id\":\"https:\\\/\\\/www.altominho.tv\\\/site\\\/#\\\/schema\\\/person\\\/9e351387b727413d005ccf1152c93539\"},\"headline\":\"C\u00e2mara de Caminha aprova assinatura digital e espa\u00e7o de coworking para dinamiza\u00e7\u00e3o local\",\"datePublished\":\"2025-12-18T09:58:26+00:00\",\"dateModified\":\"2025-12-18T10:00:15+00:00\",\"mainEntityOfPage\":{\"@id\":\"https:\\\/\\\/www.altominho.tv\\\/site\\\/2025\\\/12\\\/18\\\/camara-caminha-aprova-assinatura-digital-espaco-coworking-dinamizacao-local\\\/\"},\"wordCount\":405,\"image\":{\"@id\":\"https:\\\/\\\/www.altominho.tv\\\/site\\\/2025\\\/12\\\/18\\\/camara-caminha-aprova-assinatura-digital-espaco-coworking-dinamizacao-local\\\/#primaryimage\"},\"thumbnailUrl\":\"https:\\\/\\\/www.altominho.tv\\\/site\\\/wp-content\\\/uploads\\\/2025\\\/12\\\/EXECUTIVO-CAMARA-CAMINHA.jpg\",\"keywords\":[\"Sociedade\"],\"articleSection\":[\"Caminha\"],\"inLanguage\":\"pt-PT\",\"copyrightYear\":\"2025\",\"copyrightHolder\":{\"@id\":\"https:\\\/\\\/www.altominho.tv\\\/site\\\/#organization\"}},{\"@type\":\"WebPage\",\"@id\":\"https:\\\/\\\/www.altominho.tv\\\/site\\\/2025\\\/12\\\/18\\\/camara-caminha-aprova-assinatura-digital-espaco-coworking-dinamizacao-local\\\/\",\"url\":\"https:\\\/\\\/www.altominho.tv\\\/site\\\/2025\\\/12\\\/18\\\/camara-caminha-aprova-assinatura-digital-espaco-coworking-dinamizacao-local\\\/\",\"name\":\"C\u00e2mara de Caminha aprova assinatura digital e espa\u00e7o de coworking para dinamiza\u00e7\u00e3o local\",\"isPartOf\":{\"@id\":\"https:\\\/\\\/www.altominho.tv\\\/site\\\/#website\"},\"primaryImageOfPage\":{\"@id\":\"https:\\\/\\\/www.altominho.tv\\\/site\\\/2025\\\/12\\\/18\\\/camara-caminha-aprova-assinatura-digital-espaco-coworking-dinamizacao-local\\\/#primaryimage\"},\"image\":{\"@id\":\"https:\\\/\\\/www.altominho.tv\\\/site\\\/2025\\\/12\\\/18\\\/camara-caminha-aprova-assinatura-digital-espaco-coworking-dinamizacao-local\\\/#primaryimage\"},\"thumbnailUrl\":\"https:\\\/\\\/www.altominho.tv\\\/site\\\/wp-content\\\/uploads\\\/2025\\\/12\\\/EXECUTIVO-CAMARA-CAMINHA.jpg\",\"datePublished\":\"2025-12-18T09:58:26+00:00\",\"dateModified\":\"2025-12-18T10:00:15+00:00\",\"author\":{\"@id\":\"https:\\\/\\\/www.altominho.tv\\\/site\\\/#\\\/schema\\\/person\\\/9e351387b727413d005ccf1152c93539\"},\"description\":\"A C\u00e2mara Municipal de Caminha deu um importante passo rumo \u00e0 moderniza\u00e7\u00e3o administrativa ao aprovar a disponibiliza\u00e7\u00e3o da assinatura digital de faturas eletr\u00f3nicas e a implementa\u00e7\u00e3o do servi\u00e7o \\\"fatura sem papel\\\"\",\"breadcrumb\":{\"@id\":\"https:\\\/\\\/www.altominho.tv\\\/site\\\/2025\\\/12\\\/18\\\/camara-caminha-aprova-assinatura-digital-espaco-coworking-dinamizacao-local\\\/#breadcrumb\"},\"inLanguage\":\"pt-PT\",\"potentialAction\":[{\"@type\":\"ReadAction\",\"target\":[\"https:\\\/\\\/www.altominho.tv\\\/site\\\/2025\\\/12\\\/18\\\/camara-caminha-aprova-assinatura-digital-espaco-coworking-dinamizacao-local\\\/\"]}]},{\"@type\":\"ImageObject\",\"inLanguage\":\"pt-PT\",\"@id\":\"https:\\\/\\\/www.altominho.tv\\\/site\\\/2025\\\/12\\\/18\\\/camara-caminha-aprova-assinatura-digital-espaco-coworking-dinamizacao-local\\\/#primaryimage\",\"url\":\"https:\\\/\\\/www.altominho.tv\\\/site\\\/wp-content\\\/uploads\\\/2025\\\/12\\\/EXECUTIVO-CAMARA-CAMINHA.jpg\",\"contentUrl\":\"https:\\\/\\\/www.altominho.tv\\\/site\\\/wp-content\\\/uploads\\\/2025\\\/12\\\/EXECUTIVO-CAMARA-CAMINHA.jpg\",\"width\":1200,\"height\":630},{\"@type\":\"BreadcrumbList\",\"@id\":\"https:\\\/\\\/www.altominho.tv\\\/site\\\/2025\\\/12\\\/18\\\/camara-caminha-aprova-assinatura-digital-espaco-coworking-dinamizacao-local\\\/#breadcrumb\",\"itemListElement\":[{\"@type\":\"ListItem\",\"position\":1,\"name\":\"In\u00edcio\",\"item\":\"https:\\\/\\\/www.altominho.tv\\\/site\\\/\"},{\"@type\":\"ListItem\",\"position\":2,\"name\":\"C\u00e2mara de Caminha aprova assinatura digital e espa\u00e7o de coworking para dinamiza\u00e7\u00e3o local\"}]},{\"@type\":\"WebSite\",\"@id\":\"https:\\\/\\\/www.altominho.tv\\\/site\\\/#website\",\"url\":\"https:\\\/\\\/www.altominho.tv\\\/site\\\/\",\"name\":\"Altominho.tv\",\"description\":\"A sua regi\u00e3o \u00e0 dist\u00e2ncia de um clique...\",\"potentialAction\":[{\"@type\":\"SearchAction\",\"target\":{\"@type\":\"EntryPoint\",\"urlTemplate\":\"https:\\\/\\\/www.altominho.tv\\\/site\\\/?s={search_term_string}\"},\"query-input\":{\"@type\":\"PropertyValueSpecification\",\"valueRequired\":true,\"valueName\":\"search_term_string\"}}],\"inLanguage\":\"pt-PT\"},{\"@type\":\"Person\",\"@id\":\"https:\\\/\\\/www.altominho.tv\\\/site\\\/#\\\/schema\\\/person\\\/9e351387b727413d005ccf1152c93539\",\"name\":\"Eduarda Cardoso\",\"image\":{\"@type\":\"ImageObject\",\"inLanguage\":\"pt-PT\",\"@id\":\"https:\\\/\\\/www.altominho.tv\\\/site\\\/wp-content\\\/uploads\\\/2021\\\/01\\\/cropped-Logo-ATV_WEB-150x150.png\",\"url\":\"https:\\\/\\\/www.altominho.tv\\\/site\\\/wp-content\\\/uploads\\\/2021\\\/01\\\/cropped-Logo-ATV_WEB-150x150.png\",\"contentUrl\":\"https:\\\/\\\/www.altominho.tv\\\/site\\\/wp-content\\\/uploads\\\/2021\\\/01\\\/cropped-Logo-ATV_WEB-150x150.png\",\"caption\":\"Eduarda Cardoso\"},\"url\":\"https:\\\/\\\/www.altominho.tv\\\/site\\\/author\\\/eduarda-cardoso\\\/\"}]}<\/script>\n<!-- \/ Yoast SEO Premium plugin. -->","yoast_head_json":{"title":"C\u00e2mara de Caminha aprova assinatura digital e espa\u00e7o de coworking para dinamiza\u00e7\u00e3o local","description":"A C\u00e2mara Municipal de Caminha deu um importante passo rumo \u00e0 moderniza\u00e7\u00e3o administrativa ao aprovar a disponibiliza\u00e7\u00e3o da assinatura digital de faturas eletr\u00f3nicas e a implementa\u00e7\u00e3o do servi\u00e7o \"fatura sem papel\"","robots":{"index":"index","follow":"follow","max-snippet":"max-snippet:-1","max-image-preview":"max-image-preview:large","max-video-preview":"max-video-preview:-1"},"canonical":"https:\/\/www.altominho.tv\/site\/2025\/12\/18\/camara-caminha-aprova-assinatura-digital-espaco-coworking-dinamizacao-local\/","og_locale":"pt_PT","og_type":"article","og_title":"C\u00e2mara de Caminha aprova assinatura digital e espa\u00e7o de coworking para dinamiza\u00e7\u00e3o local","og_description":"A C\u00e2mara Municipal de Caminha deu um importante passo rumo \u00e0 moderniza\u00e7\u00e3o administrativa ao aprovar a disponibiliza\u00e7\u00e3o da assinatura digital de faturas eletr\u00f3nicas e a implementa\u00e7\u00e3o do servi\u00e7o \"fatura sem papel\"","og_url":"https:\/\/www.altominho.tv\/site\/2025\/12\/18\/camara-caminha-aprova-assinatura-digital-espaco-coworking-dinamizacao-local\/","og_site_name":"Altominho.tv","article_publisher":"https:\/\/www.facebook.com\/altominhotv","article_published_time":"2025-12-18T09:58:26+00:00","article_modified_time":"2025-12-18T10:00:15+00:00","og_image":[{"width":1200,"height":630,"url":"https:\/\/www.altominho.tv\/site\/wp-content\/uploads\/2025\/12\/EXECUTIVO-CAMARA-CAMINHA.jpg","type":"image\/jpeg"}],"author":"Eduarda Cardoso","twitter_card":"summary_large_image","twitter_creator":"@altominhoTV","twitter_site":"@altominhoTV","twitter_misc":{"Escrito por":"Eduarda Cardoso","Tempo estimado de leitura":"2 minutos"},"schema":{"@context":"https:\/\/schema.org","@graph":[{"@type":"Article","@id":"https:\/\/www.altominho.tv\/site\/2025\/12\/18\/camara-caminha-aprova-assinatura-digital-espaco-coworking-dinamizacao-local\/#article","isPartOf":{"@id":"https:\/\/www.altominho.tv\/site\/2025\/12\/18\/camara-caminha-aprova-assinatura-digital-espaco-coworking-dinamizacao-local\/"},"author":{"name":"Eduarda Cardoso","@id":"https:\/\/www.altominho.tv\/site\/#\/schema\/person\/9e351387b727413d005ccf1152c93539"},"headline":"C\u00e2mara de Caminha aprova assinatura digital e espa\u00e7o de coworking para dinamiza\u00e7\u00e3o local","datePublished":"2025-12-18T09:58:26+00:00","dateModified":"2025-12-18T10:00:15+00:00","mainEntityOfPage":{"@id":"https:\/\/www.altominho.tv\/site\/2025\/12\/18\/camara-caminha-aprova-assinatura-digital-espaco-coworking-dinamizacao-local\/"},"wordCount":405,"image":{"@id":"https:\/\/www.altominho.tv\/site\/2025\/12\/18\/camara-caminha-aprova-assinatura-digital-espaco-coworking-dinamizacao-local\/#primaryimage"},"thumbnailUrl":"https:\/\/www.altominho.tv\/site\/wp-content\/uploads\/2025\/12\/EXECUTIVO-CAMARA-CAMINHA.jpg","keywords":["Sociedade"],"articleSection":["Caminha"],"inLanguage":"pt-PT","copyrightYear":"2025","copyrightHolder":{"@id":"https:\/\/www.altominho.tv\/site\/#organization"}},{"@type":"WebPage","@id":"https:\/\/www.altominho.tv\/site\/2025\/12\/18\/camara-caminha-aprova-assinatura-digital-espaco-coworking-dinamizacao-local\/","url":"https:\/\/www.altominho.tv\/site\/2025\/12\/18\/camara-caminha-aprova-assinatura-digital-espaco-coworking-dinamizacao-local\/","name":"C\u00e2mara de Caminha aprova assinatura digital e espa\u00e7o de coworking para dinamiza\u00e7\u00e3o local","isPartOf":{"@id":"https:\/\/www.altominho.tv\/site\/#website"},"primaryImageOfPage":{"@id":"https:\/\/www.altominho.tv\/site\/2025\/12\/18\/camara-caminha-aprova-assinatura-digital-espaco-coworking-dinamizacao-local\/#primaryimage"},"image":{"@id":"https:\/\/www.altominho.tv\/site\/2025\/12\/18\/camara-caminha-aprova-assinatura-digital-espaco-coworking-dinamizacao-local\/#primaryimage"},"thumbnailUrl":"https:\/\/www.altominho.tv\/site\/wp-content\/uploads\/2025\/12\/EXECUTIVO-CAMARA-CAMINHA.jpg","datePublished":"2025-12-18T09:58:26+00:00","dateModified":"2025-12-18T10:00:15+00:00","author":{"@id":"https:\/\/www.altominho.tv\/site\/#\/schema\/person\/9e351387b727413d005ccf1152c93539"},"description":"A C\u00e2mara Municipal de Caminha deu um importante passo rumo \u00e0 moderniza\u00e7\u00e3o administrativa ao aprovar a disponibiliza\u00e7\u00e3o da assinatura digital de faturas eletr\u00f3nicas e a implementa\u00e7\u00e3o do servi\u00e7o \"fatura sem papel\"","breadcrumb":{"@id":"https:\/\/www.altominho.tv\/site\/2025\/12\/18\/camara-caminha-aprova-assinatura-digital-espaco-coworking-dinamizacao-local\/#breadcrumb"},"inLanguage":"pt-PT","potentialAction":[{"@type":"ReadAction","target":["https:\/\/www.altominho.tv\/site\/2025\/12\/18\/camara-caminha-aprova-assinatura-digital-espaco-coworking-dinamizacao-local\/"]}]},{"@type":"ImageObject","inLanguage":"pt-PT","@id":"https:\/\/www.altominho.tv\/site\/2025\/12\/18\/camara-caminha-aprova-assinatura-digital-espaco-coworking-dinamizacao-local\/#primaryimage","url":"https:\/\/www.altominho.tv\/site\/wp-content\/uploads\/2025\/12\/EXECUTIVO-CAMARA-CAMINHA.jpg","contentUrl":"https:\/\/www.altominho.tv\/site\/wp-content\/uploads\/2025\/12\/EXECUTIVO-CAMARA-CAMINHA.jpg","width":1200,"height":630},{"@type":"BreadcrumbList","@id":"https:\/\/www.altominho.tv\/site\/2025\/12\/18\/camara-caminha-aprova-assinatura-digital-espaco-coworking-dinamizacao-local\/#breadcrumb","itemListElement":[{"@type":"ListItem","position":1,"name":"In\u00edcio","item":"https:\/\/www.altominho.tv\/site\/"},{"@type":"ListItem","position":2,"name":"C\u00e2mara de Caminha aprova assinatura digital e espa\u00e7o de coworking para dinamiza\u00e7\u00e3o local"}]},{"@type":"WebSite","@id":"https:\/\/www.altominho.tv\/site\/#website","url":"https:\/\/www.altominho.tv\/site\/","name":"Altominho.tv","description":"A sua regi\u00e3o \u00e0 dist\u00e2ncia de um clique...","potentialAction":[{"@type":"SearchAction","target":{"@type":"EntryPoint","urlTemplate":"https:\/\/www.altominho.tv\/site\/?s={search_term_string}"},"query-input":{"@type":"PropertyValueSpecification","valueRequired":true,"valueName":"search_term_string"}}],"inLanguage":"pt-PT"},{"@type":"Person","@id":"https:\/\/www.altominho.tv\/site\/#\/schema\/person\/9e351387b727413d005ccf1152c93539","name":"Eduarda Cardoso","image":{"@type":"ImageObject","inLanguage":"pt-PT","@id":"https:\/\/www.altominho.tv\/site\/wp-content\/uploads\/2021\/01\/cropped-Logo-ATV_WEB-150x150.png","url":"https:\/\/www.altominho.tv\/site\/wp-content\/uploads\/2021\/01\/cropped-Logo-ATV_WEB-150x150.png","contentUrl":"https:\/\/www.altominho.tv\/site\/wp-content\/uploads\/2021\/01\/cropped-Logo-ATV_WEB-150x150.png","caption":"Eduarda Cardoso"},"url":"https:\/\/www.altominho.tv\/site\/author\/eduarda-cardoso\/"}]}},"_links":{"self":[{"href":"https:\/\/www.altominho.tv\/site\/wp-json\/wp\/v2\/posts\/126295","targetHints":{"allow":["GET"]}}],"collection":[{"href":"https:\/\/www.altominho.tv\/site\/wp-json\/wp\/v2\/posts"}],"about":[{"href":"https:\/\/www.altominho.tv\/site\/wp-json\/wp\/v2\/types\/post"}],"author":[{"embeddable":true,"href":"https:\/\/www.altominho.tv\/site\/wp-json\/wp\/v2\/users\/30"}],"replies":[{"embeddable":true,"href":"https:\/\/www.altominho.tv\/site\/wp-json\/wp\/v2\/comments?post=126295"}],"version-history":[{"count":2,"href":"https:\/\/www.altominho.tv\/site\/wp-json\/wp\/v2\/posts\/126295\/revisions"}],"predecessor-version":[{"id":126300,"href":"https:\/\/www.altominho.tv\/site\/wp-json\/wp\/v2\/posts\/126295\/revisions\/126300"}],"wp:featuredmedia":[{"embeddable":true,"href":"https:\/\/www.altominho.tv\/site\/wp-json\/wp\/v2\/media\/126298"}],"wp:attachment":[{"href":"https:\/\/www.altominho.tv\/site\/wp-json\/wp\/v2\/media?parent=126295"}],"wp:term":[{"taxonomy":"category","embeddable":true,"href":"https:\/\/www.altominho.tv\/site\/wp-json\/wp\/v2\/categories?post=126295"},{"taxonomy":"post_tag","embeddable":true,"href":"https:\/\/www.altominho.tv\/site\/wp-json\/wp\/v2\/tags?post=126295"}],"curies":[{"name":"wp","href":"https:\/\/api.w.org\/{rel}","templated":true}]}}