{"id":126263,"date":"2025-12-17T10:38:53","date_gmt":"2025-12-17T10:38:53","guid":{"rendered":"https:\/\/www.altominho.tv\/site\/?p=126263"},"modified":"2025-12-17T10:38:57","modified_gmt":"2025-12-17T10:38:57","slug":"viana-do-castelo-promove-festival-internacional-de-guitarra-classica","status":"publish","type":"post","link":"https:\/\/www.altominho.tv\/site\/2025\/12\/17\/viana-do-castelo-promove-festival-internacional-de-guitarra-classica\/","title":{"rendered":"Viana do Castelo promove Festival Internacional de Guitarra Cl\u00e1ssica\u00a0"},"content":{"rendered":"<p class=\"p1\">O primeiro Festival Internacional de Guitarra Cl\u00e1ssica \u201cCordas Douradas\u201d, organizado pela C\u00e2mara Municipal de Viana do Castelo, realiza-se entre 18 e 21 de dezembro e reunir\u00e1 alguns dos mais prestigiados guitarristas nacionais e internacionais, numa celebra\u00e7\u00e3o \u00fanica dedicada \u00e0 guitarra cl\u00e1ssica.<\/p>\n<p class=\"p1\">O evento ter\u00e1 lugar no Museu de Artes Decorativas, com um programa que inclui concertos noturnos, masterclasses, workshops e recitais de jovens talentos, promovendo o encontro entre gera\u00e7\u00f5es e a valoriza\u00e7\u00e3o da m\u00fasica de c\u00e2mara e do patrim\u00f3nio guitarr\u00edstico ib\u00e9rico.<\/p>\n<p class=\"p1\">Entre os artistas convidados destacam-se Edith Pageaud (Fran\u00e7a), Graham Anthony Devine e Harold Gordon-Smith (Reino Unido), Petrit \u00c7eku (Kosovo), Francisco Gomes e Jo\u00e3o Carvalho (Portugal), al\u00e9m de Rafael Eus\u00e9bio Campos (Portugal), na Guitarra Portuguesa, a par de jovens int\u00e9rpretes emergentes da regi\u00e3o, que subir\u00e3o ao palco nos recitais de \u201cJovens Talentos\u201d.<\/p>\n<p class=\"p1\">\u201cO Cordas Douradas nasce do desejo de criar em Viana do Castelo um espa\u00e7o, guitarr\u00edstico, de partilha e afirma\u00e7\u00e3o art\u00edstica, onde este enorm\u00edssimo patrim\u00f3nio, em r\u00e1pida evolu\u00e7\u00e3o, n\u00e3o s\u00f3 no distrito, como no pa\u00eds inteiro, possa ser ouvido, ensinado e celebrado\u201d, revela Jo\u00e3o Carvalho, diretor art\u00edstico do festival.<\/p>\n<p class=\"p1\">O festival conta com o apoio institucional exclusivo da C\u00e2mara Municipal de Viana do Castelo, e pretende afirmar-se \u201ccomo um novo polo de refer\u00eancia da guitarra cl\u00e1ssica no norte do pa\u00eds, combinando o prest\u00edgio e a colabora\u00e7\u00e3o art\u00edstica e a valoriza\u00e7\u00e3o da identidade cultural da cidade\u201d, destaca a autarquia.<\/p>\n","protected":false},"excerpt":{"rendered":"<p>O primeiro Festival Internacional de Guitarra Cl\u00e1ssica \u201cCordas Douradas\u201d, organizado pela C\u00e2mara Municipal de Viana do Castelo, realiza-se entre 18 e 21 de dezembro e reunir\u00e1 alguns dos mais prestigiados guitarristas nacionais e internacionais, numa celebra\u00e7\u00e3o \u00fanica dedicada \u00e0 guitarra cl\u00e1ssica. O evento ter\u00e1 lugar no Museu de Artes Decorativas, com um programa que inclui [&hellip;]<\/p>\n","protected":false},"author":30,"featured_media":126264,"comment_status":"closed","ping_status":"closed","sticky":false,"template":"","format":"standard","meta":{"_exactmetrics_skip_tracking":false,"_exactmetrics_sitenote_active":false,"_exactmetrics_sitenote_note":"","_exactmetrics_sitenote_category":0,"footnotes":""},"categories":[14],"tags":[19],"class_list":["post-126263","post","type-post","status-publish","format-standard","has-post-thumbnail","hentry","category-viana-do-castelo","tag-cultura"],"yoast_head":"<!-- This site is optimized with the Yoast SEO Premium plugin v27.4 (Yoast SEO v27.4) - https:\/\/yoast.com\/product\/yoast-seo-premium-wordpress\/ -->\n<title>Viana do Castelo promove Festival Internacional de Guitarra Cl\u00e1ssica\u00a0<\/title>\n<meta name=\"description\" content=\"O primeiro Festival Internacional de Guitarra Cl\u00e1ssica \u201cCordas Douradas\u201d, organizado pela C\u00e2mara Municipal de Viana do Castelo, realiza-se entre 18 e 21 de dezembro e reunir\u00e1 alguns dos mais prestigiados guitarristas nacionais e internacionais, numa celebra\u00e7\u00e3o \u00fanica dedicada \u00e0 guitarra cl\u00e1ssica.\" \/>\n<meta name=\"robots\" content=\"index, follow, max-snippet:-1, max-image-preview:large, max-video-preview:-1\" \/>\n<link rel=\"canonical\" href=\"https:\/\/www.altominho.tv\/site\/2025\/12\/17\/viana-do-castelo-promove-festival-internacional-de-guitarra-classica\/\" \/>\n<meta property=\"og:locale\" content=\"pt_PT\" \/>\n<meta property=\"og:type\" content=\"article\" \/>\n<meta property=\"og:title\" content=\"Viana do Castelo promove Festival Internacional de Guitarra Cl\u00e1ssica\u00a0\" \/>\n<meta property=\"og:description\" content=\"O primeiro Festival Internacional de Guitarra Cl\u00e1ssica \u201cCordas Douradas\u201d, organizado pela C\u00e2mara Municipal de Viana do Castelo, realiza-se entre 18 e 21 de dezembro e reunir\u00e1 alguns dos mais prestigiados guitarristas nacionais e internacionais, numa celebra\u00e7\u00e3o \u00fanica dedicada \u00e0 guitarra cl\u00e1ssica.\" \/>\n<meta property=\"og:url\" content=\"https:\/\/www.altominho.tv\/site\/2025\/12\/17\/viana-do-castelo-promove-festival-internacional-de-guitarra-classica\/\" \/>\n<meta property=\"og:site_name\" content=\"Altominho.tv\" \/>\n<meta property=\"article:publisher\" content=\"https:\/\/www.facebook.com\/altominhotv\" \/>\n<meta property=\"article:published_time\" content=\"2025-12-17T10:38:53+00:00\" \/>\n<meta property=\"article:modified_time\" content=\"2025-12-17T10:38:57+00:00\" \/>\n<meta property=\"og:image\" content=\"https:\/\/www.altominho.tv\/site\/wp-content\/uploads\/2025\/12\/guitarra-classica.jpg\" \/>\n\t<meta property=\"og:image:width\" content=\"1200\" \/>\n\t<meta property=\"og:image:height\" content=\"630\" \/>\n\t<meta property=\"og:image:type\" content=\"image\/jpeg\" \/>\n<meta name=\"author\" content=\"Eduarda Cardoso\" \/>\n<meta name=\"twitter:card\" content=\"summary_large_image\" \/>\n<meta name=\"twitter:creator\" content=\"@altominhoTV\" \/>\n<meta name=\"twitter:site\" content=\"@altominhoTV\" \/>\n<meta name=\"twitter:label1\" content=\"Escrito por\" \/>\n\t<meta name=\"twitter:data1\" content=\"Eduarda Cardoso\" \/>\n\t<meta name=\"twitter:label2\" content=\"Tempo estimado de leitura\" \/>\n\t<meta name=\"twitter:data2\" content=\"2 minutos\" \/>\n<script type=\"application\/ld+json\" class=\"yoast-schema-graph\">{\"@context\":\"https:\\\/\\\/schema.org\",\"@graph\":[{\"@type\":\"Article\",\"@id\":\"https:\\\/\\\/www.altominho.tv\\\/site\\\/2025\\\/12\\\/17\\\/viana-do-castelo-promove-festival-internacional-de-guitarra-classica\\\/#article\",\"isPartOf\":{\"@id\":\"https:\\\/\\\/www.altominho.tv\\\/site\\\/2025\\\/12\\\/17\\\/viana-do-castelo-promove-festival-internacional-de-guitarra-classica\\\/\"},\"author\":{\"name\":\"Eduarda Cardoso\",\"@id\":\"https:\\\/\\\/www.altominho.tv\\\/site\\\/#\\\/schema\\\/person\\\/9e351387b727413d005ccf1152c93539\"},\"headline\":\"Viana do Castelo promove Festival Internacional de Guitarra Cl\u00e1ssica\u00a0\",\"datePublished\":\"2025-12-17T10:38:53+00:00\",\"dateModified\":\"2025-12-17T10:38:57+00:00\",\"mainEntityOfPage\":{\"@id\":\"https:\\\/\\\/www.altominho.tv\\\/site\\\/2025\\\/12\\\/17\\\/viana-do-castelo-promove-festival-internacional-de-guitarra-classica\\\/\"},\"wordCount\":274,\"image\":{\"@id\":\"https:\\\/\\\/www.altominho.tv\\\/site\\\/2025\\\/12\\\/17\\\/viana-do-castelo-promove-festival-internacional-de-guitarra-classica\\\/#primaryimage\"},\"thumbnailUrl\":\"https:\\\/\\\/www.altominho.tv\\\/site\\\/wp-content\\\/uploads\\\/2025\\\/12\\\/guitarra-classica.jpg\",\"keywords\":[\"Cultura\"],\"articleSection\":[\"Viana do Castelo\"],\"inLanguage\":\"pt-PT\",\"copyrightYear\":\"2025\",\"copyrightHolder\":{\"@id\":\"https:\\\/\\\/www.altominho.tv\\\/site\\\/#organization\"}},{\"@type\":\"WebPage\",\"@id\":\"https:\\\/\\\/www.altominho.tv\\\/site\\\/2025\\\/12\\\/17\\\/viana-do-castelo-promove-festival-internacional-de-guitarra-classica\\\/\",\"url\":\"https:\\\/\\\/www.altominho.tv\\\/site\\\/2025\\\/12\\\/17\\\/viana-do-castelo-promove-festival-internacional-de-guitarra-classica\\\/\",\"name\":\"Viana do Castelo promove Festival Internacional de Guitarra Cl\u00e1ssica\u00a0\",\"isPartOf\":{\"@id\":\"https:\\\/\\\/www.altominho.tv\\\/site\\\/#website\"},\"primaryImageOfPage\":{\"@id\":\"https:\\\/\\\/www.altominho.tv\\\/site\\\/2025\\\/12\\\/17\\\/viana-do-castelo-promove-festival-internacional-de-guitarra-classica\\\/#primaryimage\"},\"image\":{\"@id\":\"https:\\\/\\\/www.altominho.tv\\\/site\\\/2025\\\/12\\\/17\\\/viana-do-castelo-promove-festival-internacional-de-guitarra-classica\\\/#primaryimage\"},\"thumbnailUrl\":\"https:\\\/\\\/www.altominho.tv\\\/site\\\/wp-content\\\/uploads\\\/2025\\\/12\\\/guitarra-classica.jpg\",\"datePublished\":\"2025-12-17T10:38:53+00:00\",\"dateModified\":\"2025-12-17T10:38:57+00:00\",\"author\":{\"@id\":\"https:\\\/\\\/www.altominho.tv\\\/site\\\/#\\\/schema\\\/person\\\/9e351387b727413d005ccf1152c93539\"},\"description\":\"O primeiro Festival Internacional de Guitarra Cl\u00e1ssica \u201cCordas Douradas\u201d, organizado pela C\u00e2mara Municipal de Viana do Castelo, realiza-se entre 18 e 21 de dezembro e reunir\u00e1 alguns dos mais prestigiados guitarristas nacionais e internacionais, numa celebra\u00e7\u00e3o \u00fanica dedicada \u00e0 guitarra cl\u00e1ssica.\",\"breadcrumb\":{\"@id\":\"https:\\\/\\\/www.altominho.tv\\\/site\\\/2025\\\/12\\\/17\\\/viana-do-castelo-promove-festival-internacional-de-guitarra-classica\\\/#breadcrumb\"},\"inLanguage\":\"pt-PT\",\"potentialAction\":[{\"@type\":\"ReadAction\",\"target\":[\"https:\\\/\\\/www.altominho.tv\\\/site\\\/2025\\\/12\\\/17\\\/viana-do-castelo-promove-festival-internacional-de-guitarra-classica\\\/\"]}]},{\"@type\":\"ImageObject\",\"inLanguage\":\"pt-PT\",\"@id\":\"https:\\\/\\\/www.altominho.tv\\\/site\\\/2025\\\/12\\\/17\\\/viana-do-castelo-promove-festival-internacional-de-guitarra-classica\\\/#primaryimage\",\"url\":\"https:\\\/\\\/www.altominho.tv\\\/site\\\/wp-content\\\/uploads\\\/2025\\\/12\\\/guitarra-classica.jpg\",\"contentUrl\":\"https:\\\/\\\/www.altominho.tv\\\/site\\\/wp-content\\\/uploads\\\/2025\\\/12\\\/guitarra-classica.jpg\",\"width\":1200,\"height\":630},{\"@type\":\"BreadcrumbList\",\"@id\":\"https:\\\/\\\/www.altominho.tv\\\/site\\\/2025\\\/12\\\/17\\\/viana-do-castelo-promove-festival-internacional-de-guitarra-classica\\\/#breadcrumb\",\"itemListElement\":[{\"@type\":\"ListItem\",\"position\":1,\"name\":\"In\u00edcio\",\"item\":\"https:\\\/\\\/www.altominho.tv\\\/site\\\/\"},{\"@type\":\"ListItem\",\"position\":2,\"name\":\"Viana do Castelo promove Festival Internacional de Guitarra Cl\u00e1ssica\u00a0\"}]},{\"@type\":\"WebSite\",\"@id\":\"https:\\\/\\\/www.altominho.tv\\\/site\\\/#website\",\"url\":\"https:\\\/\\\/www.altominho.tv\\\/site\\\/\",\"name\":\"Altominho.tv\",\"description\":\"A sua regi\u00e3o \u00e0 dist\u00e2ncia de um clique...\",\"potentialAction\":[{\"@type\":\"SearchAction\",\"target\":{\"@type\":\"EntryPoint\",\"urlTemplate\":\"https:\\\/\\\/www.altominho.tv\\\/site\\\/?s={search_term_string}\"},\"query-input\":{\"@type\":\"PropertyValueSpecification\",\"valueRequired\":true,\"valueName\":\"search_term_string\"}}],\"inLanguage\":\"pt-PT\"},{\"@type\":\"Person\",\"@id\":\"https:\\\/\\\/www.altominho.tv\\\/site\\\/#\\\/schema\\\/person\\\/9e351387b727413d005ccf1152c93539\",\"name\":\"Eduarda Cardoso\",\"image\":{\"@type\":\"ImageObject\",\"inLanguage\":\"pt-PT\",\"@id\":\"https:\\\/\\\/www.altominho.tv\\\/site\\\/wp-content\\\/uploads\\\/2021\\\/01\\\/cropped-Logo-ATV_WEB-150x150.png\",\"url\":\"https:\\\/\\\/www.altominho.tv\\\/site\\\/wp-content\\\/uploads\\\/2021\\\/01\\\/cropped-Logo-ATV_WEB-150x150.png\",\"contentUrl\":\"https:\\\/\\\/www.altominho.tv\\\/site\\\/wp-content\\\/uploads\\\/2021\\\/01\\\/cropped-Logo-ATV_WEB-150x150.png\",\"caption\":\"Eduarda Cardoso\"},\"url\":\"https:\\\/\\\/www.altominho.tv\\\/site\\\/author\\\/eduarda-cardoso\\\/\"}]}<\/script>\n<!-- \/ Yoast SEO Premium plugin. -->","yoast_head_json":{"title":"Viana do Castelo promove Festival Internacional de Guitarra Cl\u00e1ssica\u00a0","description":"O primeiro Festival Internacional de Guitarra Cl\u00e1ssica \u201cCordas Douradas\u201d, organizado pela C\u00e2mara Municipal de Viana do Castelo, realiza-se entre 18 e 21 de dezembro e reunir\u00e1 alguns dos mais prestigiados guitarristas nacionais e internacionais, numa celebra\u00e7\u00e3o \u00fanica dedicada \u00e0 guitarra cl\u00e1ssica.","robots":{"index":"index","follow":"follow","max-snippet":"max-snippet:-1","max-image-preview":"max-image-preview:large","max-video-preview":"max-video-preview:-1"},"canonical":"https:\/\/www.altominho.tv\/site\/2025\/12\/17\/viana-do-castelo-promove-festival-internacional-de-guitarra-classica\/","og_locale":"pt_PT","og_type":"article","og_title":"Viana do Castelo promove Festival Internacional de Guitarra Cl\u00e1ssica\u00a0","og_description":"O primeiro Festival Internacional de Guitarra Cl\u00e1ssica \u201cCordas Douradas\u201d, organizado pela C\u00e2mara Municipal de Viana do Castelo, realiza-se entre 18 e 21 de dezembro e reunir\u00e1 alguns dos mais prestigiados guitarristas nacionais e internacionais, numa celebra\u00e7\u00e3o \u00fanica dedicada \u00e0 guitarra cl\u00e1ssica.","og_url":"https:\/\/www.altominho.tv\/site\/2025\/12\/17\/viana-do-castelo-promove-festival-internacional-de-guitarra-classica\/","og_site_name":"Altominho.tv","article_publisher":"https:\/\/www.facebook.com\/altominhotv","article_published_time":"2025-12-17T10:38:53+00:00","article_modified_time":"2025-12-17T10:38:57+00:00","og_image":[{"width":1200,"height":630,"url":"https:\/\/www.altominho.tv\/site\/wp-content\/uploads\/2025\/12\/guitarra-classica.jpg","type":"image\/jpeg"}],"author":"Eduarda Cardoso","twitter_card":"summary_large_image","twitter_creator":"@altominhoTV","twitter_site":"@altominhoTV","twitter_misc":{"Escrito por":"Eduarda Cardoso","Tempo estimado de leitura":"2 minutos"},"schema":{"@context":"https:\/\/schema.org","@graph":[{"@type":"Article","@id":"https:\/\/www.altominho.tv\/site\/2025\/12\/17\/viana-do-castelo-promove-festival-internacional-de-guitarra-classica\/#article","isPartOf":{"@id":"https:\/\/www.altominho.tv\/site\/2025\/12\/17\/viana-do-castelo-promove-festival-internacional-de-guitarra-classica\/"},"author":{"name":"Eduarda Cardoso","@id":"https:\/\/www.altominho.tv\/site\/#\/schema\/person\/9e351387b727413d005ccf1152c93539"},"headline":"Viana do Castelo promove Festival Internacional de Guitarra Cl\u00e1ssica\u00a0","datePublished":"2025-12-17T10:38:53+00:00","dateModified":"2025-12-17T10:38:57+00:00","mainEntityOfPage":{"@id":"https:\/\/www.altominho.tv\/site\/2025\/12\/17\/viana-do-castelo-promove-festival-internacional-de-guitarra-classica\/"},"wordCount":274,"image":{"@id":"https:\/\/www.altominho.tv\/site\/2025\/12\/17\/viana-do-castelo-promove-festival-internacional-de-guitarra-classica\/#primaryimage"},"thumbnailUrl":"https:\/\/www.altominho.tv\/site\/wp-content\/uploads\/2025\/12\/guitarra-classica.jpg","keywords":["Cultura"],"articleSection":["Viana do Castelo"],"inLanguage":"pt-PT","copyrightYear":"2025","copyrightHolder":{"@id":"https:\/\/www.altominho.tv\/site\/#organization"}},{"@type":"WebPage","@id":"https:\/\/www.altominho.tv\/site\/2025\/12\/17\/viana-do-castelo-promove-festival-internacional-de-guitarra-classica\/","url":"https:\/\/www.altominho.tv\/site\/2025\/12\/17\/viana-do-castelo-promove-festival-internacional-de-guitarra-classica\/","name":"Viana do Castelo promove Festival Internacional de Guitarra Cl\u00e1ssica\u00a0","isPartOf":{"@id":"https:\/\/www.altominho.tv\/site\/#website"},"primaryImageOfPage":{"@id":"https:\/\/www.altominho.tv\/site\/2025\/12\/17\/viana-do-castelo-promove-festival-internacional-de-guitarra-classica\/#primaryimage"},"image":{"@id":"https:\/\/www.altominho.tv\/site\/2025\/12\/17\/viana-do-castelo-promove-festival-internacional-de-guitarra-classica\/#primaryimage"},"thumbnailUrl":"https:\/\/www.altominho.tv\/site\/wp-content\/uploads\/2025\/12\/guitarra-classica.jpg","datePublished":"2025-12-17T10:38:53+00:00","dateModified":"2025-12-17T10:38:57+00:00","author":{"@id":"https:\/\/www.altominho.tv\/site\/#\/schema\/person\/9e351387b727413d005ccf1152c93539"},"description":"O primeiro Festival Internacional de Guitarra Cl\u00e1ssica \u201cCordas Douradas\u201d, organizado pela C\u00e2mara Municipal de Viana do Castelo, realiza-se entre 18 e 21 de dezembro e reunir\u00e1 alguns dos mais prestigiados guitarristas nacionais e internacionais, numa celebra\u00e7\u00e3o \u00fanica dedicada \u00e0 guitarra cl\u00e1ssica.","breadcrumb":{"@id":"https:\/\/www.altominho.tv\/site\/2025\/12\/17\/viana-do-castelo-promove-festival-internacional-de-guitarra-classica\/#breadcrumb"},"inLanguage":"pt-PT","potentialAction":[{"@type":"ReadAction","target":["https:\/\/www.altominho.tv\/site\/2025\/12\/17\/viana-do-castelo-promove-festival-internacional-de-guitarra-classica\/"]}]},{"@type":"ImageObject","inLanguage":"pt-PT","@id":"https:\/\/www.altominho.tv\/site\/2025\/12\/17\/viana-do-castelo-promove-festival-internacional-de-guitarra-classica\/#primaryimage","url":"https:\/\/www.altominho.tv\/site\/wp-content\/uploads\/2025\/12\/guitarra-classica.jpg","contentUrl":"https:\/\/www.altominho.tv\/site\/wp-content\/uploads\/2025\/12\/guitarra-classica.jpg","width":1200,"height":630},{"@type":"BreadcrumbList","@id":"https:\/\/www.altominho.tv\/site\/2025\/12\/17\/viana-do-castelo-promove-festival-internacional-de-guitarra-classica\/#breadcrumb","itemListElement":[{"@type":"ListItem","position":1,"name":"In\u00edcio","item":"https:\/\/www.altominho.tv\/site\/"},{"@type":"ListItem","position":2,"name":"Viana do Castelo promove Festival Internacional de Guitarra Cl\u00e1ssica\u00a0"}]},{"@type":"WebSite","@id":"https:\/\/www.altominho.tv\/site\/#website","url":"https:\/\/www.altominho.tv\/site\/","name":"Altominho.tv","description":"A sua regi\u00e3o \u00e0 dist\u00e2ncia de um clique...","potentialAction":[{"@type":"SearchAction","target":{"@type":"EntryPoint","urlTemplate":"https:\/\/www.altominho.tv\/site\/?s={search_term_string}"},"query-input":{"@type":"PropertyValueSpecification","valueRequired":true,"valueName":"search_term_string"}}],"inLanguage":"pt-PT"},{"@type":"Person","@id":"https:\/\/www.altominho.tv\/site\/#\/schema\/person\/9e351387b727413d005ccf1152c93539","name":"Eduarda Cardoso","image":{"@type":"ImageObject","inLanguage":"pt-PT","@id":"https:\/\/www.altominho.tv\/site\/wp-content\/uploads\/2021\/01\/cropped-Logo-ATV_WEB-150x150.png","url":"https:\/\/www.altominho.tv\/site\/wp-content\/uploads\/2021\/01\/cropped-Logo-ATV_WEB-150x150.png","contentUrl":"https:\/\/www.altominho.tv\/site\/wp-content\/uploads\/2021\/01\/cropped-Logo-ATV_WEB-150x150.png","caption":"Eduarda Cardoso"},"url":"https:\/\/www.altominho.tv\/site\/author\/eduarda-cardoso\/"}]}},"_links":{"self":[{"href":"https:\/\/www.altominho.tv\/site\/wp-json\/wp\/v2\/posts\/126263","targetHints":{"allow":["GET"]}}],"collection":[{"href":"https:\/\/www.altominho.tv\/site\/wp-json\/wp\/v2\/posts"}],"about":[{"href":"https:\/\/www.altominho.tv\/site\/wp-json\/wp\/v2\/types\/post"}],"author":[{"embeddable":true,"href":"https:\/\/www.altominho.tv\/site\/wp-json\/wp\/v2\/users\/30"}],"replies":[{"embeddable":true,"href":"https:\/\/www.altominho.tv\/site\/wp-json\/wp\/v2\/comments?post=126263"}],"version-history":[{"count":1,"href":"https:\/\/www.altominho.tv\/site\/wp-json\/wp\/v2\/posts\/126263\/revisions"}],"predecessor-version":[{"id":126265,"href":"https:\/\/www.altominho.tv\/site\/wp-json\/wp\/v2\/posts\/126263\/revisions\/126265"}],"wp:featuredmedia":[{"embeddable":true,"href":"https:\/\/www.altominho.tv\/site\/wp-json\/wp\/v2\/media\/126264"}],"wp:attachment":[{"href":"https:\/\/www.altominho.tv\/site\/wp-json\/wp\/v2\/media?parent=126263"}],"wp:term":[{"taxonomy":"category","embeddable":true,"href":"https:\/\/www.altominho.tv\/site\/wp-json\/wp\/v2\/categories?post=126263"},{"taxonomy":"post_tag","embeddable":true,"href":"https:\/\/www.altominho.tv\/site\/wp-json\/wp\/v2\/tags?post=126263"}],"curies":[{"name":"wp","href":"https:\/\/api.w.org\/{rel}","templated":true}]}}