{"id":126248,"date":"2025-12-16T15:38:41","date_gmt":"2025-12-16T15:38:41","guid":{"rendered":"https:\/\/www.altominho.tv\/site\/?p=126248"},"modified":"2025-12-16T15:38:43","modified_gmt":"2025-12-16T15:38:43","slug":"caminha-o-rosal-a-guarda-eurocidade","status":"publish","type":"post","link":"https:\/\/www.altominho.tv\/site\/2025\/12\/16\/caminha-o-rosal-a-guarda-eurocidade\/","title":{"rendered":"Caminha, O Rosal e A Guarda apresentam projeto aprovado no quadro do programa Interreg VI Espanha\u2013Portugal"},"content":{"rendered":"\n<p>O Sal\u00e3o Nobre dos Pa\u00e7os do Concelho de Caminha, acolheu esta ter\u00e7a-feira, uma confer\u00eancia de imprensa conjunta promovida pelo Munic\u00edpio de Caminha, pela Alcaldia de O Rosal e pela Alcaldia de A Guarda, no \u00e2mbito da Eurocidade da Foz do Minho, dedicada \u00e0 apresenta\u00e7\u00e3o do projeto aprovado no quadro do programa Interreg VI Espanha Portugal (POCTEP) 2021\u20132027.<\/p>\n\n\n\n<p>Nesta confer\u00eancia, marcaram presen\u00e7a a presidente da C\u00e2mara Municipal de Caminha, Liliana Silva, a alcaldesa de O Rosal, \u00c1nxela Fern\u00e1ndez, e o alcalde de A Guarda, Roberto Carrero, &#8220;num momento que simboliza a vontade pol\u00edtica comum de aprofundar e estruturar a coopera\u00e7\u00e3o transfronteiri\u00e7a entre os tr\u00eas territ\u00f3rios&#8221;.<\/p>\n\n\n\n<p>O projeto agora aprovado parte do reconhecimento de que, para as popula\u00e7\u00f5es da Foz do Minho, o rio sempre foi um elemento de liga\u00e7\u00e3o e n\u00e3o uma fronteira.<\/p>\n\n\n\n<p>&#8220;As rela\u00e7\u00f5es familiares, sociais, econ\u00f3micas, culturais e lingu\u00edsticas existentes entre Caminha, O Rosal e A Guarda traduzem, h\u00e1 muito, uma eurocidade vivida no quotidiano, que importa agora afirmar no plano administrativo, institucional e estrat\u00e9gico&#8221;.<\/p>\n\n\n\n<p>Nesse sentido, &#8220;o Interreg VI Espanha\u2013Portugal (POCTEP) 2021\u20132027 vai permitir desenhar e implementar as estruturas de governa\u00e7\u00e3o necess\u00e1rias \u00e0 cria\u00e7\u00e3o formal da Eurocidade do Esteiro do Minho, consolidar um quadro est\u00e1vel de coopera\u00e7\u00e3o transfronteiri\u00e7a, definir uma estrat\u00e9gia e um plano de a\u00e7\u00e3o conjuntos e promover iniciativas comuns que reforcem a integra\u00e7\u00e3o, a coes\u00e3o social e o desenvolvimento sustent\u00e1vel do territ\u00f3rio&#8221;.<\/p>\n\n\n\n<p>A coopera\u00e7\u00e3o institucional prevista vai permitir criar uma agenda cultural comum, dinamizar o interc\u00e2mbio cultural e art\u00edstico, desenvolver a\u00e7\u00f5es conjuntas nos dom\u00ednios da inova\u00e7\u00e3o, da digitaliza\u00e7\u00e3o e da sustentabilidade, bem como promover a valoriza\u00e7\u00e3o dos produtos locais, dos mercados de proximidade e do tecido econ\u00f3mico dos tr\u00eas concelhos.<\/p>\n\n\n\n<p>&#8220;O projeto pretende ainda contribuir para a promo\u00e7\u00e3o e o desenvolvimento local atrav\u00e9s da otimiza\u00e7\u00e3o de recursos e equipamentos municipais, afirmando a Eurocidade como um espa\u00e7o de oportunidades partilhadas e de crescimento equilibrado&#8221;.<\/p>\n\n\n\n<p>Apesar da elimina\u00e7\u00e3o das fronteiras f\u00edsicas no espa\u00e7o europeu, os respons\u00e1veis aut\u00e1rquicos sublinharam que continua a ser essencial aprofundar a colabora\u00e7\u00e3o e a coordena\u00e7\u00e3o entre institui\u00e7\u00f5es de ambos os lados da fronteira, reduzindo custos de contexto e promovendo o desenvolvimento econ\u00f3mico e social de territ\u00f3rios que, pela sua localiza\u00e7\u00e3o, enfrentam desafios espec\u00edficos.<\/p>\n\n\n\n<p>Atrav\u00e9s da coopera\u00e7\u00e3o, este projeto responde \u00e0 necessidade de garantir igualdade de oportunidades e o pleno exerc\u00edcio dos direitos de cidadania, assegurar servi\u00e7os b\u00e1sicos adequados a toda a popula\u00e7\u00e3o, eliminar barreiras \u00e0 mobilidade e \u00e0 intera\u00e7\u00e3o transfronteiri\u00e7a, refor\u00e7ar a atratividade do territ\u00f3rio e criar condi\u00e7\u00f5es para a fixa\u00e7\u00e3o da popula\u00e7\u00e3o.<\/p>\n\n\n\n<p>A presidente da C\u00e2mara Municipal de Caminha, Liliana Silva, destacou que esta candidatura, com um investimento global superior a 563 mil euros, repartido pelos tr\u00eas concelhos, vai permitir construir uma verdadeira Eurocidade, baseada num trabalho comum de coopera\u00e7\u00e3o transfronteiri\u00e7a, no refor\u00e7o das trocas comerciais, culturais e sociais, na cria\u00e7\u00e3o do Cart\u00e3o do Eurocidad\u00e3o e na afirma\u00e7\u00e3o de uma identidade transfronteiri\u00e7a forte.<\/p>\n\n\n\n<p>Referiu ainda que j\u00e1 existem projetos estruturantes para alavancar este processo, como a cria\u00e7\u00e3o de uma escola internacional de vela, o trabalho conjunto com empresas e com\u00e9rcio local e a constru\u00e7\u00e3o de uma marca comum que valorize e projete a Eurocidade da Foz do Minho.<\/p>\n\n\n\n<p>A Alcaldesa de O Rosal, \u00c1nxela Fern\u00e1ndez, sublinhou que os tr\u00eas territ\u00f3rios sempre estiveram unidos e que a aprova\u00e7\u00e3o desta candidatura representa um passo fundamental, permitindo formalizar institucionalmente a Eurocidade, refor\u00e7ar os la\u00e7os culturais entre Caminha, O Rosal e A Guarda e iniciar um caminho de maior integra\u00e7\u00e3o social que reflete, ao n\u00edvel das institui\u00e7\u00f5es, aquilo que as popula\u00e7\u00f5es j\u00e1 praticam diariamente, atrav\u00e9s do interc\u00e2mbio social, cultural e comercial.<\/p>\n\n\n\n<p>Para a autarca, este \u00e9 um momento particularmente positivo para que a Foz do Minho e a sua Eurocidade iniciem, de forma estruturada, o seu percurso conjunto.<\/p>\n\n\n\n<p>Por sua vez, o Alcalde de A Guarda, Roberto Carrero, considerou este um momento hist\u00f3rico, salientando que as rela\u00e7\u00f5es entre os tr\u00eas concelhos sempre fizeram parte da sua hist\u00f3ria comum e que esta candidatura permite recuperar todo o potencial dessa rela\u00e7\u00e3o, que ao longo do tempo se foi esbatendo por diferentes raz\u00f5es.<\/p>\n\n\n\n<p>Gra\u00e7as ao financiamento assegurado pelo programa Interreg (POCTEP), ser\u00e1 poss\u00edvel desenvolver uma agenda cultural conjunta e promover iniciativas tur\u00edsticas, gastron\u00f3micas, culturais e desportivas que constituir\u00e3o pilares fundamentais da futura Eurocidade.<\/p>\n\n\n\n<p>No decurso da confer\u00eancia foi igualmente abordada a quest\u00e3o da mobilidade transfronteiri\u00e7a, tendo a presidente da C\u00e2mara Municipal de Caminha referido que est\u00e1 a ser trabalhada, em articula\u00e7\u00e3o com as autarquias espanholas, a implementa\u00e7\u00e3o j\u00e1 no pr\u00f3ximo ver\u00e3o de uma travessia fluvial de passageiros entre Caminha e A Guarda, atrav\u00e9s de uma embarca\u00e7\u00e3o de baixo calado, com capacidade para cerca de 50 a 60 pessoas, estando em curso reuni\u00f5es com os promotores da embarca\u00e7\u00e3o que assegurar\u00e1 essa travessia, estando previsto que, numa fase subsequente, sejam articuladas as solu\u00e7\u00f5es de liga\u00e7\u00e3o rodovi\u00e1ria do lado espanhol, garantindo o transporte de passageiros a partir do cais da Pasaxe at\u00e9 O Rosal e A Guarda.<\/p>\n\n\n\n<p>Em rela\u00e7\u00e3o \u00e0 liga\u00e7\u00e3o rodovi\u00e1ria permanente entre Portugal e Espanha nesta zona, foi referido que o processo est\u00e1 a ser desenvolvido ao n\u00edvel dos dois governos, encontrando-se a Infraestruturas de Portugal a preparar os procedimentos necess\u00e1rios para o arranque dos estudos t\u00e9cnicos. Embora se trate de um processo de m\u00e9dio prazo, foi sublinhado que os primeiros passos j\u00e1 foram dados no sentido de tornar esta liga\u00e7\u00e3o uma realidade.<\/p>\n\n\n\n<p>Quanto \u00e0 quest\u00e3o do assoreamento junto ao cais de Caminha, Liliana Silva esclareceu que existe financiamento da Ag\u00eancia Portuguesa do Ambiente e que o desassoreamento do rio Minho ser\u00e1 um tema a abordar na Cimeira Ib\u00e9rica, estando assumido o compromisso de conclus\u00e3o desse processo no prazo de dois anos.<\/p>\n\n\n\n<p>Atendendo \u00e0 &#8220;urg\u00eancia&#8221; da liga\u00e7\u00e3o fluvial, &#8220;a C\u00e2mara Municipal de Caminha inscreveu j\u00e1 no or\u00e7amento do pr\u00f3ximo ano a repara\u00e7\u00e3o do pont\u00e3o e a remo\u00e7\u00e3o das areias em frente ao mesmo, num investimento estimado entre 30 e 40 mil euros, garantindo assim as condi\u00e7\u00f5es necess\u00e1rias para concretizar a liga\u00e7\u00e3o entre Caminha e A Guarda j\u00e1 no pr\u00f3ximo ver\u00e3o, com recurso a uma embarca\u00e7\u00e3o de baixo calado&#8221;.<\/p>\n\n\n\n<p>Este projeto &#8220;representa um passo decisivo na afirma\u00e7\u00e3o da Eurocidade da Foz do Minho como um territ\u00f3rio de coopera\u00e7\u00e3o, proximidade, coes\u00e3o social e desenvolvimento sustent\u00e1vel, colocando as pessoas no centro da a\u00e7\u00e3o pol\u00edtica e refor\u00e7ando uma identidade comum constru\u00edda a partir da hist\u00f3ria, da cultura e do futuro partilhado&#8221;.<\/p>\n","protected":false},"excerpt":{"rendered":"<p>O Sal\u00e3o Nobre dos Pa\u00e7os do Concelho de Caminha, acolheu esta ter\u00e7a-feira, uma confer\u00eancia de imprensa conjunta promovida pelo Munic\u00edpio de Caminha, pela Alcaldia de O Rosal e pela Alcaldia de A Guarda, no \u00e2mbito da Eurocidade da Foz do Minho, dedicada \u00e0 apresenta\u00e7\u00e3o do projeto aprovado no quadro do programa Interreg VI Espanha Portugal [&hellip;]<\/p>\n","protected":false},"author":1,"featured_media":126249,"comment_status":"closed","ping_status":"closed","sticky":false,"template":"","format":"standard","meta":{"_exactmetrics_skip_tracking":false,"_exactmetrics_sitenote_active":false,"_exactmetrics_sitenote_note":"","_exactmetrics_sitenote_category":0,"footnotes":""},"categories":[7],"tags":[27],"class_list":["post-126248","post","type-post","status-publish","format-standard","has-post-thumbnail","hentry","category-caminha","tag-sociedade"],"yoast_head":"<!-- This site is optimized with the Yoast SEO Premium plugin v27.5 (Yoast SEO v27.5) - https:\/\/yoast.com\/product\/yoast-seo-premium-wordpress\/ -->\n<title>Caminha, O Rosal e A Guarda apresentam projeto aprovado no quadro do programa Interreg VI Espanha\u2013Portugal<\/title>\n<meta name=\"description\" content=\"Caminha, O Rosal e A Guarda apresentam projeto aprovado no quadro do programa Interreg VI Espanha\u2013Portugal.\" \/>\n<meta name=\"robots\" content=\"index, follow, max-snippet:-1, max-image-preview:large, max-video-preview:-1\" \/>\n<link rel=\"canonical\" href=\"https:\/\/www.altominho.tv\/site\/2025\/12\/16\/caminha-o-rosal-a-guarda-eurocidade\/\" \/>\n<meta property=\"og:locale\" content=\"pt_PT\" \/>\n<meta property=\"og:type\" content=\"article\" \/>\n<meta property=\"og:title\" content=\"Caminha, O Rosal e A Guarda apresentam projeto aprovado no quadro do programa Interreg VI Espanha\u2013Portugal\" \/>\n<meta property=\"og:description\" content=\"Caminha, O Rosal e A Guarda apresentam projeto aprovado no quadro do programa Interreg VI Espanha\u2013Portugal.\" \/>\n<meta property=\"og:url\" content=\"https:\/\/www.altominho.tv\/site\/2025\/12\/16\/caminha-o-rosal-a-guarda-eurocidade\/\" \/>\n<meta property=\"og:site_name\" content=\"Altominho.tv\" \/>\n<meta property=\"article:publisher\" content=\"https:\/\/www.facebook.com\/altominhotv\" \/>\n<meta property=\"article:published_time\" content=\"2025-12-16T15:38:41+00:00\" \/>\n<meta property=\"article:modified_time\" content=\"2025-12-16T15:38:43+00:00\" \/>\n<meta property=\"og:image\" content=\"https:\/\/www.altominho.tv\/site\/wp-content\/uploads\/2025\/12\/caminha-.png\" \/>\n\t<meta property=\"og:image:width\" content=\"1200\" \/>\n\t<meta property=\"og:image:height\" content=\"630\" \/>\n\t<meta property=\"og:image:type\" content=\"image\/png\" \/>\n<meta name=\"author\" content=\"Altominho.tv\" \/>\n<meta name=\"twitter:card\" content=\"summary_large_image\" \/>\n<meta name=\"twitter:creator\" content=\"@altominhoTV\" \/>\n<meta name=\"twitter:site\" content=\"@altominhoTV\" \/>\n<meta name=\"twitter:label1\" content=\"Escrito por\" \/>\n\t<meta name=\"twitter:data1\" content=\"Altominho.tv\" \/>\n\t<meta name=\"twitter:label2\" content=\"Tempo estimado de leitura\" \/>\n\t<meta name=\"twitter:data2\" content=\"6 minutos\" \/>\n<script type=\"application\/ld+json\" class=\"yoast-schema-graph\">{\"@context\":\"https:\\\/\\\/schema.org\",\"@graph\":[{\"@type\":\"Article\",\"@id\":\"https:\\\/\\\/www.altominho.tv\\\/site\\\/2025\\\/12\\\/16\\\/caminha-o-rosal-a-guarda-eurocidade\\\/#article\",\"isPartOf\":{\"@id\":\"https:\\\/\\\/www.altominho.tv\\\/site\\\/2025\\\/12\\\/16\\\/caminha-o-rosal-a-guarda-eurocidade\\\/\"},\"author\":{\"name\":\"Altominho.tv\",\"@id\":\"https:\\\/\\\/www.altominho.tv\\\/site\\\/#\\\/schema\\\/person\\\/4e536851627d7914baf3dac752b6af22\"},\"headline\":\"Caminha, O Rosal e A Guarda apresentam projeto aprovado no quadro do programa Interreg VI Espanha\u2013Portugal\",\"datePublished\":\"2025-12-16T15:38:41+00:00\",\"dateModified\":\"2025-12-16T15:38:43+00:00\",\"mainEntityOfPage\":{\"@id\":\"https:\\\/\\\/www.altominho.tv\\\/site\\\/2025\\\/12\\\/16\\\/caminha-o-rosal-a-guarda-eurocidade\\\/\"},\"wordCount\":1198,\"image\":{\"@id\":\"https:\\\/\\\/www.altominho.tv\\\/site\\\/2025\\\/12\\\/16\\\/caminha-o-rosal-a-guarda-eurocidade\\\/#primaryimage\"},\"thumbnailUrl\":\"https:\\\/\\\/www.altominho.tv\\\/site\\\/wp-content\\\/uploads\\\/2025\\\/12\\\/caminha-.png\",\"keywords\":[\"Sociedade\"],\"articleSection\":[\"Caminha\"],\"inLanguage\":\"pt-PT\",\"copyrightYear\":\"2025\",\"copyrightHolder\":{\"@id\":\"https:\\\/\\\/www.altominho.tv\\\/site\\\/#organization\"}},{\"@type\":\"WebPage\",\"@id\":\"https:\\\/\\\/www.altominho.tv\\\/site\\\/2025\\\/12\\\/16\\\/caminha-o-rosal-a-guarda-eurocidade\\\/\",\"url\":\"https:\\\/\\\/www.altominho.tv\\\/site\\\/2025\\\/12\\\/16\\\/caminha-o-rosal-a-guarda-eurocidade\\\/\",\"name\":\"Caminha, O Rosal e A Guarda apresentam projeto aprovado no quadro do programa Interreg VI Espanha\u2013Portugal\",\"isPartOf\":{\"@id\":\"https:\\\/\\\/www.altominho.tv\\\/site\\\/#website\"},\"primaryImageOfPage\":{\"@id\":\"https:\\\/\\\/www.altominho.tv\\\/site\\\/2025\\\/12\\\/16\\\/caminha-o-rosal-a-guarda-eurocidade\\\/#primaryimage\"},\"image\":{\"@id\":\"https:\\\/\\\/www.altominho.tv\\\/site\\\/2025\\\/12\\\/16\\\/caminha-o-rosal-a-guarda-eurocidade\\\/#primaryimage\"},\"thumbnailUrl\":\"https:\\\/\\\/www.altominho.tv\\\/site\\\/wp-content\\\/uploads\\\/2025\\\/12\\\/caminha-.png\",\"datePublished\":\"2025-12-16T15:38:41+00:00\",\"dateModified\":\"2025-12-16T15:38:43+00:00\",\"author\":{\"@id\":\"https:\\\/\\\/www.altominho.tv\\\/site\\\/#\\\/schema\\\/person\\\/4e536851627d7914baf3dac752b6af22\"},\"description\":\"Caminha, O Rosal e A Guarda apresentam projeto aprovado no quadro do programa Interreg VI Espanha\u2013Portugal.\",\"breadcrumb\":{\"@id\":\"https:\\\/\\\/www.altominho.tv\\\/site\\\/2025\\\/12\\\/16\\\/caminha-o-rosal-a-guarda-eurocidade\\\/#breadcrumb\"},\"inLanguage\":\"pt-PT\",\"potentialAction\":[{\"@type\":\"ReadAction\",\"target\":[\"https:\\\/\\\/www.altominho.tv\\\/site\\\/2025\\\/12\\\/16\\\/caminha-o-rosal-a-guarda-eurocidade\\\/\"]}]},{\"@type\":\"ImageObject\",\"inLanguage\":\"pt-PT\",\"@id\":\"https:\\\/\\\/www.altominho.tv\\\/site\\\/2025\\\/12\\\/16\\\/caminha-o-rosal-a-guarda-eurocidade\\\/#primaryimage\",\"url\":\"https:\\\/\\\/www.altominho.tv\\\/site\\\/wp-content\\\/uploads\\\/2025\\\/12\\\/caminha-.png\",\"contentUrl\":\"https:\\\/\\\/www.altominho.tv\\\/site\\\/wp-content\\\/uploads\\\/2025\\\/12\\\/caminha-.png\",\"width\":1200,\"height\":630},{\"@type\":\"BreadcrumbList\",\"@id\":\"https:\\\/\\\/www.altominho.tv\\\/site\\\/2025\\\/12\\\/16\\\/caminha-o-rosal-a-guarda-eurocidade\\\/#breadcrumb\",\"itemListElement\":[{\"@type\":\"ListItem\",\"position\":1,\"name\":\"In\u00edcio\",\"item\":\"https:\\\/\\\/www.altominho.tv\\\/site\\\/\"},{\"@type\":\"ListItem\",\"position\":2,\"name\":\"Caminha, O Rosal e A Guarda apresentam projeto aprovado no quadro do programa Interreg VI Espanha\u2013Portugal\"}]},{\"@type\":\"WebSite\",\"@id\":\"https:\\\/\\\/www.altominho.tv\\\/site\\\/#website\",\"url\":\"https:\\\/\\\/www.altominho.tv\\\/site\\\/\",\"name\":\"Altominho.tv\",\"description\":\"A sua regi\u00e3o \u00e0 dist\u00e2ncia de um clique...\",\"potentialAction\":[{\"@type\":\"SearchAction\",\"target\":{\"@type\":\"EntryPoint\",\"urlTemplate\":\"https:\\\/\\\/www.altominho.tv\\\/site\\\/?s={search_term_string}\"},\"query-input\":{\"@type\":\"PropertyValueSpecification\",\"valueRequired\":true,\"valueName\":\"search_term_string\"}}],\"inLanguage\":\"pt-PT\"},{\"@type\":\"Person\",\"@id\":\"https:\\\/\\\/www.altominho.tv\\\/site\\\/#\\\/schema\\\/person\\\/4e536851627d7914baf3dac752b6af22\",\"name\":\"Altominho.tv\",\"image\":{\"@type\":\"ImageObject\",\"inLanguage\":\"pt-PT\",\"@id\":\"https:\\\/\\\/www.altominho.tv\\\/site\\\/wp-content\\\/uploads\\\/2019\\\/11\\\/Logo_Avatar_2-150x150.jpg\",\"url\":\"https:\\\/\\\/www.altominho.tv\\\/site\\\/wp-content\\\/uploads\\\/2019\\\/11\\\/Logo_Avatar_2-150x150.jpg\",\"contentUrl\":\"https:\\\/\\\/www.altominho.tv\\\/site\\\/wp-content\\\/uploads\\\/2019\\\/11\\\/Logo_Avatar_2-150x150.jpg\",\"caption\":\"Altominho.tv\"},\"url\":\"https:\\\/\\\/www.altominho.tv\\\/site\\\/author\\\/altominhotv-tecnico\\\/\"}]}<\/script>\n<!-- \/ Yoast SEO Premium plugin. -->","yoast_head_json":{"title":"Caminha, O Rosal e A Guarda apresentam projeto aprovado no quadro do programa Interreg VI Espanha\u2013Portugal","description":"Caminha, O Rosal e A Guarda apresentam projeto aprovado no quadro do programa Interreg VI Espanha\u2013Portugal.","robots":{"index":"index","follow":"follow","max-snippet":"max-snippet:-1","max-image-preview":"max-image-preview:large","max-video-preview":"max-video-preview:-1"},"canonical":"https:\/\/www.altominho.tv\/site\/2025\/12\/16\/caminha-o-rosal-a-guarda-eurocidade\/","og_locale":"pt_PT","og_type":"article","og_title":"Caminha, O Rosal e A Guarda apresentam projeto aprovado no quadro do programa Interreg VI Espanha\u2013Portugal","og_description":"Caminha, O Rosal e A Guarda apresentam projeto aprovado no quadro do programa Interreg VI Espanha\u2013Portugal.","og_url":"https:\/\/www.altominho.tv\/site\/2025\/12\/16\/caminha-o-rosal-a-guarda-eurocidade\/","og_site_name":"Altominho.tv","article_publisher":"https:\/\/www.facebook.com\/altominhotv","article_published_time":"2025-12-16T15:38:41+00:00","article_modified_time":"2025-12-16T15:38:43+00:00","og_image":[{"width":1200,"height":630,"url":"https:\/\/www.altominho.tv\/site\/wp-content\/uploads\/2025\/12\/caminha-.png","type":"image\/png"}],"author":"Altominho.tv","twitter_card":"summary_large_image","twitter_creator":"@altominhoTV","twitter_site":"@altominhoTV","twitter_misc":{"Escrito por":"Altominho.tv","Tempo estimado de leitura":"6 minutos"},"schema":{"@context":"https:\/\/schema.org","@graph":[{"@type":"Article","@id":"https:\/\/www.altominho.tv\/site\/2025\/12\/16\/caminha-o-rosal-a-guarda-eurocidade\/#article","isPartOf":{"@id":"https:\/\/www.altominho.tv\/site\/2025\/12\/16\/caminha-o-rosal-a-guarda-eurocidade\/"},"author":{"name":"Altominho.tv","@id":"https:\/\/www.altominho.tv\/site\/#\/schema\/person\/4e536851627d7914baf3dac752b6af22"},"headline":"Caminha, O Rosal e A Guarda apresentam projeto aprovado no quadro do programa Interreg VI Espanha\u2013Portugal","datePublished":"2025-12-16T15:38:41+00:00","dateModified":"2025-12-16T15:38:43+00:00","mainEntityOfPage":{"@id":"https:\/\/www.altominho.tv\/site\/2025\/12\/16\/caminha-o-rosal-a-guarda-eurocidade\/"},"wordCount":1198,"image":{"@id":"https:\/\/www.altominho.tv\/site\/2025\/12\/16\/caminha-o-rosal-a-guarda-eurocidade\/#primaryimage"},"thumbnailUrl":"https:\/\/www.altominho.tv\/site\/wp-content\/uploads\/2025\/12\/caminha-.png","keywords":["Sociedade"],"articleSection":["Caminha"],"inLanguage":"pt-PT","copyrightYear":"2025","copyrightHolder":{"@id":"https:\/\/www.altominho.tv\/site\/#organization"}},{"@type":"WebPage","@id":"https:\/\/www.altominho.tv\/site\/2025\/12\/16\/caminha-o-rosal-a-guarda-eurocidade\/","url":"https:\/\/www.altominho.tv\/site\/2025\/12\/16\/caminha-o-rosal-a-guarda-eurocidade\/","name":"Caminha, O Rosal e A Guarda apresentam projeto aprovado no quadro do programa Interreg VI Espanha\u2013Portugal","isPartOf":{"@id":"https:\/\/www.altominho.tv\/site\/#website"},"primaryImageOfPage":{"@id":"https:\/\/www.altominho.tv\/site\/2025\/12\/16\/caminha-o-rosal-a-guarda-eurocidade\/#primaryimage"},"image":{"@id":"https:\/\/www.altominho.tv\/site\/2025\/12\/16\/caminha-o-rosal-a-guarda-eurocidade\/#primaryimage"},"thumbnailUrl":"https:\/\/www.altominho.tv\/site\/wp-content\/uploads\/2025\/12\/caminha-.png","datePublished":"2025-12-16T15:38:41+00:00","dateModified":"2025-12-16T15:38:43+00:00","author":{"@id":"https:\/\/www.altominho.tv\/site\/#\/schema\/person\/4e536851627d7914baf3dac752b6af22"},"description":"Caminha, O Rosal e A Guarda apresentam projeto aprovado no quadro do programa Interreg VI Espanha\u2013Portugal.","breadcrumb":{"@id":"https:\/\/www.altominho.tv\/site\/2025\/12\/16\/caminha-o-rosal-a-guarda-eurocidade\/#breadcrumb"},"inLanguage":"pt-PT","potentialAction":[{"@type":"ReadAction","target":["https:\/\/www.altominho.tv\/site\/2025\/12\/16\/caminha-o-rosal-a-guarda-eurocidade\/"]}]},{"@type":"ImageObject","inLanguage":"pt-PT","@id":"https:\/\/www.altominho.tv\/site\/2025\/12\/16\/caminha-o-rosal-a-guarda-eurocidade\/#primaryimage","url":"https:\/\/www.altominho.tv\/site\/wp-content\/uploads\/2025\/12\/caminha-.png","contentUrl":"https:\/\/www.altominho.tv\/site\/wp-content\/uploads\/2025\/12\/caminha-.png","width":1200,"height":630},{"@type":"BreadcrumbList","@id":"https:\/\/www.altominho.tv\/site\/2025\/12\/16\/caminha-o-rosal-a-guarda-eurocidade\/#breadcrumb","itemListElement":[{"@type":"ListItem","position":1,"name":"In\u00edcio","item":"https:\/\/www.altominho.tv\/site\/"},{"@type":"ListItem","position":2,"name":"Caminha, O Rosal e A Guarda apresentam projeto aprovado no quadro do programa Interreg VI Espanha\u2013Portugal"}]},{"@type":"WebSite","@id":"https:\/\/www.altominho.tv\/site\/#website","url":"https:\/\/www.altominho.tv\/site\/","name":"Altominho.tv","description":"A sua regi\u00e3o \u00e0 dist\u00e2ncia de um clique...","potentialAction":[{"@type":"SearchAction","target":{"@type":"EntryPoint","urlTemplate":"https:\/\/www.altominho.tv\/site\/?s={search_term_string}"},"query-input":{"@type":"PropertyValueSpecification","valueRequired":true,"valueName":"search_term_string"}}],"inLanguage":"pt-PT"},{"@type":"Person","@id":"https:\/\/www.altominho.tv\/site\/#\/schema\/person\/4e536851627d7914baf3dac752b6af22","name":"Altominho.tv","image":{"@type":"ImageObject","inLanguage":"pt-PT","@id":"https:\/\/www.altominho.tv\/site\/wp-content\/uploads\/2019\/11\/Logo_Avatar_2-150x150.jpg","url":"https:\/\/www.altominho.tv\/site\/wp-content\/uploads\/2019\/11\/Logo_Avatar_2-150x150.jpg","contentUrl":"https:\/\/www.altominho.tv\/site\/wp-content\/uploads\/2019\/11\/Logo_Avatar_2-150x150.jpg","caption":"Altominho.tv"},"url":"https:\/\/www.altominho.tv\/site\/author\/altominhotv-tecnico\/"}]}},"_links":{"self":[{"href":"https:\/\/www.altominho.tv\/site\/wp-json\/wp\/v2\/posts\/126248","targetHints":{"allow":["GET"]}}],"collection":[{"href":"https:\/\/www.altominho.tv\/site\/wp-json\/wp\/v2\/posts"}],"about":[{"href":"https:\/\/www.altominho.tv\/site\/wp-json\/wp\/v2\/types\/post"}],"author":[{"embeddable":true,"href":"https:\/\/www.altominho.tv\/site\/wp-json\/wp\/v2\/users\/1"}],"replies":[{"embeddable":true,"href":"https:\/\/www.altominho.tv\/site\/wp-json\/wp\/v2\/comments?post=126248"}],"version-history":[{"count":1,"href":"https:\/\/www.altominho.tv\/site\/wp-json\/wp\/v2\/posts\/126248\/revisions"}],"predecessor-version":[{"id":126250,"href":"https:\/\/www.altominho.tv\/site\/wp-json\/wp\/v2\/posts\/126248\/revisions\/126250"}],"wp:featuredmedia":[{"embeddable":true,"href":"https:\/\/www.altominho.tv\/site\/wp-json\/wp\/v2\/media\/126249"}],"wp:attachment":[{"href":"https:\/\/www.altominho.tv\/site\/wp-json\/wp\/v2\/media?parent=126248"}],"wp:term":[{"taxonomy":"category","embeddable":true,"href":"https:\/\/www.altominho.tv\/site\/wp-json\/wp\/v2\/categories?post=126248"},{"taxonomy":"post_tag","embeddable":true,"href":"https:\/\/www.altominho.tv\/site\/wp-json\/wp\/v2\/tags?post=126248"}],"curies":[{"name":"wp","href":"https:\/\/api.w.org\/{rel}","templated":true}]}}