{"id":126129,"date":"2025-12-12T10:24:17","date_gmt":"2025-12-12T10:24:17","guid":{"rendered":"https:\/\/www.altominho.tv\/site\/?p=126129"},"modified":"2025-12-12T10:24:20","modified_gmt":"2025-12-12T10:24:20","slug":"paredes-de-coura-da-inicio-a-programacao-de-natal","status":"publish","type":"post","link":"https:\/\/www.altominho.tv\/site\/2025\/12\/12\/paredes-de-coura-da-inicio-a-programacao-de-natal\/","title":{"rendered":"Paredes de Coura d\u00e1 in\u00edcio \u00e0 programa\u00e7\u00e3o de Natal"},"content":{"rendered":"<p class=\"p1\">O munic\u00edpio de Paredes de Coura prepara-se para para dar in\u00edcio \u00e0 programa\u00e7\u00e3o de Natal com a abertura oficial da Tenda de Natal Encantado, anima\u00e7\u00e3o para os mais novos, o arranque do comboio natal\u00edcio e a abertura do Mercadinho de Natal no Largo Hintze Ribeiro.<\/p>\n<p class=\"p1\">O mundo das constru\u00e7\u00f5es Lego volta a marcar presen\u00e7a em Paredes de Coura a partir de 19 de dezembro, desta vez num formato renovado que se estende por v\u00e1rios espa\u00e7os da vila, incluindo a Caixa de Brinquedos, a Caixa de M\u00fasica, o Centro Cultural, a Casa do Conhecimento, a Galeria Caixa Agr\u00edcola e o Quiosque junto ao Tribunal. Tr\u00eas das constru\u00e7\u00f5es mais emblem\u00e1ticas da Comunidade 0937 \u2014 as r\u00e9plicas da Torre dos Cl\u00e9rigos, da Livraria Lello e da S\u00e9 do Porto \u2014 estar\u00e3o, contudo, ausentes do circuito local, uma vez que seguiram para o WOW Porto, onde integram a mostra \u201cBrick World\u201d.<\/p>\n<p class=\"p1\">Este ano, o \u201cArte em Pe\u00e7as\u201d incorpora ainda o concurso Descobre o Pr\u00edncipe, promovido em colabora\u00e7\u00e3o com o Bairro do Amor \u2013 CouraMe5.0, incentivando os mais novos a visitar as lojas do concelho. Para dinamizar o com\u00e9rcio de proximidade, a Associa\u00e7\u00e3o Empresarial de Paredes de Coura, com o apoio do munic\u00edpio, promove o Sorteio de Natal, que distribuir\u00e1 um total de dois mil euros em pr\u00e9mios. At\u00e9 5 de janeiro, todas as compras superiores a 15 euros no com\u00e9rcio local d\u00e3o direito a um cup\u00e3o.<\/p>\n<p class=\"p1\">Mas \u00e9 no Mercadinho de Natal, no Largo Hintze Ribeiro, que reside uma das principais novidades deste ano, j\u00e1 que se desenrola nos fins de semana de 13 e 14 e 20 e 21 e nos dias 22, 23 e 24 de dezembro. Na Noite Especial de Natal, o Mercadinho de Natal estar\u00e1 aberto excepcionalmente at\u00e9 \u00e0 00h00, e nas ruas o espet\u00e1culo itinerante \u201cEstrelas\u201d, da Companhia Bambolea Producciones, animar\u00e1 o ambiente.<\/p>\n<p class=\"p1\">O Mercadinho Local, com produtores courenses, acontecer\u00e1 tamb\u00e9m, como habitualmente, aos s\u00e1bados de manh\u00e3, no Largo Visconde de Mozelos.<\/p>\n<p class=\"p1\">As bandas de rua s\u00e3o outras das particularidades do Natal em Coura, com Merry Christmas Party Band e a Banda do Carteiro a percorrerem as principais art\u00e9rias da vila j\u00e1 este fim de semana, proporcionando uma anima\u00e7\u00e3o e um colorido extra \u00e0 quadra natal\u00edcia. Merry Chrstimas Party Band traz os cl\u00e1ssicos de Natal, enquanto a Banda do Carteiro \u00e9 um quinteto m\u00f3vel que tamb\u00e9m canta temas alusivos a esta \u00e9poca festiva.<\/p>\n<p class=\"p1\">O Concerto de Natal a 27 de dezembro, pelas 21h00, decorrer\u00e1 este ano na Igreja Ecce Homo, em Padornelo, com a presen\u00e7a do coro Coura Voce e do quarteto de cordas Viana d\u2019 Arcus, para uma noite \u00fanica onde os cl\u00e1ssicos de Natal ser\u00e3o revisitados.<\/p>\n","protected":false},"excerpt":{"rendered":"<p>O munic\u00edpio de Paredes de Coura prepara-se para para dar in\u00edcio \u00e0 programa\u00e7\u00e3o de Natal com a abertura oficial da Tenda de Natal Encantado, anima\u00e7\u00e3o para os mais novos, o arranque do comboio natal\u00edcio e a abertura do Mercadinho de Natal no Largo Hintze Ribeiro. O mundo das constru\u00e7\u00f5es Lego volta a marcar presen\u00e7a em [&hellip;]<\/p>\n","protected":false},"author":30,"featured_media":126130,"comment_status":"closed","ping_status":"closed","sticky":false,"template":"","format":"standard","meta":{"_exactmetrics_skip_tracking":false,"_exactmetrics_sitenote_active":false,"_exactmetrics_sitenote_note":"","_exactmetrics_sitenote_category":0,"footnotes":""},"categories":[10],"tags":[27],"class_list":["post-126129","post","type-post","status-publish","format-standard","has-post-thumbnail","hentry","category-paredes-de-coura","tag-sociedade"],"yoast_head":"<!-- This site is optimized with the Yoast SEO Premium plugin v27.4 (Yoast SEO v27.4) - https:\/\/yoast.com\/product\/yoast-seo-premium-wordpress\/ -->\n<title>Paredes de Coura d\u00e1 in\u00edcio \u00e0 programa\u00e7\u00e3o de Natal<\/title>\n<meta name=\"description\" content=\"O munic\u00edpio de Paredes de Coura prepara-se para para dar in\u00edcio \u00e0 programa\u00e7\u00e3o de Natal com a abertura oficial da Tenda de Natal Encantado, anima\u00e7\u00e3o para os mais novos, o arranque do comboio natal\u00edcio e a abertura do Mercadinho de Natal no Largo Hintze Ribeiro.\" \/>\n<meta name=\"robots\" content=\"index, follow, max-snippet:-1, max-image-preview:large, max-video-preview:-1\" \/>\n<link rel=\"canonical\" href=\"https:\/\/www.altominho.tv\/site\/2025\/12\/12\/paredes-de-coura-da-inicio-a-programacao-de-natal\/\" \/>\n<meta property=\"og:locale\" content=\"pt_PT\" \/>\n<meta property=\"og:type\" content=\"article\" \/>\n<meta property=\"og:title\" content=\"Paredes de Coura d\u00e1 in\u00edcio \u00e0 programa\u00e7\u00e3o de Natal\" \/>\n<meta property=\"og:description\" content=\"O munic\u00edpio de Paredes de Coura prepara-se para para dar in\u00edcio \u00e0 programa\u00e7\u00e3o de Natal com a abertura oficial da Tenda de Natal Encantado, anima\u00e7\u00e3o para os mais novos, o arranque do comboio natal\u00edcio e a abertura do Mercadinho de Natal no Largo Hintze Ribeiro.\" \/>\n<meta property=\"og:url\" content=\"https:\/\/www.altominho.tv\/site\/2025\/12\/12\/paredes-de-coura-da-inicio-a-programacao-de-natal\/\" \/>\n<meta property=\"og:site_name\" content=\"Altominho.tv\" \/>\n<meta property=\"article:publisher\" content=\"https:\/\/www.facebook.com\/altominhotv\" \/>\n<meta property=\"article:published_time\" content=\"2025-12-12T10:24:17+00:00\" \/>\n<meta property=\"article:modified_time\" content=\"2025-12-12T10:24:20+00:00\" \/>\n<meta property=\"og:image\" content=\"https:\/\/www.altominho.tv\/site\/wp-content\/uploads\/2025\/12\/natal-coura.jpg\" \/>\n\t<meta property=\"og:image:width\" content=\"1200\" \/>\n\t<meta property=\"og:image:height\" content=\"630\" \/>\n\t<meta property=\"og:image:type\" content=\"image\/jpeg\" \/>\n<meta name=\"author\" content=\"Eduarda Cardoso\" \/>\n<meta name=\"twitter:card\" content=\"summary_large_image\" \/>\n<meta name=\"twitter:creator\" content=\"@altominhoTV\" \/>\n<meta name=\"twitter:site\" content=\"@altominhoTV\" \/>\n<meta name=\"twitter:label1\" content=\"Escrito por\" \/>\n\t<meta name=\"twitter:data1\" content=\"Eduarda Cardoso\" \/>\n\t<meta name=\"twitter:label2\" content=\"Tempo estimado de leitura\" \/>\n\t<meta name=\"twitter:data2\" content=\"3 minutos\" \/>\n<script type=\"application\/ld+json\" class=\"yoast-schema-graph\">{\"@context\":\"https:\\\/\\\/schema.org\",\"@graph\":[{\"@type\":\"Article\",\"@id\":\"https:\\\/\\\/www.altominho.tv\\\/site\\\/2025\\\/12\\\/12\\\/paredes-de-coura-da-inicio-a-programacao-de-natal\\\/#article\",\"isPartOf\":{\"@id\":\"https:\\\/\\\/www.altominho.tv\\\/site\\\/2025\\\/12\\\/12\\\/paredes-de-coura-da-inicio-a-programacao-de-natal\\\/\"},\"author\":{\"name\":\"Eduarda Cardoso\",\"@id\":\"https:\\\/\\\/www.altominho.tv\\\/site\\\/#\\\/schema\\\/person\\\/9e351387b727413d005ccf1152c93539\"},\"headline\":\"Paredes de Coura d\u00e1 in\u00edcio \u00e0 programa\u00e7\u00e3o de Natal\",\"datePublished\":\"2025-12-12T10:24:17+00:00\",\"dateModified\":\"2025-12-12T10:24:20+00:00\",\"mainEntityOfPage\":{\"@id\":\"https:\\\/\\\/www.altominho.tv\\\/site\\\/2025\\\/12\\\/12\\\/paredes-de-coura-da-inicio-a-programacao-de-natal\\\/\"},\"wordCount\":469,\"image\":{\"@id\":\"https:\\\/\\\/www.altominho.tv\\\/site\\\/2025\\\/12\\\/12\\\/paredes-de-coura-da-inicio-a-programacao-de-natal\\\/#primaryimage\"},\"thumbnailUrl\":\"https:\\\/\\\/www.altominho.tv\\\/site\\\/wp-content\\\/uploads\\\/2025\\\/12\\\/natal-coura.jpg\",\"keywords\":[\"Sociedade\"],\"articleSection\":[\"Paredes de Coura\"],\"inLanguage\":\"pt-PT\",\"copyrightYear\":\"2025\",\"copyrightHolder\":{\"@id\":\"https:\\\/\\\/www.altominho.tv\\\/site\\\/#organization\"}},{\"@type\":\"WebPage\",\"@id\":\"https:\\\/\\\/www.altominho.tv\\\/site\\\/2025\\\/12\\\/12\\\/paredes-de-coura-da-inicio-a-programacao-de-natal\\\/\",\"url\":\"https:\\\/\\\/www.altominho.tv\\\/site\\\/2025\\\/12\\\/12\\\/paredes-de-coura-da-inicio-a-programacao-de-natal\\\/\",\"name\":\"Paredes de Coura d\u00e1 in\u00edcio \u00e0 programa\u00e7\u00e3o de Natal\",\"isPartOf\":{\"@id\":\"https:\\\/\\\/www.altominho.tv\\\/site\\\/#website\"},\"primaryImageOfPage\":{\"@id\":\"https:\\\/\\\/www.altominho.tv\\\/site\\\/2025\\\/12\\\/12\\\/paredes-de-coura-da-inicio-a-programacao-de-natal\\\/#primaryimage\"},\"image\":{\"@id\":\"https:\\\/\\\/www.altominho.tv\\\/site\\\/2025\\\/12\\\/12\\\/paredes-de-coura-da-inicio-a-programacao-de-natal\\\/#primaryimage\"},\"thumbnailUrl\":\"https:\\\/\\\/www.altominho.tv\\\/site\\\/wp-content\\\/uploads\\\/2025\\\/12\\\/natal-coura.jpg\",\"datePublished\":\"2025-12-12T10:24:17+00:00\",\"dateModified\":\"2025-12-12T10:24:20+00:00\",\"author\":{\"@id\":\"https:\\\/\\\/www.altominho.tv\\\/site\\\/#\\\/schema\\\/person\\\/9e351387b727413d005ccf1152c93539\"},\"description\":\"O munic\u00edpio de Paredes de Coura prepara-se para para dar in\u00edcio \u00e0 programa\u00e7\u00e3o de Natal com a abertura oficial da Tenda de Natal Encantado, anima\u00e7\u00e3o para os mais novos, o arranque do comboio natal\u00edcio e a abertura do Mercadinho de Natal no Largo Hintze Ribeiro.\",\"breadcrumb\":{\"@id\":\"https:\\\/\\\/www.altominho.tv\\\/site\\\/2025\\\/12\\\/12\\\/paredes-de-coura-da-inicio-a-programacao-de-natal\\\/#breadcrumb\"},\"inLanguage\":\"pt-PT\",\"potentialAction\":[{\"@type\":\"ReadAction\",\"target\":[\"https:\\\/\\\/www.altominho.tv\\\/site\\\/2025\\\/12\\\/12\\\/paredes-de-coura-da-inicio-a-programacao-de-natal\\\/\"]}]},{\"@type\":\"ImageObject\",\"inLanguage\":\"pt-PT\",\"@id\":\"https:\\\/\\\/www.altominho.tv\\\/site\\\/2025\\\/12\\\/12\\\/paredes-de-coura-da-inicio-a-programacao-de-natal\\\/#primaryimage\",\"url\":\"https:\\\/\\\/www.altominho.tv\\\/site\\\/wp-content\\\/uploads\\\/2025\\\/12\\\/natal-coura.jpg\",\"contentUrl\":\"https:\\\/\\\/www.altominho.tv\\\/site\\\/wp-content\\\/uploads\\\/2025\\\/12\\\/natal-coura.jpg\",\"width\":1200,\"height\":630},{\"@type\":\"BreadcrumbList\",\"@id\":\"https:\\\/\\\/www.altominho.tv\\\/site\\\/2025\\\/12\\\/12\\\/paredes-de-coura-da-inicio-a-programacao-de-natal\\\/#breadcrumb\",\"itemListElement\":[{\"@type\":\"ListItem\",\"position\":1,\"name\":\"In\u00edcio\",\"item\":\"https:\\\/\\\/www.altominho.tv\\\/site\\\/\"},{\"@type\":\"ListItem\",\"position\":2,\"name\":\"Paredes de Coura d\u00e1 in\u00edcio \u00e0 programa\u00e7\u00e3o de Natal\"}]},{\"@type\":\"WebSite\",\"@id\":\"https:\\\/\\\/www.altominho.tv\\\/site\\\/#website\",\"url\":\"https:\\\/\\\/www.altominho.tv\\\/site\\\/\",\"name\":\"Altominho.tv\",\"description\":\"A sua regi\u00e3o \u00e0 dist\u00e2ncia de um clique...\",\"potentialAction\":[{\"@type\":\"SearchAction\",\"target\":{\"@type\":\"EntryPoint\",\"urlTemplate\":\"https:\\\/\\\/www.altominho.tv\\\/site\\\/?s={search_term_string}\"},\"query-input\":{\"@type\":\"PropertyValueSpecification\",\"valueRequired\":true,\"valueName\":\"search_term_string\"}}],\"inLanguage\":\"pt-PT\"},{\"@type\":\"Person\",\"@id\":\"https:\\\/\\\/www.altominho.tv\\\/site\\\/#\\\/schema\\\/person\\\/9e351387b727413d005ccf1152c93539\",\"name\":\"Eduarda Cardoso\",\"image\":{\"@type\":\"ImageObject\",\"inLanguage\":\"pt-PT\",\"@id\":\"https:\\\/\\\/www.altominho.tv\\\/site\\\/wp-content\\\/uploads\\\/2021\\\/01\\\/cropped-Logo-ATV_WEB-150x150.png\",\"url\":\"https:\\\/\\\/www.altominho.tv\\\/site\\\/wp-content\\\/uploads\\\/2021\\\/01\\\/cropped-Logo-ATV_WEB-150x150.png\",\"contentUrl\":\"https:\\\/\\\/www.altominho.tv\\\/site\\\/wp-content\\\/uploads\\\/2021\\\/01\\\/cropped-Logo-ATV_WEB-150x150.png\",\"caption\":\"Eduarda Cardoso\"},\"url\":\"https:\\\/\\\/www.altominho.tv\\\/site\\\/author\\\/eduarda-cardoso\\\/\"}]}<\/script>\n<!-- \/ Yoast SEO Premium plugin. -->","yoast_head_json":{"title":"Paredes de Coura d\u00e1 in\u00edcio \u00e0 programa\u00e7\u00e3o de Natal","description":"O munic\u00edpio de Paredes de Coura prepara-se para para dar in\u00edcio \u00e0 programa\u00e7\u00e3o de Natal com a abertura oficial da Tenda de Natal Encantado, anima\u00e7\u00e3o para os mais novos, o arranque do comboio natal\u00edcio e a abertura do Mercadinho de Natal no Largo Hintze Ribeiro.","robots":{"index":"index","follow":"follow","max-snippet":"max-snippet:-1","max-image-preview":"max-image-preview:large","max-video-preview":"max-video-preview:-1"},"canonical":"https:\/\/www.altominho.tv\/site\/2025\/12\/12\/paredes-de-coura-da-inicio-a-programacao-de-natal\/","og_locale":"pt_PT","og_type":"article","og_title":"Paredes de Coura d\u00e1 in\u00edcio \u00e0 programa\u00e7\u00e3o de Natal","og_description":"O munic\u00edpio de Paredes de Coura prepara-se para para dar in\u00edcio \u00e0 programa\u00e7\u00e3o de Natal com a abertura oficial da Tenda de Natal Encantado, anima\u00e7\u00e3o para os mais novos, o arranque do comboio natal\u00edcio e a abertura do Mercadinho de Natal no Largo Hintze Ribeiro.","og_url":"https:\/\/www.altominho.tv\/site\/2025\/12\/12\/paredes-de-coura-da-inicio-a-programacao-de-natal\/","og_site_name":"Altominho.tv","article_publisher":"https:\/\/www.facebook.com\/altominhotv","article_published_time":"2025-12-12T10:24:17+00:00","article_modified_time":"2025-12-12T10:24:20+00:00","og_image":[{"width":1200,"height":630,"url":"https:\/\/www.altominho.tv\/site\/wp-content\/uploads\/2025\/12\/natal-coura.jpg","type":"image\/jpeg"}],"author":"Eduarda Cardoso","twitter_card":"summary_large_image","twitter_creator":"@altominhoTV","twitter_site":"@altominhoTV","twitter_misc":{"Escrito por":"Eduarda Cardoso","Tempo estimado de leitura":"3 minutos"},"schema":{"@context":"https:\/\/schema.org","@graph":[{"@type":"Article","@id":"https:\/\/www.altominho.tv\/site\/2025\/12\/12\/paredes-de-coura-da-inicio-a-programacao-de-natal\/#article","isPartOf":{"@id":"https:\/\/www.altominho.tv\/site\/2025\/12\/12\/paredes-de-coura-da-inicio-a-programacao-de-natal\/"},"author":{"name":"Eduarda Cardoso","@id":"https:\/\/www.altominho.tv\/site\/#\/schema\/person\/9e351387b727413d005ccf1152c93539"},"headline":"Paredes de Coura d\u00e1 in\u00edcio \u00e0 programa\u00e7\u00e3o de Natal","datePublished":"2025-12-12T10:24:17+00:00","dateModified":"2025-12-12T10:24:20+00:00","mainEntityOfPage":{"@id":"https:\/\/www.altominho.tv\/site\/2025\/12\/12\/paredes-de-coura-da-inicio-a-programacao-de-natal\/"},"wordCount":469,"image":{"@id":"https:\/\/www.altominho.tv\/site\/2025\/12\/12\/paredes-de-coura-da-inicio-a-programacao-de-natal\/#primaryimage"},"thumbnailUrl":"https:\/\/www.altominho.tv\/site\/wp-content\/uploads\/2025\/12\/natal-coura.jpg","keywords":["Sociedade"],"articleSection":["Paredes de Coura"],"inLanguage":"pt-PT","copyrightYear":"2025","copyrightHolder":{"@id":"https:\/\/www.altominho.tv\/site\/#organization"}},{"@type":"WebPage","@id":"https:\/\/www.altominho.tv\/site\/2025\/12\/12\/paredes-de-coura-da-inicio-a-programacao-de-natal\/","url":"https:\/\/www.altominho.tv\/site\/2025\/12\/12\/paredes-de-coura-da-inicio-a-programacao-de-natal\/","name":"Paredes de Coura d\u00e1 in\u00edcio \u00e0 programa\u00e7\u00e3o de Natal","isPartOf":{"@id":"https:\/\/www.altominho.tv\/site\/#website"},"primaryImageOfPage":{"@id":"https:\/\/www.altominho.tv\/site\/2025\/12\/12\/paredes-de-coura-da-inicio-a-programacao-de-natal\/#primaryimage"},"image":{"@id":"https:\/\/www.altominho.tv\/site\/2025\/12\/12\/paredes-de-coura-da-inicio-a-programacao-de-natal\/#primaryimage"},"thumbnailUrl":"https:\/\/www.altominho.tv\/site\/wp-content\/uploads\/2025\/12\/natal-coura.jpg","datePublished":"2025-12-12T10:24:17+00:00","dateModified":"2025-12-12T10:24:20+00:00","author":{"@id":"https:\/\/www.altominho.tv\/site\/#\/schema\/person\/9e351387b727413d005ccf1152c93539"},"description":"O munic\u00edpio de Paredes de Coura prepara-se para para dar in\u00edcio \u00e0 programa\u00e7\u00e3o de Natal com a abertura oficial da Tenda de Natal Encantado, anima\u00e7\u00e3o para os mais novos, o arranque do comboio natal\u00edcio e a abertura do Mercadinho de Natal no Largo Hintze Ribeiro.","breadcrumb":{"@id":"https:\/\/www.altominho.tv\/site\/2025\/12\/12\/paredes-de-coura-da-inicio-a-programacao-de-natal\/#breadcrumb"},"inLanguage":"pt-PT","potentialAction":[{"@type":"ReadAction","target":["https:\/\/www.altominho.tv\/site\/2025\/12\/12\/paredes-de-coura-da-inicio-a-programacao-de-natal\/"]}]},{"@type":"ImageObject","inLanguage":"pt-PT","@id":"https:\/\/www.altominho.tv\/site\/2025\/12\/12\/paredes-de-coura-da-inicio-a-programacao-de-natal\/#primaryimage","url":"https:\/\/www.altominho.tv\/site\/wp-content\/uploads\/2025\/12\/natal-coura.jpg","contentUrl":"https:\/\/www.altominho.tv\/site\/wp-content\/uploads\/2025\/12\/natal-coura.jpg","width":1200,"height":630},{"@type":"BreadcrumbList","@id":"https:\/\/www.altominho.tv\/site\/2025\/12\/12\/paredes-de-coura-da-inicio-a-programacao-de-natal\/#breadcrumb","itemListElement":[{"@type":"ListItem","position":1,"name":"In\u00edcio","item":"https:\/\/www.altominho.tv\/site\/"},{"@type":"ListItem","position":2,"name":"Paredes de Coura d\u00e1 in\u00edcio \u00e0 programa\u00e7\u00e3o de Natal"}]},{"@type":"WebSite","@id":"https:\/\/www.altominho.tv\/site\/#website","url":"https:\/\/www.altominho.tv\/site\/","name":"Altominho.tv","description":"A sua regi\u00e3o \u00e0 dist\u00e2ncia de um clique...","potentialAction":[{"@type":"SearchAction","target":{"@type":"EntryPoint","urlTemplate":"https:\/\/www.altominho.tv\/site\/?s={search_term_string}"},"query-input":{"@type":"PropertyValueSpecification","valueRequired":true,"valueName":"search_term_string"}}],"inLanguage":"pt-PT"},{"@type":"Person","@id":"https:\/\/www.altominho.tv\/site\/#\/schema\/person\/9e351387b727413d005ccf1152c93539","name":"Eduarda Cardoso","image":{"@type":"ImageObject","inLanguage":"pt-PT","@id":"https:\/\/www.altominho.tv\/site\/wp-content\/uploads\/2021\/01\/cropped-Logo-ATV_WEB-150x150.png","url":"https:\/\/www.altominho.tv\/site\/wp-content\/uploads\/2021\/01\/cropped-Logo-ATV_WEB-150x150.png","contentUrl":"https:\/\/www.altominho.tv\/site\/wp-content\/uploads\/2021\/01\/cropped-Logo-ATV_WEB-150x150.png","caption":"Eduarda Cardoso"},"url":"https:\/\/www.altominho.tv\/site\/author\/eduarda-cardoso\/"}]}},"_links":{"self":[{"href":"https:\/\/www.altominho.tv\/site\/wp-json\/wp\/v2\/posts\/126129","targetHints":{"allow":["GET"]}}],"collection":[{"href":"https:\/\/www.altominho.tv\/site\/wp-json\/wp\/v2\/posts"}],"about":[{"href":"https:\/\/www.altominho.tv\/site\/wp-json\/wp\/v2\/types\/post"}],"author":[{"embeddable":true,"href":"https:\/\/www.altominho.tv\/site\/wp-json\/wp\/v2\/users\/30"}],"replies":[{"embeddable":true,"href":"https:\/\/www.altominho.tv\/site\/wp-json\/wp\/v2\/comments?post=126129"}],"version-history":[{"count":1,"href":"https:\/\/www.altominho.tv\/site\/wp-json\/wp\/v2\/posts\/126129\/revisions"}],"predecessor-version":[{"id":126131,"href":"https:\/\/www.altominho.tv\/site\/wp-json\/wp\/v2\/posts\/126129\/revisions\/126131"}],"wp:featuredmedia":[{"embeddable":true,"href":"https:\/\/www.altominho.tv\/site\/wp-json\/wp\/v2\/media\/126130"}],"wp:attachment":[{"href":"https:\/\/www.altominho.tv\/site\/wp-json\/wp\/v2\/media?parent=126129"}],"wp:term":[{"taxonomy":"category","embeddable":true,"href":"https:\/\/www.altominho.tv\/site\/wp-json\/wp\/v2\/categories?post=126129"},{"taxonomy":"post_tag","embeddable":true,"href":"https:\/\/www.altominho.tv\/site\/wp-json\/wp\/v2\/tags?post=126129"}],"curies":[{"name":"wp","href":"https:\/\/api.w.org\/{rel}","templated":true}]}}