{"id":126011,"date":"2025-12-06T11:23:43","date_gmt":"2025-12-06T11:23:43","guid":{"rendered":"https:\/\/www.altominho.tv\/site\/?p=126011"},"modified":"2025-12-06T11:23:46","modified_gmt":"2025-12-06T11:23:46","slug":"viana-do-castelo-abre-concurso-para-servicos-arqueologicos-durante-construcao-do-mercado","status":"publish","type":"post","link":"https:\/\/www.altominho.tv\/site\/2025\/12\/06\/viana-do-castelo-abre-concurso-para-servicos-arqueologicos-durante-construcao-do-mercado\/","title":{"rendered":"Viana do Castelo abre concurso para servi\u00e7os arqueol\u00f3gicos durante constru\u00e7\u00e3o do mercado"},"content":{"rendered":"<p>A C\u00e2mara de Viana do Castelo abriu concurso p\u00fablico, pelo pre\u00e7o base de 324.740 euros mais IVA, para a aquisi\u00e7\u00e3o de servi\u00e7os de arqueologia de acompanhamento da constru\u00e7\u00e3o do novo mercado e requalifica\u00e7\u00e3o da envolvente.<\/p>\n<p>De acordo com o an\u00fancio publicado em Di\u00e1rio da Rep\u00fablica (DR), o prazo de execu\u00e7\u00e3o do contrato \u00e9 de 150 dias.<\/p>\n<p>A apresenta\u00e7\u00e3o de propostas termina \u00e0s 17h00 do dia 2 de janeiro de 2016, sendo que os concorrentes s\u00e3o obrigados a mant\u00ea-las 66 dias a contar daquela data.<\/p>\n<p>Em outubro, durante a constru\u00e7\u00e3o do novo mercado, no local onde at\u00e9 2022 existia o pr\u00e9dio Coutinho, foram encontrados vest\u00edgios do antigo convento de S\u00e3o Bento.<\/p>\n<p>Questionado pela Lusa, o presidente da C\u00e2mara, Lu\u00eds Nobre, referiu que os trabalhos n\u00e3o foram afetados porque \u201ca obra tem v\u00e1rias fases e tarefas\u201d.<\/p>\n<p>\u201cPara j\u00e1, n\u00e3o h\u00e1 nada que implique com a din\u00e2mica da obras porque h\u00e1 tarefas que v\u00e3o continuar, em paralelo com o trabalho que est\u00e1 a ser feito a n\u00edvel da arqueologia, em absoluta articula\u00e7\u00e3o com a Comiss\u00e3o de Coordena\u00e7\u00e3o e Desenvolvimento Regional do Norte (CCDRN)\u201d, disse o autarca socialista.<\/p>\n<p>Lu\u00eds Nobre especificou que os vest\u00edgios foram encontrados no parque de estacionamento, \u00e0 superf\u00edcie, que existia nas traseiras do pr\u00e9dio Coutinho, desconstru\u00eddo em 2022 para instala\u00e7\u00e3o do novo mercado municipal.<\/p>\n<p>O autarca socialista adiantou que era expect\u00e1vel que durante a obra fossem encontrados achados arqueol\u00f3gicos pelo facto de a constru\u00e7\u00e3o ocorrer em pleno centro hist\u00f3rico da cidade.<\/p>\n<p>\u201cN\u00f3s j\u00e1 sab\u00edamos que ali existiam vest\u00edgios. Est\u00e1vamos conscientes que t\u00ednhamos de fazer as escava\u00e7\u00f5es e, durante as escava\u00e7\u00f5es, [apareceram] vest\u00edgios que t\u00eam de ser interpretados\u201d, referiu.<\/p>\n<p>Segundo Lu\u00eds Nobre, os servi\u00e7os camar\u00e1rios t\u00eam reunido quinzenalmente com o departamento de arqueologia CCDRN, sendo que \u201co registo do achado arqueol\u00f3gico est\u00e1 feito e transposto para os v\u00e1rios meios digitais e anal\u00f3gicos, habituais neste tipo de situa\u00e7\u00e3o\u201d.<\/p>\n<p>A igreja de S. Bento \u00e9 o que ainda hoje resta do antigo convento de freiras beneditinas do s\u00e9culo XVI.<\/p>\n<p>A empreitada de constru\u00e7\u00e3o do novo mercado, avaliada em 13,376 milh\u00f5es de euros, come\u00e7ou no dia 29 de setembro.<\/p>\n","protected":false},"excerpt":{"rendered":"<p>A C\u00e2mara de Viana do Castelo abriu concurso p\u00fablico, pelo pre\u00e7o base de 324.740 euros mais IVA, para a aquisi\u00e7\u00e3o de servi\u00e7os de arqueologia de acompanhamento da constru\u00e7\u00e3o do novo mercado e requalifica\u00e7\u00e3o da envolvente. De acordo com o an\u00fancio publicado em Di\u00e1rio da Rep\u00fablica (DR), o prazo de execu\u00e7\u00e3o do contrato \u00e9 de 150 [&hellip;]<\/p>\n","protected":false},"author":13,"featured_media":124426,"comment_status":"closed","ping_status":"closed","sticky":false,"template":"","format":"standard","meta":{"_exactmetrics_skip_tracking":false,"_exactmetrics_sitenote_active":false,"_exactmetrics_sitenote_note":"","_exactmetrics_sitenote_category":0,"footnotes":""},"categories":[14],"tags":[19],"class_list":["post-126011","post","type-post","status-publish","format-standard","has-post-thumbnail","hentry","category-viana-do-castelo","tag-cultura"],"yoast_head":"<!-- This site is optimized with the Yoast SEO Premium plugin v27.5 (Yoast SEO v27.5) - https:\/\/yoast.com\/product\/yoast-seo-premium-wordpress\/ -->\n<title>Viana do Castelo abre concurso para servi\u00e7os arqueol\u00f3gicos durante constru\u00e7\u00e3o do mercado<\/title>\n<meta name=\"description\" content=\"A C\u00e2mara de Viana do Castelo abriu concurso p\u00fablico, pelo pre\u00e7o base de 324.740 euros mais IVA, para a aquisi\u00e7\u00e3o de servi\u00e7os de arqueologia de acompanhamento da constru\u00e7\u00e3o do novo mercado e requalifica\u00e7\u00e3o da envolvente.\" \/>\n<meta name=\"robots\" content=\"index, follow, max-snippet:-1, max-image-preview:large, max-video-preview:-1\" \/>\n<link rel=\"canonical\" href=\"https:\/\/www.altominho.tv\/site\/2025\/12\/06\/viana-do-castelo-abre-concurso-para-servicos-arqueologicos-durante-construcao-do-mercado\/\" \/>\n<meta property=\"og:locale\" content=\"pt_PT\" \/>\n<meta property=\"og:type\" content=\"article\" \/>\n<meta property=\"og:title\" content=\"Viana do Castelo abre concurso para servi\u00e7os arqueol\u00f3gicos durante constru\u00e7\u00e3o do mercado\" \/>\n<meta property=\"og:description\" content=\"A C\u00e2mara de Viana do Castelo abriu concurso p\u00fablico, pelo pre\u00e7o base de 324.740 euros mais IVA, para a aquisi\u00e7\u00e3o de servi\u00e7os de arqueologia de acompanhamento da constru\u00e7\u00e3o do novo mercado e requalifica\u00e7\u00e3o da envolvente.\" \/>\n<meta property=\"og:url\" content=\"https:\/\/www.altominho.tv\/site\/2025\/12\/06\/viana-do-castelo-abre-concurso-para-servicos-arqueologicos-durante-construcao-do-mercado\/\" \/>\n<meta property=\"og:site_name\" content=\"Altominho.tv\" \/>\n<meta property=\"article:publisher\" content=\"https:\/\/www.facebook.com\/altominhotv\" \/>\n<meta property=\"article:published_time\" content=\"2025-12-06T11:23:43+00:00\" \/>\n<meta property=\"article:modified_time\" content=\"2025-12-06T11:23:46+00:00\" \/>\n<meta property=\"og:image\" content=\"https:\/\/www.altominho.tv\/site\/wp-content\/uploads\/2025\/10\/Mercado-Municipal-Viana-do-Castelo.jpg\" \/>\n\t<meta property=\"og:image:width\" content=\"1200\" \/>\n\t<meta property=\"og:image:height\" content=\"630\" \/>\n\t<meta property=\"og:image:type\" content=\"image\/jpeg\" \/>\n<meta name=\"author\" content=\"Lusa\" \/>\n<meta name=\"twitter:card\" content=\"summary_large_image\" \/>\n<meta name=\"twitter:creator\" content=\"@altominhoTV\" \/>\n<meta name=\"twitter:site\" content=\"@altominhoTV\" \/>\n<meta name=\"twitter:label1\" content=\"Escrito por\" \/>\n\t<meta name=\"twitter:data1\" content=\"Lusa\" \/>\n\t<meta name=\"twitter:label2\" content=\"Tempo estimado de leitura\" \/>\n\t<meta name=\"twitter:data2\" content=\"3 minutos\" \/>\n<script type=\"application\/ld+json\" class=\"yoast-schema-graph\">{\"@context\":\"https:\\\/\\\/schema.org\",\"@graph\":[{\"@type\":\"Article\",\"@id\":\"https:\\\/\\\/www.altominho.tv\\\/site\\\/2025\\\/12\\\/06\\\/viana-do-castelo-abre-concurso-para-servicos-arqueologicos-durante-construcao-do-mercado\\\/#article\",\"isPartOf\":{\"@id\":\"https:\\\/\\\/www.altominho.tv\\\/site\\\/2025\\\/12\\\/06\\\/viana-do-castelo-abre-concurso-para-servicos-arqueologicos-durante-construcao-do-mercado\\\/\"},\"author\":{\"name\":\"Lusa\",\"@id\":\"https:\\\/\\\/www.altominho.tv\\\/site\\\/#\\\/schema\\\/person\\\/63f693da3e1899361cbe955c46f3232e\"},\"headline\":\"Viana do Castelo abre concurso para servi\u00e7os arqueol\u00f3gicos durante constru\u00e7\u00e3o do mercado\",\"datePublished\":\"2025-12-06T11:23:43+00:00\",\"dateModified\":\"2025-12-06T11:23:46+00:00\",\"mainEntityOfPage\":{\"@id\":\"https:\\\/\\\/www.altominho.tv\\\/site\\\/2025\\\/12\\\/06\\\/viana-do-castelo-abre-concurso-para-servicos-arqueologicos-durante-construcao-do-mercado\\\/\"},\"wordCount\":408,\"image\":{\"@id\":\"https:\\\/\\\/www.altominho.tv\\\/site\\\/2025\\\/12\\\/06\\\/viana-do-castelo-abre-concurso-para-servicos-arqueologicos-durante-construcao-do-mercado\\\/#primaryimage\"},\"thumbnailUrl\":\"https:\\\/\\\/www.altominho.tv\\\/site\\\/wp-content\\\/uploads\\\/2025\\\/10\\\/Mercado-Municipal-Viana-do-Castelo.jpg\",\"keywords\":[\"Cultura\"],\"articleSection\":[\"Viana do Castelo\"],\"inLanguage\":\"pt-PT\",\"copyrightYear\":\"2025\",\"copyrightHolder\":{\"@id\":\"https:\\\/\\\/www.altominho.tv\\\/site\\\/#organization\"}},{\"@type\":\"WebPage\",\"@id\":\"https:\\\/\\\/www.altominho.tv\\\/site\\\/2025\\\/12\\\/06\\\/viana-do-castelo-abre-concurso-para-servicos-arqueologicos-durante-construcao-do-mercado\\\/\",\"url\":\"https:\\\/\\\/www.altominho.tv\\\/site\\\/2025\\\/12\\\/06\\\/viana-do-castelo-abre-concurso-para-servicos-arqueologicos-durante-construcao-do-mercado\\\/\",\"name\":\"Viana do Castelo abre concurso para servi\u00e7os arqueol\u00f3gicos durante constru\u00e7\u00e3o do mercado\",\"isPartOf\":{\"@id\":\"https:\\\/\\\/www.altominho.tv\\\/site\\\/#website\"},\"primaryImageOfPage\":{\"@id\":\"https:\\\/\\\/www.altominho.tv\\\/site\\\/2025\\\/12\\\/06\\\/viana-do-castelo-abre-concurso-para-servicos-arqueologicos-durante-construcao-do-mercado\\\/#primaryimage\"},\"image\":{\"@id\":\"https:\\\/\\\/www.altominho.tv\\\/site\\\/2025\\\/12\\\/06\\\/viana-do-castelo-abre-concurso-para-servicos-arqueologicos-durante-construcao-do-mercado\\\/#primaryimage\"},\"thumbnailUrl\":\"https:\\\/\\\/www.altominho.tv\\\/site\\\/wp-content\\\/uploads\\\/2025\\\/10\\\/Mercado-Municipal-Viana-do-Castelo.jpg\",\"datePublished\":\"2025-12-06T11:23:43+00:00\",\"dateModified\":\"2025-12-06T11:23:46+00:00\",\"author\":{\"@id\":\"https:\\\/\\\/www.altominho.tv\\\/site\\\/#\\\/schema\\\/person\\\/63f693da3e1899361cbe955c46f3232e\"},\"description\":\"A C\u00e2mara de Viana do Castelo abriu concurso p\u00fablico, pelo pre\u00e7o base de 324.740 euros mais IVA, para a aquisi\u00e7\u00e3o de servi\u00e7os de arqueologia de acompanhamento da constru\u00e7\u00e3o do novo mercado e requalifica\u00e7\u00e3o da envolvente.\",\"breadcrumb\":{\"@id\":\"https:\\\/\\\/www.altominho.tv\\\/site\\\/2025\\\/12\\\/06\\\/viana-do-castelo-abre-concurso-para-servicos-arqueologicos-durante-construcao-do-mercado\\\/#breadcrumb\"},\"inLanguage\":\"pt-PT\",\"potentialAction\":[{\"@type\":\"ReadAction\",\"target\":[\"https:\\\/\\\/www.altominho.tv\\\/site\\\/2025\\\/12\\\/06\\\/viana-do-castelo-abre-concurso-para-servicos-arqueologicos-durante-construcao-do-mercado\\\/\"]}]},{\"@type\":\"ImageObject\",\"inLanguage\":\"pt-PT\",\"@id\":\"https:\\\/\\\/www.altominho.tv\\\/site\\\/2025\\\/12\\\/06\\\/viana-do-castelo-abre-concurso-para-servicos-arqueologicos-durante-construcao-do-mercado\\\/#primaryimage\",\"url\":\"https:\\\/\\\/www.altominho.tv\\\/site\\\/wp-content\\\/uploads\\\/2025\\\/10\\\/Mercado-Municipal-Viana-do-Castelo.jpg\",\"contentUrl\":\"https:\\\/\\\/www.altominho.tv\\\/site\\\/wp-content\\\/uploads\\\/2025\\\/10\\\/Mercado-Municipal-Viana-do-Castelo.jpg\",\"width\":1200,\"height\":630},{\"@type\":\"BreadcrumbList\",\"@id\":\"https:\\\/\\\/www.altominho.tv\\\/site\\\/2025\\\/12\\\/06\\\/viana-do-castelo-abre-concurso-para-servicos-arqueologicos-durante-construcao-do-mercado\\\/#breadcrumb\",\"itemListElement\":[{\"@type\":\"ListItem\",\"position\":1,\"name\":\"In\u00edcio\",\"item\":\"https:\\\/\\\/www.altominho.tv\\\/site\\\/\"},{\"@type\":\"ListItem\",\"position\":2,\"name\":\"Viana do Castelo abre concurso para servi\u00e7os arqueol\u00f3gicos durante constru\u00e7\u00e3o do mercado\"}]},{\"@type\":\"WebSite\",\"@id\":\"https:\\\/\\\/www.altominho.tv\\\/site\\\/#website\",\"url\":\"https:\\\/\\\/www.altominho.tv\\\/site\\\/\",\"name\":\"Altominho.tv\",\"description\":\"A sua regi\u00e3o \u00e0 dist\u00e2ncia de um clique...\",\"potentialAction\":[{\"@type\":\"SearchAction\",\"target\":{\"@type\":\"EntryPoint\",\"urlTemplate\":\"https:\\\/\\\/www.altominho.tv\\\/site\\\/?s={search_term_string}\"},\"query-input\":{\"@type\":\"PropertyValueSpecification\",\"valueRequired\":true,\"valueName\":\"search_term_string\"}}],\"inLanguage\":\"pt-PT\"},{\"@type\":\"Person\",\"@id\":\"https:\\\/\\\/www.altominho.tv\\\/site\\\/#\\\/schema\\\/person\\\/63f693da3e1899361cbe955c46f3232e\",\"name\":\"Lusa\",\"image\":{\"@type\":\"ImageObject\",\"inLanguage\":\"pt-PT\",\"@id\":\"https:\\\/\\\/www.altominho.tv\\\/site\\\/wp-content\\\/uploads\\\/2019\\\/08\\\/LUSA_Logo.gif\",\"url\":\"https:\\\/\\\/www.altominho.tv\\\/site\\\/wp-content\\\/uploads\\\/2019\\\/08\\\/LUSA_Logo.gif\",\"contentUrl\":\"https:\\\/\\\/www.altominho.tv\\\/site\\\/wp-content\\\/uploads\\\/2019\\\/08\\\/LUSA_Logo.gif\",\"caption\":\"Lusa\"},\"sameAs\":[\"http:\\\/\\\/\\\/\\\/www.altominho.tv\\\/site\"],\"url\":\"https:\\\/\\\/www.altominho.tv\\\/site\\\/author\\\/lusa\\\/\"}]}<\/script>\n<!-- \/ Yoast SEO Premium plugin. -->","yoast_head_json":{"title":"Viana do Castelo abre concurso para servi\u00e7os arqueol\u00f3gicos durante constru\u00e7\u00e3o do mercado","description":"A C\u00e2mara de Viana do Castelo abriu concurso p\u00fablico, pelo pre\u00e7o base de 324.740 euros mais IVA, para a aquisi\u00e7\u00e3o de servi\u00e7os de arqueologia de acompanhamento da constru\u00e7\u00e3o do novo mercado e requalifica\u00e7\u00e3o da envolvente.","robots":{"index":"index","follow":"follow","max-snippet":"max-snippet:-1","max-image-preview":"max-image-preview:large","max-video-preview":"max-video-preview:-1"},"canonical":"https:\/\/www.altominho.tv\/site\/2025\/12\/06\/viana-do-castelo-abre-concurso-para-servicos-arqueologicos-durante-construcao-do-mercado\/","og_locale":"pt_PT","og_type":"article","og_title":"Viana do Castelo abre concurso para servi\u00e7os arqueol\u00f3gicos durante constru\u00e7\u00e3o do mercado","og_description":"A C\u00e2mara de Viana do Castelo abriu concurso p\u00fablico, pelo pre\u00e7o base de 324.740 euros mais IVA, para a aquisi\u00e7\u00e3o de servi\u00e7os de arqueologia de acompanhamento da constru\u00e7\u00e3o do novo mercado e requalifica\u00e7\u00e3o da envolvente.","og_url":"https:\/\/www.altominho.tv\/site\/2025\/12\/06\/viana-do-castelo-abre-concurso-para-servicos-arqueologicos-durante-construcao-do-mercado\/","og_site_name":"Altominho.tv","article_publisher":"https:\/\/www.facebook.com\/altominhotv","article_published_time":"2025-12-06T11:23:43+00:00","article_modified_time":"2025-12-06T11:23:46+00:00","og_image":[{"width":1200,"height":630,"url":"https:\/\/www.altominho.tv\/site\/wp-content\/uploads\/2025\/10\/Mercado-Municipal-Viana-do-Castelo.jpg","type":"image\/jpeg"}],"author":"Lusa","twitter_card":"summary_large_image","twitter_creator":"@altominhoTV","twitter_site":"@altominhoTV","twitter_misc":{"Escrito por":"Lusa","Tempo estimado de leitura":"3 minutos"},"schema":{"@context":"https:\/\/schema.org","@graph":[{"@type":"Article","@id":"https:\/\/www.altominho.tv\/site\/2025\/12\/06\/viana-do-castelo-abre-concurso-para-servicos-arqueologicos-durante-construcao-do-mercado\/#article","isPartOf":{"@id":"https:\/\/www.altominho.tv\/site\/2025\/12\/06\/viana-do-castelo-abre-concurso-para-servicos-arqueologicos-durante-construcao-do-mercado\/"},"author":{"name":"Lusa","@id":"https:\/\/www.altominho.tv\/site\/#\/schema\/person\/63f693da3e1899361cbe955c46f3232e"},"headline":"Viana do Castelo abre concurso para servi\u00e7os arqueol\u00f3gicos durante constru\u00e7\u00e3o do mercado","datePublished":"2025-12-06T11:23:43+00:00","dateModified":"2025-12-06T11:23:46+00:00","mainEntityOfPage":{"@id":"https:\/\/www.altominho.tv\/site\/2025\/12\/06\/viana-do-castelo-abre-concurso-para-servicos-arqueologicos-durante-construcao-do-mercado\/"},"wordCount":408,"image":{"@id":"https:\/\/www.altominho.tv\/site\/2025\/12\/06\/viana-do-castelo-abre-concurso-para-servicos-arqueologicos-durante-construcao-do-mercado\/#primaryimage"},"thumbnailUrl":"https:\/\/www.altominho.tv\/site\/wp-content\/uploads\/2025\/10\/Mercado-Municipal-Viana-do-Castelo.jpg","keywords":["Cultura"],"articleSection":["Viana do Castelo"],"inLanguage":"pt-PT","copyrightYear":"2025","copyrightHolder":{"@id":"https:\/\/www.altominho.tv\/site\/#organization"}},{"@type":"WebPage","@id":"https:\/\/www.altominho.tv\/site\/2025\/12\/06\/viana-do-castelo-abre-concurso-para-servicos-arqueologicos-durante-construcao-do-mercado\/","url":"https:\/\/www.altominho.tv\/site\/2025\/12\/06\/viana-do-castelo-abre-concurso-para-servicos-arqueologicos-durante-construcao-do-mercado\/","name":"Viana do Castelo abre concurso para servi\u00e7os arqueol\u00f3gicos durante constru\u00e7\u00e3o do mercado","isPartOf":{"@id":"https:\/\/www.altominho.tv\/site\/#website"},"primaryImageOfPage":{"@id":"https:\/\/www.altominho.tv\/site\/2025\/12\/06\/viana-do-castelo-abre-concurso-para-servicos-arqueologicos-durante-construcao-do-mercado\/#primaryimage"},"image":{"@id":"https:\/\/www.altominho.tv\/site\/2025\/12\/06\/viana-do-castelo-abre-concurso-para-servicos-arqueologicos-durante-construcao-do-mercado\/#primaryimage"},"thumbnailUrl":"https:\/\/www.altominho.tv\/site\/wp-content\/uploads\/2025\/10\/Mercado-Municipal-Viana-do-Castelo.jpg","datePublished":"2025-12-06T11:23:43+00:00","dateModified":"2025-12-06T11:23:46+00:00","author":{"@id":"https:\/\/www.altominho.tv\/site\/#\/schema\/person\/63f693da3e1899361cbe955c46f3232e"},"description":"A C\u00e2mara de Viana do Castelo abriu concurso p\u00fablico, pelo pre\u00e7o base de 324.740 euros mais IVA, para a aquisi\u00e7\u00e3o de servi\u00e7os de arqueologia de acompanhamento da constru\u00e7\u00e3o do novo mercado e requalifica\u00e7\u00e3o da envolvente.","breadcrumb":{"@id":"https:\/\/www.altominho.tv\/site\/2025\/12\/06\/viana-do-castelo-abre-concurso-para-servicos-arqueologicos-durante-construcao-do-mercado\/#breadcrumb"},"inLanguage":"pt-PT","potentialAction":[{"@type":"ReadAction","target":["https:\/\/www.altominho.tv\/site\/2025\/12\/06\/viana-do-castelo-abre-concurso-para-servicos-arqueologicos-durante-construcao-do-mercado\/"]}]},{"@type":"ImageObject","inLanguage":"pt-PT","@id":"https:\/\/www.altominho.tv\/site\/2025\/12\/06\/viana-do-castelo-abre-concurso-para-servicos-arqueologicos-durante-construcao-do-mercado\/#primaryimage","url":"https:\/\/www.altominho.tv\/site\/wp-content\/uploads\/2025\/10\/Mercado-Municipal-Viana-do-Castelo.jpg","contentUrl":"https:\/\/www.altominho.tv\/site\/wp-content\/uploads\/2025\/10\/Mercado-Municipal-Viana-do-Castelo.jpg","width":1200,"height":630},{"@type":"BreadcrumbList","@id":"https:\/\/www.altominho.tv\/site\/2025\/12\/06\/viana-do-castelo-abre-concurso-para-servicos-arqueologicos-durante-construcao-do-mercado\/#breadcrumb","itemListElement":[{"@type":"ListItem","position":1,"name":"In\u00edcio","item":"https:\/\/www.altominho.tv\/site\/"},{"@type":"ListItem","position":2,"name":"Viana do Castelo abre concurso para servi\u00e7os arqueol\u00f3gicos durante constru\u00e7\u00e3o do mercado"}]},{"@type":"WebSite","@id":"https:\/\/www.altominho.tv\/site\/#website","url":"https:\/\/www.altominho.tv\/site\/","name":"Altominho.tv","description":"A sua regi\u00e3o \u00e0 dist\u00e2ncia de um clique...","potentialAction":[{"@type":"SearchAction","target":{"@type":"EntryPoint","urlTemplate":"https:\/\/www.altominho.tv\/site\/?s={search_term_string}"},"query-input":{"@type":"PropertyValueSpecification","valueRequired":true,"valueName":"search_term_string"}}],"inLanguage":"pt-PT"},{"@type":"Person","@id":"https:\/\/www.altominho.tv\/site\/#\/schema\/person\/63f693da3e1899361cbe955c46f3232e","name":"Lusa","image":{"@type":"ImageObject","inLanguage":"pt-PT","@id":"https:\/\/www.altominho.tv\/site\/wp-content\/uploads\/2019\/08\/LUSA_Logo.gif","url":"https:\/\/www.altominho.tv\/site\/wp-content\/uploads\/2019\/08\/LUSA_Logo.gif","contentUrl":"https:\/\/www.altominho.tv\/site\/wp-content\/uploads\/2019\/08\/LUSA_Logo.gif","caption":"Lusa"},"sameAs":["http:\/\/\/\/www.altominho.tv\/site"],"url":"https:\/\/www.altominho.tv\/site\/author\/lusa\/"}]}},"_links":{"self":[{"href":"https:\/\/www.altominho.tv\/site\/wp-json\/wp\/v2\/posts\/126011","targetHints":{"allow":["GET"]}}],"collection":[{"href":"https:\/\/www.altominho.tv\/site\/wp-json\/wp\/v2\/posts"}],"about":[{"href":"https:\/\/www.altominho.tv\/site\/wp-json\/wp\/v2\/types\/post"}],"author":[{"embeddable":true,"href":"https:\/\/www.altominho.tv\/site\/wp-json\/wp\/v2\/users\/13"}],"replies":[{"embeddable":true,"href":"https:\/\/www.altominho.tv\/site\/wp-json\/wp\/v2\/comments?post=126011"}],"version-history":[{"count":1,"href":"https:\/\/www.altominho.tv\/site\/wp-json\/wp\/v2\/posts\/126011\/revisions"}],"predecessor-version":[{"id":126012,"href":"https:\/\/www.altominho.tv\/site\/wp-json\/wp\/v2\/posts\/126011\/revisions\/126012"}],"wp:featuredmedia":[{"embeddable":true,"href":"https:\/\/www.altominho.tv\/site\/wp-json\/wp\/v2\/media\/124426"}],"wp:attachment":[{"href":"https:\/\/www.altominho.tv\/site\/wp-json\/wp\/v2\/media?parent=126011"}],"wp:term":[{"taxonomy":"category","embeddable":true,"href":"https:\/\/www.altominho.tv\/site\/wp-json\/wp\/v2\/categories?post=126011"},{"taxonomy":"post_tag","embeddable":true,"href":"https:\/\/www.altominho.tv\/site\/wp-json\/wp\/v2\/tags?post=126011"}],"curies":[{"name":"wp","href":"https:\/\/api.w.org\/{rel}","templated":true}]}}