{"id":125892,"date":"2025-12-02T15:28:08","date_gmt":"2025-12-02T15:28:08","guid":{"rendered":"https:\/\/www.altominho.tv\/site\/?p=125892"},"modified":"2025-12-02T15:29:41","modified_gmt":"2025-12-02T15:29:41","slug":"festival-sonic-blast-em-agosto-com-turbonegro-high-on-fire-e-deafheaven","status":"publish","type":"post","link":"https:\/\/www.altominho.tv\/site\/2025\/12\/02\/festival-sonic-blast-em-agosto-com-turbonegro-high-on-fire-e-deafheaven\/","title":{"rendered":"Festival Sonic Blast em agosto com Turbonegro, High on Fire e Deafheaven"},"content":{"rendered":"<p>O festival Sonic Blast vai regressar \u00e0 Praia da Duna do Caldeir\u00e3o, em \u00c2ncora, Caminha,\u00a0 em agosto com as presen\u00e7as de High on Fire, Deafheaven, Turbonegro e Kylesa, entre outros, anunciou hoje a organiza\u00e7\u00e3o.<\/p>\n<p>O festival vai realizar a sua 14.\u00aa edi\u00e7\u00e3o entre 6 e 8 de agosto do pr\u00f3ximo ano e revelou hoje os primeiros 22 nomes para 2026.<\/p>\n<p>Em comunicado, o Sonic Blast anunciou ainda as presen\u00e7as de Chat Pile, Midnight, Levitation Room, Elder, Snapped Ankles, Dead Meadow, The Casualties, N8noface, Adult, Conan, Necrot, Early Moods, Margarita Witch Cult, Primitive Ring, H\u00f6g, Goya, Ungraven e Frankie and The Witch Fingers.<\/p>\n<p>De acordo com a organiza\u00e7\u00e3o, haver\u00e1, como habitualmente, um dia de \u201caquecimento\u201d, em 5 de agosto.<\/p>\n<p>Os passes gerais est\u00e3o \u00e0 venda por 100 euros.<\/p>\n","protected":false},"excerpt":{"rendered":"<p>O festival Sonic Blast vai regressar \u00e0 Praia da Duna do Caldeir\u00e3o, em \u00c2ncora, Caminha,\u00a0 em agosto com as presen\u00e7as de High on Fire, Deafheaven, Turbonegro e Kylesa, entre outros, anunciou hoje a organiza\u00e7\u00e3o. O festival vai realizar a sua 14.\u00aa edi\u00e7\u00e3o entre 6 e 8 de agosto do pr\u00f3ximo ano e revelou hoje os [&hellip;]<\/p>\n","protected":false},"author":13,"featured_media":125894,"comment_status":"closed","ping_status":"closed","sticky":false,"template":"","format":"standard","meta":{"_exactmetrics_skip_tracking":false,"_exactmetrics_sitenote_active":false,"_exactmetrics_sitenote_note":"","_exactmetrics_sitenote_category":0,"footnotes":""},"categories":[7],"tags":[24],"class_list":["post-125892","post","type-post","status-publish","format-standard","has-post-thumbnail","hentry","category-caminha","tag-lazer"],"yoast_head":"<!-- This site is optimized with the Yoast SEO Premium plugin v27.5 (Yoast SEO v27.5) - https:\/\/yoast.com\/product\/yoast-seo-premium-wordpress\/ -->\n<title>Festival Sonic Blast em agosto com Turbonegro, High on Fire e Deafheaven<\/title>\n<meta name=\"description\" content=\"O festival Sonic Blast vai regressar \u00e0 Praia da Duna do Caldeir\u00e3o, em \u00c2ncora, em agosto com as presen\u00e7as de High on Fire, Deafheaven, Turbonegro e Kylesa, entre outros, anunciou hoje a organiza\u00e7\u00e3o.\" \/>\n<meta name=\"robots\" content=\"index, follow, max-snippet:-1, max-image-preview:large, max-video-preview:-1\" \/>\n<link rel=\"canonical\" href=\"https:\/\/www.altominho.tv\/site\/2025\/12\/02\/festival-sonic-blast-em-agosto-com-turbonegro-high-on-fire-e-deafheaven\/\" \/>\n<meta property=\"og:locale\" content=\"pt_PT\" \/>\n<meta property=\"og:type\" content=\"article\" \/>\n<meta property=\"og:title\" content=\"Festival Sonic Blast em agosto com Turbonegro, High on Fire e Deafheaven\" \/>\n<meta property=\"og:description\" content=\"O festival Sonic Blast vai regressar \u00e0 Praia da Duna do Caldeir\u00e3o, em \u00c2ncora, em agosto com as presen\u00e7as de High on Fire, Deafheaven, Turbonegro e Kylesa, entre outros, anunciou hoje a organiza\u00e7\u00e3o.\" \/>\n<meta property=\"og:url\" content=\"https:\/\/www.altominho.tv\/site\/2025\/12\/02\/festival-sonic-blast-em-agosto-com-turbonegro-high-on-fire-e-deafheaven\/\" \/>\n<meta property=\"og:site_name\" content=\"Altominho.tv\" \/>\n<meta property=\"article:publisher\" content=\"https:\/\/www.facebook.com\/altominhotv\" \/>\n<meta property=\"article:published_time\" content=\"2025-12-02T15:28:08+00:00\" \/>\n<meta property=\"article:modified_time\" content=\"2025-12-02T15:29:41+00:00\" \/>\n<meta property=\"og:image\" content=\"https:\/\/www.altominho.tv\/site\/wp-content\/uploads\/2025\/12\/sonic-blast.jpg\" \/>\n\t<meta property=\"og:image:width\" content=\"1200\" \/>\n\t<meta property=\"og:image:height\" content=\"630\" \/>\n\t<meta property=\"og:image:type\" content=\"image\/jpeg\" \/>\n<meta name=\"author\" content=\"Lusa\" \/>\n<meta name=\"twitter:card\" content=\"summary_large_image\" \/>\n<meta name=\"twitter:creator\" content=\"@altominhoTV\" \/>\n<meta name=\"twitter:site\" content=\"@altominhoTV\" \/>\n<meta name=\"twitter:label1\" content=\"Escrito por\" \/>\n\t<meta name=\"twitter:data1\" content=\"Lusa\" \/>\n\t<meta name=\"twitter:label2\" content=\"Tempo estimado de leitura\" \/>\n\t<meta name=\"twitter:data2\" content=\"1 minuto\" \/>\n<script type=\"application\/ld+json\" class=\"yoast-schema-graph\">{\"@context\":\"https:\\\/\\\/schema.org\",\"@graph\":[{\"@type\":\"Article\",\"@id\":\"https:\\\/\\\/www.altominho.tv\\\/site\\\/2025\\\/12\\\/02\\\/festival-sonic-blast-em-agosto-com-turbonegro-high-on-fire-e-deafheaven\\\/#article\",\"isPartOf\":{\"@id\":\"https:\\\/\\\/www.altominho.tv\\\/site\\\/2025\\\/12\\\/02\\\/festival-sonic-blast-em-agosto-com-turbonegro-high-on-fire-e-deafheaven\\\/\"},\"author\":{\"name\":\"Lusa\",\"@id\":\"https:\\\/\\\/www.altominho.tv\\\/site\\\/#\\\/schema\\\/person\\\/63f693da3e1899361cbe955c46f3232e\"},\"headline\":\"Festival Sonic Blast em agosto com Turbonegro, High on Fire e Deafheaven\",\"datePublished\":\"2025-12-02T15:28:08+00:00\",\"dateModified\":\"2025-12-02T15:29:41+00:00\",\"mainEntityOfPage\":{\"@id\":\"https:\\\/\\\/www.altominho.tv\\\/site\\\/2025\\\/12\\\/02\\\/festival-sonic-blast-em-agosto-com-turbonegro-high-on-fire-e-deafheaven\\\/\"},\"wordCount\":140,\"image\":{\"@id\":\"https:\\\/\\\/www.altominho.tv\\\/site\\\/2025\\\/12\\\/02\\\/festival-sonic-blast-em-agosto-com-turbonegro-high-on-fire-e-deafheaven\\\/#primaryimage\"},\"thumbnailUrl\":\"https:\\\/\\\/www.altominho.tv\\\/site\\\/wp-content\\\/uploads\\\/2025\\\/12\\\/sonic-blast.jpg\",\"keywords\":[\"Lazer\"],\"articleSection\":[\"Caminha\"],\"inLanguage\":\"pt-PT\",\"copyrightYear\":\"2025\",\"copyrightHolder\":{\"@id\":\"https:\\\/\\\/www.altominho.tv\\\/site\\\/#organization\"}},{\"@type\":\"WebPage\",\"@id\":\"https:\\\/\\\/www.altominho.tv\\\/site\\\/2025\\\/12\\\/02\\\/festival-sonic-blast-em-agosto-com-turbonegro-high-on-fire-e-deafheaven\\\/\",\"url\":\"https:\\\/\\\/www.altominho.tv\\\/site\\\/2025\\\/12\\\/02\\\/festival-sonic-blast-em-agosto-com-turbonegro-high-on-fire-e-deafheaven\\\/\",\"name\":\"Festival Sonic Blast em agosto com Turbonegro, High on Fire e Deafheaven\",\"isPartOf\":{\"@id\":\"https:\\\/\\\/www.altominho.tv\\\/site\\\/#website\"},\"primaryImageOfPage\":{\"@id\":\"https:\\\/\\\/www.altominho.tv\\\/site\\\/2025\\\/12\\\/02\\\/festival-sonic-blast-em-agosto-com-turbonegro-high-on-fire-e-deafheaven\\\/#primaryimage\"},\"image\":{\"@id\":\"https:\\\/\\\/www.altominho.tv\\\/site\\\/2025\\\/12\\\/02\\\/festival-sonic-blast-em-agosto-com-turbonegro-high-on-fire-e-deafheaven\\\/#primaryimage\"},\"thumbnailUrl\":\"https:\\\/\\\/www.altominho.tv\\\/site\\\/wp-content\\\/uploads\\\/2025\\\/12\\\/sonic-blast.jpg\",\"datePublished\":\"2025-12-02T15:28:08+00:00\",\"dateModified\":\"2025-12-02T15:29:41+00:00\",\"author\":{\"@id\":\"https:\\\/\\\/www.altominho.tv\\\/site\\\/#\\\/schema\\\/person\\\/63f693da3e1899361cbe955c46f3232e\"},\"description\":\"O festival Sonic Blast vai regressar \u00e0 Praia da Duna do Caldeir\u00e3o, em \u00c2ncora, em agosto com as presen\u00e7as de High on Fire, Deafheaven, Turbonegro e Kylesa, entre outros, anunciou hoje a organiza\u00e7\u00e3o.\",\"breadcrumb\":{\"@id\":\"https:\\\/\\\/www.altominho.tv\\\/site\\\/2025\\\/12\\\/02\\\/festival-sonic-blast-em-agosto-com-turbonegro-high-on-fire-e-deafheaven\\\/#breadcrumb\"},\"inLanguage\":\"pt-PT\",\"potentialAction\":[{\"@type\":\"ReadAction\",\"target\":[\"https:\\\/\\\/www.altominho.tv\\\/site\\\/2025\\\/12\\\/02\\\/festival-sonic-blast-em-agosto-com-turbonegro-high-on-fire-e-deafheaven\\\/\"]}]},{\"@type\":\"ImageObject\",\"inLanguage\":\"pt-PT\",\"@id\":\"https:\\\/\\\/www.altominho.tv\\\/site\\\/2025\\\/12\\\/02\\\/festival-sonic-blast-em-agosto-com-turbonegro-high-on-fire-e-deafheaven\\\/#primaryimage\",\"url\":\"https:\\\/\\\/www.altominho.tv\\\/site\\\/wp-content\\\/uploads\\\/2025\\\/12\\\/sonic-blast.jpg\",\"contentUrl\":\"https:\\\/\\\/www.altominho.tv\\\/site\\\/wp-content\\\/uploads\\\/2025\\\/12\\\/sonic-blast.jpg\",\"width\":1200,\"height\":630},{\"@type\":\"BreadcrumbList\",\"@id\":\"https:\\\/\\\/www.altominho.tv\\\/site\\\/2025\\\/12\\\/02\\\/festival-sonic-blast-em-agosto-com-turbonegro-high-on-fire-e-deafheaven\\\/#breadcrumb\",\"itemListElement\":[{\"@type\":\"ListItem\",\"position\":1,\"name\":\"In\u00edcio\",\"item\":\"https:\\\/\\\/www.altominho.tv\\\/site\\\/\"},{\"@type\":\"ListItem\",\"position\":2,\"name\":\"Festival Sonic Blast em agosto com Turbonegro, High on Fire e Deafheaven\"}]},{\"@type\":\"WebSite\",\"@id\":\"https:\\\/\\\/www.altominho.tv\\\/site\\\/#website\",\"url\":\"https:\\\/\\\/www.altominho.tv\\\/site\\\/\",\"name\":\"Altominho.tv\",\"description\":\"A sua regi\u00e3o \u00e0 dist\u00e2ncia de um clique...\",\"potentialAction\":[{\"@type\":\"SearchAction\",\"target\":{\"@type\":\"EntryPoint\",\"urlTemplate\":\"https:\\\/\\\/www.altominho.tv\\\/site\\\/?s={search_term_string}\"},\"query-input\":{\"@type\":\"PropertyValueSpecification\",\"valueRequired\":true,\"valueName\":\"search_term_string\"}}],\"inLanguage\":\"pt-PT\"},{\"@type\":\"Person\",\"@id\":\"https:\\\/\\\/www.altominho.tv\\\/site\\\/#\\\/schema\\\/person\\\/63f693da3e1899361cbe955c46f3232e\",\"name\":\"Lusa\",\"image\":{\"@type\":\"ImageObject\",\"inLanguage\":\"pt-PT\",\"@id\":\"https:\\\/\\\/www.altominho.tv\\\/site\\\/wp-content\\\/uploads\\\/2019\\\/08\\\/LUSA_Logo.gif\",\"url\":\"https:\\\/\\\/www.altominho.tv\\\/site\\\/wp-content\\\/uploads\\\/2019\\\/08\\\/LUSA_Logo.gif\",\"contentUrl\":\"https:\\\/\\\/www.altominho.tv\\\/site\\\/wp-content\\\/uploads\\\/2019\\\/08\\\/LUSA_Logo.gif\",\"caption\":\"Lusa\"},\"sameAs\":[\"http:\\\/\\\/\\\/\\\/www.altominho.tv\\\/site\"],\"url\":\"https:\\\/\\\/www.altominho.tv\\\/site\\\/author\\\/lusa\\\/\"}]}<\/script>\n<!-- \/ Yoast SEO Premium plugin. -->","yoast_head_json":{"title":"Festival Sonic Blast em agosto com Turbonegro, High on Fire e Deafheaven","description":"O festival Sonic Blast vai regressar \u00e0 Praia da Duna do Caldeir\u00e3o, em \u00c2ncora, em agosto com as presen\u00e7as de High on Fire, Deafheaven, Turbonegro e Kylesa, entre outros, anunciou hoje a organiza\u00e7\u00e3o.","robots":{"index":"index","follow":"follow","max-snippet":"max-snippet:-1","max-image-preview":"max-image-preview:large","max-video-preview":"max-video-preview:-1"},"canonical":"https:\/\/www.altominho.tv\/site\/2025\/12\/02\/festival-sonic-blast-em-agosto-com-turbonegro-high-on-fire-e-deafheaven\/","og_locale":"pt_PT","og_type":"article","og_title":"Festival Sonic Blast em agosto com Turbonegro, High on Fire e Deafheaven","og_description":"O festival Sonic Blast vai regressar \u00e0 Praia da Duna do Caldeir\u00e3o, em \u00c2ncora, em agosto com as presen\u00e7as de High on Fire, Deafheaven, Turbonegro e Kylesa, entre outros, anunciou hoje a organiza\u00e7\u00e3o.","og_url":"https:\/\/www.altominho.tv\/site\/2025\/12\/02\/festival-sonic-blast-em-agosto-com-turbonegro-high-on-fire-e-deafheaven\/","og_site_name":"Altominho.tv","article_publisher":"https:\/\/www.facebook.com\/altominhotv","article_published_time":"2025-12-02T15:28:08+00:00","article_modified_time":"2025-12-02T15:29:41+00:00","og_image":[{"width":1200,"height":630,"url":"https:\/\/www.altominho.tv\/site\/wp-content\/uploads\/2025\/12\/sonic-blast.jpg","type":"image\/jpeg"}],"author":"Lusa","twitter_card":"summary_large_image","twitter_creator":"@altominhoTV","twitter_site":"@altominhoTV","twitter_misc":{"Escrito por":"Lusa","Tempo estimado de leitura":"1 minuto"},"schema":{"@context":"https:\/\/schema.org","@graph":[{"@type":"Article","@id":"https:\/\/www.altominho.tv\/site\/2025\/12\/02\/festival-sonic-blast-em-agosto-com-turbonegro-high-on-fire-e-deafheaven\/#article","isPartOf":{"@id":"https:\/\/www.altominho.tv\/site\/2025\/12\/02\/festival-sonic-blast-em-agosto-com-turbonegro-high-on-fire-e-deafheaven\/"},"author":{"name":"Lusa","@id":"https:\/\/www.altominho.tv\/site\/#\/schema\/person\/63f693da3e1899361cbe955c46f3232e"},"headline":"Festival Sonic Blast em agosto com Turbonegro, High on Fire e Deafheaven","datePublished":"2025-12-02T15:28:08+00:00","dateModified":"2025-12-02T15:29:41+00:00","mainEntityOfPage":{"@id":"https:\/\/www.altominho.tv\/site\/2025\/12\/02\/festival-sonic-blast-em-agosto-com-turbonegro-high-on-fire-e-deafheaven\/"},"wordCount":140,"image":{"@id":"https:\/\/www.altominho.tv\/site\/2025\/12\/02\/festival-sonic-blast-em-agosto-com-turbonegro-high-on-fire-e-deafheaven\/#primaryimage"},"thumbnailUrl":"https:\/\/www.altominho.tv\/site\/wp-content\/uploads\/2025\/12\/sonic-blast.jpg","keywords":["Lazer"],"articleSection":["Caminha"],"inLanguage":"pt-PT","copyrightYear":"2025","copyrightHolder":{"@id":"https:\/\/www.altominho.tv\/site\/#organization"}},{"@type":"WebPage","@id":"https:\/\/www.altominho.tv\/site\/2025\/12\/02\/festival-sonic-blast-em-agosto-com-turbonegro-high-on-fire-e-deafheaven\/","url":"https:\/\/www.altominho.tv\/site\/2025\/12\/02\/festival-sonic-blast-em-agosto-com-turbonegro-high-on-fire-e-deafheaven\/","name":"Festival Sonic Blast em agosto com Turbonegro, High on Fire e Deafheaven","isPartOf":{"@id":"https:\/\/www.altominho.tv\/site\/#website"},"primaryImageOfPage":{"@id":"https:\/\/www.altominho.tv\/site\/2025\/12\/02\/festival-sonic-blast-em-agosto-com-turbonegro-high-on-fire-e-deafheaven\/#primaryimage"},"image":{"@id":"https:\/\/www.altominho.tv\/site\/2025\/12\/02\/festival-sonic-blast-em-agosto-com-turbonegro-high-on-fire-e-deafheaven\/#primaryimage"},"thumbnailUrl":"https:\/\/www.altominho.tv\/site\/wp-content\/uploads\/2025\/12\/sonic-blast.jpg","datePublished":"2025-12-02T15:28:08+00:00","dateModified":"2025-12-02T15:29:41+00:00","author":{"@id":"https:\/\/www.altominho.tv\/site\/#\/schema\/person\/63f693da3e1899361cbe955c46f3232e"},"description":"O festival Sonic Blast vai regressar \u00e0 Praia da Duna do Caldeir\u00e3o, em \u00c2ncora, em agosto com as presen\u00e7as de High on Fire, Deafheaven, Turbonegro e Kylesa, entre outros, anunciou hoje a organiza\u00e7\u00e3o.","breadcrumb":{"@id":"https:\/\/www.altominho.tv\/site\/2025\/12\/02\/festival-sonic-blast-em-agosto-com-turbonegro-high-on-fire-e-deafheaven\/#breadcrumb"},"inLanguage":"pt-PT","potentialAction":[{"@type":"ReadAction","target":["https:\/\/www.altominho.tv\/site\/2025\/12\/02\/festival-sonic-blast-em-agosto-com-turbonegro-high-on-fire-e-deafheaven\/"]}]},{"@type":"ImageObject","inLanguage":"pt-PT","@id":"https:\/\/www.altominho.tv\/site\/2025\/12\/02\/festival-sonic-blast-em-agosto-com-turbonegro-high-on-fire-e-deafheaven\/#primaryimage","url":"https:\/\/www.altominho.tv\/site\/wp-content\/uploads\/2025\/12\/sonic-blast.jpg","contentUrl":"https:\/\/www.altominho.tv\/site\/wp-content\/uploads\/2025\/12\/sonic-blast.jpg","width":1200,"height":630},{"@type":"BreadcrumbList","@id":"https:\/\/www.altominho.tv\/site\/2025\/12\/02\/festival-sonic-blast-em-agosto-com-turbonegro-high-on-fire-e-deafheaven\/#breadcrumb","itemListElement":[{"@type":"ListItem","position":1,"name":"In\u00edcio","item":"https:\/\/www.altominho.tv\/site\/"},{"@type":"ListItem","position":2,"name":"Festival Sonic Blast em agosto com Turbonegro, High on Fire e Deafheaven"}]},{"@type":"WebSite","@id":"https:\/\/www.altominho.tv\/site\/#website","url":"https:\/\/www.altominho.tv\/site\/","name":"Altominho.tv","description":"A sua regi\u00e3o \u00e0 dist\u00e2ncia de um clique...","potentialAction":[{"@type":"SearchAction","target":{"@type":"EntryPoint","urlTemplate":"https:\/\/www.altominho.tv\/site\/?s={search_term_string}"},"query-input":{"@type":"PropertyValueSpecification","valueRequired":true,"valueName":"search_term_string"}}],"inLanguage":"pt-PT"},{"@type":"Person","@id":"https:\/\/www.altominho.tv\/site\/#\/schema\/person\/63f693da3e1899361cbe955c46f3232e","name":"Lusa","image":{"@type":"ImageObject","inLanguage":"pt-PT","@id":"https:\/\/www.altominho.tv\/site\/wp-content\/uploads\/2019\/08\/LUSA_Logo.gif","url":"https:\/\/www.altominho.tv\/site\/wp-content\/uploads\/2019\/08\/LUSA_Logo.gif","contentUrl":"https:\/\/www.altominho.tv\/site\/wp-content\/uploads\/2019\/08\/LUSA_Logo.gif","caption":"Lusa"},"sameAs":["http:\/\/\/\/www.altominho.tv\/site"],"url":"https:\/\/www.altominho.tv\/site\/author\/lusa\/"}]}},"_links":{"self":[{"href":"https:\/\/www.altominho.tv\/site\/wp-json\/wp\/v2\/posts\/125892","targetHints":{"allow":["GET"]}}],"collection":[{"href":"https:\/\/www.altominho.tv\/site\/wp-json\/wp\/v2\/posts"}],"about":[{"href":"https:\/\/www.altominho.tv\/site\/wp-json\/wp\/v2\/types\/post"}],"author":[{"embeddable":true,"href":"https:\/\/www.altominho.tv\/site\/wp-json\/wp\/v2\/users\/13"}],"replies":[{"embeddable":true,"href":"https:\/\/www.altominho.tv\/site\/wp-json\/wp\/v2\/comments?post=125892"}],"version-history":[{"count":2,"href":"https:\/\/www.altominho.tv\/site\/wp-json\/wp\/v2\/posts\/125892\/revisions"}],"predecessor-version":[{"id":125897,"href":"https:\/\/www.altominho.tv\/site\/wp-json\/wp\/v2\/posts\/125892\/revisions\/125897"}],"wp:featuredmedia":[{"embeddable":true,"href":"https:\/\/www.altominho.tv\/site\/wp-json\/wp\/v2\/media\/125894"}],"wp:attachment":[{"href":"https:\/\/www.altominho.tv\/site\/wp-json\/wp\/v2\/media?parent=125892"}],"wp:term":[{"taxonomy":"category","embeddable":true,"href":"https:\/\/www.altominho.tv\/site\/wp-json\/wp\/v2\/categories?post=125892"},{"taxonomy":"post_tag","embeddable":true,"href":"https:\/\/www.altominho.tv\/site\/wp-json\/wp\/v2\/tags?post=125892"}],"curies":[{"name":"wp","href":"https:\/\/api.w.org\/{rel}","templated":true}]}}