{"id":125891,"date":"2025-12-02T15:26:24","date_gmt":"2025-12-02T15:26:24","guid":{"rendered":"https:\/\/www.altominho.tv\/site\/?p=125891"},"modified":"2025-12-02T15:26:26","modified_gmt":"2025-12-02T15:26:26","slug":"alto-minho-mau-tempo","status":"publish","type":"post","link":"https:\/\/www.altominho.tv\/site\/2025\/12\/02\/alto-minho-mau-tempo\/","title":{"rendered":"Mau tempo: Sete distritos sob aviso laranja e dez sob amarelo por agita\u00e7\u00e3o mar\u00edtima"},"content":{"rendered":"\n<p>Sete distritos de Portugal continental est\u00e3o hoje sob aviso laranja e 10 sob aviso amarelo devido \u00e0 agita\u00e7\u00e3o mar\u00edtima, segundo o IPMA, que prev\u00ea tamb\u00e9m queda de neve em dois distritos do interior norte.<\/p>\n\n\n\n<p>De acordo com o Instituto Portugu\u00eas do Mar e da Atmosfera (IPMA), os distritos sob aviso laranja devido \u00e0 agita\u00e7\u00e3o mar\u00edtima s\u00e3o Porto, Braga, Viana do Castelo, Lisboa, Leiria, Aveiro e Coimbra, com ondas de noroeste com cinco a seis metros de altura significativa, podendo atingir 11 metros de altura m\u00e1xima, entre as 18h00 de hoje e as 15h00 de quinta-feira.<\/p>\n\n\n\n<p>J\u00e1 os avisos amarelos, abrangem per\u00edodos antes e depois do laranja, com ondas de quatro a cinco metros, e incluem tamb\u00e9m Faro, Set\u00fabal e Beja.<\/p>\n\n\n\n<p>O aviso laranja \u00e9 emitido pelo IPMA sempre que existe &#8220;situa\u00e7\u00e3o meteorol\u00f3gica de risco moderado a elevado\u201d e o amarelo, quando h\u00e1 uma \u201csitua\u00e7\u00e3o de risco para determinadas atividades dependentes\u201d do estado do tempo.<\/p>\n\n\n\n<p>No interior norte, os distritos da Guarda e Castelo Branco est\u00e3o ainda sob aviso amarelo devido \u00e0 neve, prevendo-se acumula\u00e7\u00e3o de cerca de cinco cent\u00edmetros acima de 1.400 metros e at\u00e9 10 cent\u00edmetros nos pontos mais altos da Serra da Estrela.<\/p>\n\n\n\n<p>O IPMA alerta para poss\u00edveis perturba\u00e7\u00f5es, como vias condicionadas ou interditas, forma\u00e7\u00e3o de gelo, danos em estruturas ou \u00e1rvores e abastecimentos locais prejudicados.<\/p>\n\n\n\n<p>Recomenda ainda que se respeite os avisos emitidos e que sejam adotadas medidas preventivas, como a redu\u00e7\u00e3o de esfor\u00e7os no exterior durante os per\u00edodos de agita\u00e7\u00e3o mar\u00edtima e a aten\u00e7\u00e3o \u00e0s condi\u00e7\u00f5es das estradas em \u00e1reas com neve e gelo.<\/p>\n\n\n\n<p>A Dire\u00e7\u00e3o-Geral da Sa\u00fade (DGS) recomendou no domingo medidas preventivas face \u00e0s previs\u00f5es de tempo frio, em especial na regi\u00e3o Norte, recordando que h\u00e1 um aumento do risco de doen\u00e7as respirat\u00f3rias, agravamento de condi\u00e7\u00f5es cr\u00f3nicas e acidentes.<\/p>\n\n\n\n<p>Dando conta de que o IPMA prev\u00ea para os pr\u00f3ximos dias tempo frio, com alguns distritos do Norte de Portugal continental a registarem temperaturas negativas, a DGS emitiu algumas recomenda\u00e7\u00f5es \u00e0 popula\u00e7\u00e3o para que se proteja dos efeitos negativos do frio na sa\u00fade.<\/p>\n\n\n\n<p>Entre as recomenda\u00e7\u00f5es est\u00e3o evitar exposi\u00e7\u00f5es prolongadas ao frio e mudan\u00e7as bruscas de temperatura, vestir por camadas, usar gorro, luvas e cachecol, tentar \u201cn\u00e3o ficar sentado mais de uma hora seguida\u201d quando se estiver em casa, beber \u00e1gua mesmo que n\u00e3o se tenha sede, consumir sopas e bebidas quentes, evitar \u00e1lcool, aumentar o consumo de alimentos ricos em vitaminas, sais minerais e antioxidantes (por exemplo, frutos e hort\u00edcolas), e evitar alimentos fritos, com muita gordura ou a\u00e7\u00facar.<\/p>\n\n\n\n<p>A DGS apela tamb\u00e9m a uma \u201caten\u00e7\u00e3o refor\u00e7ada com os mais vulner\u00e1veis\u201d como crian\u00e7as pequenas, pessoas idosas, pessoas com doen\u00e7as cr\u00f3nicas, trabalhadores ao ar livre, pessoas em situa\u00e7\u00e3o de isolamento ou sem-abrigo, al\u00e9m de sugerir cuidados com a atividade no exterior, evitando-se esfor\u00e7os intensos no frio e usando roupa adequada.<\/p>\n","protected":false},"excerpt":{"rendered":"<p>Sete distritos de Portugal continental est\u00e3o hoje sob aviso laranja e 10 sob aviso amarelo devido \u00e0 agita\u00e7\u00e3o mar\u00edtima, segundo o IPMA, que prev\u00ea tamb\u00e9m queda de neve em dois distritos do interior norte. De acordo com o Instituto Portugu\u00eas do Mar e da Atmosfera (IPMA), os distritos sob aviso laranja devido \u00e0 agita\u00e7\u00e3o mar\u00edtima [&hellip;]<\/p>\n","protected":false},"author":13,"featured_media":125893,"comment_status":"closed","ping_status":"closed","sticky":false,"template":"","format":"standard","meta":{"_exactmetrics_skip_tracking":false,"_exactmetrics_sitenote_active":false,"_exactmetrics_sitenote_note":"","_exactmetrics_sitenote_category":0,"footnotes":""},"categories":[73],"tags":[27],"class_list":["post-125891","post","type-post","status-publish","format-standard","has-post-thumbnail","hentry","category-alto-minho","tag-sociedade"],"yoast_head":"<!-- This site is optimized with the Yoast SEO Premium plugin v27.5 (Yoast SEO v27.5) - https:\/\/yoast.com\/product\/yoast-seo-premium-wordpress\/ -->\n<title>Mau tempo: Sete distritos sob aviso laranja e dez sob amarelo por agita\u00e7\u00e3o mar\u00edtima<\/title>\n<meta name=\"description\" content=\"Mau tempo: Sete distritos sob aviso laranja e dez sob amarelo por agita\u00e7\u00e3o mar\u00edtima.\" \/>\n<meta name=\"robots\" content=\"index, follow, max-snippet:-1, max-image-preview:large, max-video-preview:-1\" \/>\n<link rel=\"canonical\" href=\"https:\/\/www.altominho.tv\/site\/2025\/12\/02\/alto-minho-mau-tempo\/\" \/>\n<meta property=\"og:locale\" content=\"pt_PT\" \/>\n<meta property=\"og:type\" content=\"article\" \/>\n<meta property=\"og:title\" content=\"Mau tempo: Sete distritos sob aviso laranja e dez sob amarelo por agita\u00e7\u00e3o mar\u00edtima\" \/>\n<meta property=\"og:description\" content=\"Mau tempo: Sete distritos sob aviso laranja e dez sob amarelo por agita\u00e7\u00e3o mar\u00edtima.\" \/>\n<meta property=\"og:url\" content=\"https:\/\/www.altominho.tv\/site\/2025\/12\/02\/alto-minho-mau-tempo\/\" \/>\n<meta property=\"og:site_name\" content=\"Altominho.tv\" \/>\n<meta property=\"article:publisher\" content=\"https:\/\/www.facebook.com\/altominhotv\" \/>\n<meta property=\"article:published_time\" content=\"2025-12-02T15:26:24+00:00\" \/>\n<meta property=\"article:modified_time\" content=\"2025-12-02T15:26:26+00:00\" \/>\n<meta property=\"og:image\" content=\"https:\/\/www.altominho.tv\/site\/wp-content\/uploads\/2025\/12\/mar-agitado.jpeg\" \/>\n\t<meta property=\"og:image:width\" content=\"1200\" \/>\n\t<meta property=\"og:image:height\" content=\"630\" \/>\n\t<meta property=\"og:image:type\" content=\"image\/jpeg\" \/>\n<meta name=\"author\" content=\"Lusa\" \/>\n<meta name=\"twitter:card\" content=\"summary_large_image\" \/>\n<meta name=\"twitter:creator\" content=\"@altominhoTV\" \/>\n<meta name=\"twitter:site\" content=\"@altominhoTV\" \/>\n<meta name=\"twitter:label1\" content=\"Escrito por\" \/>\n\t<meta name=\"twitter:data1\" content=\"Lusa\" \/>\n\t<meta name=\"twitter:label2\" content=\"Tempo estimado de leitura\" \/>\n\t<meta name=\"twitter:data2\" content=\"3 minutos\" \/>\n<script type=\"application\/ld+json\" class=\"yoast-schema-graph\">{\"@context\":\"https:\\\/\\\/schema.org\",\"@graph\":[{\"@type\":\"Article\",\"@id\":\"https:\\\/\\\/www.altominho.tv\\\/site\\\/2025\\\/12\\\/02\\\/alto-minho-mau-tempo\\\/#article\",\"isPartOf\":{\"@id\":\"https:\\\/\\\/www.altominho.tv\\\/site\\\/2025\\\/12\\\/02\\\/alto-minho-mau-tempo\\\/\"},\"author\":{\"name\":\"Lusa\",\"@id\":\"https:\\\/\\\/www.altominho.tv\\\/site\\\/#\\\/schema\\\/person\\\/63f693da3e1899361cbe955c46f3232e\"},\"headline\":\"Mau tempo: Sete distritos sob aviso laranja e dez sob amarelo por agita\u00e7\u00e3o mar\u00edtima\",\"datePublished\":\"2025-12-02T15:26:24+00:00\",\"dateModified\":\"2025-12-02T15:26:26+00:00\",\"mainEntityOfPage\":{\"@id\":\"https:\\\/\\\/www.altominho.tv\\\/site\\\/2025\\\/12\\\/02\\\/alto-minho-mau-tempo\\\/\"},\"wordCount\":531,\"image\":{\"@id\":\"https:\\\/\\\/www.altominho.tv\\\/site\\\/2025\\\/12\\\/02\\\/alto-minho-mau-tempo\\\/#primaryimage\"},\"thumbnailUrl\":\"https:\\\/\\\/www.altominho.tv\\\/site\\\/wp-content\\\/uploads\\\/2025\\\/12\\\/mar-agitado.jpeg\",\"keywords\":[\"Sociedade\"],\"articleSection\":[\"Alto Minho\"],\"inLanguage\":\"pt-PT\",\"copyrightYear\":\"2025\",\"copyrightHolder\":{\"@id\":\"https:\\\/\\\/www.altominho.tv\\\/site\\\/#organization\"}},{\"@type\":\"WebPage\",\"@id\":\"https:\\\/\\\/www.altominho.tv\\\/site\\\/2025\\\/12\\\/02\\\/alto-minho-mau-tempo\\\/\",\"url\":\"https:\\\/\\\/www.altominho.tv\\\/site\\\/2025\\\/12\\\/02\\\/alto-minho-mau-tempo\\\/\",\"name\":\"Mau tempo: Sete distritos sob aviso laranja e dez sob amarelo por agita\u00e7\u00e3o mar\u00edtima\",\"isPartOf\":{\"@id\":\"https:\\\/\\\/www.altominho.tv\\\/site\\\/#website\"},\"primaryImageOfPage\":{\"@id\":\"https:\\\/\\\/www.altominho.tv\\\/site\\\/2025\\\/12\\\/02\\\/alto-minho-mau-tempo\\\/#primaryimage\"},\"image\":{\"@id\":\"https:\\\/\\\/www.altominho.tv\\\/site\\\/2025\\\/12\\\/02\\\/alto-minho-mau-tempo\\\/#primaryimage\"},\"thumbnailUrl\":\"https:\\\/\\\/www.altominho.tv\\\/site\\\/wp-content\\\/uploads\\\/2025\\\/12\\\/mar-agitado.jpeg\",\"datePublished\":\"2025-12-02T15:26:24+00:00\",\"dateModified\":\"2025-12-02T15:26:26+00:00\",\"author\":{\"@id\":\"https:\\\/\\\/www.altominho.tv\\\/site\\\/#\\\/schema\\\/person\\\/63f693da3e1899361cbe955c46f3232e\"},\"description\":\"Mau tempo: Sete distritos sob aviso laranja e dez sob amarelo por agita\u00e7\u00e3o mar\u00edtima.\",\"breadcrumb\":{\"@id\":\"https:\\\/\\\/www.altominho.tv\\\/site\\\/2025\\\/12\\\/02\\\/alto-minho-mau-tempo\\\/#breadcrumb\"},\"inLanguage\":\"pt-PT\",\"potentialAction\":[{\"@type\":\"ReadAction\",\"target\":[\"https:\\\/\\\/www.altominho.tv\\\/site\\\/2025\\\/12\\\/02\\\/alto-minho-mau-tempo\\\/\"]}]},{\"@type\":\"ImageObject\",\"inLanguage\":\"pt-PT\",\"@id\":\"https:\\\/\\\/www.altominho.tv\\\/site\\\/2025\\\/12\\\/02\\\/alto-minho-mau-tempo\\\/#primaryimage\",\"url\":\"https:\\\/\\\/www.altominho.tv\\\/site\\\/wp-content\\\/uploads\\\/2025\\\/12\\\/mar-agitado.jpeg\",\"contentUrl\":\"https:\\\/\\\/www.altominho.tv\\\/site\\\/wp-content\\\/uploads\\\/2025\\\/12\\\/mar-agitado.jpeg\",\"width\":1200,\"height\":630},{\"@type\":\"BreadcrumbList\",\"@id\":\"https:\\\/\\\/www.altominho.tv\\\/site\\\/2025\\\/12\\\/02\\\/alto-minho-mau-tempo\\\/#breadcrumb\",\"itemListElement\":[{\"@type\":\"ListItem\",\"position\":1,\"name\":\"In\u00edcio\",\"item\":\"https:\\\/\\\/www.altominho.tv\\\/site\\\/\"},{\"@type\":\"ListItem\",\"position\":2,\"name\":\"Mau tempo: Sete distritos sob aviso laranja e dez sob amarelo por agita\u00e7\u00e3o mar\u00edtima\"}]},{\"@type\":\"WebSite\",\"@id\":\"https:\\\/\\\/www.altominho.tv\\\/site\\\/#website\",\"url\":\"https:\\\/\\\/www.altominho.tv\\\/site\\\/\",\"name\":\"Altominho.tv\",\"description\":\"A sua regi\u00e3o \u00e0 dist\u00e2ncia de um clique...\",\"potentialAction\":[{\"@type\":\"SearchAction\",\"target\":{\"@type\":\"EntryPoint\",\"urlTemplate\":\"https:\\\/\\\/www.altominho.tv\\\/site\\\/?s={search_term_string}\"},\"query-input\":{\"@type\":\"PropertyValueSpecification\",\"valueRequired\":true,\"valueName\":\"search_term_string\"}}],\"inLanguage\":\"pt-PT\"},{\"@type\":\"Person\",\"@id\":\"https:\\\/\\\/www.altominho.tv\\\/site\\\/#\\\/schema\\\/person\\\/63f693da3e1899361cbe955c46f3232e\",\"name\":\"Lusa\",\"image\":{\"@type\":\"ImageObject\",\"inLanguage\":\"pt-PT\",\"@id\":\"https:\\\/\\\/www.altominho.tv\\\/site\\\/wp-content\\\/uploads\\\/2019\\\/08\\\/LUSA_Logo.gif\",\"url\":\"https:\\\/\\\/www.altominho.tv\\\/site\\\/wp-content\\\/uploads\\\/2019\\\/08\\\/LUSA_Logo.gif\",\"contentUrl\":\"https:\\\/\\\/www.altominho.tv\\\/site\\\/wp-content\\\/uploads\\\/2019\\\/08\\\/LUSA_Logo.gif\",\"caption\":\"Lusa\"},\"sameAs\":[\"http:\\\/\\\/\\\/\\\/www.altominho.tv\\\/site\"],\"url\":\"https:\\\/\\\/www.altominho.tv\\\/site\\\/author\\\/lusa\\\/\"}]}<\/script>\n<!-- \/ Yoast SEO Premium plugin. -->","yoast_head_json":{"title":"Mau tempo: Sete distritos sob aviso laranja e dez sob amarelo por agita\u00e7\u00e3o mar\u00edtima","description":"Mau tempo: Sete distritos sob aviso laranja e dez sob amarelo por agita\u00e7\u00e3o mar\u00edtima.","robots":{"index":"index","follow":"follow","max-snippet":"max-snippet:-1","max-image-preview":"max-image-preview:large","max-video-preview":"max-video-preview:-1"},"canonical":"https:\/\/www.altominho.tv\/site\/2025\/12\/02\/alto-minho-mau-tempo\/","og_locale":"pt_PT","og_type":"article","og_title":"Mau tempo: Sete distritos sob aviso laranja e dez sob amarelo por agita\u00e7\u00e3o mar\u00edtima","og_description":"Mau tempo: Sete distritos sob aviso laranja e dez sob amarelo por agita\u00e7\u00e3o mar\u00edtima.","og_url":"https:\/\/www.altominho.tv\/site\/2025\/12\/02\/alto-minho-mau-tempo\/","og_site_name":"Altominho.tv","article_publisher":"https:\/\/www.facebook.com\/altominhotv","article_published_time":"2025-12-02T15:26:24+00:00","article_modified_time":"2025-12-02T15:26:26+00:00","og_image":[{"width":1200,"height":630,"url":"https:\/\/www.altominho.tv\/site\/wp-content\/uploads\/2025\/12\/mar-agitado.jpeg","type":"image\/jpeg"}],"author":"Lusa","twitter_card":"summary_large_image","twitter_creator":"@altominhoTV","twitter_site":"@altominhoTV","twitter_misc":{"Escrito por":"Lusa","Tempo estimado de leitura":"3 minutos"},"schema":{"@context":"https:\/\/schema.org","@graph":[{"@type":"Article","@id":"https:\/\/www.altominho.tv\/site\/2025\/12\/02\/alto-minho-mau-tempo\/#article","isPartOf":{"@id":"https:\/\/www.altominho.tv\/site\/2025\/12\/02\/alto-minho-mau-tempo\/"},"author":{"name":"Lusa","@id":"https:\/\/www.altominho.tv\/site\/#\/schema\/person\/63f693da3e1899361cbe955c46f3232e"},"headline":"Mau tempo: Sete distritos sob aviso laranja e dez sob amarelo por agita\u00e7\u00e3o mar\u00edtima","datePublished":"2025-12-02T15:26:24+00:00","dateModified":"2025-12-02T15:26:26+00:00","mainEntityOfPage":{"@id":"https:\/\/www.altominho.tv\/site\/2025\/12\/02\/alto-minho-mau-tempo\/"},"wordCount":531,"image":{"@id":"https:\/\/www.altominho.tv\/site\/2025\/12\/02\/alto-minho-mau-tempo\/#primaryimage"},"thumbnailUrl":"https:\/\/www.altominho.tv\/site\/wp-content\/uploads\/2025\/12\/mar-agitado.jpeg","keywords":["Sociedade"],"articleSection":["Alto Minho"],"inLanguage":"pt-PT","copyrightYear":"2025","copyrightHolder":{"@id":"https:\/\/www.altominho.tv\/site\/#organization"}},{"@type":"WebPage","@id":"https:\/\/www.altominho.tv\/site\/2025\/12\/02\/alto-minho-mau-tempo\/","url":"https:\/\/www.altominho.tv\/site\/2025\/12\/02\/alto-minho-mau-tempo\/","name":"Mau tempo: Sete distritos sob aviso laranja e dez sob amarelo por agita\u00e7\u00e3o mar\u00edtima","isPartOf":{"@id":"https:\/\/www.altominho.tv\/site\/#website"},"primaryImageOfPage":{"@id":"https:\/\/www.altominho.tv\/site\/2025\/12\/02\/alto-minho-mau-tempo\/#primaryimage"},"image":{"@id":"https:\/\/www.altominho.tv\/site\/2025\/12\/02\/alto-minho-mau-tempo\/#primaryimage"},"thumbnailUrl":"https:\/\/www.altominho.tv\/site\/wp-content\/uploads\/2025\/12\/mar-agitado.jpeg","datePublished":"2025-12-02T15:26:24+00:00","dateModified":"2025-12-02T15:26:26+00:00","author":{"@id":"https:\/\/www.altominho.tv\/site\/#\/schema\/person\/63f693da3e1899361cbe955c46f3232e"},"description":"Mau tempo: Sete distritos sob aviso laranja e dez sob amarelo por agita\u00e7\u00e3o mar\u00edtima.","breadcrumb":{"@id":"https:\/\/www.altominho.tv\/site\/2025\/12\/02\/alto-minho-mau-tempo\/#breadcrumb"},"inLanguage":"pt-PT","potentialAction":[{"@type":"ReadAction","target":["https:\/\/www.altominho.tv\/site\/2025\/12\/02\/alto-minho-mau-tempo\/"]}]},{"@type":"ImageObject","inLanguage":"pt-PT","@id":"https:\/\/www.altominho.tv\/site\/2025\/12\/02\/alto-minho-mau-tempo\/#primaryimage","url":"https:\/\/www.altominho.tv\/site\/wp-content\/uploads\/2025\/12\/mar-agitado.jpeg","contentUrl":"https:\/\/www.altominho.tv\/site\/wp-content\/uploads\/2025\/12\/mar-agitado.jpeg","width":1200,"height":630},{"@type":"BreadcrumbList","@id":"https:\/\/www.altominho.tv\/site\/2025\/12\/02\/alto-minho-mau-tempo\/#breadcrumb","itemListElement":[{"@type":"ListItem","position":1,"name":"In\u00edcio","item":"https:\/\/www.altominho.tv\/site\/"},{"@type":"ListItem","position":2,"name":"Mau tempo: Sete distritos sob aviso laranja e dez sob amarelo por agita\u00e7\u00e3o mar\u00edtima"}]},{"@type":"WebSite","@id":"https:\/\/www.altominho.tv\/site\/#website","url":"https:\/\/www.altominho.tv\/site\/","name":"Altominho.tv","description":"A sua regi\u00e3o \u00e0 dist\u00e2ncia de um clique...","potentialAction":[{"@type":"SearchAction","target":{"@type":"EntryPoint","urlTemplate":"https:\/\/www.altominho.tv\/site\/?s={search_term_string}"},"query-input":{"@type":"PropertyValueSpecification","valueRequired":true,"valueName":"search_term_string"}}],"inLanguage":"pt-PT"},{"@type":"Person","@id":"https:\/\/www.altominho.tv\/site\/#\/schema\/person\/63f693da3e1899361cbe955c46f3232e","name":"Lusa","image":{"@type":"ImageObject","inLanguage":"pt-PT","@id":"https:\/\/www.altominho.tv\/site\/wp-content\/uploads\/2019\/08\/LUSA_Logo.gif","url":"https:\/\/www.altominho.tv\/site\/wp-content\/uploads\/2019\/08\/LUSA_Logo.gif","contentUrl":"https:\/\/www.altominho.tv\/site\/wp-content\/uploads\/2019\/08\/LUSA_Logo.gif","caption":"Lusa"},"sameAs":["http:\/\/\/\/www.altominho.tv\/site"],"url":"https:\/\/www.altominho.tv\/site\/author\/lusa\/"}]}},"_links":{"self":[{"href":"https:\/\/www.altominho.tv\/site\/wp-json\/wp\/v2\/posts\/125891","targetHints":{"allow":["GET"]}}],"collection":[{"href":"https:\/\/www.altominho.tv\/site\/wp-json\/wp\/v2\/posts"}],"about":[{"href":"https:\/\/www.altominho.tv\/site\/wp-json\/wp\/v2\/types\/post"}],"author":[{"embeddable":true,"href":"https:\/\/www.altominho.tv\/site\/wp-json\/wp\/v2\/users\/13"}],"replies":[{"embeddable":true,"href":"https:\/\/www.altominho.tv\/site\/wp-json\/wp\/v2\/comments?post=125891"}],"version-history":[{"count":1,"href":"https:\/\/www.altominho.tv\/site\/wp-json\/wp\/v2\/posts\/125891\/revisions"}],"predecessor-version":[{"id":125895,"href":"https:\/\/www.altominho.tv\/site\/wp-json\/wp\/v2\/posts\/125891\/revisions\/125895"}],"wp:featuredmedia":[{"embeddable":true,"href":"https:\/\/www.altominho.tv\/site\/wp-json\/wp\/v2\/media\/125893"}],"wp:attachment":[{"href":"https:\/\/www.altominho.tv\/site\/wp-json\/wp\/v2\/media?parent=125891"}],"wp:term":[{"taxonomy":"category","embeddable":true,"href":"https:\/\/www.altominho.tv\/site\/wp-json\/wp\/v2\/categories?post=125891"},{"taxonomy":"post_tag","embeddable":true,"href":"https:\/\/www.altominho.tv\/site\/wp-json\/wp\/v2\/tags?post=125891"}],"curies":[{"name":"wp","href":"https:\/\/api.w.org\/{rel}","templated":true}]}}