{"id":125877,"date":"2025-12-02T10:00:23","date_gmt":"2025-12-02T10:00:23","guid":{"rendered":"https:\/\/www.altominho.tv\/site\/?p=125877"},"modified":"2025-12-02T10:00:25","modified_gmt":"2025-12-02T10:00:25","slug":"gnr-detem-homem-por-trafico-de-estupefacientes-e-posse-de-armas-proibidas-em-arcos-de-valdevez","status":"publish","type":"post","link":"https:\/\/www.altominho.tv\/site\/2025\/12\/02\/gnr-detem-homem-por-trafico-de-estupefacientes-e-posse-de-armas-proibidas-em-arcos-de-valdevez\/","title":{"rendered":"GNR det\u00e9m homem por tr\u00e1fico de estupefacientes e posse de armas proibidas em Arcos de Valdevez"},"content":{"rendered":"<p data-start=\"100\" data-end=\"437\">A GNR deteve\u00a0 um homem de 48 anos por tr\u00e1fico de estupefacientes e posse de armas proibidas, em Arcos de Valdevez. A deten\u00e7\u00e3o ocorreu \u00a0a 27 de novembro, no \u00e2mbito de uma investiga\u00e7\u00e3o por cultivo de droga que decorria h\u00e1 cerca de seis meses no concelho.<\/p>\n<p data-start=\"439\" data-end=\"877\">No seguimento das dilig\u00eancias, foram cumpridos dois mandados de busca \u2014 uma busca domicili\u00e1ria e outra a um ve\u00edculo \u2014 que permitiram apreender v\u00e1rios artigos. Entre o material encontrado constam 102 doses de liamba, 12 doses de haxixe, 30 sacos herm\u00e9ticos, duas pistolas e uma carabina de ar comprimido, uma navalha autom\u00e1tica, um bast\u00e3o extens\u00edvel, dois aeross\u00f3is de defesa, 12 110 muni\u00e7\u00f5es, 35 c\u00e1psulas de CO\u2082 e uma balan\u00e7a de precis\u00e3o.<\/p>\n<p data-start=\"879\" data-end=\"1057\">O suspeito foi constitu\u00eddo arguido e os factos comunicados ao Tribunal Judicial de Arcos de Valdevez. A opera\u00e7\u00e3o contou ainda com o apoio de militares do Posto Territorial local.<\/p>\n<p data-start=\"1059\" data-end=\"1378\" data-is-last-node=\"\" data-is-only-node=\"\">A Guarda Nacional Republicana relembra que a posse, transporte, guarda ou aquisi\u00e7\u00e3o de armas proibidas, sem autoriza\u00e7\u00e3o, configura crime, de acordo com o Regime Jur\u00eddico das Armas e Muni\u00e7\u00f5es. Tamb\u00e9m a deten\u00e7\u00e3o de armas n\u00e3o registadas ou n\u00e3o manifestadas, quando exigido por lei, constitui crime de posse ilegal de arma.<\/p>\n","protected":false},"excerpt":{"rendered":"<p>A GNR deteve\u00a0 um homem de 48 anos por tr\u00e1fico de estupefacientes e posse de armas proibidas, em Arcos de Valdevez. A deten\u00e7\u00e3o ocorreu \u00a0a 27 de novembro, no \u00e2mbito de uma investiga\u00e7\u00e3o por cultivo de droga que decorria h\u00e1 cerca de seis meses no concelho. No seguimento das dilig\u00eancias, foram cumpridos dois mandados de [&hellip;]<\/p>\n","protected":false},"author":1,"featured_media":125878,"comment_status":"closed","ping_status":"closed","sticky":false,"template":"","format":"standard","meta":{"_exactmetrics_skip_tracking":false,"_exactmetrics_sitenote_active":false,"_exactmetrics_sitenote_note":"","_exactmetrics_sitenote_category":0,"footnotes":""},"categories":[2],"tags":[27],"class_list":["post-125877","post","type-post","status-publish","format-standard","has-post-thumbnail","hentry","category-arcos-de-valdevez","tag-sociedade"],"yoast_head":"<!-- This site is optimized with the Yoast SEO Premium plugin v27.4 (Yoast SEO v27.4) - https:\/\/yoast.com\/product\/yoast-seo-premium-wordpress\/ -->\n<title>GNR det\u00e9m homem por tr\u00e1fico de estupefacientes e posse de armas proibidas em Arcos de Valdevez<\/title>\n<meta name=\"description\" content=\"A GNR deteve\u00a0 um homem de 48 anos por tr\u00e1fico de estupefacientes e posse de armas proibidas, em Arcos de Valdevez. A deten\u00e7\u00e3o ocorreu \u00a0a 27 de novembro, no \u00e2mbito de uma investiga\u00e7\u00e3o por cultivo de droga que decorria h\u00e1 cerca de seis meses no concelho.\" \/>\n<meta name=\"robots\" content=\"index, follow, max-snippet:-1, max-image-preview:large, max-video-preview:-1\" \/>\n<link rel=\"canonical\" href=\"https:\/\/www.altominho.tv\/site\/2025\/12\/02\/gnr-detem-homem-por-trafico-de-estupefacientes-e-posse-de-armas-proibidas-em-arcos-de-valdevez\/\" \/>\n<meta property=\"og:locale\" content=\"pt_PT\" \/>\n<meta property=\"og:type\" content=\"article\" \/>\n<meta property=\"og:title\" content=\"GNR det\u00e9m homem por tr\u00e1fico de estupefacientes e posse de armas proibidas em Arcos de Valdevez\" \/>\n<meta property=\"og:description\" content=\"A GNR deteve\u00a0 um homem de 48 anos por tr\u00e1fico de estupefacientes e posse de armas proibidas, em Arcos de Valdevez. A deten\u00e7\u00e3o ocorreu \u00a0a 27 de novembro, no \u00e2mbito de uma investiga\u00e7\u00e3o por cultivo de droga que decorria h\u00e1 cerca de seis meses no concelho.\" \/>\n<meta property=\"og:url\" content=\"https:\/\/www.altominho.tv\/site\/2025\/12\/02\/gnr-detem-homem-por-trafico-de-estupefacientes-e-posse-de-armas-proibidas-em-arcos-de-valdevez\/\" \/>\n<meta property=\"og:site_name\" content=\"Altominho.tv\" \/>\n<meta property=\"article:publisher\" content=\"https:\/\/www.facebook.com\/altominhotv\" \/>\n<meta property=\"article:published_time\" content=\"2025-12-02T10:00:23+00:00\" \/>\n<meta property=\"article:modified_time\" content=\"2025-12-02T10:00:25+00:00\" \/>\n<meta property=\"og:image\" content=\"https:\/\/www.altominho.tv\/site\/wp-content\/uploads\/2025\/12\/apreensao-arcos.jpg\" \/>\n\t<meta property=\"og:image:width\" content=\"1200\" \/>\n\t<meta property=\"og:image:height\" content=\"630\" \/>\n\t<meta property=\"og:image:type\" content=\"image\/jpeg\" \/>\n<meta name=\"author\" content=\"Altominho.tv\" \/>\n<meta name=\"twitter:card\" content=\"summary_large_image\" \/>\n<meta name=\"twitter:creator\" content=\"@altominhoTV\" \/>\n<meta name=\"twitter:site\" content=\"@altominhoTV\" \/>\n<meta name=\"twitter:label1\" content=\"Escrito por\" \/>\n\t<meta name=\"twitter:data1\" content=\"Altominho.tv\" \/>\n\t<meta name=\"twitter:label2\" content=\"Tempo estimado de leitura\" \/>\n\t<meta name=\"twitter:data2\" content=\"2 minutos\" \/>\n<script type=\"application\/ld+json\" class=\"yoast-schema-graph\">{\"@context\":\"https:\\\/\\\/schema.org\",\"@graph\":[{\"@type\":\"Article\",\"@id\":\"https:\\\/\\\/www.altominho.tv\\\/site\\\/2025\\\/12\\\/02\\\/gnr-detem-homem-por-trafico-de-estupefacientes-e-posse-de-armas-proibidas-em-arcos-de-valdevez\\\/#article\",\"isPartOf\":{\"@id\":\"https:\\\/\\\/www.altominho.tv\\\/site\\\/2025\\\/12\\\/02\\\/gnr-detem-homem-por-trafico-de-estupefacientes-e-posse-de-armas-proibidas-em-arcos-de-valdevez\\\/\"},\"author\":{\"name\":\"Altominho.tv\",\"@id\":\"https:\\\/\\\/www.altominho.tv\\\/site\\\/#\\\/schema\\\/person\\\/4e536851627d7914baf3dac752b6af22\"},\"headline\":\"GNR det\u00e9m homem por tr\u00e1fico de estupefacientes e posse de armas proibidas em Arcos de Valdevez\",\"datePublished\":\"2025-12-02T10:00:23+00:00\",\"dateModified\":\"2025-12-02T10:00:25+00:00\",\"mainEntityOfPage\":{\"@id\":\"https:\\\/\\\/www.altominho.tv\\\/site\\\/2025\\\/12\\\/02\\\/gnr-detem-homem-por-trafico-de-estupefacientes-e-posse-de-armas-proibidas-em-arcos-de-valdevez\\\/\"},\"wordCount\":230,\"image\":{\"@id\":\"https:\\\/\\\/www.altominho.tv\\\/site\\\/2025\\\/12\\\/02\\\/gnr-detem-homem-por-trafico-de-estupefacientes-e-posse-de-armas-proibidas-em-arcos-de-valdevez\\\/#primaryimage\"},\"thumbnailUrl\":\"https:\\\/\\\/www.altominho.tv\\\/site\\\/wp-content\\\/uploads\\\/2025\\\/12\\\/apreensao-arcos.jpg\",\"keywords\":[\"Sociedade\"],\"articleSection\":[\"Arcos de Valdevez\"],\"inLanguage\":\"pt-PT\",\"copyrightYear\":\"2025\",\"copyrightHolder\":{\"@id\":\"https:\\\/\\\/www.altominho.tv\\\/site\\\/#organization\"}},{\"@type\":\"WebPage\",\"@id\":\"https:\\\/\\\/www.altominho.tv\\\/site\\\/2025\\\/12\\\/02\\\/gnr-detem-homem-por-trafico-de-estupefacientes-e-posse-de-armas-proibidas-em-arcos-de-valdevez\\\/\",\"url\":\"https:\\\/\\\/www.altominho.tv\\\/site\\\/2025\\\/12\\\/02\\\/gnr-detem-homem-por-trafico-de-estupefacientes-e-posse-de-armas-proibidas-em-arcos-de-valdevez\\\/\",\"name\":\"GNR det\u00e9m homem por tr\u00e1fico de estupefacientes e posse de armas proibidas em Arcos de Valdevez\",\"isPartOf\":{\"@id\":\"https:\\\/\\\/www.altominho.tv\\\/site\\\/#website\"},\"primaryImageOfPage\":{\"@id\":\"https:\\\/\\\/www.altominho.tv\\\/site\\\/2025\\\/12\\\/02\\\/gnr-detem-homem-por-trafico-de-estupefacientes-e-posse-de-armas-proibidas-em-arcos-de-valdevez\\\/#primaryimage\"},\"image\":{\"@id\":\"https:\\\/\\\/www.altominho.tv\\\/site\\\/2025\\\/12\\\/02\\\/gnr-detem-homem-por-trafico-de-estupefacientes-e-posse-de-armas-proibidas-em-arcos-de-valdevez\\\/#primaryimage\"},\"thumbnailUrl\":\"https:\\\/\\\/www.altominho.tv\\\/site\\\/wp-content\\\/uploads\\\/2025\\\/12\\\/apreensao-arcos.jpg\",\"datePublished\":\"2025-12-02T10:00:23+00:00\",\"dateModified\":\"2025-12-02T10:00:25+00:00\",\"author\":{\"@id\":\"https:\\\/\\\/www.altominho.tv\\\/site\\\/#\\\/schema\\\/person\\\/4e536851627d7914baf3dac752b6af22\"},\"description\":\"A GNR deteve\u00a0 um homem de 48 anos por tr\u00e1fico de estupefacientes e posse de armas proibidas, em Arcos de Valdevez. A deten\u00e7\u00e3o ocorreu \u00a0a 27 de novembro, no \u00e2mbito de uma investiga\u00e7\u00e3o por cultivo de droga que decorria h\u00e1 cerca de seis meses no concelho.\",\"breadcrumb\":{\"@id\":\"https:\\\/\\\/www.altominho.tv\\\/site\\\/2025\\\/12\\\/02\\\/gnr-detem-homem-por-trafico-de-estupefacientes-e-posse-de-armas-proibidas-em-arcos-de-valdevez\\\/#breadcrumb\"},\"inLanguage\":\"pt-PT\",\"potentialAction\":[{\"@type\":\"ReadAction\",\"target\":[\"https:\\\/\\\/www.altominho.tv\\\/site\\\/2025\\\/12\\\/02\\\/gnr-detem-homem-por-trafico-de-estupefacientes-e-posse-de-armas-proibidas-em-arcos-de-valdevez\\\/\"]}]},{\"@type\":\"ImageObject\",\"inLanguage\":\"pt-PT\",\"@id\":\"https:\\\/\\\/www.altominho.tv\\\/site\\\/2025\\\/12\\\/02\\\/gnr-detem-homem-por-trafico-de-estupefacientes-e-posse-de-armas-proibidas-em-arcos-de-valdevez\\\/#primaryimage\",\"url\":\"https:\\\/\\\/www.altominho.tv\\\/site\\\/wp-content\\\/uploads\\\/2025\\\/12\\\/apreensao-arcos.jpg\",\"contentUrl\":\"https:\\\/\\\/www.altominho.tv\\\/site\\\/wp-content\\\/uploads\\\/2025\\\/12\\\/apreensao-arcos.jpg\",\"width\":1200,\"height\":630},{\"@type\":\"BreadcrumbList\",\"@id\":\"https:\\\/\\\/www.altominho.tv\\\/site\\\/2025\\\/12\\\/02\\\/gnr-detem-homem-por-trafico-de-estupefacientes-e-posse-de-armas-proibidas-em-arcos-de-valdevez\\\/#breadcrumb\",\"itemListElement\":[{\"@type\":\"ListItem\",\"position\":1,\"name\":\"In\u00edcio\",\"item\":\"https:\\\/\\\/www.altominho.tv\\\/site\\\/\"},{\"@type\":\"ListItem\",\"position\":2,\"name\":\"GNR det\u00e9m homem por tr\u00e1fico de estupefacientes e posse de armas proibidas em Arcos de Valdevez\"}]},{\"@type\":\"WebSite\",\"@id\":\"https:\\\/\\\/www.altominho.tv\\\/site\\\/#website\",\"url\":\"https:\\\/\\\/www.altominho.tv\\\/site\\\/\",\"name\":\"Altominho.tv\",\"description\":\"A sua regi\u00e3o \u00e0 dist\u00e2ncia de um clique...\",\"potentialAction\":[{\"@type\":\"SearchAction\",\"target\":{\"@type\":\"EntryPoint\",\"urlTemplate\":\"https:\\\/\\\/www.altominho.tv\\\/site\\\/?s={search_term_string}\"},\"query-input\":{\"@type\":\"PropertyValueSpecification\",\"valueRequired\":true,\"valueName\":\"search_term_string\"}}],\"inLanguage\":\"pt-PT\"},{\"@type\":\"Person\",\"@id\":\"https:\\\/\\\/www.altominho.tv\\\/site\\\/#\\\/schema\\\/person\\\/4e536851627d7914baf3dac752b6af22\",\"name\":\"Altominho.tv\",\"image\":{\"@type\":\"ImageObject\",\"inLanguage\":\"pt-PT\",\"@id\":\"https:\\\/\\\/www.altominho.tv\\\/site\\\/wp-content\\\/uploads\\\/2019\\\/11\\\/Logo_Avatar_2-150x150.jpg\",\"url\":\"https:\\\/\\\/www.altominho.tv\\\/site\\\/wp-content\\\/uploads\\\/2019\\\/11\\\/Logo_Avatar_2-150x150.jpg\",\"contentUrl\":\"https:\\\/\\\/www.altominho.tv\\\/site\\\/wp-content\\\/uploads\\\/2019\\\/11\\\/Logo_Avatar_2-150x150.jpg\",\"caption\":\"Altominho.tv\"},\"url\":\"https:\\\/\\\/www.altominho.tv\\\/site\\\/author\\\/altominhotv-tecnico\\\/\"}]}<\/script>\n<!-- \/ Yoast SEO Premium plugin. -->","yoast_head_json":{"title":"GNR det\u00e9m homem por tr\u00e1fico de estupefacientes e posse de armas proibidas em Arcos de Valdevez","description":"A GNR deteve\u00a0 um homem de 48 anos por tr\u00e1fico de estupefacientes e posse de armas proibidas, em Arcos de Valdevez. A deten\u00e7\u00e3o ocorreu \u00a0a 27 de novembro, no \u00e2mbito de uma investiga\u00e7\u00e3o por cultivo de droga que decorria h\u00e1 cerca de seis meses no concelho.","robots":{"index":"index","follow":"follow","max-snippet":"max-snippet:-1","max-image-preview":"max-image-preview:large","max-video-preview":"max-video-preview:-1"},"canonical":"https:\/\/www.altominho.tv\/site\/2025\/12\/02\/gnr-detem-homem-por-trafico-de-estupefacientes-e-posse-de-armas-proibidas-em-arcos-de-valdevez\/","og_locale":"pt_PT","og_type":"article","og_title":"GNR det\u00e9m homem por tr\u00e1fico de estupefacientes e posse de armas proibidas em Arcos de Valdevez","og_description":"A GNR deteve\u00a0 um homem de 48 anos por tr\u00e1fico de estupefacientes e posse de armas proibidas, em Arcos de Valdevez. A deten\u00e7\u00e3o ocorreu \u00a0a 27 de novembro, no \u00e2mbito de uma investiga\u00e7\u00e3o por cultivo de droga que decorria h\u00e1 cerca de seis meses no concelho.","og_url":"https:\/\/www.altominho.tv\/site\/2025\/12\/02\/gnr-detem-homem-por-trafico-de-estupefacientes-e-posse-de-armas-proibidas-em-arcos-de-valdevez\/","og_site_name":"Altominho.tv","article_publisher":"https:\/\/www.facebook.com\/altominhotv","article_published_time":"2025-12-02T10:00:23+00:00","article_modified_time":"2025-12-02T10:00:25+00:00","og_image":[{"width":1200,"height":630,"url":"https:\/\/www.altominho.tv\/site\/wp-content\/uploads\/2025\/12\/apreensao-arcos.jpg","type":"image\/jpeg"}],"author":"Altominho.tv","twitter_card":"summary_large_image","twitter_creator":"@altominhoTV","twitter_site":"@altominhoTV","twitter_misc":{"Escrito por":"Altominho.tv","Tempo estimado de leitura":"2 minutos"},"schema":{"@context":"https:\/\/schema.org","@graph":[{"@type":"Article","@id":"https:\/\/www.altominho.tv\/site\/2025\/12\/02\/gnr-detem-homem-por-trafico-de-estupefacientes-e-posse-de-armas-proibidas-em-arcos-de-valdevez\/#article","isPartOf":{"@id":"https:\/\/www.altominho.tv\/site\/2025\/12\/02\/gnr-detem-homem-por-trafico-de-estupefacientes-e-posse-de-armas-proibidas-em-arcos-de-valdevez\/"},"author":{"name":"Altominho.tv","@id":"https:\/\/www.altominho.tv\/site\/#\/schema\/person\/4e536851627d7914baf3dac752b6af22"},"headline":"GNR det\u00e9m homem por tr\u00e1fico de estupefacientes e posse de armas proibidas em Arcos de Valdevez","datePublished":"2025-12-02T10:00:23+00:00","dateModified":"2025-12-02T10:00:25+00:00","mainEntityOfPage":{"@id":"https:\/\/www.altominho.tv\/site\/2025\/12\/02\/gnr-detem-homem-por-trafico-de-estupefacientes-e-posse-de-armas-proibidas-em-arcos-de-valdevez\/"},"wordCount":230,"image":{"@id":"https:\/\/www.altominho.tv\/site\/2025\/12\/02\/gnr-detem-homem-por-trafico-de-estupefacientes-e-posse-de-armas-proibidas-em-arcos-de-valdevez\/#primaryimage"},"thumbnailUrl":"https:\/\/www.altominho.tv\/site\/wp-content\/uploads\/2025\/12\/apreensao-arcos.jpg","keywords":["Sociedade"],"articleSection":["Arcos de Valdevez"],"inLanguage":"pt-PT","copyrightYear":"2025","copyrightHolder":{"@id":"https:\/\/www.altominho.tv\/site\/#organization"}},{"@type":"WebPage","@id":"https:\/\/www.altominho.tv\/site\/2025\/12\/02\/gnr-detem-homem-por-trafico-de-estupefacientes-e-posse-de-armas-proibidas-em-arcos-de-valdevez\/","url":"https:\/\/www.altominho.tv\/site\/2025\/12\/02\/gnr-detem-homem-por-trafico-de-estupefacientes-e-posse-de-armas-proibidas-em-arcos-de-valdevez\/","name":"GNR det\u00e9m homem por tr\u00e1fico de estupefacientes e posse de armas proibidas em Arcos de Valdevez","isPartOf":{"@id":"https:\/\/www.altominho.tv\/site\/#website"},"primaryImageOfPage":{"@id":"https:\/\/www.altominho.tv\/site\/2025\/12\/02\/gnr-detem-homem-por-trafico-de-estupefacientes-e-posse-de-armas-proibidas-em-arcos-de-valdevez\/#primaryimage"},"image":{"@id":"https:\/\/www.altominho.tv\/site\/2025\/12\/02\/gnr-detem-homem-por-trafico-de-estupefacientes-e-posse-de-armas-proibidas-em-arcos-de-valdevez\/#primaryimage"},"thumbnailUrl":"https:\/\/www.altominho.tv\/site\/wp-content\/uploads\/2025\/12\/apreensao-arcos.jpg","datePublished":"2025-12-02T10:00:23+00:00","dateModified":"2025-12-02T10:00:25+00:00","author":{"@id":"https:\/\/www.altominho.tv\/site\/#\/schema\/person\/4e536851627d7914baf3dac752b6af22"},"description":"A GNR deteve\u00a0 um homem de 48 anos por tr\u00e1fico de estupefacientes e posse de armas proibidas, em Arcos de Valdevez. A deten\u00e7\u00e3o ocorreu \u00a0a 27 de novembro, no \u00e2mbito de uma investiga\u00e7\u00e3o por cultivo de droga que decorria h\u00e1 cerca de seis meses no concelho.","breadcrumb":{"@id":"https:\/\/www.altominho.tv\/site\/2025\/12\/02\/gnr-detem-homem-por-trafico-de-estupefacientes-e-posse-de-armas-proibidas-em-arcos-de-valdevez\/#breadcrumb"},"inLanguage":"pt-PT","potentialAction":[{"@type":"ReadAction","target":["https:\/\/www.altominho.tv\/site\/2025\/12\/02\/gnr-detem-homem-por-trafico-de-estupefacientes-e-posse-de-armas-proibidas-em-arcos-de-valdevez\/"]}]},{"@type":"ImageObject","inLanguage":"pt-PT","@id":"https:\/\/www.altominho.tv\/site\/2025\/12\/02\/gnr-detem-homem-por-trafico-de-estupefacientes-e-posse-de-armas-proibidas-em-arcos-de-valdevez\/#primaryimage","url":"https:\/\/www.altominho.tv\/site\/wp-content\/uploads\/2025\/12\/apreensao-arcos.jpg","contentUrl":"https:\/\/www.altominho.tv\/site\/wp-content\/uploads\/2025\/12\/apreensao-arcos.jpg","width":1200,"height":630},{"@type":"BreadcrumbList","@id":"https:\/\/www.altominho.tv\/site\/2025\/12\/02\/gnr-detem-homem-por-trafico-de-estupefacientes-e-posse-de-armas-proibidas-em-arcos-de-valdevez\/#breadcrumb","itemListElement":[{"@type":"ListItem","position":1,"name":"In\u00edcio","item":"https:\/\/www.altominho.tv\/site\/"},{"@type":"ListItem","position":2,"name":"GNR det\u00e9m homem por tr\u00e1fico de estupefacientes e posse de armas proibidas em Arcos de Valdevez"}]},{"@type":"WebSite","@id":"https:\/\/www.altominho.tv\/site\/#website","url":"https:\/\/www.altominho.tv\/site\/","name":"Altominho.tv","description":"A sua regi\u00e3o \u00e0 dist\u00e2ncia de um clique...","potentialAction":[{"@type":"SearchAction","target":{"@type":"EntryPoint","urlTemplate":"https:\/\/www.altominho.tv\/site\/?s={search_term_string}"},"query-input":{"@type":"PropertyValueSpecification","valueRequired":true,"valueName":"search_term_string"}}],"inLanguage":"pt-PT"},{"@type":"Person","@id":"https:\/\/www.altominho.tv\/site\/#\/schema\/person\/4e536851627d7914baf3dac752b6af22","name":"Altominho.tv","image":{"@type":"ImageObject","inLanguage":"pt-PT","@id":"https:\/\/www.altominho.tv\/site\/wp-content\/uploads\/2019\/11\/Logo_Avatar_2-150x150.jpg","url":"https:\/\/www.altominho.tv\/site\/wp-content\/uploads\/2019\/11\/Logo_Avatar_2-150x150.jpg","contentUrl":"https:\/\/www.altominho.tv\/site\/wp-content\/uploads\/2019\/11\/Logo_Avatar_2-150x150.jpg","caption":"Altominho.tv"},"url":"https:\/\/www.altominho.tv\/site\/author\/altominhotv-tecnico\/"}]}},"_links":{"self":[{"href":"https:\/\/www.altominho.tv\/site\/wp-json\/wp\/v2\/posts\/125877","targetHints":{"allow":["GET"]}}],"collection":[{"href":"https:\/\/www.altominho.tv\/site\/wp-json\/wp\/v2\/posts"}],"about":[{"href":"https:\/\/www.altominho.tv\/site\/wp-json\/wp\/v2\/types\/post"}],"author":[{"embeddable":true,"href":"https:\/\/www.altominho.tv\/site\/wp-json\/wp\/v2\/users\/1"}],"replies":[{"embeddable":true,"href":"https:\/\/www.altominho.tv\/site\/wp-json\/wp\/v2\/comments?post=125877"}],"version-history":[{"count":1,"href":"https:\/\/www.altominho.tv\/site\/wp-json\/wp\/v2\/posts\/125877\/revisions"}],"predecessor-version":[{"id":125879,"href":"https:\/\/www.altominho.tv\/site\/wp-json\/wp\/v2\/posts\/125877\/revisions\/125879"}],"wp:featuredmedia":[{"embeddable":true,"href":"https:\/\/www.altominho.tv\/site\/wp-json\/wp\/v2\/media\/125878"}],"wp:attachment":[{"href":"https:\/\/www.altominho.tv\/site\/wp-json\/wp\/v2\/media?parent=125877"}],"wp:term":[{"taxonomy":"category","embeddable":true,"href":"https:\/\/www.altominho.tv\/site\/wp-json\/wp\/v2\/categories?post=125877"},{"taxonomy":"post_tag","embeddable":true,"href":"https:\/\/www.altominho.tv\/site\/wp-json\/wp\/v2\/tags?post=125877"}],"curies":[{"name":"wp","href":"https:\/\/api.w.org\/{rel}","templated":true}]}}