{"id":125860,"date":"2025-11-30T20:11:23","date_gmt":"2025-11-30T20:11:23","guid":{"rendered":"https:\/\/www.altominho.tv\/site\/?p=125860"},"modified":"2025-11-30T20:11:25","modified_gmt":"2025-11-30T20:11:25","slug":"fortaleza-de-valenca-transforma-se-num-paraiso-de-chocolate","status":"publish","type":"post","link":"https:\/\/www.altominho.tv\/site\/2025\/11\/30\/fortaleza-de-valenca-transforma-se-num-paraiso-de-chocolate\/","title":{"rendered":"Fortaleza de Valen\u00e7a transforma-se num para\u00edso de chocolate"},"content":{"rendered":"\n<iframe loading=\"lazy\" width=\"560\" height=\"315\" src=\"https:\/\/www.youtube.com\/embed\/HLMMlABV4dU?si=nj8NUA1I4XZJ17Sf\" title=\"YouTube video player\" frameborder=\"0\" allow=\"accelerometer; autoplay; clipboard-write; encrypted-media; gyroscope; picture-in-picture; web-share\" referrerpolicy=\"strict-origin-when-cross-origin\" allowfullscreen><\/iframe>\n\n\n<p>At\u00e9 8 de dezembro, a Fortaleza de Valen\u00e7a transforma-se num verdadeiro para\u00edso para os amantes de chocolate.<\/p>\n<p>Degusta\u00e7\u00f5es exclusivas, produtos diferenciados e demonstra\u00e7\u00f5es ao vivo s\u00e3o apenas algumas das atra\u00e7\u00f5es que aguardam os visitantes.<\/p>\n<p>Ao longo de 11 dias o chocolate \u00e9 celebrado nas suas diferentes formas, sabores e texturas.<\/p>\n<p>O evento conta com a presen\u00e7a de dezenas de expositores , que trazem as mais deliciosas e criativas iguarias, desde as tradicionais at\u00e9 as inova\u00e7\u00f5es mais surpreendentes.<\/p>\n<p>A Fortaleza de Chocolate insere-se na programa\u00e7\u00e3o de Natal promovida pela C\u00e2mara Municipal de Valen\u00e7a, que decorre at\u00e9 6 de janeiro.<\/p>","protected":false},"excerpt":{"rendered":"<p>At\u00e9 8 de dezembro, a Fortaleza de Valen\u00e7a transforma-se num verdadeiro para\u00edso para os amantes de chocolate. Degusta\u00e7\u00f5es exclusivas, produtos diferenciados e demonstra\u00e7\u00f5es ao vivo s\u00e3o apenas algumas das atra\u00e7\u00f5es que aguardam os visitantes. Ao longo de 11 dias o chocolate \u00e9 celebrado nas suas diferentes formas, sabores e texturas. O evento conta com a [&hellip;]<\/p>\n","protected":false},"author":8,"featured_media":125862,"comment_status":"closed","ping_status":"closed","sticky":false,"template":"","format":"video","meta":{"_exactmetrics_skip_tracking":false,"_exactmetrics_sitenote_active":false,"_exactmetrics_sitenote_note":"","_exactmetrics_sitenote_category":0,"footnotes":""},"categories":[13],"tags":[81,24],"class_list":["post-125860","post","type-post","status-publish","format-video","has-post-thumbnail","hentry","category-valenca","tag-gastronomia","tag-lazer","post_format-post-format-video"],"yoast_head":"<!-- This site is optimized with the Yoast SEO Premium plugin v27.5 (Yoast SEO v27.5) - https:\/\/yoast.com\/product\/yoast-seo-premium-wordpress\/ -->\n<title>Fortaleza de Valen\u00e7a transforma-se num para\u00edso de chocolate<\/title>\n<meta name=\"robots\" content=\"index, follow, max-snippet:-1, max-image-preview:large, max-video-preview:-1\" \/>\n<link rel=\"canonical\" href=\"https:\/\/www.altominho.tv\/site\/2025\/11\/30\/fortaleza-de-valenca-transforma-se-num-paraiso-de-chocolate\/\" \/>\n<meta property=\"og:locale\" content=\"pt_PT\" \/>\n<meta property=\"og:type\" content=\"article\" \/>\n<meta property=\"og:title\" content=\"Fortaleza de Valen\u00e7a transforma-se num para\u00edso de chocolate\" \/>\n<meta property=\"og:description\" content=\"At\u00e9 8 de dezembro, a Fortaleza de Valen\u00e7a transforma-se num verdadeiro para\u00edso para os amantes de chocolate. Degusta\u00e7\u00f5es exclusivas, produtos diferenciados e demonstra\u00e7\u00f5es ao vivo s\u00e3o apenas algumas das atra\u00e7\u00f5es que aguardam os visitantes. Ao longo de 11 dias o chocolate \u00e9 celebrado nas suas diferentes formas, sabores e texturas. O evento conta com a [&hellip;]\" \/>\n<meta property=\"og:url\" content=\"https:\/\/www.altominho.tv\/site\/2025\/11\/30\/fortaleza-de-valenca-transforma-se-num-paraiso-de-chocolate\/\" \/>\n<meta property=\"og:site_name\" content=\"Altominho.tv\" \/>\n<meta property=\"article:publisher\" content=\"https:\/\/www.facebook.com\/altominhotv\" \/>\n<meta property=\"article:published_time\" content=\"2025-11-30T20:11:23+00:00\" \/>\n<meta property=\"article:modified_time\" content=\"2025-11-30T20:11:25+00:00\" \/>\n<meta property=\"og:image\" content=\"https:\/\/www.altominho.tv\/site\/wp-content\/uploads\/2025\/11\/hlmmlabv4du.jpg\" \/>\n\t<meta property=\"og:image:width\" content=\"1280\" \/>\n\t<meta property=\"og:image:height\" content=\"720\" \/>\n\t<meta property=\"og:image:type\" content=\"image\/jpeg\" \/>\n<meta name=\"author\" content=\"Alexandre Ferreira\" \/>\n<meta name=\"twitter:card\" content=\"summary_large_image\" \/>\n<meta name=\"twitter:creator\" content=\"@altominhoTV\" \/>\n<meta name=\"twitter:site\" content=\"@altominhoTV\" \/>\n<meta name=\"twitter:label1\" content=\"Escrito por\" \/>\n\t<meta name=\"twitter:data1\" content=\"Alexandre Ferreira\" \/>\n\t<meta name=\"twitter:label2\" content=\"Tempo estimado de leitura\" \/>\n\t<meta name=\"twitter:data2\" content=\"1 minuto\" \/>\n<script type=\"application\/ld+json\" class=\"yoast-schema-graph\">{\"@context\":\"https:\\\/\\\/schema.org\",\"@graph\":[{\"@type\":\"Article\",\"@id\":\"https:\\\/\\\/www.altominho.tv\\\/site\\\/2025\\\/11\\\/30\\\/fortaleza-de-valenca-transforma-se-num-paraiso-de-chocolate\\\/#article\",\"isPartOf\":{\"@id\":\"https:\\\/\\\/www.altominho.tv\\\/site\\\/2025\\\/11\\\/30\\\/fortaleza-de-valenca-transforma-se-num-paraiso-de-chocolate\\\/\"},\"author\":{\"name\":\"Alexandre Ferreira\",\"@id\":\"https:\\\/\\\/www.altominho.tv\\\/site\\\/#\\\/schema\\\/person\\\/56c462a0f6591602f4e9fb3fa6ea49bd\"},\"headline\":\"Fortaleza de Valen\u00e7a transforma-se num para\u00edso de chocolate\",\"datePublished\":\"2025-11-30T20:11:23+00:00\",\"dateModified\":\"2025-11-30T20:11:25+00:00\",\"mainEntityOfPage\":{\"@id\":\"https:\\\/\\\/www.altominho.tv\\\/site\\\/2025\\\/11\\\/30\\\/fortaleza-de-valenca-transforma-se-num-paraiso-de-chocolate\\\/\"},\"wordCount\":114,\"image\":{\"@id\":\"https:\\\/\\\/www.altominho.tv\\\/site\\\/2025\\\/11\\\/30\\\/fortaleza-de-valenca-transforma-se-num-paraiso-de-chocolate\\\/#primaryimage\"},\"thumbnailUrl\":\"https:\\\/\\\/www.altominho.tv\\\/site\\\/wp-content\\\/uploads\\\/2025\\\/11\\\/hlmmlabv4du.jpg\",\"keywords\":[\"Gastronomia\",\"Lazer\"],\"articleSection\":[\"Valen\u00e7a\"],\"inLanguage\":\"pt-PT\",\"copyrightYear\":\"2025\",\"copyrightHolder\":{\"@id\":\"https:\\\/\\\/www.altominho.tv\\\/site\\\/#organization\"}},{\"@type\":\"WebPage\",\"@id\":\"https:\\\/\\\/www.altominho.tv\\\/site\\\/2025\\\/11\\\/30\\\/fortaleza-de-valenca-transforma-se-num-paraiso-de-chocolate\\\/\",\"url\":\"https:\\\/\\\/www.altominho.tv\\\/site\\\/2025\\\/11\\\/30\\\/fortaleza-de-valenca-transforma-se-num-paraiso-de-chocolate\\\/\",\"name\":\"Fortaleza de Valen\u00e7a transforma-se num para\u00edso de chocolate\",\"isPartOf\":{\"@id\":\"https:\\\/\\\/www.altominho.tv\\\/site\\\/#website\"},\"primaryImageOfPage\":{\"@id\":\"https:\\\/\\\/www.altominho.tv\\\/site\\\/2025\\\/11\\\/30\\\/fortaleza-de-valenca-transforma-se-num-paraiso-de-chocolate\\\/#primaryimage\"},\"image\":{\"@id\":\"https:\\\/\\\/www.altominho.tv\\\/site\\\/2025\\\/11\\\/30\\\/fortaleza-de-valenca-transforma-se-num-paraiso-de-chocolate\\\/#primaryimage\"},\"thumbnailUrl\":\"https:\\\/\\\/www.altominho.tv\\\/site\\\/wp-content\\\/uploads\\\/2025\\\/11\\\/hlmmlabv4du.jpg\",\"datePublished\":\"2025-11-30T20:11:23+00:00\",\"dateModified\":\"2025-11-30T20:11:25+00:00\",\"author\":{\"@id\":\"https:\\\/\\\/www.altominho.tv\\\/site\\\/#\\\/schema\\\/person\\\/56c462a0f6591602f4e9fb3fa6ea49bd\"},\"breadcrumb\":{\"@id\":\"https:\\\/\\\/www.altominho.tv\\\/site\\\/2025\\\/11\\\/30\\\/fortaleza-de-valenca-transforma-se-num-paraiso-de-chocolate\\\/#breadcrumb\"},\"inLanguage\":\"pt-PT\",\"potentialAction\":[{\"@type\":\"ReadAction\",\"target\":[\"https:\\\/\\\/www.altominho.tv\\\/site\\\/2025\\\/11\\\/30\\\/fortaleza-de-valenca-transforma-se-num-paraiso-de-chocolate\\\/\"]}]},{\"@type\":\"ImageObject\",\"inLanguage\":\"pt-PT\",\"@id\":\"https:\\\/\\\/www.altominho.tv\\\/site\\\/2025\\\/11\\\/30\\\/fortaleza-de-valenca-transforma-se-num-paraiso-de-chocolate\\\/#primaryimage\",\"url\":\"https:\\\/\\\/www.altominho.tv\\\/site\\\/wp-content\\\/uploads\\\/2025\\\/11\\\/hlmmlabv4du.jpg\",\"contentUrl\":\"https:\\\/\\\/www.altominho.tv\\\/site\\\/wp-content\\\/uploads\\\/2025\\\/11\\\/hlmmlabv4du.jpg\",\"width\":1280,\"height\":720},{\"@type\":\"BreadcrumbList\",\"@id\":\"https:\\\/\\\/www.altominho.tv\\\/site\\\/2025\\\/11\\\/30\\\/fortaleza-de-valenca-transforma-se-num-paraiso-de-chocolate\\\/#breadcrumb\",\"itemListElement\":[{\"@type\":\"ListItem\",\"position\":1,\"name\":\"In\u00edcio\",\"item\":\"https:\\\/\\\/www.altominho.tv\\\/site\\\/\"},{\"@type\":\"ListItem\",\"position\":2,\"name\":\"Fortaleza de Valen\u00e7a transforma-se num para\u00edso de chocolate\"}]},{\"@type\":\"WebSite\",\"@id\":\"https:\\\/\\\/www.altominho.tv\\\/site\\\/#website\",\"url\":\"https:\\\/\\\/www.altominho.tv\\\/site\\\/\",\"name\":\"Altominho.tv\",\"description\":\"A sua regi\u00e3o \u00e0 dist\u00e2ncia de um clique...\",\"potentialAction\":[{\"@type\":\"SearchAction\",\"target\":{\"@type\":\"EntryPoint\",\"urlTemplate\":\"https:\\\/\\\/www.altominho.tv\\\/site\\\/?s={search_term_string}\"},\"query-input\":{\"@type\":\"PropertyValueSpecification\",\"valueRequired\":true,\"valueName\":\"search_term_string\"}}],\"inLanguage\":\"pt-PT\"},{\"@type\":\"Person\",\"@id\":\"https:\\\/\\\/www.altominho.tv\\\/site\\\/#\\\/schema\\\/person\\\/56c462a0f6591602f4e9fb3fa6ea49bd\",\"name\":\"Alexandre Ferreira\",\"image\":{\"@type\":\"ImageObject\",\"inLanguage\":\"pt-PT\",\"@id\":\"https:\\\/\\\/www.altominho.tv\\\/site\\\/wp-content\\\/uploads\\\/2017\\\/11\\\/Alexandre-150x150.jpg\",\"url\":\"https:\\\/\\\/www.altominho.tv\\\/site\\\/wp-content\\\/uploads\\\/2017\\\/11\\\/Alexandre-150x150.jpg\",\"contentUrl\":\"https:\\\/\\\/www.altominho.tv\\\/site\\\/wp-content\\\/uploads\\\/2017\\\/11\\\/Alexandre-150x150.jpg\",\"caption\":\"Alexandre Ferreira\"},\"url\":\"https:\\\/\\\/www.altominho.tv\\\/site\\\/author\\\/alexandreferreira\\\/\"}]}<\/script>\n<meta property=\"og:video\" content=\"https:\/\/www.youtube.com\/embed\/HLMMlABV4dU\" \/>\n<meta property=\"og:video:type\" content=\"text\/html\" \/>\n<meta property=\"og:video:duration\" content=\"107\" \/>\n<meta property=\"og:video:width\" content=\"480\" \/>\n<meta property=\"og:video:height\" content=\"270\" \/>\n<meta property=\"ya:ovs:adult\" content=\"false\" \/>\n<meta property=\"ya:ovs:upload_date\" content=\"2025-11-30T20:11:23+00:00\" \/>\n<meta property=\"ya:ovs:allow_embed\" content=\"true\" \/>\n<!-- \/ Yoast SEO Premium plugin. -->","yoast_head_json":{"title":"Fortaleza de Valen\u00e7a transforma-se num para\u00edso de chocolate","robots":{"index":"index","follow":"follow","max-snippet":"max-snippet:-1","max-image-preview":"max-image-preview:large","max-video-preview":"max-video-preview:-1"},"canonical":"https:\/\/www.altominho.tv\/site\/2025\/11\/30\/fortaleza-de-valenca-transforma-se-num-paraiso-de-chocolate\/","og_locale":"pt_PT","og_type":"article","og_title":"Fortaleza de Valen\u00e7a transforma-se num para\u00edso de chocolate","og_description":"At\u00e9 8 de dezembro, a Fortaleza de Valen\u00e7a transforma-se num verdadeiro para\u00edso para os amantes de chocolate. Degusta\u00e7\u00f5es exclusivas, produtos diferenciados e demonstra\u00e7\u00f5es ao vivo s\u00e3o apenas algumas das atra\u00e7\u00f5es que aguardam os visitantes. Ao longo de 11 dias o chocolate \u00e9 celebrado nas suas diferentes formas, sabores e texturas. O evento conta com a [&hellip;]","og_url":"https:\/\/www.altominho.tv\/site\/2025\/11\/30\/fortaleza-de-valenca-transforma-se-num-paraiso-de-chocolate\/","og_site_name":"Altominho.tv","article_publisher":"https:\/\/www.facebook.com\/altominhotv","article_published_time":"2025-11-30T20:11:23+00:00","article_modified_time":"2025-11-30T20:11:25+00:00","og_image":[{"width":1280,"height":720,"url":"https:\/\/www.altominho.tv\/site\/wp-content\/uploads\/2025\/11\/hlmmlabv4du.jpg","type":"image\/jpeg"}],"author":"Alexandre Ferreira","twitter_card":"summary_large_image","twitter_creator":"@altominhoTV","twitter_site":"@altominhoTV","twitter_misc":{"Escrito por":"Alexandre Ferreira","Tempo estimado de leitura":"1 minuto"},"schema":{"@context":"https:\/\/schema.org","@graph":[{"@type":"Article","@id":"https:\/\/www.altominho.tv\/site\/2025\/11\/30\/fortaleza-de-valenca-transforma-se-num-paraiso-de-chocolate\/#article","isPartOf":{"@id":"https:\/\/www.altominho.tv\/site\/2025\/11\/30\/fortaleza-de-valenca-transforma-se-num-paraiso-de-chocolate\/"},"author":{"name":"Alexandre Ferreira","@id":"https:\/\/www.altominho.tv\/site\/#\/schema\/person\/56c462a0f6591602f4e9fb3fa6ea49bd"},"headline":"Fortaleza de Valen\u00e7a transforma-se num para\u00edso de chocolate","datePublished":"2025-11-30T20:11:23+00:00","dateModified":"2025-11-30T20:11:25+00:00","mainEntityOfPage":{"@id":"https:\/\/www.altominho.tv\/site\/2025\/11\/30\/fortaleza-de-valenca-transforma-se-num-paraiso-de-chocolate\/"},"wordCount":114,"image":{"@id":"https:\/\/www.altominho.tv\/site\/2025\/11\/30\/fortaleza-de-valenca-transforma-se-num-paraiso-de-chocolate\/#primaryimage"},"thumbnailUrl":"https:\/\/www.altominho.tv\/site\/wp-content\/uploads\/2025\/11\/hlmmlabv4du.jpg","keywords":["Gastronomia","Lazer"],"articleSection":["Valen\u00e7a"],"inLanguage":"pt-PT","copyrightYear":"2025","copyrightHolder":{"@id":"https:\/\/www.altominho.tv\/site\/#organization"}},{"@type":"WebPage","@id":"https:\/\/www.altominho.tv\/site\/2025\/11\/30\/fortaleza-de-valenca-transforma-se-num-paraiso-de-chocolate\/","url":"https:\/\/www.altominho.tv\/site\/2025\/11\/30\/fortaleza-de-valenca-transforma-se-num-paraiso-de-chocolate\/","name":"Fortaleza de Valen\u00e7a transforma-se num para\u00edso de chocolate","isPartOf":{"@id":"https:\/\/www.altominho.tv\/site\/#website"},"primaryImageOfPage":{"@id":"https:\/\/www.altominho.tv\/site\/2025\/11\/30\/fortaleza-de-valenca-transforma-se-num-paraiso-de-chocolate\/#primaryimage"},"image":{"@id":"https:\/\/www.altominho.tv\/site\/2025\/11\/30\/fortaleza-de-valenca-transforma-se-num-paraiso-de-chocolate\/#primaryimage"},"thumbnailUrl":"https:\/\/www.altominho.tv\/site\/wp-content\/uploads\/2025\/11\/hlmmlabv4du.jpg","datePublished":"2025-11-30T20:11:23+00:00","dateModified":"2025-11-30T20:11:25+00:00","author":{"@id":"https:\/\/www.altominho.tv\/site\/#\/schema\/person\/56c462a0f6591602f4e9fb3fa6ea49bd"},"breadcrumb":{"@id":"https:\/\/www.altominho.tv\/site\/2025\/11\/30\/fortaleza-de-valenca-transforma-se-num-paraiso-de-chocolate\/#breadcrumb"},"inLanguage":"pt-PT","potentialAction":[{"@type":"ReadAction","target":["https:\/\/www.altominho.tv\/site\/2025\/11\/30\/fortaleza-de-valenca-transforma-se-num-paraiso-de-chocolate\/"]}]},{"@type":"ImageObject","inLanguage":"pt-PT","@id":"https:\/\/www.altominho.tv\/site\/2025\/11\/30\/fortaleza-de-valenca-transforma-se-num-paraiso-de-chocolate\/#primaryimage","url":"https:\/\/www.altominho.tv\/site\/wp-content\/uploads\/2025\/11\/hlmmlabv4du.jpg","contentUrl":"https:\/\/www.altominho.tv\/site\/wp-content\/uploads\/2025\/11\/hlmmlabv4du.jpg","width":1280,"height":720},{"@type":"BreadcrumbList","@id":"https:\/\/www.altominho.tv\/site\/2025\/11\/30\/fortaleza-de-valenca-transforma-se-num-paraiso-de-chocolate\/#breadcrumb","itemListElement":[{"@type":"ListItem","position":1,"name":"In\u00edcio","item":"https:\/\/www.altominho.tv\/site\/"},{"@type":"ListItem","position":2,"name":"Fortaleza de Valen\u00e7a transforma-se num para\u00edso de chocolate"}]},{"@type":"WebSite","@id":"https:\/\/www.altominho.tv\/site\/#website","url":"https:\/\/www.altominho.tv\/site\/","name":"Altominho.tv","description":"A sua regi\u00e3o \u00e0 dist\u00e2ncia de um clique...","potentialAction":[{"@type":"SearchAction","target":{"@type":"EntryPoint","urlTemplate":"https:\/\/www.altominho.tv\/site\/?s={search_term_string}"},"query-input":{"@type":"PropertyValueSpecification","valueRequired":true,"valueName":"search_term_string"}}],"inLanguage":"pt-PT"},{"@type":"Person","@id":"https:\/\/www.altominho.tv\/site\/#\/schema\/person\/56c462a0f6591602f4e9fb3fa6ea49bd","name":"Alexandre Ferreira","image":{"@type":"ImageObject","inLanguage":"pt-PT","@id":"https:\/\/www.altominho.tv\/site\/wp-content\/uploads\/2017\/11\/Alexandre-150x150.jpg","url":"https:\/\/www.altominho.tv\/site\/wp-content\/uploads\/2017\/11\/Alexandre-150x150.jpg","contentUrl":"https:\/\/www.altominho.tv\/site\/wp-content\/uploads\/2017\/11\/Alexandre-150x150.jpg","caption":"Alexandre Ferreira"},"url":"https:\/\/www.altominho.tv\/site\/author\/alexandreferreira\/"}]},"og_video":"https:\/\/www.youtube.com\/embed\/HLMMlABV4dU","og_video_type":"text\/html","og_video_duration":"107","og_video_width":"480","og_video_height":"270","ya_ovs_adult":"false","ya_ovs_upload_date":"2025-11-30T20:11:23+00:00","ya_ovs_allow_embed":"true"},"_links":{"self":[{"href":"https:\/\/www.altominho.tv\/site\/wp-json\/wp\/v2\/posts\/125860","targetHints":{"allow":["GET"]}}],"collection":[{"href":"https:\/\/www.altominho.tv\/site\/wp-json\/wp\/v2\/posts"}],"about":[{"href":"https:\/\/www.altominho.tv\/site\/wp-json\/wp\/v2\/types\/post"}],"author":[{"embeddable":true,"href":"https:\/\/www.altominho.tv\/site\/wp-json\/wp\/v2\/users\/8"}],"replies":[{"embeddable":true,"href":"https:\/\/www.altominho.tv\/site\/wp-json\/wp\/v2\/comments?post=125860"}],"version-history":[{"count":1,"href":"https:\/\/www.altominho.tv\/site\/wp-json\/wp\/v2\/posts\/125860\/revisions"}],"predecessor-version":[{"id":125861,"href":"https:\/\/www.altominho.tv\/site\/wp-json\/wp\/v2\/posts\/125860\/revisions\/125861"}],"wp:featuredmedia":[{"embeddable":true,"href":"https:\/\/www.altominho.tv\/site\/wp-json\/wp\/v2\/media\/125862"}],"wp:attachment":[{"href":"https:\/\/www.altominho.tv\/site\/wp-json\/wp\/v2\/media?parent=125860"}],"wp:term":[{"taxonomy":"category","embeddable":true,"href":"https:\/\/www.altominho.tv\/site\/wp-json\/wp\/v2\/categories?post=125860"},{"taxonomy":"post_tag","embeddable":true,"href":"https:\/\/www.altominho.tv\/site\/wp-json\/wp\/v2\/tags?post=125860"}],"curies":[{"name":"wp","href":"https:\/\/api.w.org\/{rel}","templated":true}]}}