{"id":125845,"date":"2025-11-30T11:47:12","date_gmt":"2025-11-30T11:47:12","guid":{"rendered":"https:\/\/www.altominho.tv\/site\/?p=125845"},"modified":"2025-11-30T11:47:15","modified_gmt":"2025-11-30T11:47:15","slug":"vianafestas-convida-comunidade-a-aprender-a-arte-da-filigrana","status":"publish","type":"post","link":"https:\/\/www.altominho.tv\/site\/2025\/11\/30\/vianafestas-convida-comunidade-a-aprender-a-arte-da-filigrana\/","title":{"rendered":"VianaFestas convida comunidade a aprender a arte da filigrana"},"content":{"rendered":"<p class=\"p1\">A\u00a0filigrana, arte ancestral que h\u00e1 s\u00e9culos acompanha os trajes, a f\u00e9 e a identidade da Romaria da Agonia, em Viana do Castelo, vai ser ensinada de forma direta ao p\u00fablico: a VianaFestas promove no\u00a0dia 6 de dezembro\u00a0o workshop \u201cArte em Fio \u2013 Arte da Filigrana\u201d, que inaugura o ciclo \u201cSomos Todos Romaria\u201d e convida os participantes a criarem a sua pr\u00f3pria pe\u00e7a a partir desta tradi\u00e7\u00e3o centen\u00e1ria.<\/p>\n<p class=\"p1\">A iniciativa, que assinala os dez anos da marca \u201cSomos Todos Romaria\u201d, pretende abrir os bastidores das artes e of\u00edcios que mant\u00eam viva a maior romaria do pa\u00eds.<\/p>\n<p class=\"p1\">\u201cO workshop prop\u00f5e um regresso \u00e0 ess\u00eancia: trabalhar o fio de prata com as pr\u00f3prias m\u00e3os, compreender o tempo que o artes\u00e3o dedica a cada curva, a cada solda e a cada detalhe, e perceber que o valor da filigrana est\u00e1 tanto na t\u00e9cnica como na emo\u00e7\u00e3o que transporta\u201d, revela a organiza\u00e7\u00e3o.<\/p>\n<p class=\"p1\">A forma\u00e7\u00e3o estar\u00e1 a cargo de In\u00eas Barbosa, ourives da quinta gera\u00e7\u00e3o e fundadora da oficina que leva o seu nome, uma refer\u00eancia nacional na filigrana certificada. Em 1993, fundou a pr\u00f3pria oficina e, ao longo de mais de tr\u00eas d\u00e9cadas, consolidou um percurso reconhecido com a distin\u00e7\u00e3o de Mestre de Excel\u00eancia na Arte e T\u00e9cnica da Filigrana.<\/p>\n<p class=\"p1\">O workshop ter\u00e1 lugar no Hotel AP D. Aninhas, mecenas da Romaria d\u2019Agonia, entre\u00a0as 14h30 e as 18h30, e ser\u00e1 limitado a 12 participantes, garantindo um ambiente pr\u00f3ximo e aut\u00eantico. Cada inscrito receber\u00e1 uma pe\u00e7a em prata dourada sem enchimento, que ir\u00e1 trabalhar durante a forma\u00e7\u00e3o utilizando t\u00e9cnicas tradicionais.<\/p>\n<p class=\"p1\">No final, ser\u00e1 poss\u00edvel personalizar a pe\u00e7a escolhendo entre tr\u00eas acabamentos: letra, flor em filigrana ou p\u00e9rola.<\/p>\n","protected":false},"excerpt":{"rendered":"<p>A\u00a0filigrana, arte ancestral que h\u00e1 s\u00e9culos acompanha os trajes, a f\u00e9 e a identidade da Romaria da Agonia, em Viana do Castelo, vai ser ensinada de forma direta ao p\u00fablico: a VianaFestas promove no\u00a0dia 6 de dezembro\u00a0o workshop \u201cArte em Fio \u2013 Arte da Filigrana\u201d, que inaugura o ciclo \u201cSomos Todos Romaria\u201d e convida os [&hellip;]<\/p>\n","protected":false},"author":30,"featured_media":125846,"comment_status":"closed","ping_status":"closed","sticky":false,"template":"","format":"standard","meta":{"_exactmetrics_skip_tracking":false,"_exactmetrics_sitenote_active":false,"_exactmetrics_sitenote_note":"","_exactmetrics_sitenote_category":0,"footnotes":""},"categories":[14],"tags":[19],"class_list":["post-125845","post","type-post","status-publish","format-standard","has-post-thumbnail","hentry","category-viana-do-castelo","tag-cultura"],"yoast_head":"<!-- This site is optimized with the Yoast SEO Premium plugin v27.5 (Yoast SEO v27.5) - https:\/\/yoast.com\/product\/yoast-seo-premium-wordpress\/ -->\n<title>VianaFestas convida comunidade a aprender a arte da filigrana<\/title>\n<meta name=\"description\" content=\"A\u00a0filigrana, arte ancestral que h\u00e1 s\u00e9culos acompanha os trajes, a f\u00e9 e a identidade da Romaria da Agonia, em Viana do Castelo, vai ser ensinada de forma direta ao p\u00fablico: a VianaFestas promove no\u00a0dia 6 de dezembro\u00a0o workshop \u201cArte em Fio \u2013 Arte da Filigrana\u201d, que inaugura o ciclo \u201cSomos Todos Romaria\u201d e convida os participantes a criarem a sua pr\u00f3pria pe\u00e7a a partir desta tradi\u00e7\u00e3o centen\u00e1ria.\" \/>\n<meta name=\"robots\" content=\"index, follow, max-snippet:-1, max-image-preview:large, max-video-preview:-1\" \/>\n<link rel=\"canonical\" href=\"https:\/\/www.altominho.tv\/site\/2025\/11\/30\/vianafestas-convida-comunidade-a-aprender-a-arte-da-filigrana\/\" \/>\n<meta property=\"og:locale\" content=\"pt_PT\" \/>\n<meta property=\"og:type\" content=\"article\" \/>\n<meta property=\"og:title\" content=\"VianaFestas convida comunidade a aprender a arte da filigrana\" \/>\n<meta property=\"og:description\" content=\"A\u00a0filigrana, arte ancestral que h\u00e1 s\u00e9culos acompanha os trajes, a f\u00e9 e a identidade da Romaria da Agonia, em Viana do Castelo, vai ser ensinada de forma direta ao p\u00fablico: a VianaFestas promove no\u00a0dia 6 de dezembro\u00a0o workshop \u201cArte em Fio \u2013 Arte da Filigrana\u201d, que inaugura o ciclo \u201cSomos Todos Romaria\u201d e convida os participantes a criarem a sua pr\u00f3pria pe\u00e7a a partir desta tradi\u00e7\u00e3o centen\u00e1ria.\" \/>\n<meta property=\"og:url\" content=\"https:\/\/www.altominho.tv\/site\/2025\/11\/30\/vianafestas-convida-comunidade-a-aprender-a-arte-da-filigrana\/\" \/>\n<meta property=\"og:site_name\" content=\"Altominho.tv\" \/>\n<meta property=\"article:publisher\" content=\"https:\/\/www.facebook.com\/altominhotv\" \/>\n<meta property=\"article:published_time\" content=\"2025-11-30T11:47:12+00:00\" \/>\n<meta property=\"article:modified_time\" content=\"2025-11-30T11:47:15+00:00\" \/>\n<meta property=\"og:image\" content=\"https:\/\/www.altominho.tv\/site\/wp-content\/uploads\/2025\/11\/filigrana.jpg\" \/>\n\t<meta property=\"og:image:width\" content=\"1200\" \/>\n\t<meta property=\"og:image:height\" content=\"630\" \/>\n\t<meta property=\"og:image:type\" content=\"image\/jpeg\" \/>\n<meta name=\"author\" content=\"Eduarda Cardoso\" \/>\n<meta name=\"twitter:card\" content=\"summary_large_image\" \/>\n<meta name=\"twitter:creator\" content=\"@altominhoTV\" \/>\n<meta name=\"twitter:site\" content=\"@altominhoTV\" \/>\n<meta name=\"twitter:label1\" content=\"Escrito por\" \/>\n\t<meta name=\"twitter:data1\" content=\"Eduarda Cardoso\" \/>\n\t<meta name=\"twitter:label2\" content=\"Tempo estimado de leitura\" \/>\n\t<meta name=\"twitter:data2\" content=\"2 minutos\" \/>\n<script type=\"application\/ld+json\" class=\"yoast-schema-graph\">{\"@context\":\"https:\\\/\\\/schema.org\",\"@graph\":[{\"@type\":\"Article\",\"@id\":\"https:\\\/\\\/www.altominho.tv\\\/site\\\/2025\\\/11\\\/30\\\/vianafestas-convida-comunidade-a-aprender-a-arte-da-filigrana\\\/#article\",\"isPartOf\":{\"@id\":\"https:\\\/\\\/www.altominho.tv\\\/site\\\/2025\\\/11\\\/30\\\/vianafestas-convida-comunidade-a-aprender-a-arte-da-filigrana\\\/\"},\"author\":{\"name\":\"Eduarda Cardoso\",\"@id\":\"https:\\\/\\\/www.altominho.tv\\\/site\\\/#\\\/schema\\\/person\\\/9e351387b727413d005ccf1152c93539\"},\"headline\":\"VianaFestas convida comunidade a aprender a arte da filigrana\",\"datePublished\":\"2025-11-30T11:47:12+00:00\",\"dateModified\":\"2025-11-30T11:47:15+00:00\",\"mainEntityOfPage\":{\"@id\":\"https:\\\/\\\/www.altominho.tv\\\/site\\\/2025\\\/11\\\/30\\\/vianafestas-convida-comunidade-a-aprender-a-arte-da-filigrana\\\/\"},\"wordCount\":316,\"image\":{\"@id\":\"https:\\\/\\\/www.altominho.tv\\\/site\\\/2025\\\/11\\\/30\\\/vianafestas-convida-comunidade-a-aprender-a-arte-da-filigrana\\\/#primaryimage\"},\"thumbnailUrl\":\"https:\\\/\\\/www.altominho.tv\\\/site\\\/wp-content\\\/uploads\\\/2025\\\/11\\\/filigrana.jpg\",\"keywords\":[\"Cultura\"],\"articleSection\":[\"Viana do Castelo\"],\"inLanguage\":\"pt-PT\",\"copyrightYear\":\"2025\",\"copyrightHolder\":{\"@id\":\"https:\\\/\\\/www.altominho.tv\\\/site\\\/#organization\"}},{\"@type\":\"WebPage\",\"@id\":\"https:\\\/\\\/www.altominho.tv\\\/site\\\/2025\\\/11\\\/30\\\/vianafestas-convida-comunidade-a-aprender-a-arte-da-filigrana\\\/\",\"url\":\"https:\\\/\\\/www.altominho.tv\\\/site\\\/2025\\\/11\\\/30\\\/vianafestas-convida-comunidade-a-aprender-a-arte-da-filigrana\\\/\",\"name\":\"VianaFestas convida comunidade a aprender a arte da filigrana\",\"isPartOf\":{\"@id\":\"https:\\\/\\\/www.altominho.tv\\\/site\\\/#website\"},\"primaryImageOfPage\":{\"@id\":\"https:\\\/\\\/www.altominho.tv\\\/site\\\/2025\\\/11\\\/30\\\/vianafestas-convida-comunidade-a-aprender-a-arte-da-filigrana\\\/#primaryimage\"},\"image\":{\"@id\":\"https:\\\/\\\/www.altominho.tv\\\/site\\\/2025\\\/11\\\/30\\\/vianafestas-convida-comunidade-a-aprender-a-arte-da-filigrana\\\/#primaryimage\"},\"thumbnailUrl\":\"https:\\\/\\\/www.altominho.tv\\\/site\\\/wp-content\\\/uploads\\\/2025\\\/11\\\/filigrana.jpg\",\"datePublished\":\"2025-11-30T11:47:12+00:00\",\"dateModified\":\"2025-11-30T11:47:15+00:00\",\"author\":{\"@id\":\"https:\\\/\\\/www.altominho.tv\\\/site\\\/#\\\/schema\\\/person\\\/9e351387b727413d005ccf1152c93539\"},\"description\":\"A\u00a0filigrana, arte ancestral que h\u00e1 s\u00e9culos acompanha os trajes, a f\u00e9 e a identidade da Romaria da Agonia, em Viana do Castelo, vai ser ensinada de forma direta ao p\u00fablico: a VianaFestas promove no\u00a0dia 6 de dezembro\u00a0o workshop \u201cArte em Fio \u2013 Arte da Filigrana\u201d, que inaugura o ciclo \u201cSomos Todos Romaria\u201d e convida os participantes a criarem a sua pr\u00f3pria pe\u00e7a a partir desta tradi\u00e7\u00e3o centen\u00e1ria.\",\"breadcrumb\":{\"@id\":\"https:\\\/\\\/www.altominho.tv\\\/site\\\/2025\\\/11\\\/30\\\/vianafestas-convida-comunidade-a-aprender-a-arte-da-filigrana\\\/#breadcrumb\"},\"inLanguage\":\"pt-PT\",\"potentialAction\":[{\"@type\":\"ReadAction\",\"target\":[\"https:\\\/\\\/www.altominho.tv\\\/site\\\/2025\\\/11\\\/30\\\/vianafestas-convida-comunidade-a-aprender-a-arte-da-filigrana\\\/\"]}]},{\"@type\":\"ImageObject\",\"inLanguage\":\"pt-PT\",\"@id\":\"https:\\\/\\\/www.altominho.tv\\\/site\\\/2025\\\/11\\\/30\\\/vianafestas-convida-comunidade-a-aprender-a-arte-da-filigrana\\\/#primaryimage\",\"url\":\"https:\\\/\\\/www.altominho.tv\\\/site\\\/wp-content\\\/uploads\\\/2025\\\/11\\\/filigrana.jpg\",\"contentUrl\":\"https:\\\/\\\/www.altominho.tv\\\/site\\\/wp-content\\\/uploads\\\/2025\\\/11\\\/filigrana.jpg\",\"width\":1200,\"height\":630},{\"@type\":\"BreadcrumbList\",\"@id\":\"https:\\\/\\\/www.altominho.tv\\\/site\\\/2025\\\/11\\\/30\\\/vianafestas-convida-comunidade-a-aprender-a-arte-da-filigrana\\\/#breadcrumb\",\"itemListElement\":[{\"@type\":\"ListItem\",\"position\":1,\"name\":\"In\u00edcio\",\"item\":\"https:\\\/\\\/www.altominho.tv\\\/site\\\/\"},{\"@type\":\"ListItem\",\"position\":2,\"name\":\"VianaFestas convida comunidade a aprender a arte da filigrana\"}]},{\"@type\":\"WebSite\",\"@id\":\"https:\\\/\\\/www.altominho.tv\\\/site\\\/#website\",\"url\":\"https:\\\/\\\/www.altominho.tv\\\/site\\\/\",\"name\":\"Altominho.tv\",\"description\":\"A sua regi\u00e3o \u00e0 dist\u00e2ncia de um clique...\",\"potentialAction\":[{\"@type\":\"SearchAction\",\"target\":{\"@type\":\"EntryPoint\",\"urlTemplate\":\"https:\\\/\\\/www.altominho.tv\\\/site\\\/?s={search_term_string}\"},\"query-input\":{\"@type\":\"PropertyValueSpecification\",\"valueRequired\":true,\"valueName\":\"search_term_string\"}}],\"inLanguage\":\"pt-PT\"},{\"@type\":\"Person\",\"@id\":\"https:\\\/\\\/www.altominho.tv\\\/site\\\/#\\\/schema\\\/person\\\/9e351387b727413d005ccf1152c93539\",\"name\":\"Eduarda Cardoso\",\"image\":{\"@type\":\"ImageObject\",\"inLanguage\":\"pt-PT\",\"@id\":\"https:\\\/\\\/www.altominho.tv\\\/site\\\/wp-content\\\/uploads\\\/2021\\\/01\\\/cropped-Logo-ATV_WEB-150x150.png\",\"url\":\"https:\\\/\\\/www.altominho.tv\\\/site\\\/wp-content\\\/uploads\\\/2021\\\/01\\\/cropped-Logo-ATV_WEB-150x150.png\",\"contentUrl\":\"https:\\\/\\\/www.altominho.tv\\\/site\\\/wp-content\\\/uploads\\\/2021\\\/01\\\/cropped-Logo-ATV_WEB-150x150.png\",\"caption\":\"Eduarda Cardoso\"},\"url\":\"https:\\\/\\\/www.altominho.tv\\\/site\\\/author\\\/eduarda-cardoso\\\/\"}]}<\/script>\n<!-- \/ Yoast SEO Premium plugin. -->","yoast_head_json":{"title":"VianaFestas convida comunidade a aprender a arte da filigrana","description":"A\u00a0filigrana, arte ancestral que h\u00e1 s\u00e9culos acompanha os trajes, a f\u00e9 e a identidade da Romaria da Agonia, em Viana do Castelo, vai ser ensinada de forma direta ao p\u00fablico: a VianaFestas promove no\u00a0dia 6 de dezembro\u00a0o workshop \u201cArte em Fio \u2013 Arte da Filigrana\u201d, que inaugura o ciclo \u201cSomos Todos Romaria\u201d e convida os participantes a criarem a sua pr\u00f3pria pe\u00e7a a partir desta tradi\u00e7\u00e3o centen\u00e1ria.","robots":{"index":"index","follow":"follow","max-snippet":"max-snippet:-1","max-image-preview":"max-image-preview:large","max-video-preview":"max-video-preview:-1"},"canonical":"https:\/\/www.altominho.tv\/site\/2025\/11\/30\/vianafestas-convida-comunidade-a-aprender-a-arte-da-filigrana\/","og_locale":"pt_PT","og_type":"article","og_title":"VianaFestas convida comunidade a aprender a arte da filigrana","og_description":"A\u00a0filigrana, arte ancestral que h\u00e1 s\u00e9culos acompanha os trajes, a f\u00e9 e a identidade da Romaria da Agonia, em Viana do Castelo, vai ser ensinada de forma direta ao p\u00fablico: a VianaFestas promove no\u00a0dia 6 de dezembro\u00a0o workshop \u201cArte em Fio \u2013 Arte da Filigrana\u201d, que inaugura o ciclo \u201cSomos Todos Romaria\u201d e convida os participantes a criarem a sua pr\u00f3pria pe\u00e7a a partir desta tradi\u00e7\u00e3o centen\u00e1ria.","og_url":"https:\/\/www.altominho.tv\/site\/2025\/11\/30\/vianafestas-convida-comunidade-a-aprender-a-arte-da-filigrana\/","og_site_name":"Altominho.tv","article_publisher":"https:\/\/www.facebook.com\/altominhotv","article_published_time":"2025-11-30T11:47:12+00:00","article_modified_time":"2025-11-30T11:47:15+00:00","og_image":[{"width":1200,"height":630,"url":"https:\/\/www.altominho.tv\/site\/wp-content\/uploads\/2025\/11\/filigrana.jpg","type":"image\/jpeg"}],"author":"Eduarda Cardoso","twitter_card":"summary_large_image","twitter_creator":"@altominhoTV","twitter_site":"@altominhoTV","twitter_misc":{"Escrito por":"Eduarda Cardoso","Tempo estimado de leitura":"2 minutos"},"schema":{"@context":"https:\/\/schema.org","@graph":[{"@type":"Article","@id":"https:\/\/www.altominho.tv\/site\/2025\/11\/30\/vianafestas-convida-comunidade-a-aprender-a-arte-da-filigrana\/#article","isPartOf":{"@id":"https:\/\/www.altominho.tv\/site\/2025\/11\/30\/vianafestas-convida-comunidade-a-aprender-a-arte-da-filigrana\/"},"author":{"name":"Eduarda Cardoso","@id":"https:\/\/www.altominho.tv\/site\/#\/schema\/person\/9e351387b727413d005ccf1152c93539"},"headline":"VianaFestas convida comunidade a aprender a arte da filigrana","datePublished":"2025-11-30T11:47:12+00:00","dateModified":"2025-11-30T11:47:15+00:00","mainEntityOfPage":{"@id":"https:\/\/www.altominho.tv\/site\/2025\/11\/30\/vianafestas-convida-comunidade-a-aprender-a-arte-da-filigrana\/"},"wordCount":316,"image":{"@id":"https:\/\/www.altominho.tv\/site\/2025\/11\/30\/vianafestas-convida-comunidade-a-aprender-a-arte-da-filigrana\/#primaryimage"},"thumbnailUrl":"https:\/\/www.altominho.tv\/site\/wp-content\/uploads\/2025\/11\/filigrana.jpg","keywords":["Cultura"],"articleSection":["Viana do Castelo"],"inLanguage":"pt-PT","copyrightYear":"2025","copyrightHolder":{"@id":"https:\/\/www.altominho.tv\/site\/#organization"}},{"@type":"WebPage","@id":"https:\/\/www.altominho.tv\/site\/2025\/11\/30\/vianafestas-convida-comunidade-a-aprender-a-arte-da-filigrana\/","url":"https:\/\/www.altominho.tv\/site\/2025\/11\/30\/vianafestas-convida-comunidade-a-aprender-a-arte-da-filigrana\/","name":"VianaFestas convida comunidade a aprender a arte da filigrana","isPartOf":{"@id":"https:\/\/www.altominho.tv\/site\/#website"},"primaryImageOfPage":{"@id":"https:\/\/www.altominho.tv\/site\/2025\/11\/30\/vianafestas-convida-comunidade-a-aprender-a-arte-da-filigrana\/#primaryimage"},"image":{"@id":"https:\/\/www.altominho.tv\/site\/2025\/11\/30\/vianafestas-convida-comunidade-a-aprender-a-arte-da-filigrana\/#primaryimage"},"thumbnailUrl":"https:\/\/www.altominho.tv\/site\/wp-content\/uploads\/2025\/11\/filigrana.jpg","datePublished":"2025-11-30T11:47:12+00:00","dateModified":"2025-11-30T11:47:15+00:00","author":{"@id":"https:\/\/www.altominho.tv\/site\/#\/schema\/person\/9e351387b727413d005ccf1152c93539"},"description":"A\u00a0filigrana, arte ancestral que h\u00e1 s\u00e9culos acompanha os trajes, a f\u00e9 e a identidade da Romaria da Agonia, em Viana do Castelo, vai ser ensinada de forma direta ao p\u00fablico: a VianaFestas promove no\u00a0dia 6 de dezembro\u00a0o workshop \u201cArte em Fio \u2013 Arte da Filigrana\u201d, que inaugura o ciclo \u201cSomos Todos Romaria\u201d e convida os participantes a criarem a sua pr\u00f3pria pe\u00e7a a partir desta tradi\u00e7\u00e3o centen\u00e1ria.","breadcrumb":{"@id":"https:\/\/www.altominho.tv\/site\/2025\/11\/30\/vianafestas-convida-comunidade-a-aprender-a-arte-da-filigrana\/#breadcrumb"},"inLanguage":"pt-PT","potentialAction":[{"@type":"ReadAction","target":["https:\/\/www.altominho.tv\/site\/2025\/11\/30\/vianafestas-convida-comunidade-a-aprender-a-arte-da-filigrana\/"]}]},{"@type":"ImageObject","inLanguage":"pt-PT","@id":"https:\/\/www.altominho.tv\/site\/2025\/11\/30\/vianafestas-convida-comunidade-a-aprender-a-arte-da-filigrana\/#primaryimage","url":"https:\/\/www.altominho.tv\/site\/wp-content\/uploads\/2025\/11\/filigrana.jpg","contentUrl":"https:\/\/www.altominho.tv\/site\/wp-content\/uploads\/2025\/11\/filigrana.jpg","width":1200,"height":630},{"@type":"BreadcrumbList","@id":"https:\/\/www.altominho.tv\/site\/2025\/11\/30\/vianafestas-convida-comunidade-a-aprender-a-arte-da-filigrana\/#breadcrumb","itemListElement":[{"@type":"ListItem","position":1,"name":"In\u00edcio","item":"https:\/\/www.altominho.tv\/site\/"},{"@type":"ListItem","position":2,"name":"VianaFestas convida comunidade a aprender a arte da filigrana"}]},{"@type":"WebSite","@id":"https:\/\/www.altominho.tv\/site\/#website","url":"https:\/\/www.altominho.tv\/site\/","name":"Altominho.tv","description":"A sua regi\u00e3o \u00e0 dist\u00e2ncia de um clique...","potentialAction":[{"@type":"SearchAction","target":{"@type":"EntryPoint","urlTemplate":"https:\/\/www.altominho.tv\/site\/?s={search_term_string}"},"query-input":{"@type":"PropertyValueSpecification","valueRequired":true,"valueName":"search_term_string"}}],"inLanguage":"pt-PT"},{"@type":"Person","@id":"https:\/\/www.altominho.tv\/site\/#\/schema\/person\/9e351387b727413d005ccf1152c93539","name":"Eduarda Cardoso","image":{"@type":"ImageObject","inLanguage":"pt-PT","@id":"https:\/\/www.altominho.tv\/site\/wp-content\/uploads\/2021\/01\/cropped-Logo-ATV_WEB-150x150.png","url":"https:\/\/www.altominho.tv\/site\/wp-content\/uploads\/2021\/01\/cropped-Logo-ATV_WEB-150x150.png","contentUrl":"https:\/\/www.altominho.tv\/site\/wp-content\/uploads\/2021\/01\/cropped-Logo-ATV_WEB-150x150.png","caption":"Eduarda Cardoso"},"url":"https:\/\/www.altominho.tv\/site\/author\/eduarda-cardoso\/"}]}},"_links":{"self":[{"href":"https:\/\/www.altominho.tv\/site\/wp-json\/wp\/v2\/posts\/125845","targetHints":{"allow":["GET"]}}],"collection":[{"href":"https:\/\/www.altominho.tv\/site\/wp-json\/wp\/v2\/posts"}],"about":[{"href":"https:\/\/www.altominho.tv\/site\/wp-json\/wp\/v2\/types\/post"}],"author":[{"embeddable":true,"href":"https:\/\/www.altominho.tv\/site\/wp-json\/wp\/v2\/users\/30"}],"replies":[{"embeddable":true,"href":"https:\/\/www.altominho.tv\/site\/wp-json\/wp\/v2\/comments?post=125845"}],"version-history":[{"count":1,"href":"https:\/\/www.altominho.tv\/site\/wp-json\/wp\/v2\/posts\/125845\/revisions"}],"predecessor-version":[{"id":125847,"href":"https:\/\/www.altominho.tv\/site\/wp-json\/wp\/v2\/posts\/125845\/revisions\/125847"}],"wp:featuredmedia":[{"embeddable":true,"href":"https:\/\/www.altominho.tv\/site\/wp-json\/wp\/v2\/media\/125846"}],"wp:attachment":[{"href":"https:\/\/www.altominho.tv\/site\/wp-json\/wp\/v2\/media?parent=125845"}],"wp:term":[{"taxonomy":"category","embeddable":true,"href":"https:\/\/www.altominho.tv\/site\/wp-json\/wp\/v2\/categories?post=125845"},{"taxonomy":"post_tag","embeddable":true,"href":"https:\/\/www.altominho.tv\/site\/wp-json\/wp\/v2\/tags?post=125845"}],"curies":[{"name":"wp","href":"https:\/\/api.w.org\/{rel}","templated":true}]}}