{"id":125762,"date":"2025-11-27T14:28:32","date_gmt":"2025-11-27T14:28:32","guid":{"rendered":"https:\/\/www.altominho.tv\/site\/?p=125762"},"modified":"2025-11-27T14:30:26","modified_gmt":"2025-11-27T14:30:26","slug":"selecionados-os-11-projetos-para-a-21a-edicao-do-festival-internacional-de-jardins","status":"publish","type":"post","link":"https:\/\/www.altominho.tv\/site\/2025\/11\/27\/selecionados-os-11-projetos-para-a-21a-edicao-do-festival-internacional-de-jardins\/","title":{"rendered":"Selecionados os 11 projetos para a 21\u00aa edi\u00e7\u00e3o do Festival Internacional de Jardins de Ponte de Lima"},"content":{"rendered":"<p class=\"p1\">A dire\u00e7\u00e3o e o j\u00fari do\u00a0Festival Internacional de Jardins de Ponte de Lima reuniu no dia 19 de novembro, no Palacete Villa Moraes, de forma a analisar as 46 propostas recebidas para participar no Festival Internacional de Jardins de Ponte de Lima.<\/p>\n<p class=\"p1\">Das propostas recebidas, ap\u00f3s uma an\u00e1lise criteriosa, foram selecionados 11 projetos para a 21.\u00aa edi\u00e7\u00e3o do Festival Internacional de Jardins, com o tema\u00a0\u201cJardins de Sonho\u201d, considerando ainda o jardim vencedor desta \u00faltima edi\u00e7\u00e3o, bem como duas propostas suplentes, perfazendo assim um total de 14 projetos.<\/p>\n<p class=\"p1\">Para a 21.\u00aa edi\u00e7\u00e3o foram analisadas as 46 propostas de 19 pa\u00edses, onde constam: Portugal, Alemanha, \u00c1ustria, B\u00e9lgica, Brasil, Bulg\u00e1ria, Chile, China, Espanha, Fran\u00e7a, Col\u00f4mbia, It\u00e1lia, Pol\u00f3nia, Reino Unido, Rep\u00fablica Checa, Rom\u00e9nia, Su\u00ed\u00e7a, Turquia e Ucr\u00e2nia, o que demonstra a diversidade de culturas e a abrang\u00eancia deste projeto.<\/p>\n<p class=\"p1\">Nos 11 projetos selecionados para a pr\u00f3xima edi\u00e7\u00e3o, ser\u00e3o representados 11 pa\u00edses: \u00c1ustria, Brasil, Chile, China, Espanha, Col\u00f4mbia, Portugal, Reino Unido, Rom\u00e9nia, Su\u00ed\u00e7a e Turquia.<\/p>\n<p class=\"p1\">A autarquia deseja que \u201co p\u00fablico que anualmente nos visita, seja congratulado com mais uma edi\u00e7\u00e3o de enorme qualidade e diversidade cultural, tendo em conta a exig\u00eancia do p\u00fabico que hoje em dia procura este certame\u201d.<\/p>\n","protected":false},"excerpt":{"rendered":"<p>A dire\u00e7\u00e3o e o j\u00fari do\u00a0Festival Internacional de Jardins de Ponte de Lima reuniu no dia 19 de novembro, no Palacete Villa Moraes, de forma a analisar as 46 propostas recebidas para participar no Festival Internacional de Jardins de Ponte de Lima. Das propostas recebidas, ap\u00f3s uma an\u00e1lise criteriosa, foram selecionados 11 projetos para a [&hellip;]<\/p>\n","protected":false},"author":30,"featured_media":124684,"comment_status":"closed","ping_status":"closed","sticky":false,"template":"","format":"standard","meta":{"_exactmetrics_skip_tracking":false,"_exactmetrics_sitenote_active":false,"_exactmetrics_sitenote_note":"","_exactmetrics_sitenote_category":0,"footnotes":""},"categories":[12],"tags":[19],"class_list":["post-125762","post","type-post","status-publish","format-standard","has-post-thumbnail","hentry","category-ponte-de-lima","tag-cultura"],"yoast_head":"<!-- This site is optimized with the Yoast SEO Premium plugin v27.4 (Yoast SEO v27.4) - https:\/\/yoast.com\/product\/yoast-seo-premium-wordpress\/ -->\n<title>Selecionados os 11 projetos para a 21\u00aa edi\u00e7\u00e3o do Festival Internacional de Jardins de Ponte de Lima<\/title>\n<meta name=\"description\" content=\"A dire\u00e7\u00e3o e o j\u00fari do\u00a0Festival Internacional de Jardins de Ponte de Lima reuniu no dia 19 de novembro, no Palacete Villa Moraes, de forma a analisar as 46 propostas recebidas para participar no Festival Internacional de Jardins de Ponte de Lima.\" \/>\n<meta name=\"robots\" content=\"index, follow, max-snippet:-1, max-image-preview:large, max-video-preview:-1\" \/>\n<link rel=\"canonical\" href=\"https:\/\/www.altominho.tv\/site\/2025\/11\/27\/selecionados-os-11-projetos-para-a-21a-edicao-do-festival-internacional-de-jardins\/\" \/>\n<meta property=\"og:locale\" content=\"pt_PT\" \/>\n<meta property=\"og:type\" content=\"article\" \/>\n<meta property=\"og:title\" content=\"Selecionados os 11 projetos para a 21\u00aa edi\u00e7\u00e3o do Festival Internacional de Jardins de Ponte de Lima\" \/>\n<meta property=\"og:description\" content=\"A dire\u00e7\u00e3o e o j\u00fari do\u00a0Festival Internacional de Jardins de Ponte de Lima reuniu no dia 19 de novembro, no Palacete Villa Moraes, de forma a analisar as 46 propostas recebidas para participar no Festival Internacional de Jardins de Ponte de Lima.\" \/>\n<meta property=\"og:url\" content=\"https:\/\/www.altominho.tv\/site\/2025\/11\/27\/selecionados-os-11-projetos-para-a-21a-edicao-do-festival-internacional-de-jardins\/\" \/>\n<meta property=\"og:site_name\" content=\"Altominho.tv\" \/>\n<meta property=\"article:publisher\" content=\"https:\/\/www.facebook.com\/altominhotv\" \/>\n<meta property=\"article:published_time\" content=\"2025-11-27T14:28:32+00:00\" \/>\n<meta property=\"article:modified_time\" content=\"2025-11-27T14:30:26+00:00\" \/>\n<meta property=\"og:image\" content=\"https:\/\/www.altominho.tv\/site\/wp-content\/uploads\/2025\/10\/festival-jardim-ponte-lima.jpg\" \/>\n\t<meta property=\"og:image:width\" content=\"1200\" \/>\n\t<meta property=\"og:image:height\" content=\"630\" \/>\n\t<meta property=\"og:image:type\" content=\"image\/jpeg\" \/>\n<meta name=\"author\" content=\"Eduarda Cardoso\" \/>\n<meta name=\"twitter:card\" content=\"summary_large_image\" \/>\n<meta name=\"twitter:creator\" content=\"@altominhoTV\" \/>\n<meta name=\"twitter:site\" content=\"@altominhoTV\" \/>\n<meta name=\"twitter:label1\" content=\"Escrito por\" \/>\n\t<meta name=\"twitter:data1\" content=\"Eduarda Cardoso\" \/>\n\t<meta name=\"twitter:label2\" content=\"Tempo estimado de leitura\" \/>\n\t<meta name=\"twitter:data2\" content=\"2 minutos\" \/>\n<script type=\"application\/ld+json\" class=\"yoast-schema-graph\">{\"@context\":\"https:\\\/\\\/schema.org\",\"@graph\":[{\"@type\":\"Article\",\"@id\":\"https:\\\/\\\/www.altominho.tv\\\/site\\\/2025\\\/11\\\/27\\\/selecionados-os-11-projetos-para-a-21a-edicao-do-festival-internacional-de-jardins\\\/#article\",\"isPartOf\":{\"@id\":\"https:\\\/\\\/www.altominho.tv\\\/site\\\/2025\\\/11\\\/27\\\/selecionados-os-11-projetos-para-a-21a-edicao-do-festival-internacional-de-jardins\\\/\"},\"author\":{\"name\":\"Eduarda Cardoso\",\"@id\":\"https:\\\/\\\/www.altominho.tv\\\/site\\\/#\\\/schema\\\/person\\\/9e351387b727413d005ccf1152c93539\"},\"headline\":\"Selecionados os 11 projetos para a 21\u00aa edi\u00e7\u00e3o do Festival Internacional de Jardins de Ponte de Lima\",\"datePublished\":\"2025-11-27T14:28:32+00:00\",\"dateModified\":\"2025-11-27T14:30:26+00:00\",\"mainEntityOfPage\":{\"@id\":\"https:\\\/\\\/www.altominho.tv\\\/site\\\/2025\\\/11\\\/27\\\/selecionados-os-11-projetos-para-a-21a-edicao-do-festival-internacional-de-jardins\\\/\"},\"wordCount\":234,\"image\":{\"@id\":\"https:\\\/\\\/www.altominho.tv\\\/site\\\/2025\\\/11\\\/27\\\/selecionados-os-11-projetos-para-a-21a-edicao-do-festival-internacional-de-jardins\\\/#primaryimage\"},\"thumbnailUrl\":\"https:\\\/\\\/www.altominho.tv\\\/site\\\/wp-content\\\/uploads\\\/2025\\\/10\\\/festival-jardim-ponte-lima.jpg\",\"keywords\":[\"Cultura\"],\"articleSection\":[\"Ponte de Lima\"],\"inLanguage\":\"pt-PT\",\"copyrightYear\":\"2025\",\"copyrightHolder\":{\"@id\":\"https:\\\/\\\/www.altominho.tv\\\/site\\\/#organization\"}},{\"@type\":\"WebPage\",\"@id\":\"https:\\\/\\\/www.altominho.tv\\\/site\\\/2025\\\/11\\\/27\\\/selecionados-os-11-projetos-para-a-21a-edicao-do-festival-internacional-de-jardins\\\/\",\"url\":\"https:\\\/\\\/www.altominho.tv\\\/site\\\/2025\\\/11\\\/27\\\/selecionados-os-11-projetos-para-a-21a-edicao-do-festival-internacional-de-jardins\\\/\",\"name\":\"Selecionados os 11 projetos para a 21\u00aa edi\u00e7\u00e3o do Festival Internacional de Jardins de Ponte de Lima\",\"isPartOf\":{\"@id\":\"https:\\\/\\\/www.altominho.tv\\\/site\\\/#website\"},\"primaryImageOfPage\":{\"@id\":\"https:\\\/\\\/www.altominho.tv\\\/site\\\/2025\\\/11\\\/27\\\/selecionados-os-11-projetos-para-a-21a-edicao-do-festival-internacional-de-jardins\\\/#primaryimage\"},\"image\":{\"@id\":\"https:\\\/\\\/www.altominho.tv\\\/site\\\/2025\\\/11\\\/27\\\/selecionados-os-11-projetos-para-a-21a-edicao-do-festival-internacional-de-jardins\\\/#primaryimage\"},\"thumbnailUrl\":\"https:\\\/\\\/www.altominho.tv\\\/site\\\/wp-content\\\/uploads\\\/2025\\\/10\\\/festival-jardim-ponte-lima.jpg\",\"datePublished\":\"2025-11-27T14:28:32+00:00\",\"dateModified\":\"2025-11-27T14:30:26+00:00\",\"author\":{\"@id\":\"https:\\\/\\\/www.altominho.tv\\\/site\\\/#\\\/schema\\\/person\\\/9e351387b727413d005ccf1152c93539\"},\"description\":\"A dire\u00e7\u00e3o e o j\u00fari do\u00a0Festival Internacional de Jardins de Ponte de Lima reuniu no dia 19 de novembro, no Palacete Villa Moraes, de forma a analisar as 46 propostas recebidas para participar no Festival Internacional de Jardins de Ponte de Lima.\",\"breadcrumb\":{\"@id\":\"https:\\\/\\\/www.altominho.tv\\\/site\\\/2025\\\/11\\\/27\\\/selecionados-os-11-projetos-para-a-21a-edicao-do-festival-internacional-de-jardins\\\/#breadcrumb\"},\"inLanguage\":\"pt-PT\",\"potentialAction\":[{\"@type\":\"ReadAction\",\"target\":[\"https:\\\/\\\/www.altominho.tv\\\/site\\\/2025\\\/11\\\/27\\\/selecionados-os-11-projetos-para-a-21a-edicao-do-festival-internacional-de-jardins\\\/\"]}]},{\"@type\":\"ImageObject\",\"inLanguage\":\"pt-PT\",\"@id\":\"https:\\\/\\\/www.altominho.tv\\\/site\\\/2025\\\/11\\\/27\\\/selecionados-os-11-projetos-para-a-21a-edicao-do-festival-internacional-de-jardins\\\/#primaryimage\",\"url\":\"https:\\\/\\\/www.altominho.tv\\\/site\\\/wp-content\\\/uploads\\\/2025\\\/10\\\/festival-jardim-ponte-lima.jpg\",\"contentUrl\":\"https:\\\/\\\/www.altominho.tv\\\/site\\\/wp-content\\\/uploads\\\/2025\\\/10\\\/festival-jardim-ponte-lima.jpg\",\"width\":1200,\"height\":630},{\"@type\":\"BreadcrumbList\",\"@id\":\"https:\\\/\\\/www.altominho.tv\\\/site\\\/2025\\\/11\\\/27\\\/selecionados-os-11-projetos-para-a-21a-edicao-do-festival-internacional-de-jardins\\\/#breadcrumb\",\"itemListElement\":[{\"@type\":\"ListItem\",\"position\":1,\"name\":\"In\u00edcio\",\"item\":\"https:\\\/\\\/www.altominho.tv\\\/site\\\/\"},{\"@type\":\"ListItem\",\"position\":2,\"name\":\"Selecionados os 11 projetos para a 21\u00aa edi\u00e7\u00e3o do Festival Internacional de Jardins de Ponte de Lima\"}]},{\"@type\":\"WebSite\",\"@id\":\"https:\\\/\\\/www.altominho.tv\\\/site\\\/#website\",\"url\":\"https:\\\/\\\/www.altominho.tv\\\/site\\\/\",\"name\":\"Altominho.tv\",\"description\":\"A sua regi\u00e3o \u00e0 dist\u00e2ncia de um clique...\",\"potentialAction\":[{\"@type\":\"SearchAction\",\"target\":{\"@type\":\"EntryPoint\",\"urlTemplate\":\"https:\\\/\\\/www.altominho.tv\\\/site\\\/?s={search_term_string}\"},\"query-input\":{\"@type\":\"PropertyValueSpecification\",\"valueRequired\":true,\"valueName\":\"search_term_string\"}}],\"inLanguage\":\"pt-PT\"},{\"@type\":\"Person\",\"@id\":\"https:\\\/\\\/www.altominho.tv\\\/site\\\/#\\\/schema\\\/person\\\/9e351387b727413d005ccf1152c93539\",\"name\":\"Eduarda Cardoso\",\"image\":{\"@type\":\"ImageObject\",\"inLanguage\":\"pt-PT\",\"@id\":\"https:\\\/\\\/www.altominho.tv\\\/site\\\/wp-content\\\/uploads\\\/2021\\\/01\\\/cropped-Logo-ATV_WEB-150x150.png\",\"url\":\"https:\\\/\\\/www.altominho.tv\\\/site\\\/wp-content\\\/uploads\\\/2021\\\/01\\\/cropped-Logo-ATV_WEB-150x150.png\",\"contentUrl\":\"https:\\\/\\\/www.altominho.tv\\\/site\\\/wp-content\\\/uploads\\\/2021\\\/01\\\/cropped-Logo-ATV_WEB-150x150.png\",\"caption\":\"Eduarda Cardoso\"},\"url\":\"https:\\\/\\\/www.altominho.tv\\\/site\\\/author\\\/eduarda-cardoso\\\/\"}]}<\/script>\n<!-- \/ Yoast SEO Premium plugin. -->","yoast_head_json":{"title":"Selecionados os 11 projetos para a 21\u00aa edi\u00e7\u00e3o do Festival Internacional de Jardins de Ponte de Lima","description":"A dire\u00e7\u00e3o e o j\u00fari do\u00a0Festival Internacional de Jardins de Ponte de Lima reuniu no dia 19 de novembro, no Palacete Villa Moraes, de forma a analisar as 46 propostas recebidas para participar no Festival Internacional de Jardins de Ponte de Lima.","robots":{"index":"index","follow":"follow","max-snippet":"max-snippet:-1","max-image-preview":"max-image-preview:large","max-video-preview":"max-video-preview:-1"},"canonical":"https:\/\/www.altominho.tv\/site\/2025\/11\/27\/selecionados-os-11-projetos-para-a-21a-edicao-do-festival-internacional-de-jardins\/","og_locale":"pt_PT","og_type":"article","og_title":"Selecionados os 11 projetos para a 21\u00aa edi\u00e7\u00e3o do Festival Internacional de Jardins de Ponte de Lima","og_description":"A dire\u00e7\u00e3o e o j\u00fari do\u00a0Festival Internacional de Jardins de Ponte de Lima reuniu no dia 19 de novembro, no Palacete Villa Moraes, de forma a analisar as 46 propostas recebidas para participar no Festival Internacional de Jardins de Ponte de Lima.","og_url":"https:\/\/www.altominho.tv\/site\/2025\/11\/27\/selecionados-os-11-projetos-para-a-21a-edicao-do-festival-internacional-de-jardins\/","og_site_name":"Altominho.tv","article_publisher":"https:\/\/www.facebook.com\/altominhotv","article_published_time":"2025-11-27T14:28:32+00:00","article_modified_time":"2025-11-27T14:30:26+00:00","og_image":[{"width":1200,"height":630,"url":"https:\/\/www.altominho.tv\/site\/wp-content\/uploads\/2025\/10\/festival-jardim-ponte-lima.jpg","type":"image\/jpeg"}],"author":"Eduarda Cardoso","twitter_card":"summary_large_image","twitter_creator":"@altominhoTV","twitter_site":"@altominhoTV","twitter_misc":{"Escrito por":"Eduarda Cardoso","Tempo estimado de leitura":"2 minutos"},"schema":{"@context":"https:\/\/schema.org","@graph":[{"@type":"Article","@id":"https:\/\/www.altominho.tv\/site\/2025\/11\/27\/selecionados-os-11-projetos-para-a-21a-edicao-do-festival-internacional-de-jardins\/#article","isPartOf":{"@id":"https:\/\/www.altominho.tv\/site\/2025\/11\/27\/selecionados-os-11-projetos-para-a-21a-edicao-do-festival-internacional-de-jardins\/"},"author":{"name":"Eduarda Cardoso","@id":"https:\/\/www.altominho.tv\/site\/#\/schema\/person\/9e351387b727413d005ccf1152c93539"},"headline":"Selecionados os 11 projetos para a 21\u00aa edi\u00e7\u00e3o do Festival Internacional de Jardins de Ponte de Lima","datePublished":"2025-11-27T14:28:32+00:00","dateModified":"2025-11-27T14:30:26+00:00","mainEntityOfPage":{"@id":"https:\/\/www.altominho.tv\/site\/2025\/11\/27\/selecionados-os-11-projetos-para-a-21a-edicao-do-festival-internacional-de-jardins\/"},"wordCount":234,"image":{"@id":"https:\/\/www.altominho.tv\/site\/2025\/11\/27\/selecionados-os-11-projetos-para-a-21a-edicao-do-festival-internacional-de-jardins\/#primaryimage"},"thumbnailUrl":"https:\/\/www.altominho.tv\/site\/wp-content\/uploads\/2025\/10\/festival-jardim-ponte-lima.jpg","keywords":["Cultura"],"articleSection":["Ponte de Lima"],"inLanguage":"pt-PT","copyrightYear":"2025","copyrightHolder":{"@id":"https:\/\/www.altominho.tv\/site\/#organization"}},{"@type":"WebPage","@id":"https:\/\/www.altominho.tv\/site\/2025\/11\/27\/selecionados-os-11-projetos-para-a-21a-edicao-do-festival-internacional-de-jardins\/","url":"https:\/\/www.altominho.tv\/site\/2025\/11\/27\/selecionados-os-11-projetos-para-a-21a-edicao-do-festival-internacional-de-jardins\/","name":"Selecionados os 11 projetos para a 21\u00aa edi\u00e7\u00e3o do Festival Internacional de Jardins de Ponte de Lima","isPartOf":{"@id":"https:\/\/www.altominho.tv\/site\/#website"},"primaryImageOfPage":{"@id":"https:\/\/www.altominho.tv\/site\/2025\/11\/27\/selecionados-os-11-projetos-para-a-21a-edicao-do-festival-internacional-de-jardins\/#primaryimage"},"image":{"@id":"https:\/\/www.altominho.tv\/site\/2025\/11\/27\/selecionados-os-11-projetos-para-a-21a-edicao-do-festival-internacional-de-jardins\/#primaryimage"},"thumbnailUrl":"https:\/\/www.altominho.tv\/site\/wp-content\/uploads\/2025\/10\/festival-jardim-ponte-lima.jpg","datePublished":"2025-11-27T14:28:32+00:00","dateModified":"2025-11-27T14:30:26+00:00","author":{"@id":"https:\/\/www.altominho.tv\/site\/#\/schema\/person\/9e351387b727413d005ccf1152c93539"},"description":"A dire\u00e7\u00e3o e o j\u00fari do\u00a0Festival Internacional de Jardins de Ponte de Lima reuniu no dia 19 de novembro, no Palacete Villa Moraes, de forma a analisar as 46 propostas recebidas para participar no Festival Internacional de Jardins de Ponte de Lima.","breadcrumb":{"@id":"https:\/\/www.altominho.tv\/site\/2025\/11\/27\/selecionados-os-11-projetos-para-a-21a-edicao-do-festival-internacional-de-jardins\/#breadcrumb"},"inLanguage":"pt-PT","potentialAction":[{"@type":"ReadAction","target":["https:\/\/www.altominho.tv\/site\/2025\/11\/27\/selecionados-os-11-projetos-para-a-21a-edicao-do-festival-internacional-de-jardins\/"]}]},{"@type":"ImageObject","inLanguage":"pt-PT","@id":"https:\/\/www.altominho.tv\/site\/2025\/11\/27\/selecionados-os-11-projetos-para-a-21a-edicao-do-festival-internacional-de-jardins\/#primaryimage","url":"https:\/\/www.altominho.tv\/site\/wp-content\/uploads\/2025\/10\/festival-jardim-ponte-lima.jpg","contentUrl":"https:\/\/www.altominho.tv\/site\/wp-content\/uploads\/2025\/10\/festival-jardim-ponte-lima.jpg","width":1200,"height":630},{"@type":"BreadcrumbList","@id":"https:\/\/www.altominho.tv\/site\/2025\/11\/27\/selecionados-os-11-projetos-para-a-21a-edicao-do-festival-internacional-de-jardins\/#breadcrumb","itemListElement":[{"@type":"ListItem","position":1,"name":"In\u00edcio","item":"https:\/\/www.altominho.tv\/site\/"},{"@type":"ListItem","position":2,"name":"Selecionados os 11 projetos para a 21\u00aa edi\u00e7\u00e3o do Festival Internacional de Jardins de Ponte de Lima"}]},{"@type":"WebSite","@id":"https:\/\/www.altominho.tv\/site\/#website","url":"https:\/\/www.altominho.tv\/site\/","name":"Altominho.tv","description":"A sua regi\u00e3o \u00e0 dist\u00e2ncia de um clique...","potentialAction":[{"@type":"SearchAction","target":{"@type":"EntryPoint","urlTemplate":"https:\/\/www.altominho.tv\/site\/?s={search_term_string}"},"query-input":{"@type":"PropertyValueSpecification","valueRequired":true,"valueName":"search_term_string"}}],"inLanguage":"pt-PT"},{"@type":"Person","@id":"https:\/\/www.altominho.tv\/site\/#\/schema\/person\/9e351387b727413d005ccf1152c93539","name":"Eduarda Cardoso","image":{"@type":"ImageObject","inLanguage":"pt-PT","@id":"https:\/\/www.altominho.tv\/site\/wp-content\/uploads\/2021\/01\/cropped-Logo-ATV_WEB-150x150.png","url":"https:\/\/www.altominho.tv\/site\/wp-content\/uploads\/2021\/01\/cropped-Logo-ATV_WEB-150x150.png","contentUrl":"https:\/\/www.altominho.tv\/site\/wp-content\/uploads\/2021\/01\/cropped-Logo-ATV_WEB-150x150.png","caption":"Eduarda Cardoso"},"url":"https:\/\/www.altominho.tv\/site\/author\/eduarda-cardoso\/"}]}},"_links":{"self":[{"href":"https:\/\/www.altominho.tv\/site\/wp-json\/wp\/v2\/posts\/125762","targetHints":{"allow":["GET"]}}],"collection":[{"href":"https:\/\/www.altominho.tv\/site\/wp-json\/wp\/v2\/posts"}],"about":[{"href":"https:\/\/www.altominho.tv\/site\/wp-json\/wp\/v2\/types\/post"}],"author":[{"embeddable":true,"href":"https:\/\/www.altominho.tv\/site\/wp-json\/wp\/v2\/users\/30"}],"replies":[{"embeddable":true,"href":"https:\/\/www.altominho.tv\/site\/wp-json\/wp\/v2\/comments?post=125762"}],"version-history":[{"count":2,"href":"https:\/\/www.altominho.tv\/site\/wp-json\/wp\/v2\/posts\/125762\/revisions"}],"predecessor-version":[{"id":125764,"href":"https:\/\/www.altominho.tv\/site\/wp-json\/wp\/v2\/posts\/125762\/revisions\/125764"}],"wp:featuredmedia":[{"embeddable":true,"href":"https:\/\/www.altominho.tv\/site\/wp-json\/wp\/v2\/media\/124684"}],"wp:attachment":[{"href":"https:\/\/www.altominho.tv\/site\/wp-json\/wp\/v2\/media?parent=125762"}],"wp:term":[{"taxonomy":"category","embeddable":true,"href":"https:\/\/www.altominho.tv\/site\/wp-json\/wp\/v2\/categories?post=125762"},{"taxonomy":"post_tag","embeddable":true,"href":"https:\/\/www.altominho.tv\/site\/wp-json\/wp\/v2\/tags?post=125762"}],"curies":[{"name":"wp","href":"https:\/\/api.w.org\/{rel}","templated":true}]}}