{"id":125752,"date":"2025-11-27T11:40:06","date_gmt":"2025-11-27T11:40:06","guid":{"rendered":"https:\/\/www.altominho.tv\/site\/?p=125752"},"modified":"2025-11-27T14:07:56","modified_gmt":"2025-11-27T14:07:56","slug":"ix-urban-trail-night-eurocidade-valenca-tui-realiza-se-ja-este-sabado","status":"publish","type":"post","link":"https:\/\/www.altominho.tv\/site\/2025\/11\/27\/ix-urban-trail-night-eurocidade-valenca-tui-realiza-se-ja-este-sabado\/","title":{"rendered":"IX Urban Trail Night Eurocidade Valen\u00e7a \u2013 Tui realiza-se j\u00e1 este s\u00e1bado"},"content":{"rendered":"<p class=\"p1\">A nona edi\u00e7\u00e3o da Urban Trail Night, agendada para 29 de novembro est\u00e1 de volta \u00e0 Eurocidade Valen\u00e7a \u2013 Tui, unindo duas cidades, atravessando dois pa\u00edses e passando pela centen\u00e1ria ponte met\u00e1lica internacional.<\/p>\n<p class=\"p1\">Espera-se a participa\u00e7\u00e3o de centenas de atletas, e esta prova noturna promete ser uma das grandes refer\u00eancias do atletismo deste \u00faltimo trimestre de 2025.<\/p>\n<p class=\"p1\">A Urban Trail Night Eurocidade Valen\u00e7a \u2013 Tui \u00e9 uma corrida \u00fanica, combinando trilhos, asfalto, escadas, rampas e muros. O percurso atravessa locais hist\u00f3ricos e naturais, como a Fortaleza de Valen\u00e7a, a Ponte Internacional Centen\u00e1ria, a zona hist\u00f3rica de Tui, a Catedral de Santa Maria, a ponte rom\u00e2nica e as margens do rio Minho.<\/p>\n<p class=\"p1\">O Urban Trail Night continuar\u00e1 com seu formato de duas dist\u00e2ncias, oito e 16 quil\u00f3metros, para atender a todos os tipos de atletas.<\/p>\n<p class=\"p1\">O Urban Trail Night Eurocidade \u00e9 organizado pelas empresas Sra. Emilia Agencia de Comunicaci\u00f3n e NOKAO, e conta com o apoio das Camaras de Valen\u00e7a e Tui, bem como de entidades privadas.<\/p>\n","protected":false},"excerpt":{"rendered":"<p>A nona edi\u00e7\u00e3o da Urban Trail Night, agendada para 29 de novembro est\u00e1 de volta \u00e0 Eurocidade Valen\u00e7a \u2013 Tui, unindo duas cidades, atravessando dois pa\u00edses e passando pela centen\u00e1ria ponte met\u00e1lica internacional. Espera-se a participa\u00e7\u00e3o de centenas de atletas, e esta prova noturna promete ser uma das grandes refer\u00eancias do atletismo deste \u00faltimo trimestre [&hellip;]<\/p>\n","protected":false},"author":30,"featured_media":125761,"comment_status":"closed","ping_status":"closed","sticky":false,"template":"","format":"standard","meta":{"_exactmetrics_skip_tracking":false,"_exactmetrics_sitenote_active":false,"_exactmetrics_sitenote_note":"","_exactmetrics_sitenote_category":0,"footnotes":""},"categories":[13],"tags":[20],"class_list":["post-125752","post","type-post","status-publish","format-standard","has-post-thumbnail","hentry","category-valenca","tag-desporto"],"yoast_head":"<!-- This site is optimized with the Yoast SEO Premium plugin v27.5 (Yoast SEO v27.5) - https:\/\/yoast.com\/product\/yoast-seo-premium-wordpress\/ -->\n<title>IX Urban Trail Night Eurocidade Valen\u00e7a \u2013 Tui realiza-se j\u00e1 este s\u00e1bado<\/title>\n<meta name=\"description\" content=\"A nona edi\u00e7\u00e3o da Urban Trail Night, agendada para 29 de novembro est\u00e1 de volta \u00e0 Eurocidade Valen\u00e7a \u2013 Tui, unindo duas cidades, atravessando dois pa\u00edses e passando pela centen\u00e1ria ponte met\u00e1lica internacional.\" \/>\n<meta name=\"robots\" content=\"index, follow, max-snippet:-1, max-image-preview:large, max-video-preview:-1\" \/>\n<link rel=\"canonical\" href=\"https:\/\/www.altominho.tv\/site\/2025\/11\/27\/ix-urban-trail-night-eurocidade-valenca-tui-realiza-se-ja-este-sabado\/\" \/>\n<meta property=\"og:locale\" content=\"pt_PT\" \/>\n<meta property=\"og:type\" content=\"article\" \/>\n<meta property=\"og:title\" content=\"IX Urban Trail Night Eurocidade Valen\u00e7a \u2013 Tui realiza-se j\u00e1 este s\u00e1bado\" \/>\n<meta property=\"og:description\" content=\"A nona edi\u00e7\u00e3o da Urban Trail Night, agendada para 29 de novembro est\u00e1 de volta \u00e0 Eurocidade Valen\u00e7a \u2013 Tui, unindo duas cidades, atravessando dois pa\u00edses e passando pela centen\u00e1ria ponte met\u00e1lica internacional.\" \/>\n<meta property=\"og:url\" content=\"https:\/\/www.altominho.tv\/site\/2025\/11\/27\/ix-urban-trail-night-eurocidade-valenca-tui-realiza-se-ja-este-sabado\/\" \/>\n<meta property=\"og:site_name\" content=\"Altominho.tv\" \/>\n<meta property=\"article:publisher\" content=\"https:\/\/www.facebook.com\/altominhotv\" \/>\n<meta property=\"article:published_time\" content=\"2025-11-27T11:40:06+00:00\" \/>\n<meta property=\"article:modified_time\" content=\"2025-11-27T14:07:56+00:00\" \/>\n<meta property=\"og:image\" content=\"https:\/\/www.altominho.tv\/site\/wp-content\/uploads\/2025\/11\/urba-trail-valenca.jpg\" \/>\n\t<meta property=\"og:image:width\" content=\"1200\" \/>\n\t<meta property=\"og:image:height\" content=\"630\" \/>\n\t<meta property=\"og:image:type\" content=\"image\/jpeg\" \/>\n<meta name=\"author\" content=\"Eduarda Cardoso\" \/>\n<meta name=\"twitter:card\" content=\"summary_large_image\" \/>\n<meta name=\"twitter:creator\" content=\"@altominhoTV\" \/>\n<meta name=\"twitter:site\" content=\"@altominhoTV\" \/>\n<meta name=\"twitter:label1\" content=\"Escrito por\" \/>\n\t<meta name=\"twitter:data1\" content=\"Eduarda Cardoso\" \/>\n\t<meta name=\"twitter:label2\" content=\"Tempo estimado de leitura\" \/>\n\t<meta name=\"twitter:data2\" content=\"2 minutos\" \/>\n<script type=\"application\/ld+json\" class=\"yoast-schema-graph\">{\"@context\":\"https:\\\/\\\/schema.org\",\"@graph\":[{\"@type\":\"Article\",\"@id\":\"https:\\\/\\\/www.altominho.tv\\\/site\\\/2025\\\/11\\\/27\\\/ix-urban-trail-night-eurocidade-valenca-tui-realiza-se-ja-este-sabado\\\/#article\",\"isPartOf\":{\"@id\":\"https:\\\/\\\/www.altominho.tv\\\/site\\\/2025\\\/11\\\/27\\\/ix-urban-trail-night-eurocidade-valenca-tui-realiza-se-ja-este-sabado\\\/\"},\"author\":{\"name\":\"Eduarda Cardoso\",\"@id\":\"https:\\\/\\\/www.altominho.tv\\\/site\\\/#\\\/schema\\\/person\\\/9e351387b727413d005ccf1152c93539\"},\"headline\":\"IX Urban Trail Night Eurocidade Valen\u00e7a \u2013 Tui realiza-se j\u00e1 este s\u00e1bado\",\"datePublished\":\"2025-11-27T11:40:06+00:00\",\"dateModified\":\"2025-11-27T14:07:56+00:00\",\"mainEntityOfPage\":{\"@id\":\"https:\\\/\\\/www.altominho.tv\\\/site\\\/2025\\\/11\\\/27\\\/ix-urban-trail-night-eurocidade-valenca-tui-realiza-se-ja-este-sabado\\\/\"},\"wordCount\":188,\"image\":{\"@id\":\"https:\\\/\\\/www.altominho.tv\\\/site\\\/2025\\\/11\\\/27\\\/ix-urban-trail-night-eurocidade-valenca-tui-realiza-se-ja-este-sabado\\\/#primaryimage\"},\"thumbnailUrl\":\"https:\\\/\\\/www.altominho.tv\\\/site\\\/wp-content\\\/uploads\\\/2025\\\/11\\\/urba-trail-valenca.jpg\",\"keywords\":[\"Desporto\"],\"articleSection\":[\"Valen\u00e7a\"],\"inLanguage\":\"pt-PT\",\"copyrightYear\":\"2025\",\"copyrightHolder\":{\"@id\":\"https:\\\/\\\/www.altominho.tv\\\/site\\\/#organization\"}},{\"@type\":\"WebPage\",\"@id\":\"https:\\\/\\\/www.altominho.tv\\\/site\\\/2025\\\/11\\\/27\\\/ix-urban-trail-night-eurocidade-valenca-tui-realiza-se-ja-este-sabado\\\/\",\"url\":\"https:\\\/\\\/www.altominho.tv\\\/site\\\/2025\\\/11\\\/27\\\/ix-urban-trail-night-eurocidade-valenca-tui-realiza-se-ja-este-sabado\\\/\",\"name\":\"IX Urban Trail Night Eurocidade Valen\u00e7a \u2013 Tui realiza-se j\u00e1 este s\u00e1bado\",\"isPartOf\":{\"@id\":\"https:\\\/\\\/www.altominho.tv\\\/site\\\/#website\"},\"primaryImageOfPage\":{\"@id\":\"https:\\\/\\\/www.altominho.tv\\\/site\\\/2025\\\/11\\\/27\\\/ix-urban-trail-night-eurocidade-valenca-tui-realiza-se-ja-este-sabado\\\/#primaryimage\"},\"image\":{\"@id\":\"https:\\\/\\\/www.altominho.tv\\\/site\\\/2025\\\/11\\\/27\\\/ix-urban-trail-night-eurocidade-valenca-tui-realiza-se-ja-este-sabado\\\/#primaryimage\"},\"thumbnailUrl\":\"https:\\\/\\\/www.altominho.tv\\\/site\\\/wp-content\\\/uploads\\\/2025\\\/11\\\/urba-trail-valenca.jpg\",\"datePublished\":\"2025-11-27T11:40:06+00:00\",\"dateModified\":\"2025-11-27T14:07:56+00:00\",\"author\":{\"@id\":\"https:\\\/\\\/www.altominho.tv\\\/site\\\/#\\\/schema\\\/person\\\/9e351387b727413d005ccf1152c93539\"},\"description\":\"A nona edi\u00e7\u00e3o da Urban Trail Night, agendada para 29 de novembro est\u00e1 de volta \u00e0 Eurocidade Valen\u00e7a \u2013 Tui, unindo duas cidades, atravessando dois pa\u00edses e passando pela centen\u00e1ria ponte met\u00e1lica internacional.\",\"breadcrumb\":{\"@id\":\"https:\\\/\\\/www.altominho.tv\\\/site\\\/2025\\\/11\\\/27\\\/ix-urban-trail-night-eurocidade-valenca-tui-realiza-se-ja-este-sabado\\\/#breadcrumb\"},\"inLanguage\":\"pt-PT\",\"potentialAction\":[{\"@type\":\"ReadAction\",\"target\":[\"https:\\\/\\\/www.altominho.tv\\\/site\\\/2025\\\/11\\\/27\\\/ix-urban-trail-night-eurocidade-valenca-tui-realiza-se-ja-este-sabado\\\/\"]}]},{\"@type\":\"ImageObject\",\"inLanguage\":\"pt-PT\",\"@id\":\"https:\\\/\\\/www.altominho.tv\\\/site\\\/2025\\\/11\\\/27\\\/ix-urban-trail-night-eurocidade-valenca-tui-realiza-se-ja-este-sabado\\\/#primaryimage\",\"url\":\"https:\\\/\\\/www.altominho.tv\\\/site\\\/wp-content\\\/uploads\\\/2025\\\/11\\\/urba-trail-valenca.jpg\",\"contentUrl\":\"https:\\\/\\\/www.altominho.tv\\\/site\\\/wp-content\\\/uploads\\\/2025\\\/11\\\/urba-trail-valenca.jpg\",\"width\":1200,\"height\":630},{\"@type\":\"BreadcrumbList\",\"@id\":\"https:\\\/\\\/www.altominho.tv\\\/site\\\/2025\\\/11\\\/27\\\/ix-urban-trail-night-eurocidade-valenca-tui-realiza-se-ja-este-sabado\\\/#breadcrumb\",\"itemListElement\":[{\"@type\":\"ListItem\",\"position\":1,\"name\":\"In\u00edcio\",\"item\":\"https:\\\/\\\/www.altominho.tv\\\/site\\\/\"},{\"@type\":\"ListItem\",\"position\":2,\"name\":\"IX Urban Trail Night Eurocidade Valen\u00e7a \u2013 Tui realiza-se j\u00e1 este s\u00e1bado\"}]},{\"@type\":\"WebSite\",\"@id\":\"https:\\\/\\\/www.altominho.tv\\\/site\\\/#website\",\"url\":\"https:\\\/\\\/www.altominho.tv\\\/site\\\/\",\"name\":\"Altominho.tv\",\"description\":\"A sua regi\u00e3o \u00e0 dist\u00e2ncia de um clique...\",\"potentialAction\":[{\"@type\":\"SearchAction\",\"target\":{\"@type\":\"EntryPoint\",\"urlTemplate\":\"https:\\\/\\\/www.altominho.tv\\\/site\\\/?s={search_term_string}\"},\"query-input\":{\"@type\":\"PropertyValueSpecification\",\"valueRequired\":true,\"valueName\":\"search_term_string\"}}],\"inLanguage\":\"pt-PT\"},{\"@type\":\"Person\",\"@id\":\"https:\\\/\\\/www.altominho.tv\\\/site\\\/#\\\/schema\\\/person\\\/9e351387b727413d005ccf1152c93539\",\"name\":\"Eduarda Cardoso\",\"image\":{\"@type\":\"ImageObject\",\"inLanguage\":\"pt-PT\",\"@id\":\"https:\\\/\\\/www.altominho.tv\\\/site\\\/wp-content\\\/uploads\\\/2021\\\/01\\\/cropped-Logo-ATV_WEB-150x150.png\",\"url\":\"https:\\\/\\\/www.altominho.tv\\\/site\\\/wp-content\\\/uploads\\\/2021\\\/01\\\/cropped-Logo-ATV_WEB-150x150.png\",\"contentUrl\":\"https:\\\/\\\/www.altominho.tv\\\/site\\\/wp-content\\\/uploads\\\/2021\\\/01\\\/cropped-Logo-ATV_WEB-150x150.png\",\"caption\":\"Eduarda Cardoso\"},\"url\":\"https:\\\/\\\/www.altominho.tv\\\/site\\\/author\\\/eduarda-cardoso\\\/\"}]}<\/script>\n<!-- \/ Yoast SEO Premium plugin. -->","yoast_head_json":{"title":"IX Urban Trail Night Eurocidade Valen\u00e7a \u2013 Tui realiza-se j\u00e1 este s\u00e1bado","description":"A nona edi\u00e7\u00e3o da Urban Trail Night, agendada para 29 de novembro est\u00e1 de volta \u00e0 Eurocidade Valen\u00e7a \u2013 Tui, unindo duas cidades, atravessando dois pa\u00edses e passando pela centen\u00e1ria ponte met\u00e1lica internacional.","robots":{"index":"index","follow":"follow","max-snippet":"max-snippet:-1","max-image-preview":"max-image-preview:large","max-video-preview":"max-video-preview:-1"},"canonical":"https:\/\/www.altominho.tv\/site\/2025\/11\/27\/ix-urban-trail-night-eurocidade-valenca-tui-realiza-se-ja-este-sabado\/","og_locale":"pt_PT","og_type":"article","og_title":"IX Urban Trail Night Eurocidade Valen\u00e7a \u2013 Tui realiza-se j\u00e1 este s\u00e1bado","og_description":"A nona edi\u00e7\u00e3o da Urban Trail Night, agendada para 29 de novembro est\u00e1 de volta \u00e0 Eurocidade Valen\u00e7a \u2013 Tui, unindo duas cidades, atravessando dois pa\u00edses e passando pela centen\u00e1ria ponte met\u00e1lica internacional.","og_url":"https:\/\/www.altominho.tv\/site\/2025\/11\/27\/ix-urban-trail-night-eurocidade-valenca-tui-realiza-se-ja-este-sabado\/","og_site_name":"Altominho.tv","article_publisher":"https:\/\/www.facebook.com\/altominhotv","article_published_time":"2025-11-27T11:40:06+00:00","article_modified_time":"2025-11-27T14:07:56+00:00","og_image":[{"width":1200,"height":630,"url":"https:\/\/www.altominho.tv\/site\/wp-content\/uploads\/2025\/11\/urba-trail-valenca.jpg","type":"image\/jpeg"}],"author":"Eduarda Cardoso","twitter_card":"summary_large_image","twitter_creator":"@altominhoTV","twitter_site":"@altominhoTV","twitter_misc":{"Escrito por":"Eduarda Cardoso","Tempo estimado de leitura":"2 minutos"},"schema":{"@context":"https:\/\/schema.org","@graph":[{"@type":"Article","@id":"https:\/\/www.altominho.tv\/site\/2025\/11\/27\/ix-urban-trail-night-eurocidade-valenca-tui-realiza-se-ja-este-sabado\/#article","isPartOf":{"@id":"https:\/\/www.altominho.tv\/site\/2025\/11\/27\/ix-urban-trail-night-eurocidade-valenca-tui-realiza-se-ja-este-sabado\/"},"author":{"name":"Eduarda Cardoso","@id":"https:\/\/www.altominho.tv\/site\/#\/schema\/person\/9e351387b727413d005ccf1152c93539"},"headline":"IX Urban Trail Night Eurocidade Valen\u00e7a \u2013 Tui realiza-se j\u00e1 este s\u00e1bado","datePublished":"2025-11-27T11:40:06+00:00","dateModified":"2025-11-27T14:07:56+00:00","mainEntityOfPage":{"@id":"https:\/\/www.altominho.tv\/site\/2025\/11\/27\/ix-urban-trail-night-eurocidade-valenca-tui-realiza-se-ja-este-sabado\/"},"wordCount":188,"image":{"@id":"https:\/\/www.altominho.tv\/site\/2025\/11\/27\/ix-urban-trail-night-eurocidade-valenca-tui-realiza-se-ja-este-sabado\/#primaryimage"},"thumbnailUrl":"https:\/\/www.altominho.tv\/site\/wp-content\/uploads\/2025\/11\/urba-trail-valenca.jpg","keywords":["Desporto"],"articleSection":["Valen\u00e7a"],"inLanguage":"pt-PT","copyrightYear":"2025","copyrightHolder":{"@id":"https:\/\/www.altominho.tv\/site\/#organization"}},{"@type":"WebPage","@id":"https:\/\/www.altominho.tv\/site\/2025\/11\/27\/ix-urban-trail-night-eurocidade-valenca-tui-realiza-se-ja-este-sabado\/","url":"https:\/\/www.altominho.tv\/site\/2025\/11\/27\/ix-urban-trail-night-eurocidade-valenca-tui-realiza-se-ja-este-sabado\/","name":"IX Urban Trail Night Eurocidade Valen\u00e7a \u2013 Tui realiza-se j\u00e1 este s\u00e1bado","isPartOf":{"@id":"https:\/\/www.altominho.tv\/site\/#website"},"primaryImageOfPage":{"@id":"https:\/\/www.altominho.tv\/site\/2025\/11\/27\/ix-urban-trail-night-eurocidade-valenca-tui-realiza-se-ja-este-sabado\/#primaryimage"},"image":{"@id":"https:\/\/www.altominho.tv\/site\/2025\/11\/27\/ix-urban-trail-night-eurocidade-valenca-tui-realiza-se-ja-este-sabado\/#primaryimage"},"thumbnailUrl":"https:\/\/www.altominho.tv\/site\/wp-content\/uploads\/2025\/11\/urba-trail-valenca.jpg","datePublished":"2025-11-27T11:40:06+00:00","dateModified":"2025-11-27T14:07:56+00:00","author":{"@id":"https:\/\/www.altominho.tv\/site\/#\/schema\/person\/9e351387b727413d005ccf1152c93539"},"description":"A nona edi\u00e7\u00e3o da Urban Trail Night, agendada para 29 de novembro est\u00e1 de volta \u00e0 Eurocidade Valen\u00e7a \u2013 Tui, unindo duas cidades, atravessando dois pa\u00edses e passando pela centen\u00e1ria ponte met\u00e1lica internacional.","breadcrumb":{"@id":"https:\/\/www.altominho.tv\/site\/2025\/11\/27\/ix-urban-trail-night-eurocidade-valenca-tui-realiza-se-ja-este-sabado\/#breadcrumb"},"inLanguage":"pt-PT","potentialAction":[{"@type":"ReadAction","target":["https:\/\/www.altominho.tv\/site\/2025\/11\/27\/ix-urban-trail-night-eurocidade-valenca-tui-realiza-se-ja-este-sabado\/"]}]},{"@type":"ImageObject","inLanguage":"pt-PT","@id":"https:\/\/www.altominho.tv\/site\/2025\/11\/27\/ix-urban-trail-night-eurocidade-valenca-tui-realiza-se-ja-este-sabado\/#primaryimage","url":"https:\/\/www.altominho.tv\/site\/wp-content\/uploads\/2025\/11\/urba-trail-valenca.jpg","contentUrl":"https:\/\/www.altominho.tv\/site\/wp-content\/uploads\/2025\/11\/urba-trail-valenca.jpg","width":1200,"height":630},{"@type":"BreadcrumbList","@id":"https:\/\/www.altominho.tv\/site\/2025\/11\/27\/ix-urban-trail-night-eurocidade-valenca-tui-realiza-se-ja-este-sabado\/#breadcrumb","itemListElement":[{"@type":"ListItem","position":1,"name":"In\u00edcio","item":"https:\/\/www.altominho.tv\/site\/"},{"@type":"ListItem","position":2,"name":"IX Urban Trail Night Eurocidade Valen\u00e7a \u2013 Tui realiza-se j\u00e1 este s\u00e1bado"}]},{"@type":"WebSite","@id":"https:\/\/www.altominho.tv\/site\/#website","url":"https:\/\/www.altominho.tv\/site\/","name":"Altominho.tv","description":"A sua regi\u00e3o \u00e0 dist\u00e2ncia de um clique...","potentialAction":[{"@type":"SearchAction","target":{"@type":"EntryPoint","urlTemplate":"https:\/\/www.altominho.tv\/site\/?s={search_term_string}"},"query-input":{"@type":"PropertyValueSpecification","valueRequired":true,"valueName":"search_term_string"}}],"inLanguage":"pt-PT"},{"@type":"Person","@id":"https:\/\/www.altominho.tv\/site\/#\/schema\/person\/9e351387b727413d005ccf1152c93539","name":"Eduarda Cardoso","image":{"@type":"ImageObject","inLanguage":"pt-PT","@id":"https:\/\/www.altominho.tv\/site\/wp-content\/uploads\/2021\/01\/cropped-Logo-ATV_WEB-150x150.png","url":"https:\/\/www.altominho.tv\/site\/wp-content\/uploads\/2021\/01\/cropped-Logo-ATV_WEB-150x150.png","contentUrl":"https:\/\/www.altominho.tv\/site\/wp-content\/uploads\/2021\/01\/cropped-Logo-ATV_WEB-150x150.png","caption":"Eduarda Cardoso"},"url":"https:\/\/www.altominho.tv\/site\/author\/eduarda-cardoso\/"}]}},"_links":{"self":[{"href":"https:\/\/www.altominho.tv\/site\/wp-json\/wp\/v2\/posts\/125752","targetHints":{"allow":["GET"]}}],"collection":[{"href":"https:\/\/www.altominho.tv\/site\/wp-json\/wp\/v2\/posts"}],"about":[{"href":"https:\/\/www.altominho.tv\/site\/wp-json\/wp\/v2\/types\/post"}],"author":[{"embeddable":true,"href":"https:\/\/www.altominho.tv\/site\/wp-json\/wp\/v2\/users\/30"}],"replies":[{"embeddable":true,"href":"https:\/\/www.altominho.tv\/site\/wp-json\/wp\/v2\/comments?post=125752"}],"version-history":[{"count":1,"href":"https:\/\/www.altominho.tv\/site\/wp-json\/wp\/v2\/posts\/125752\/revisions"}],"predecessor-version":[{"id":125754,"href":"https:\/\/www.altominho.tv\/site\/wp-json\/wp\/v2\/posts\/125752\/revisions\/125754"}],"wp:featuredmedia":[{"embeddable":true,"href":"https:\/\/www.altominho.tv\/site\/wp-json\/wp\/v2\/media\/125761"}],"wp:attachment":[{"href":"https:\/\/www.altominho.tv\/site\/wp-json\/wp\/v2\/media?parent=125752"}],"wp:term":[{"taxonomy":"category","embeddable":true,"href":"https:\/\/www.altominho.tv\/site\/wp-json\/wp\/v2\/categories?post=125752"},{"taxonomy":"post_tag","embeddable":true,"href":"https:\/\/www.altominho.tv\/site\/wp-json\/wp\/v2\/tags?post=125752"}],"curies":[{"name":"wp","href":"https:\/\/api.w.org\/{rel}","templated":true}]}}