{"id":125731,"date":"2025-11-26T16:36:51","date_gmt":"2025-11-26T16:36:51","guid":{"rendered":"https:\/\/www.altominho.tv\/site\/?p=125731"},"modified":"2025-11-26T16:36:54","modified_gmt":"2025-11-26T16:36:54","slug":"viana-do-castelo-determinacao-reafirmar-maritimidade-forca-do-territorio","status":"publish","type":"post","link":"https:\/\/www.altominho.tv\/site\/2025\/11\/26\/viana-do-castelo-determinacao-reafirmar-maritimidade-forca-do-territorio\/","title":{"rendered":"Viana do Castelo indica \u201cabsoluta determina\u00e7\u00e3o\u201d de reafirmar maritimidade como \u201cfor\u00e7a do territ\u00f3rio\u201d"},"content":{"rendered":"<p class=\"p1\">O presidente da C\u00e2mara Municipal de Viana do Castelo, Lu\u00eds Nobre, real\u00e7ou a \u201cabsoluta determina\u00e7\u00e3o\u201d de reafirmar a maritimidade como a \u201cfor\u00e7a do territ\u00f3rio\u201d. No arranque da confer\u00eancia &#8220;Cidades Portu\u00e1rias e a Economia Azul\u201d, que aconteceu, esta quarta-feira, no Teatro Municipal S\u00e1 de Miranda, o autarca indicou que, no concelho vianense, existe \u201cuma enorme vontade de nos afirmarmos atrav\u00e9s do mar e da inova\u00e7\u00e3o, particularmente no dom\u00ednio da energia, que \u00e9 um dos grandes desafios da atualidade\u201d.<\/p>\n<p class=\"p1\">No evento, organizado pela C\u00e2mara Municipal e pelo Centro de Excel\u00eancia Jean Monnet &#8211; Europa Azul Sustent\u00e1vel &#8211; OCEANID +, da Universidade Nova de Lisboa, Lu\u00eds Nobre garantiu que as infraestruturas portu\u00e1rias \u201cs\u00e3o um fator de diferencia\u00e7\u00e3o e de afirma\u00e7\u00e3o de qualquer territ\u00f3rio\u201d, defendendo a aposta s\u00f3lida no Porto de Viana enquanto fator de atratividade econ\u00f3mica e empresarial.<\/p>\n<p class=\"p1\">Afirmou ainda que \u201ctemos de promover um ecossistema que proteja as atividades existentes e promova as novas atividades emergentes em torno da economia azul enquanto fator de afirma\u00e7\u00e3o de Viana do Castelo\u201d.<\/p>\n<p class=\"p1\">A coordenadora da OCEANID + \/ Universidade Nova de Lisboa, Regina Salvador, tamb\u00e9m considerou que as cidades portu\u00e1rias t\u00eam um papel fundamental na economia internacional, indicando que 90% do com\u00e9rcio mundial \u00e9 j\u00e1 mar\u00edtimo. Explicou que as cidades portu\u00e1rias \u201cest\u00e3o na vanguarda da inova\u00e7\u00e3o e acolhem clusters que atraem o investimento direto estrangeiro\u201d, real\u00e7ando o facto de os portos da Uni\u00e3o Europeia empregarem mais de 3 milh\u00f5es de pessoas em 22 pa\u00edses estados-membro.<\/p>\n<p class=\"p1\">J\u00e1 o Diretor da Unidade de Inova\u00e7\u00e3o da Comiss\u00e3o de Coordena\u00e7\u00e3o e Desenvolvimento Regional do Norte (CCDR NORTE), Ricardo Sim\u00f5es, indicou que o Norte representa 50% da produ\u00e7\u00e3o das energias renov\u00e1veis nacionais, o que coloca a regi\u00e3o na frente da energia verde.<\/p>\n<p class=\"p1\">O administrador da WestSEA \u2013 Viana Shipyard, V\u00edtor Figueiredo, destacou o investimento numa nova doca seca como sendo \u201cestruturante, como n\u00e3o se fazia em Portugal h\u00e1 muitos anos\u201d. Este \u00e9 um investimento de mais de 24 milh\u00f5es de euros, para incrementar a repara\u00e7\u00e3o naval e que permitir\u00e1 captar navios de maior dimens\u00e3o. A interven\u00e7\u00e3o ir\u00e1 transformar a doca atual em doca seca, permitindo receber navios com 200 metros de comprimento, maior boca e calado. A nova doca seca, com 220 metros de comprimento e 45 metros de largura, ficar\u00e1 localizada na antiga rampa de lan\u00e7amento do estaleiro, alinhada ao cais do Bugio, e vai permitir \u00e0 empresa ganhos de capacidade para receber navios de maior dimens\u00e3o e chegar a novos mercados no panorama internacional.<\/p>\n<p class=\"p1\">J\u00e1 o Diretor Geral do SUSTEMARE, Jorge Delgado, indicou que \u201co mar surge como essencial, est\u00e1 \u00e0 nossa frente como uma oportunidade de transi\u00e7\u00e3o energ\u00e9tica ligada \u00e0s offshore que temos de aproveitar\u201d.<\/p>\n<p class=\"p1\">Desenvolvido pelo Instituto Polit\u00e9cnico de Viana do Castelo, em parceria com outras entidades do sistema cient\u00edfico nacional, empresas, poder local e associa\u00e7\u00f5es empresariais, o SUSTEMARE \u2013 Centro de Tecnologia e Inova\u00e7\u00e3o em Energias e Tecnologias Oce\u00e2nicas visa responder aos grandes desafios do oceano com solu\u00e7\u00f5es sustent\u00e1veis, ci\u00eancia, tecnologia de ponta e liga\u00e7\u00e3o direta ao tecido empresarial.<\/p>\n\n\n<p><\/p>\n","protected":false},"excerpt":{"rendered":"<p>O presidente da C\u00e2mara Municipal de Viana do Castelo, Lu\u00eds Nobre, real\u00e7ou a \u201cabsoluta determina\u00e7\u00e3o\u201d de reafirmar a maritimidade como a \u201cfor\u00e7a do territ\u00f3rio\u201d. No arranque da confer\u00eancia &#8220;Cidades Portu\u00e1rias e a Economia Azul\u201d, que aconteceu, esta quarta-feira, no Teatro Municipal S\u00e1 de Miranda, o autarca indicou que, no concelho vianense, existe \u201cuma enorme vontade [&hellip;]<\/p>\n","protected":false},"author":1,"featured_media":125733,"comment_status":"closed","ping_status":"closed","sticky":false,"template":"","format":"standard","meta":{"_exactmetrics_skip_tracking":false,"_exactmetrics_sitenote_active":false,"_exactmetrics_sitenote_note":"","_exactmetrics_sitenote_category":0,"footnotes":""},"categories":[14],"tags":[27],"class_list":["post-125731","post","type-post","status-publish","format-standard","has-post-thumbnail","hentry","category-viana-do-castelo","tag-sociedade"],"yoast_head":"<!-- This site is optimized with the Yoast SEO Premium plugin v27.5 (Yoast SEO v27.5) - https:\/\/yoast.com\/product\/yoast-seo-premium-wordpress\/ -->\n<title>Viana do Castelo indica \u201cabsoluta determina\u00e7\u00e3o\u201d de reafirmar maritimidade como \u201cfor\u00e7a do territ\u00f3rio\u201d<\/title>\n<meta name=\"description\" content=\"O presidente da C\u00e2mara Municipal de Viana do Castelo, Lu\u00eds Nobre, real\u00e7ou a \u201cabsoluta determina\u00e7\u00e3o\u201d de reafirmar a maritimidade como a \u201cfor\u00e7a do territ\u00f3rio\u201d. No arranque da confer\u00eancia &quot;Cidades Portu\u00e1rias e a Economia Azul\u201d, que aconteceu, esta quarta-feira, no Teatro Municipal S\u00e1 de Miranda\" \/>\n<meta name=\"robots\" content=\"index, follow, max-snippet:-1, max-image-preview:large, max-video-preview:-1\" \/>\n<link rel=\"canonical\" href=\"https:\/\/www.altominho.tv\/site\/2025\/11\/26\/viana-do-castelo-determinacao-reafirmar-maritimidade-forca-do-territorio\/\" \/>\n<meta property=\"og:locale\" content=\"pt_PT\" \/>\n<meta property=\"og:type\" content=\"article\" \/>\n<meta property=\"og:title\" content=\"Viana do Castelo indica \u201cabsoluta determina\u00e7\u00e3o\u201d de reafirmar maritimidade como \u201cfor\u00e7a do territ\u00f3rio\u201d\" \/>\n<meta property=\"og:description\" content=\"O presidente da C\u00e2mara Municipal de Viana do Castelo, Lu\u00eds Nobre, real\u00e7ou a \u201cabsoluta determina\u00e7\u00e3o\u201d de reafirmar a maritimidade como a \u201cfor\u00e7a do territ\u00f3rio\u201d. No arranque da confer\u00eancia &quot;Cidades Portu\u00e1rias e a Economia Azul\u201d, que aconteceu, esta quarta-feira, no Teatro Municipal S\u00e1 de Miranda\" \/>\n<meta property=\"og:url\" content=\"https:\/\/www.altominho.tv\/site\/2025\/11\/26\/viana-do-castelo-determinacao-reafirmar-maritimidade-forca-do-territorio\/\" \/>\n<meta property=\"og:site_name\" content=\"Altominho.tv\" \/>\n<meta property=\"article:publisher\" content=\"https:\/\/www.facebook.com\/altominhotv\" \/>\n<meta property=\"article:published_time\" content=\"2025-11-26T16:36:51+00:00\" \/>\n<meta property=\"article:modified_time\" content=\"2025-11-26T16:36:54+00:00\" \/>\n<meta property=\"og:image\" content=\"https:\/\/www.altominho.tv\/site\/wp-content\/uploads\/2025\/11\/Luis-Nobre_.jpg\" \/>\n\t<meta property=\"og:image:width\" content=\"1200\" \/>\n\t<meta property=\"og:image:height\" content=\"630\" \/>\n\t<meta property=\"og:image:type\" content=\"image\/jpeg\" \/>\n<meta name=\"author\" content=\"Altominho.tv\" \/>\n<meta name=\"twitter:card\" content=\"summary_large_image\" \/>\n<meta name=\"twitter:creator\" content=\"@altominhoTV\" \/>\n<meta name=\"twitter:site\" content=\"@altominhoTV\" \/>\n<meta name=\"twitter:label1\" content=\"Escrito por\" \/>\n\t<meta name=\"twitter:data1\" content=\"Altominho.tv\" \/>\n\t<meta name=\"twitter:label2\" content=\"Tempo estimado de leitura\" \/>\n\t<meta name=\"twitter:data2\" content=\"3 minutos\" \/>\n<script type=\"application\/ld+json\" class=\"yoast-schema-graph\">{\"@context\":\"https:\\\/\\\/schema.org\",\"@graph\":[{\"@type\":\"Article\",\"@id\":\"https:\\\/\\\/www.altominho.tv\\\/site\\\/2025\\\/11\\\/26\\\/viana-do-castelo-determinacao-reafirmar-maritimidade-forca-do-territorio\\\/#article\",\"isPartOf\":{\"@id\":\"https:\\\/\\\/www.altominho.tv\\\/site\\\/2025\\\/11\\\/26\\\/viana-do-castelo-determinacao-reafirmar-maritimidade-forca-do-territorio\\\/\"},\"author\":{\"name\":\"Altominho.tv\",\"@id\":\"https:\\\/\\\/www.altominho.tv\\\/site\\\/#\\\/schema\\\/person\\\/4e536851627d7914baf3dac752b6af22\"},\"headline\":\"Viana do Castelo indica \u201cabsoluta determina\u00e7\u00e3o\u201d de reafirmar maritimidade como \u201cfor\u00e7a do territ\u00f3rio\u201d\",\"datePublished\":\"2025-11-26T16:36:51+00:00\",\"dateModified\":\"2025-11-26T16:36:54+00:00\",\"mainEntityOfPage\":{\"@id\":\"https:\\\/\\\/www.altominho.tv\\\/site\\\/2025\\\/11\\\/26\\\/viana-do-castelo-determinacao-reafirmar-maritimidade-forca-do-territorio\\\/\"},\"wordCount\":553,\"image\":{\"@id\":\"https:\\\/\\\/www.altominho.tv\\\/site\\\/2025\\\/11\\\/26\\\/viana-do-castelo-determinacao-reafirmar-maritimidade-forca-do-territorio\\\/#primaryimage\"},\"thumbnailUrl\":\"https:\\\/\\\/www.altominho.tv\\\/site\\\/wp-content\\\/uploads\\\/2025\\\/11\\\/Luis-Nobre_.jpg\",\"keywords\":[\"Sociedade\"],\"articleSection\":[\"Viana do Castelo\"],\"inLanguage\":\"pt-PT\",\"copyrightYear\":\"2025\",\"copyrightHolder\":{\"@id\":\"https:\\\/\\\/www.altominho.tv\\\/site\\\/#organization\"}},{\"@type\":\"WebPage\",\"@id\":\"https:\\\/\\\/www.altominho.tv\\\/site\\\/2025\\\/11\\\/26\\\/viana-do-castelo-determinacao-reafirmar-maritimidade-forca-do-territorio\\\/\",\"url\":\"https:\\\/\\\/www.altominho.tv\\\/site\\\/2025\\\/11\\\/26\\\/viana-do-castelo-determinacao-reafirmar-maritimidade-forca-do-territorio\\\/\",\"name\":\"Viana do Castelo indica \u201cabsoluta determina\u00e7\u00e3o\u201d de reafirmar maritimidade como \u201cfor\u00e7a do territ\u00f3rio\u201d\",\"isPartOf\":{\"@id\":\"https:\\\/\\\/www.altominho.tv\\\/site\\\/#website\"},\"primaryImageOfPage\":{\"@id\":\"https:\\\/\\\/www.altominho.tv\\\/site\\\/2025\\\/11\\\/26\\\/viana-do-castelo-determinacao-reafirmar-maritimidade-forca-do-territorio\\\/#primaryimage\"},\"image\":{\"@id\":\"https:\\\/\\\/www.altominho.tv\\\/site\\\/2025\\\/11\\\/26\\\/viana-do-castelo-determinacao-reafirmar-maritimidade-forca-do-territorio\\\/#primaryimage\"},\"thumbnailUrl\":\"https:\\\/\\\/www.altominho.tv\\\/site\\\/wp-content\\\/uploads\\\/2025\\\/11\\\/Luis-Nobre_.jpg\",\"datePublished\":\"2025-11-26T16:36:51+00:00\",\"dateModified\":\"2025-11-26T16:36:54+00:00\",\"author\":{\"@id\":\"https:\\\/\\\/www.altominho.tv\\\/site\\\/#\\\/schema\\\/person\\\/4e536851627d7914baf3dac752b6af22\"},\"description\":\"O presidente da C\u00e2mara Municipal de Viana do Castelo, Lu\u00eds Nobre, real\u00e7ou a \u201cabsoluta determina\u00e7\u00e3o\u201d de reafirmar a maritimidade como a \u201cfor\u00e7a do territ\u00f3rio\u201d. No arranque da confer\u00eancia \\\"Cidades Portu\u00e1rias e a Economia Azul\u201d, que aconteceu, esta quarta-feira, no Teatro Municipal S\u00e1 de Miranda\",\"breadcrumb\":{\"@id\":\"https:\\\/\\\/www.altominho.tv\\\/site\\\/2025\\\/11\\\/26\\\/viana-do-castelo-determinacao-reafirmar-maritimidade-forca-do-territorio\\\/#breadcrumb\"},\"inLanguage\":\"pt-PT\",\"potentialAction\":[{\"@type\":\"ReadAction\",\"target\":[\"https:\\\/\\\/www.altominho.tv\\\/site\\\/2025\\\/11\\\/26\\\/viana-do-castelo-determinacao-reafirmar-maritimidade-forca-do-territorio\\\/\"]}]},{\"@type\":\"ImageObject\",\"inLanguage\":\"pt-PT\",\"@id\":\"https:\\\/\\\/www.altominho.tv\\\/site\\\/2025\\\/11\\\/26\\\/viana-do-castelo-determinacao-reafirmar-maritimidade-forca-do-territorio\\\/#primaryimage\",\"url\":\"https:\\\/\\\/www.altominho.tv\\\/site\\\/wp-content\\\/uploads\\\/2025\\\/11\\\/Luis-Nobre_.jpg\",\"contentUrl\":\"https:\\\/\\\/www.altominho.tv\\\/site\\\/wp-content\\\/uploads\\\/2025\\\/11\\\/Luis-Nobre_.jpg\",\"width\":1200,\"height\":630},{\"@type\":\"BreadcrumbList\",\"@id\":\"https:\\\/\\\/www.altominho.tv\\\/site\\\/2025\\\/11\\\/26\\\/viana-do-castelo-determinacao-reafirmar-maritimidade-forca-do-territorio\\\/#breadcrumb\",\"itemListElement\":[{\"@type\":\"ListItem\",\"position\":1,\"name\":\"In\u00edcio\",\"item\":\"https:\\\/\\\/www.altominho.tv\\\/site\\\/\"},{\"@type\":\"ListItem\",\"position\":2,\"name\":\"Viana do Castelo indica \u201cabsoluta determina\u00e7\u00e3o\u201d de reafirmar maritimidade como \u201cfor\u00e7a do territ\u00f3rio\u201d\"}]},{\"@type\":\"WebSite\",\"@id\":\"https:\\\/\\\/www.altominho.tv\\\/site\\\/#website\",\"url\":\"https:\\\/\\\/www.altominho.tv\\\/site\\\/\",\"name\":\"Altominho.tv\",\"description\":\"A sua regi\u00e3o \u00e0 dist\u00e2ncia de um clique...\",\"potentialAction\":[{\"@type\":\"SearchAction\",\"target\":{\"@type\":\"EntryPoint\",\"urlTemplate\":\"https:\\\/\\\/www.altominho.tv\\\/site\\\/?s={search_term_string}\"},\"query-input\":{\"@type\":\"PropertyValueSpecification\",\"valueRequired\":true,\"valueName\":\"search_term_string\"}}],\"inLanguage\":\"pt-PT\"},{\"@type\":\"Person\",\"@id\":\"https:\\\/\\\/www.altominho.tv\\\/site\\\/#\\\/schema\\\/person\\\/4e536851627d7914baf3dac752b6af22\",\"name\":\"Altominho.tv\",\"image\":{\"@type\":\"ImageObject\",\"inLanguage\":\"pt-PT\",\"@id\":\"https:\\\/\\\/www.altominho.tv\\\/site\\\/wp-content\\\/uploads\\\/2019\\\/11\\\/Logo_Avatar_2-150x150.jpg\",\"url\":\"https:\\\/\\\/www.altominho.tv\\\/site\\\/wp-content\\\/uploads\\\/2019\\\/11\\\/Logo_Avatar_2-150x150.jpg\",\"contentUrl\":\"https:\\\/\\\/www.altominho.tv\\\/site\\\/wp-content\\\/uploads\\\/2019\\\/11\\\/Logo_Avatar_2-150x150.jpg\",\"caption\":\"Altominho.tv\"},\"url\":\"https:\\\/\\\/www.altominho.tv\\\/site\\\/author\\\/altominhotv-tecnico\\\/\"}]}<\/script>\n<!-- \/ Yoast SEO Premium plugin. -->","yoast_head_json":{"title":"Viana do Castelo indica \u201cabsoluta determina\u00e7\u00e3o\u201d de reafirmar maritimidade como \u201cfor\u00e7a do territ\u00f3rio\u201d","description":"O presidente da C\u00e2mara Municipal de Viana do Castelo, Lu\u00eds Nobre, real\u00e7ou a \u201cabsoluta determina\u00e7\u00e3o\u201d de reafirmar a maritimidade como a \u201cfor\u00e7a do territ\u00f3rio\u201d. No arranque da confer\u00eancia \"Cidades Portu\u00e1rias e a Economia Azul\u201d, que aconteceu, esta quarta-feira, no Teatro Municipal S\u00e1 de Miranda","robots":{"index":"index","follow":"follow","max-snippet":"max-snippet:-1","max-image-preview":"max-image-preview:large","max-video-preview":"max-video-preview:-1"},"canonical":"https:\/\/www.altominho.tv\/site\/2025\/11\/26\/viana-do-castelo-determinacao-reafirmar-maritimidade-forca-do-territorio\/","og_locale":"pt_PT","og_type":"article","og_title":"Viana do Castelo indica \u201cabsoluta determina\u00e7\u00e3o\u201d de reafirmar maritimidade como \u201cfor\u00e7a do territ\u00f3rio\u201d","og_description":"O presidente da C\u00e2mara Municipal de Viana do Castelo, Lu\u00eds Nobre, real\u00e7ou a \u201cabsoluta determina\u00e7\u00e3o\u201d de reafirmar a maritimidade como a \u201cfor\u00e7a do territ\u00f3rio\u201d. No arranque da confer\u00eancia \"Cidades Portu\u00e1rias e a Economia Azul\u201d, que aconteceu, esta quarta-feira, no Teatro Municipal S\u00e1 de Miranda","og_url":"https:\/\/www.altominho.tv\/site\/2025\/11\/26\/viana-do-castelo-determinacao-reafirmar-maritimidade-forca-do-territorio\/","og_site_name":"Altominho.tv","article_publisher":"https:\/\/www.facebook.com\/altominhotv","article_published_time":"2025-11-26T16:36:51+00:00","article_modified_time":"2025-11-26T16:36:54+00:00","og_image":[{"width":1200,"height":630,"url":"https:\/\/www.altominho.tv\/site\/wp-content\/uploads\/2025\/11\/Luis-Nobre_.jpg","type":"image\/jpeg"}],"author":"Altominho.tv","twitter_card":"summary_large_image","twitter_creator":"@altominhoTV","twitter_site":"@altominhoTV","twitter_misc":{"Escrito por":"Altominho.tv","Tempo estimado de leitura":"3 minutos"},"schema":{"@context":"https:\/\/schema.org","@graph":[{"@type":"Article","@id":"https:\/\/www.altominho.tv\/site\/2025\/11\/26\/viana-do-castelo-determinacao-reafirmar-maritimidade-forca-do-territorio\/#article","isPartOf":{"@id":"https:\/\/www.altominho.tv\/site\/2025\/11\/26\/viana-do-castelo-determinacao-reafirmar-maritimidade-forca-do-territorio\/"},"author":{"name":"Altominho.tv","@id":"https:\/\/www.altominho.tv\/site\/#\/schema\/person\/4e536851627d7914baf3dac752b6af22"},"headline":"Viana do Castelo indica \u201cabsoluta determina\u00e7\u00e3o\u201d de reafirmar maritimidade como \u201cfor\u00e7a do territ\u00f3rio\u201d","datePublished":"2025-11-26T16:36:51+00:00","dateModified":"2025-11-26T16:36:54+00:00","mainEntityOfPage":{"@id":"https:\/\/www.altominho.tv\/site\/2025\/11\/26\/viana-do-castelo-determinacao-reafirmar-maritimidade-forca-do-territorio\/"},"wordCount":553,"image":{"@id":"https:\/\/www.altominho.tv\/site\/2025\/11\/26\/viana-do-castelo-determinacao-reafirmar-maritimidade-forca-do-territorio\/#primaryimage"},"thumbnailUrl":"https:\/\/www.altominho.tv\/site\/wp-content\/uploads\/2025\/11\/Luis-Nobre_.jpg","keywords":["Sociedade"],"articleSection":["Viana do Castelo"],"inLanguage":"pt-PT","copyrightYear":"2025","copyrightHolder":{"@id":"https:\/\/www.altominho.tv\/site\/#organization"}},{"@type":"WebPage","@id":"https:\/\/www.altominho.tv\/site\/2025\/11\/26\/viana-do-castelo-determinacao-reafirmar-maritimidade-forca-do-territorio\/","url":"https:\/\/www.altominho.tv\/site\/2025\/11\/26\/viana-do-castelo-determinacao-reafirmar-maritimidade-forca-do-territorio\/","name":"Viana do Castelo indica \u201cabsoluta determina\u00e7\u00e3o\u201d de reafirmar maritimidade como \u201cfor\u00e7a do territ\u00f3rio\u201d","isPartOf":{"@id":"https:\/\/www.altominho.tv\/site\/#website"},"primaryImageOfPage":{"@id":"https:\/\/www.altominho.tv\/site\/2025\/11\/26\/viana-do-castelo-determinacao-reafirmar-maritimidade-forca-do-territorio\/#primaryimage"},"image":{"@id":"https:\/\/www.altominho.tv\/site\/2025\/11\/26\/viana-do-castelo-determinacao-reafirmar-maritimidade-forca-do-territorio\/#primaryimage"},"thumbnailUrl":"https:\/\/www.altominho.tv\/site\/wp-content\/uploads\/2025\/11\/Luis-Nobre_.jpg","datePublished":"2025-11-26T16:36:51+00:00","dateModified":"2025-11-26T16:36:54+00:00","author":{"@id":"https:\/\/www.altominho.tv\/site\/#\/schema\/person\/4e536851627d7914baf3dac752b6af22"},"description":"O presidente da C\u00e2mara Municipal de Viana do Castelo, Lu\u00eds Nobre, real\u00e7ou a \u201cabsoluta determina\u00e7\u00e3o\u201d de reafirmar a maritimidade como a \u201cfor\u00e7a do territ\u00f3rio\u201d. No arranque da confer\u00eancia \"Cidades Portu\u00e1rias e a Economia Azul\u201d, que aconteceu, esta quarta-feira, no Teatro Municipal S\u00e1 de Miranda","breadcrumb":{"@id":"https:\/\/www.altominho.tv\/site\/2025\/11\/26\/viana-do-castelo-determinacao-reafirmar-maritimidade-forca-do-territorio\/#breadcrumb"},"inLanguage":"pt-PT","potentialAction":[{"@type":"ReadAction","target":["https:\/\/www.altominho.tv\/site\/2025\/11\/26\/viana-do-castelo-determinacao-reafirmar-maritimidade-forca-do-territorio\/"]}]},{"@type":"ImageObject","inLanguage":"pt-PT","@id":"https:\/\/www.altominho.tv\/site\/2025\/11\/26\/viana-do-castelo-determinacao-reafirmar-maritimidade-forca-do-territorio\/#primaryimage","url":"https:\/\/www.altominho.tv\/site\/wp-content\/uploads\/2025\/11\/Luis-Nobre_.jpg","contentUrl":"https:\/\/www.altominho.tv\/site\/wp-content\/uploads\/2025\/11\/Luis-Nobre_.jpg","width":1200,"height":630},{"@type":"BreadcrumbList","@id":"https:\/\/www.altominho.tv\/site\/2025\/11\/26\/viana-do-castelo-determinacao-reafirmar-maritimidade-forca-do-territorio\/#breadcrumb","itemListElement":[{"@type":"ListItem","position":1,"name":"In\u00edcio","item":"https:\/\/www.altominho.tv\/site\/"},{"@type":"ListItem","position":2,"name":"Viana do Castelo indica \u201cabsoluta determina\u00e7\u00e3o\u201d de reafirmar maritimidade como \u201cfor\u00e7a do territ\u00f3rio\u201d"}]},{"@type":"WebSite","@id":"https:\/\/www.altominho.tv\/site\/#website","url":"https:\/\/www.altominho.tv\/site\/","name":"Altominho.tv","description":"A sua regi\u00e3o \u00e0 dist\u00e2ncia de um clique...","potentialAction":[{"@type":"SearchAction","target":{"@type":"EntryPoint","urlTemplate":"https:\/\/www.altominho.tv\/site\/?s={search_term_string}"},"query-input":{"@type":"PropertyValueSpecification","valueRequired":true,"valueName":"search_term_string"}}],"inLanguage":"pt-PT"},{"@type":"Person","@id":"https:\/\/www.altominho.tv\/site\/#\/schema\/person\/4e536851627d7914baf3dac752b6af22","name":"Altominho.tv","image":{"@type":"ImageObject","inLanguage":"pt-PT","@id":"https:\/\/www.altominho.tv\/site\/wp-content\/uploads\/2019\/11\/Logo_Avatar_2-150x150.jpg","url":"https:\/\/www.altominho.tv\/site\/wp-content\/uploads\/2019\/11\/Logo_Avatar_2-150x150.jpg","contentUrl":"https:\/\/www.altominho.tv\/site\/wp-content\/uploads\/2019\/11\/Logo_Avatar_2-150x150.jpg","caption":"Altominho.tv"},"url":"https:\/\/www.altominho.tv\/site\/author\/altominhotv-tecnico\/"}]}},"_links":{"self":[{"href":"https:\/\/www.altominho.tv\/site\/wp-json\/wp\/v2\/posts\/125731","targetHints":{"allow":["GET"]}}],"collection":[{"href":"https:\/\/www.altominho.tv\/site\/wp-json\/wp\/v2\/posts"}],"about":[{"href":"https:\/\/www.altominho.tv\/site\/wp-json\/wp\/v2\/types\/post"}],"author":[{"embeddable":true,"href":"https:\/\/www.altominho.tv\/site\/wp-json\/wp\/v2\/users\/1"}],"replies":[{"embeddable":true,"href":"https:\/\/www.altominho.tv\/site\/wp-json\/wp\/v2\/comments?post=125731"}],"version-history":[{"count":1,"href":"https:\/\/www.altominho.tv\/site\/wp-json\/wp\/v2\/posts\/125731\/revisions"}],"predecessor-version":[{"id":125734,"href":"https:\/\/www.altominho.tv\/site\/wp-json\/wp\/v2\/posts\/125731\/revisions\/125734"}],"wp:featuredmedia":[{"embeddable":true,"href":"https:\/\/www.altominho.tv\/site\/wp-json\/wp\/v2\/media\/125733"}],"wp:attachment":[{"href":"https:\/\/www.altominho.tv\/site\/wp-json\/wp\/v2\/media?parent=125731"}],"wp:term":[{"taxonomy":"category","embeddable":true,"href":"https:\/\/www.altominho.tv\/site\/wp-json\/wp\/v2\/categories?post=125731"},{"taxonomy":"post_tag","embeddable":true,"href":"https:\/\/www.altominho.tv\/site\/wp-json\/wp\/v2\/tags?post=125731"}],"curies":[{"name":"wp","href":"https:\/\/api.w.org\/{rel}","templated":true}]}}