{"id":125725,"date":"2025-11-26T14:57:04","date_gmt":"2025-11-26T14:57:04","guid":{"rendered":"https:\/\/www.altominho.tv\/site\/?p=125725"},"modified":"2025-11-26T14:57:07","modified_gmt":"2025-11-26T14:57:07","slug":"30-carvalhos-alvarinho-foram-plantados-na-porta-de-lamas-de-mouro","status":"publish","type":"post","link":"https:\/\/www.altominho.tv\/site\/2025\/11\/26\/30-carvalhos-alvarinho-foram-plantados-na-porta-de-lamas-de-mouro\/","title":{"rendered":"30 carvalhos-alvarinho foram plantados na Porta de Lamas de Mouro"},"content":{"rendered":"<p class=\"p1\">O munic\u00edpio de Melga\u00e7o celebrou o Dia da Floresta Aut\u00f3ctone, esta ter\u00e7a-feira, 25 de novembro, com a planta\u00e7\u00e3o de cerca de 30 carvalhos-alvarinho (<span class=\"s1\">\ud835\ude18\ud835\ude36\ud835\ude26\ud835\ude33\ud835\ude24\ud835\ude36\ud835\ude34<\/span> <span class=\"s1\">\ud835\ude33\ud835\ude30\ud835\ude23\ud835\ude36\ud835\ude33<\/span>), na Porta de Lamas de Mouro.<\/p>\n<p class=\"p1\">A iniciativa contou com a participa\u00e7\u00e3o da EPRAMI \u2013 polo de Melga\u00e7o, parceiros locais e entidades que trabalham diariamente pela preserva\u00e7\u00e3o do nosso patrim\u00f3nio natural.<\/p>\n<p class=\"p1\">Os exemplares plantados foram oferta de Lucy Small, profissional de Ambiente e Sustentabilidade, que partilhou tamb\u00e9m uma reflex\u00e3o inspiradora sobre o ciclo natural de recolher, semear e proteger.<\/p>\n<p class=\"p1\">A atividade integrou ainda uma caminhada at\u00e9 ao local de planta\u00e7\u00e3o, momentos de sensibiliza\u00e7\u00e3o ambiental e a entrega dos Certificados de Guardi\u00e3o(\u00e3).<\/p>\n<p class=\"p1\">Durante a visita, os participantes puderam tamb\u00e9m conhecer a exposi\u00e7\u00e3o fotogr\u00e1fica \u201cLudwigia peploides: um perigo para a biodiversidade do rio Minho\u201d, patente na Porta de Lamas de Mouro at\u00e9 7 de dezembro. A mostra, com fotografias de Carlos Venade, alerta para o impacto desta planta invasora e destaca o trabalho do projeto LudVISION Minho, que j\u00e1 removeu mais de 11 toneladas na zona da Rede Natura 2000 em Melga\u00e7o.<\/p>\n","protected":false},"excerpt":{"rendered":"<p>O munic\u00edpio de Melga\u00e7o celebrou o Dia da Floresta Aut\u00f3ctone, esta ter\u00e7a-feira, 25 de novembro, com a planta\u00e7\u00e3o de cerca de 30 carvalhos-alvarinho (\ud835\ude18\ud835\ude36\ud835\ude26\ud835\ude33\ud835\ude24\ud835\ude36\ud835\ude34 \ud835\ude33\ud835\ude30\ud835\ude23\ud835\ude36\ud835\ude33), na Porta de Lamas de Mouro. A iniciativa contou com a participa\u00e7\u00e3o da EPRAMI \u2013 polo de Melga\u00e7o, parceiros locais e entidades que trabalham diariamente pela preserva\u00e7\u00e3o do nosso patrim\u00f3nio [&hellip;]<\/p>\n","protected":false},"author":30,"featured_media":125726,"comment_status":"closed","ping_status":"closed","sticky":false,"template":"","format":"standard","meta":{"_exactmetrics_skip_tracking":false,"_exactmetrics_sitenote_active":false,"_exactmetrics_sitenote_note":"","_exactmetrics_sitenote_category":0,"footnotes":""},"categories":[8],"tags":[27],"class_list":["post-125725","post","type-post","status-publish","format-standard","has-post-thumbnail","hentry","category-melgaco","tag-sociedade"],"yoast_head":"<!-- This site is optimized with the Yoast SEO Premium plugin v27.5 (Yoast SEO v27.5) - https:\/\/yoast.com\/product\/yoast-seo-premium-wordpress\/ -->\n<title>30 carvalhos-alvarinho foram plantados na Porta de Lamas de Mouro<\/title>\n<meta name=\"description\" content=\"O munic\u00edpio de Melga\u00e7o celebrou o Dia da Floresta Aut\u00f3ctone, esta ter\u00e7a-feira, 25 de novembro, com a planta\u00e7\u00e3o de cerca de 30 carvalhos-alvarinho (\ud835\ude18\ud835\ude36\ud835\ude26\ud835\ude33\ud835\ude24\ud835\ude36\ud835\ude34 \ud835\ude33\ud835\ude30\ud835\ude23\ud835\ude36\ud835\ude33), na Porta de Lamas de Mouro.\" \/>\n<meta name=\"robots\" content=\"index, follow, max-snippet:-1, max-image-preview:large, max-video-preview:-1\" \/>\n<link rel=\"canonical\" href=\"https:\/\/www.altominho.tv\/site\/2025\/11\/26\/30-carvalhos-alvarinho-foram-plantados-na-porta-de-lamas-de-mouro\/\" \/>\n<meta property=\"og:locale\" content=\"pt_PT\" \/>\n<meta property=\"og:type\" content=\"article\" \/>\n<meta property=\"og:title\" content=\"30 carvalhos-alvarinho foram plantados na Porta de Lamas de Mouro\" \/>\n<meta property=\"og:description\" content=\"O munic\u00edpio de Melga\u00e7o celebrou o Dia da Floresta Aut\u00f3ctone, esta ter\u00e7a-feira, 25 de novembro, com a planta\u00e7\u00e3o de cerca de 30 carvalhos-alvarinho (\ud835\ude18\ud835\ude36\ud835\ude26\ud835\ude33\ud835\ude24\ud835\ude36\ud835\ude34 \ud835\ude33\ud835\ude30\ud835\ude23\ud835\ude36\ud835\ude33), na Porta de Lamas de Mouro.\" \/>\n<meta property=\"og:url\" content=\"https:\/\/www.altominho.tv\/site\/2025\/11\/26\/30-carvalhos-alvarinho-foram-plantados-na-porta-de-lamas-de-mouro\/\" \/>\n<meta property=\"og:site_name\" content=\"Altominho.tv\" \/>\n<meta property=\"article:publisher\" content=\"https:\/\/www.facebook.com\/altominhotv\" \/>\n<meta property=\"article:published_time\" content=\"2025-11-26T14:57:04+00:00\" \/>\n<meta property=\"article:modified_time\" content=\"2025-11-26T14:57:07+00:00\" \/>\n<meta property=\"og:image\" content=\"https:\/\/www.altominho.tv\/site\/wp-content\/uploads\/2025\/11\/CARVALHO-ALVARINHO.jpg\" \/>\n\t<meta property=\"og:image:width\" content=\"1200\" \/>\n\t<meta property=\"og:image:height\" content=\"630\" \/>\n\t<meta property=\"og:image:type\" content=\"image\/jpeg\" \/>\n<meta name=\"author\" content=\"Eduarda Cardoso\" \/>\n<meta name=\"twitter:card\" content=\"summary_large_image\" \/>\n<meta name=\"twitter:creator\" content=\"@altominhoTV\" \/>\n<meta name=\"twitter:site\" content=\"@altominhoTV\" \/>\n<meta name=\"twitter:label1\" content=\"Escrito por\" \/>\n\t<meta name=\"twitter:data1\" content=\"Eduarda Cardoso\" \/>\n\t<meta name=\"twitter:label2\" content=\"Tempo estimado de leitura\" \/>\n\t<meta name=\"twitter:data2\" content=\"2 minutos\" \/>\n<script type=\"application\/ld+json\" class=\"yoast-schema-graph\">{\"@context\":\"https:\\\/\\\/schema.org\",\"@graph\":[{\"@type\":\"Article\",\"@id\":\"https:\\\/\\\/www.altominho.tv\\\/site\\\/2025\\\/11\\\/26\\\/30-carvalhos-alvarinho-foram-plantados-na-porta-de-lamas-de-mouro\\\/#article\",\"isPartOf\":{\"@id\":\"https:\\\/\\\/www.altominho.tv\\\/site\\\/2025\\\/11\\\/26\\\/30-carvalhos-alvarinho-foram-plantados-na-porta-de-lamas-de-mouro\\\/\"},\"author\":{\"name\":\"Eduarda Cardoso\",\"@id\":\"https:\\\/\\\/www.altominho.tv\\\/site\\\/#\\\/schema\\\/person\\\/9e351387b727413d005ccf1152c93539\"},\"headline\":\"30 carvalhos-alvarinho foram plantados na Porta de Lamas de Mouro\",\"datePublished\":\"2025-11-26T14:57:04+00:00\",\"dateModified\":\"2025-11-26T14:57:07+00:00\",\"mainEntityOfPage\":{\"@id\":\"https:\\\/\\\/www.altominho.tv\\\/site\\\/2025\\\/11\\\/26\\\/30-carvalhos-alvarinho-foram-plantados-na-porta-de-lamas-de-mouro\\\/\"},\"wordCount\":194,\"image\":{\"@id\":\"https:\\\/\\\/www.altominho.tv\\\/site\\\/2025\\\/11\\\/26\\\/30-carvalhos-alvarinho-foram-plantados-na-porta-de-lamas-de-mouro\\\/#primaryimage\"},\"thumbnailUrl\":\"https:\\\/\\\/www.altominho.tv\\\/site\\\/wp-content\\\/uploads\\\/2025\\\/11\\\/CARVALHO-ALVARINHO.jpg\",\"keywords\":[\"Sociedade\"],\"articleSection\":[\"Melga\u00e7o\"],\"inLanguage\":\"pt-PT\",\"copyrightYear\":\"2025\",\"copyrightHolder\":{\"@id\":\"https:\\\/\\\/www.altominho.tv\\\/site\\\/#organization\"}},{\"@type\":\"WebPage\",\"@id\":\"https:\\\/\\\/www.altominho.tv\\\/site\\\/2025\\\/11\\\/26\\\/30-carvalhos-alvarinho-foram-plantados-na-porta-de-lamas-de-mouro\\\/\",\"url\":\"https:\\\/\\\/www.altominho.tv\\\/site\\\/2025\\\/11\\\/26\\\/30-carvalhos-alvarinho-foram-plantados-na-porta-de-lamas-de-mouro\\\/\",\"name\":\"30 carvalhos-alvarinho foram plantados na Porta de Lamas de Mouro\",\"isPartOf\":{\"@id\":\"https:\\\/\\\/www.altominho.tv\\\/site\\\/#website\"},\"primaryImageOfPage\":{\"@id\":\"https:\\\/\\\/www.altominho.tv\\\/site\\\/2025\\\/11\\\/26\\\/30-carvalhos-alvarinho-foram-plantados-na-porta-de-lamas-de-mouro\\\/#primaryimage\"},\"image\":{\"@id\":\"https:\\\/\\\/www.altominho.tv\\\/site\\\/2025\\\/11\\\/26\\\/30-carvalhos-alvarinho-foram-plantados-na-porta-de-lamas-de-mouro\\\/#primaryimage\"},\"thumbnailUrl\":\"https:\\\/\\\/www.altominho.tv\\\/site\\\/wp-content\\\/uploads\\\/2025\\\/11\\\/CARVALHO-ALVARINHO.jpg\",\"datePublished\":\"2025-11-26T14:57:04+00:00\",\"dateModified\":\"2025-11-26T14:57:07+00:00\",\"author\":{\"@id\":\"https:\\\/\\\/www.altominho.tv\\\/site\\\/#\\\/schema\\\/person\\\/9e351387b727413d005ccf1152c93539\"},\"description\":\"O munic\u00edpio de Melga\u00e7o celebrou o Dia da Floresta Aut\u00f3ctone, esta ter\u00e7a-feira, 25 de novembro, com a planta\u00e7\u00e3o de cerca de 30 carvalhos-alvarinho (\ud835\ude18\ud835\ude36\ud835\ude26\ud835\ude33\ud835\ude24\ud835\ude36\ud835\ude34 \ud835\ude33\ud835\ude30\ud835\ude23\ud835\ude36\ud835\ude33), na Porta de Lamas de Mouro.\",\"breadcrumb\":{\"@id\":\"https:\\\/\\\/www.altominho.tv\\\/site\\\/2025\\\/11\\\/26\\\/30-carvalhos-alvarinho-foram-plantados-na-porta-de-lamas-de-mouro\\\/#breadcrumb\"},\"inLanguage\":\"pt-PT\",\"potentialAction\":[{\"@type\":\"ReadAction\",\"target\":[\"https:\\\/\\\/www.altominho.tv\\\/site\\\/2025\\\/11\\\/26\\\/30-carvalhos-alvarinho-foram-plantados-na-porta-de-lamas-de-mouro\\\/\"]}]},{\"@type\":\"ImageObject\",\"inLanguage\":\"pt-PT\",\"@id\":\"https:\\\/\\\/www.altominho.tv\\\/site\\\/2025\\\/11\\\/26\\\/30-carvalhos-alvarinho-foram-plantados-na-porta-de-lamas-de-mouro\\\/#primaryimage\",\"url\":\"https:\\\/\\\/www.altominho.tv\\\/site\\\/wp-content\\\/uploads\\\/2025\\\/11\\\/CARVALHO-ALVARINHO.jpg\",\"contentUrl\":\"https:\\\/\\\/www.altominho.tv\\\/site\\\/wp-content\\\/uploads\\\/2025\\\/11\\\/CARVALHO-ALVARINHO.jpg\",\"width\":1200,\"height\":630},{\"@type\":\"BreadcrumbList\",\"@id\":\"https:\\\/\\\/www.altominho.tv\\\/site\\\/2025\\\/11\\\/26\\\/30-carvalhos-alvarinho-foram-plantados-na-porta-de-lamas-de-mouro\\\/#breadcrumb\",\"itemListElement\":[{\"@type\":\"ListItem\",\"position\":1,\"name\":\"In\u00edcio\",\"item\":\"https:\\\/\\\/www.altominho.tv\\\/site\\\/\"},{\"@type\":\"ListItem\",\"position\":2,\"name\":\"30 carvalhos-alvarinho foram plantados na Porta de Lamas de Mouro\"}]},{\"@type\":\"WebSite\",\"@id\":\"https:\\\/\\\/www.altominho.tv\\\/site\\\/#website\",\"url\":\"https:\\\/\\\/www.altominho.tv\\\/site\\\/\",\"name\":\"Altominho.tv\",\"description\":\"A sua regi\u00e3o \u00e0 dist\u00e2ncia de um clique...\",\"potentialAction\":[{\"@type\":\"SearchAction\",\"target\":{\"@type\":\"EntryPoint\",\"urlTemplate\":\"https:\\\/\\\/www.altominho.tv\\\/site\\\/?s={search_term_string}\"},\"query-input\":{\"@type\":\"PropertyValueSpecification\",\"valueRequired\":true,\"valueName\":\"search_term_string\"}}],\"inLanguage\":\"pt-PT\"},{\"@type\":\"Person\",\"@id\":\"https:\\\/\\\/www.altominho.tv\\\/site\\\/#\\\/schema\\\/person\\\/9e351387b727413d005ccf1152c93539\",\"name\":\"Eduarda Cardoso\",\"image\":{\"@type\":\"ImageObject\",\"inLanguage\":\"pt-PT\",\"@id\":\"https:\\\/\\\/www.altominho.tv\\\/site\\\/wp-content\\\/uploads\\\/2021\\\/01\\\/cropped-Logo-ATV_WEB-150x150.png\",\"url\":\"https:\\\/\\\/www.altominho.tv\\\/site\\\/wp-content\\\/uploads\\\/2021\\\/01\\\/cropped-Logo-ATV_WEB-150x150.png\",\"contentUrl\":\"https:\\\/\\\/www.altominho.tv\\\/site\\\/wp-content\\\/uploads\\\/2021\\\/01\\\/cropped-Logo-ATV_WEB-150x150.png\",\"caption\":\"Eduarda Cardoso\"},\"url\":\"https:\\\/\\\/www.altominho.tv\\\/site\\\/author\\\/eduarda-cardoso\\\/\"}]}<\/script>\n<!-- \/ Yoast SEO Premium plugin. -->","yoast_head_json":{"title":"30 carvalhos-alvarinho foram plantados na Porta de Lamas de Mouro","description":"O munic\u00edpio de Melga\u00e7o celebrou o Dia da Floresta Aut\u00f3ctone, esta ter\u00e7a-feira, 25 de novembro, com a planta\u00e7\u00e3o de cerca de 30 carvalhos-alvarinho (\ud835\ude18\ud835\ude36\ud835\ude26\ud835\ude33\ud835\ude24\ud835\ude36\ud835\ude34 \ud835\ude33\ud835\ude30\ud835\ude23\ud835\ude36\ud835\ude33), na Porta de Lamas de Mouro.","robots":{"index":"index","follow":"follow","max-snippet":"max-snippet:-1","max-image-preview":"max-image-preview:large","max-video-preview":"max-video-preview:-1"},"canonical":"https:\/\/www.altominho.tv\/site\/2025\/11\/26\/30-carvalhos-alvarinho-foram-plantados-na-porta-de-lamas-de-mouro\/","og_locale":"pt_PT","og_type":"article","og_title":"30 carvalhos-alvarinho foram plantados na Porta de Lamas de Mouro","og_description":"O munic\u00edpio de Melga\u00e7o celebrou o Dia da Floresta Aut\u00f3ctone, esta ter\u00e7a-feira, 25 de novembro, com a planta\u00e7\u00e3o de cerca de 30 carvalhos-alvarinho (\ud835\ude18\ud835\ude36\ud835\ude26\ud835\ude33\ud835\ude24\ud835\ude36\ud835\ude34 \ud835\ude33\ud835\ude30\ud835\ude23\ud835\ude36\ud835\ude33), na Porta de Lamas de Mouro.","og_url":"https:\/\/www.altominho.tv\/site\/2025\/11\/26\/30-carvalhos-alvarinho-foram-plantados-na-porta-de-lamas-de-mouro\/","og_site_name":"Altominho.tv","article_publisher":"https:\/\/www.facebook.com\/altominhotv","article_published_time":"2025-11-26T14:57:04+00:00","article_modified_time":"2025-11-26T14:57:07+00:00","og_image":[{"width":1200,"height":630,"url":"https:\/\/www.altominho.tv\/site\/wp-content\/uploads\/2025\/11\/CARVALHO-ALVARINHO.jpg","type":"image\/jpeg"}],"author":"Eduarda Cardoso","twitter_card":"summary_large_image","twitter_creator":"@altominhoTV","twitter_site":"@altominhoTV","twitter_misc":{"Escrito por":"Eduarda Cardoso","Tempo estimado de leitura":"2 minutos"},"schema":{"@context":"https:\/\/schema.org","@graph":[{"@type":"Article","@id":"https:\/\/www.altominho.tv\/site\/2025\/11\/26\/30-carvalhos-alvarinho-foram-plantados-na-porta-de-lamas-de-mouro\/#article","isPartOf":{"@id":"https:\/\/www.altominho.tv\/site\/2025\/11\/26\/30-carvalhos-alvarinho-foram-plantados-na-porta-de-lamas-de-mouro\/"},"author":{"name":"Eduarda Cardoso","@id":"https:\/\/www.altominho.tv\/site\/#\/schema\/person\/9e351387b727413d005ccf1152c93539"},"headline":"30 carvalhos-alvarinho foram plantados na Porta de Lamas de Mouro","datePublished":"2025-11-26T14:57:04+00:00","dateModified":"2025-11-26T14:57:07+00:00","mainEntityOfPage":{"@id":"https:\/\/www.altominho.tv\/site\/2025\/11\/26\/30-carvalhos-alvarinho-foram-plantados-na-porta-de-lamas-de-mouro\/"},"wordCount":194,"image":{"@id":"https:\/\/www.altominho.tv\/site\/2025\/11\/26\/30-carvalhos-alvarinho-foram-plantados-na-porta-de-lamas-de-mouro\/#primaryimage"},"thumbnailUrl":"https:\/\/www.altominho.tv\/site\/wp-content\/uploads\/2025\/11\/CARVALHO-ALVARINHO.jpg","keywords":["Sociedade"],"articleSection":["Melga\u00e7o"],"inLanguage":"pt-PT","copyrightYear":"2025","copyrightHolder":{"@id":"https:\/\/www.altominho.tv\/site\/#organization"}},{"@type":"WebPage","@id":"https:\/\/www.altominho.tv\/site\/2025\/11\/26\/30-carvalhos-alvarinho-foram-plantados-na-porta-de-lamas-de-mouro\/","url":"https:\/\/www.altominho.tv\/site\/2025\/11\/26\/30-carvalhos-alvarinho-foram-plantados-na-porta-de-lamas-de-mouro\/","name":"30 carvalhos-alvarinho foram plantados na Porta de Lamas de Mouro","isPartOf":{"@id":"https:\/\/www.altominho.tv\/site\/#website"},"primaryImageOfPage":{"@id":"https:\/\/www.altominho.tv\/site\/2025\/11\/26\/30-carvalhos-alvarinho-foram-plantados-na-porta-de-lamas-de-mouro\/#primaryimage"},"image":{"@id":"https:\/\/www.altominho.tv\/site\/2025\/11\/26\/30-carvalhos-alvarinho-foram-plantados-na-porta-de-lamas-de-mouro\/#primaryimage"},"thumbnailUrl":"https:\/\/www.altominho.tv\/site\/wp-content\/uploads\/2025\/11\/CARVALHO-ALVARINHO.jpg","datePublished":"2025-11-26T14:57:04+00:00","dateModified":"2025-11-26T14:57:07+00:00","author":{"@id":"https:\/\/www.altominho.tv\/site\/#\/schema\/person\/9e351387b727413d005ccf1152c93539"},"description":"O munic\u00edpio de Melga\u00e7o celebrou o Dia da Floresta Aut\u00f3ctone, esta ter\u00e7a-feira, 25 de novembro, com a planta\u00e7\u00e3o de cerca de 30 carvalhos-alvarinho (\ud835\ude18\ud835\ude36\ud835\ude26\ud835\ude33\ud835\ude24\ud835\ude36\ud835\ude34 \ud835\ude33\ud835\ude30\ud835\ude23\ud835\ude36\ud835\ude33), na Porta de Lamas de Mouro.","breadcrumb":{"@id":"https:\/\/www.altominho.tv\/site\/2025\/11\/26\/30-carvalhos-alvarinho-foram-plantados-na-porta-de-lamas-de-mouro\/#breadcrumb"},"inLanguage":"pt-PT","potentialAction":[{"@type":"ReadAction","target":["https:\/\/www.altominho.tv\/site\/2025\/11\/26\/30-carvalhos-alvarinho-foram-plantados-na-porta-de-lamas-de-mouro\/"]}]},{"@type":"ImageObject","inLanguage":"pt-PT","@id":"https:\/\/www.altominho.tv\/site\/2025\/11\/26\/30-carvalhos-alvarinho-foram-plantados-na-porta-de-lamas-de-mouro\/#primaryimage","url":"https:\/\/www.altominho.tv\/site\/wp-content\/uploads\/2025\/11\/CARVALHO-ALVARINHO.jpg","contentUrl":"https:\/\/www.altominho.tv\/site\/wp-content\/uploads\/2025\/11\/CARVALHO-ALVARINHO.jpg","width":1200,"height":630},{"@type":"BreadcrumbList","@id":"https:\/\/www.altominho.tv\/site\/2025\/11\/26\/30-carvalhos-alvarinho-foram-plantados-na-porta-de-lamas-de-mouro\/#breadcrumb","itemListElement":[{"@type":"ListItem","position":1,"name":"In\u00edcio","item":"https:\/\/www.altominho.tv\/site\/"},{"@type":"ListItem","position":2,"name":"30 carvalhos-alvarinho foram plantados na Porta de Lamas de Mouro"}]},{"@type":"WebSite","@id":"https:\/\/www.altominho.tv\/site\/#website","url":"https:\/\/www.altominho.tv\/site\/","name":"Altominho.tv","description":"A sua regi\u00e3o \u00e0 dist\u00e2ncia de um clique...","potentialAction":[{"@type":"SearchAction","target":{"@type":"EntryPoint","urlTemplate":"https:\/\/www.altominho.tv\/site\/?s={search_term_string}"},"query-input":{"@type":"PropertyValueSpecification","valueRequired":true,"valueName":"search_term_string"}}],"inLanguage":"pt-PT"},{"@type":"Person","@id":"https:\/\/www.altominho.tv\/site\/#\/schema\/person\/9e351387b727413d005ccf1152c93539","name":"Eduarda Cardoso","image":{"@type":"ImageObject","inLanguage":"pt-PT","@id":"https:\/\/www.altominho.tv\/site\/wp-content\/uploads\/2021\/01\/cropped-Logo-ATV_WEB-150x150.png","url":"https:\/\/www.altominho.tv\/site\/wp-content\/uploads\/2021\/01\/cropped-Logo-ATV_WEB-150x150.png","contentUrl":"https:\/\/www.altominho.tv\/site\/wp-content\/uploads\/2021\/01\/cropped-Logo-ATV_WEB-150x150.png","caption":"Eduarda Cardoso"},"url":"https:\/\/www.altominho.tv\/site\/author\/eduarda-cardoso\/"}]}},"_links":{"self":[{"href":"https:\/\/www.altominho.tv\/site\/wp-json\/wp\/v2\/posts\/125725","targetHints":{"allow":["GET"]}}],"collection":[{"href":"https:\/\/www.altominho.tv\/site\/wp-json\/wp\/v2\/posts"}],"about":[{"href":"https:\/\/www.altominho.tv\/site\/wp-json\/wp\/v2\/types\/post"}],"author":[{"embeddable":true,"href":"https:\/\/www.altominho.tv\/site\/wp-json\/wp\/v2\/users\/30"}],"replies":[{"embeddable":true,"href":"https:\/\/www.altominho.tv\/site\/wp-json\/wp\/v2\/comments?post=125725"}],"version-history":[{"count":1,"href":"https:\/\/www.altominho.tv\/site\/wp-json\/wp\/v2\/posts\/125725\/revisions"}],"predecessor-version":[{"id":125727,"href":"https:\/\/www.altominho.tv\/site\/wp-json\/wp\/v2\/posts\/125725\/revisions\/125727"}],"wp:featuredmedia":[{"embeddable":true,"href":"https:\/\/www.altominho.tv\/site\/wp-json\/wp\/v2\/media\/125726"}],"wp:attachment":[{"href":"https:\/\/www.altominho.tv\/site\/wp-json\/wp\/v2\/media?parent=125725"}],"wp:term":[{"taxonomy":"category","embeddable":true,"href":"https:\/\/www.altominho.tv\/site\/wp-json\/wp\/v2\/categories?post=125725"},{"taxonomy":"post_tag","embeddable":true,"href":"https:\/\/www.altominho.tv\/site\/wp-json\/wp\/v2\/tags?post=125725"}],"curies":[{"name":"wp","href":"https:\/\/api.w.org\/{rel}","templated":true}]}}