{"id":125706,"date":"2025-11-26T10:22:16","date_gmt":"2025-11-26T10:22:16","guid":{"rendered":"https:\/\/www.altominho.tv\/site\/?p=125706"},"modified":"2025-11-26T10:22:18","modified_gmt":"2025-11-26T10:22:18","slug":"municipio-de-melgaco-disponibiliza-servico-de-taxis-festa-do-espumante","status":"publish","type":"post","link":"https:\/\/www.altominho.tv\/site\/2025\/11\/26\/municipio-de-melgaco-disponibiliza-servico-de-taxis-festa-do-espumante\/","title":{"rendered":"Munic\u00edpio de Melga\u00e7o disponibiliza servi\u00e7o de t\u00e1xis durante a Festa do Espumante"},"content":{"rendered":"<p class=\"p1\">O munic\u00edpio de Melga\u00e7o anunciou que, na pr\u00f3xima edi\u00e7\u00e3o da Festa do Espumante, estar\u00e3o dispon\u00edveis v\u00e1rios t\u00e1xis para garantir desloca\u00e7\u00f5es seguras de e para o evento.<\/p>\n<p class=\"p1\">Ao longo dos tr\u00eas dias, ser\u00e1 poss\u00edvel contar com diferentes motoristas e hor\u00e1rios alargados, assegurando um transporte c\u00f3modo e respons\u00e1vel.<\/p>\n<p class=\"p1\">Esta \u00e9 uma iniciativa do munic\u00edpio que oferece comodidade a quem pretende desfrutar da festa sem preocupa\u00e7\u00f5es.<\/p>\n<p class=\"p1\">Os t\u00e1xis estar\u00e3o localizados no Largo do Mercado. O servi\u00e7o funcionar\u00e1 na sexta-feira e no s\u00e1bado, das 11h00 \u00e0s 04h00, e no domingo, das 11h00 \u00e0s 20h00.<\/p>\n<p class=\"p1\">A Festa do Espumante de Melga\u00e7o decorre nos dias 28, 29 e 30 de novembro, no Largo do Mercado.<\/p>\n","protected":false},"excerpt":{"rendered":"<p>O munic\u00edpio de Melga\u00e7o anunciou que, na pr\u00f3xima edi\u00e7\u00e3o da Festa do Espumante, estar\u00e3o dispon\u00edveis v\u00e1rios t\u00e1xis para garantir desloca\u00e7\u00f5es seguras de e para o evento. Ao longo dos tr\u00eas dias, ser\u00e1 poss\u00edvel contar com diferentes motoristas e hor\u00e1rios alargados, assegurando um transporte c\u00f3modo e respons\u00e1vel. Esta \u00e9 uma iniciativa do munic\u00edpio que oferece comodidade [&hellip;]<\/p>\n","protected":false},"author":30,"featured_media":125707,"comment_status":"closed","ping_status":"closed","sticky":false,"template":"","format":"standard","meta":{"_exactmetrics_skip_tracking":false,"_exactmetrics_sitenote_active":false,"_exactmetrics_sitenote_note":"","_exactmetrics_sitenote_category":0,"footnotes":""},"categories":[8],"tags":[27],"class_list":["post-125706","post","type-post","status-publish","format-standard","has-post-thumbnail","hentry","category-melgaco","tag-sociedade"],"yoast_head":"<!-- This site is optimized with the Yoast SEO Premium plugin v27.5 (Yoast SEO v27.5) - https:\/\/yoast.com\/product\/yoast-seo-premium-wordpress\/ -->\n<title>Munic\u00edpio de Melga\u00e7o disponibiliza servi\u00e7o de t\u00e1xis durante a Festa do Espumante<\/title>\n<meta name=\"description\" content=\"O munic\u00edpio de Melga\u00e7o anunciou que, na pr\u00f3xima edi\u00e7\u00e3o da Festa do Espumante, estar\u00e3o dispon\u00edveis v\u00e1rios t\u00e1xis para garantir desloca\u00e7\u00f5es seguras de e para o evento.\" \/>\n<meta name=\"robots\" content=\"index, follow, max-snippet:-1, max-image-preview:large, max-video-preview:-1\" \/>\n<link rel=\"canonical\" href=\"https:\/\/www.altominho.tv\/site\/2025\/11\/26\/municipio-de-melgaco-disponibiliza-servico-de-taxis-festa-do-espumante\/\" \/>\n<meta property=\"og:locale\" content=\"pt_PT\" \/>\n<meta property=\"og:type\" content=\"article\" \/>\n<meta property=\"og:title\" content=\"Munic\u00edpio de Melga\u00e7o disponibiliza servi\u00e7o de t\u00e1xis durante a Festa do Espumante\" \/>\n<meta property=\"og:description\" content=\"O munic\u00edpio de Melga\u00e7o anunciou que, na pr\u00f3xima edi\u00e7\u00e3o da Festa do Espumante, estar\u00e3o dispon\u00edveis v\u00e1rios t\u00e1xis para garantir desloca\u00e7\u00f5es seguras de e para o evento.\" \/>\n<meta property=\"og:url\" content=\"https:\/\/www.altominho.tv\/site\/2025\/11\/26\/municipio-de-melgaco-disponibiliza-servico-de-taxis-festa-do-espumante\/\" \/>\n<meta property=\"og:site_name\" content=\"Altominho.tv\" \/>\n<meta property=\"article:publisher\" content=\"https:\/\/www.facebook.com\/altominhotv\" \/>\n<meta property=\"article:published_time\" content=\"2025-11-26T10:22:16+00:00\" \/>\n<meta property=\"article:modified_time\" content=\"2025-11-26T10:22:18+00:00\" \/>\n<meta property=\"og:image\" content=\"https:\/\/www.altominho.tv\/site\/wp-content\/uploads\/2025\/11\/Design-sem-nome-36.jpg\" \/>\n\t<meta property=\"og:image:width\" content=\"1200\" \/>\n\t<meta property=\"og:image:height\" content=\"630\" \/>\n\t<meta property=\"og:image:type\" content=\"image\/jpeg\" \/>\n<meta name=\"author\" content=\"Eduarda Cardoso\" \/>\n<meta name=\"twitter:card\" content=\"summary_large_image\" \/>\n<meta name=\"twitter:creator\" content=\"@altominhoTV\" \/>\n<meta name=\"twitter:site\" content=\"@altominhoTV\" \/>\n<meta name=\"twitter:label1\" content=\"Escrito por\" \/>\n\t<meta name=\"twitter:data1\" content=\"Eduarda Cardoso\" \/>\n\t<meta name=\"twitter:label2\" content=\"Tempo estimado de leitura\" \/>\n\t<meta name=\"twitter:data2\" content=\"1 minuto\" \/>\n<script type=\"application\/ld+json\" class=\"yoast-schema-graph\">{\"@context\":\"https:\\\/\\\/schema.org\",\"@graph\":[{\"@type\":\"Article\",\"@id\":\"https:\\\/\\\/www.altominho.tv\\\/site\\\/2025\\\/11\\\/26\\\/municipio-de-melgaco-disponibiliza-servico-de-taxis-festa-do-espumante\\\/#article\",\"isPartOf\":{\"@id\":\"https:\\\/\\\/www.altominho.tv\\\/site\\\/2025\\\/11\\\/26\\\/municipio-de-melgaco-disponibiliza-servico-de-taxis-festa-do-espumante\\\/\"},\"author\":{\"name\":\"Eduarda Cardoso\",\"@id\":\"https:\\\/\\\/www.altominho.tv\\\/site\\\/#\\\/schema\\\/person\\\/9e351387b727413d005ccf1152c93539\"},\"headline\":\"Munic\u00edpio de Melga\u00e7o disponibiliza servi\u00e7o de t\u00e1xis durante a Festa do Espumante\",\"datePublished\":\"2025-11-26T10:22:16+00:00\",\"dateModified\":\"2025-11-26T10:22:18+00:00\",\"mainEntityOfPage\":{\"@id\":\"https:\\\/\\\/www.altominho.tv\\\/site\\\/2025\\\/11\\\/26\\\/municipio-de-melgaco-disponibiliza-servico-de-taxis-festa-do-espumante\\\/\"},\"wordCount\":142,\"image\":{\"@id\":\"https:\\\/\\\/www.altominho.tv\\\/site\\\/2025\\\/11\\\/26\\\/municipio-de-melgaco-disponibiliza-servico-de-taxis-festa-do-espumante\\\/#primaryimage\"},\"thumbnailUrl\":\"https:\\\/\\\/www.altominho.tv\\\/site\\\/wp-content\\\/uploads\\\/2025\\\/11\\\/Design-sem-nome-36.jpg\",\"keywords\":[\"Sociedade\"],\"articleSection\":[\"Melga\u00e7o\"],\"inLanguage\":\"pt-PT\",\"copyrightYear\":\"2025\",\"copyrightHolder\":{\"@id\":\"https:\\\/\\\/www.altominho.tv\\\/site\\\/#organization\"}},{\"@type\":\"WebPage\",\"@id\":\"https:\\\/\\\/www.altominho.tv\\\/site\\\/2025\\\/11\\\/26\\\/municipio-de-melgaco-disponibiliza-servico-de-taxis-festa-do-espumante\\\/\",\"url\":\"https:\\\/\\\/www.altominho.tv\\\/site\\\/2025\\\/11\\\/26\\\/municipio-de-melgaco-disponibiliza-servico-de-taxis-festa-do-espumante\\\/\",\"name\":\"Munic\u00edpio de Melga\u00e7o disponibiliza servi\u00e7o de t\u00e1xis durante a Festa do Espumante\",\"isPartOf\":{\"@id\":\"https:\\\/\\\/www.altominho.tv\\\/site\\\/#website\"},\"primaryImageOfPage\":{\"@id\":\"https:\\\/\\\/www.altominho.tv\\\/site\\\/2025\\\/11\\\/26\\\/municipio-de-melgaco-disponibiliza-servico-de-taxis-festa-do-espumante\\\/#primaryimage\"},\"image\":{\"@id\":\"https:\\\/\\\/www.altominho.tv\\\/site\\\/2025\\\/11\\\/26\\\/municipio-de-melgaco-disponibiliza-servico-de-taxis-festa-do-espumante\\\/#primaryimage\"},\"thumbnailUrl\":\"https:\\\/\\\/www.altominho.tv\\\/site\\\/wp-content\\\/uploads\\\/2025\\\/11\\\/Design-sem-nome-36.jpg\",\"datePublished\":\"2025-11-26T10:22:16+00:00\",\"dateModified\":\"2025-11-26T10:22:18+00:00\",\"author\":{\"@id\":\"https:\\\/\\\/www.altominho.tv\\\/site\\\/#\\\/schema\\\/person\\\/9e351387b727413d005ccf1152c93539\"},\"description\":\"O munic\u00edpio de Melga\u00e7o anunciou que, na pr\u00f3xima edi\u00e7\u00e3o da Festa do Espumante, estar\u00e3o dispon\u00edveis v\u00e1rios t\u00e1xis para garantir desloca\u00e7\u00f5es seguras de e para o evento.\",\"breadcrumb\":{\"@id\":\"https:\\\/\\\/www.altominho.tv\\\/site\\\/2025\\\/11\\\/26\\\/municipio-de-melgaco-disponibiliza-servico-de-taxis-festa-do-espumante\\\/#breadcrumb\"},\"inLanguage\":\"pt-PT\",\"potentialAction\":[{\"@type\":\"ReadAction\",\"target\":[\"https:\\\/\\\/www.altominho.tv\\\/site\\\/2025\\\/11\\\/26\\\/municipio-de-melgaco-disponibiliza-servico-de-taxis-festa-do-espumante\\\/\"]}]},{\"@type\":\"ImageObject\",\"inLanguage\":\"pt-PT\",\"@id\":\"https:\\\/\\\/www.altominho.tv\\\/site\\\/2025\\\/11\\\/26\\\/municipio-de-melgaco-disponibiliza-servico-de-taxis-festa-do-espumante\\\/#primaryimage\",\"url\":\"https:\\\/\\\/www.altominho.tv\\\/site\\\/wp-content\\\/uploads\\\/2025\\\/11\\\/Design-sem-nome-36.jpg\",\"contentUrl\":\"https:\\\/\\\/www.altominho.tv\\\/site\\\/wp-content\\\/uploads\\\/2025\\\/11\\\/Design-sem-nome-36.jpg\",\"width\":1200,\"height\":630},{\"@type\":\"BreadcrumbList\",\"@id\":\"https:\\\/\\\/www.altominho.tv\\\/site\\\/2025\\\/11\\\/26\\\/municipio-de-melgaco-disponibiliza-servico-de-taxis-festa-do-espumante\\\/#breadcrumb\",\"itemListElement\":[{\"@type\":\"ListItem\",\"position\":1,\"name\":\"In\u00edcio\",\"item\":\"https:\\\/\\\/www.altominho.tv\\\/site\\\/\"},{\"@type\":\"ListItem\",\"position\":2,\"name\":\"Munic\u00edpio de Melga\u00e7o disponibiliza servi\u00e7o de t\u00e1xis durante a Festa do Espumante\"}]},{\"@type\":\"WebSite\",\"@id\":\"https:\\\/\\\/www.altominho.tv\\\/site\\\/#website\",\"url\":\"https:\\\/\\\/www.altominho.tv\\\/site\\\/\",\"name\":\"Altominho.tv\",\"description\":\"A sua regi\u00e3o \u00e0 dist\u00e2ncia de um clique...\",\"potentialAction\":[{\"@type\":\"SearchAction\",\"target\":{\"@type\":\"EntryPoint\",\"urlTemplate\":\"https:\\\/\\\/www.altominho.tv\\\/site\\\/?s={search_term_string}\"},\"query-input\":{\"@type\":\"PropertyValueSpecification\",\"valueRequired\":true,\"valueName\":\"search_term_string\"}}],\"inLanguage\":\"pt-PT\"},{\"@type\":\"Person\",\"@id\":\"https:\\\/\\\/www.altominho.tv\\\/site\\\/#\\\/schema\\\/person\\\/9e351387b727413d005ccf1152c93539\",\"name\":\"Eduarda Cardoso\",\"image\":{\"@type\":\"ImageObject\",\"inLanguage\":\"pt-PT\",\"@id\":\"https:\\\/\\\/www.altominho.tv\\\/site\\\/wp-content\\\/uploads\\\/2021\\\/01\\\/cropped-Logo-ATV_WEB-150x150.png\",\"url\":\"https:\\\/\\\/www.altominho.tv\\\/site\\\/wp-content\\\/uploads\\\/2021\\\/01\\\/cropped-Logo-ATV_WEB-150x150.png\",\"contentUrl\":\"https:\\\/\\\/www.altominho.tv\\\/site\\\/wp-content\\\/uploads\\\/2021\\\/01\\\/cropped-Logo-ATV_WEB-150x150.png\",\"caption\":\"Eduarda Cardoso\"},\"url\":\"https:\\\/\\\/www.altominho.tv\\\/site\\\/author\\\/eduarda-cardoso\\\/\"}]}<\/script>\n<!-- \/ Yoast SEO Premium plugin. -->","yoast_head_json":{"title":"Munic\u00edpio de Melga\u00e7o disponibiliza servi\u00e7o de t\u00e1xis durante a Festa do Espumante","description":"O munic\u00edpio de Melga\u00e7o anunciou que, na pr\u00f3xima edi\u00e7\u00e3o da Festa do Espumante, estar\u00e3o dispon\u00edveis v\u00e1rios t\u00e1xis para garantir desloca\u00e7\u00f5es seguras de e para o evento.","robots":{"index":"index","follow":"follow","max-snippet":"max-snippet:-1","max-image-preview":"max-image-preview:large","max-video-preview":"max-video-preview:-1"},"canonical":"https:\/\/www.altominho.tv\/site\/2025\/11\/26\/municipio-de-melgaco-disponibiliza-servico-de-taxis-festa-do-espumante\/","og_locale":"pt_PT","og_type":"article","og_title":"Munic\u00edpio de Melga\u00e7o disponibiliza servi\u00e7o de t\u00e1xis durante a Festa do Espumante","og_description":"O munic\u00edpio de Melga\u00e7o anunciou que, na pr\u00f3xima edi\u00e7\u00e3o da Festa do Espumante, estar\u00e3o dispon\u00edveis v\u00e1rios t\u00e1xis para garantir desloca\u00e7\u00f5es seguras de e para o evento.","og_url":"https:\/\/www.altominho.tv\/site\/2025\/11\/26\/municipio-de-melgaco-disponibiliza-servico-de-taxis-festa-do-espumante\/","og_site_name":"Altominho.tv","article_publisher":"https:\/\/www.facebook.com\/altominhotv","article_published_time":"2025-11-26T10:22:16+00:00","article_modified_time":"2025-11-26T10:22:18+00:00","og_image":[{"width":1200,"height":630,"url":"https:\/\/www.altominho.tv\/site\/wp-content\/uploads\/2025\/11\/Design-sem-nome-36.jpg","type":"image\/jpeg"}],"author":"Eduarda Cardoso","twitter_card":"summary_large_image","twitter_creator":"@altominhoTV","twitter_site":"@altominhoTV","twitter_misc":{"Escrito por":"Eduarda Cardoso","Tempo estimado de leitura":"1 minuto"},"schema":{"@context":"https:\/\/schema.org","@graph":[{"@type":"Article","@id":"https:\/\/www.altominho.tv\/site\/2025\/11\/26\/municipio-de-melgaco-disponibiliza-servico-de-taxis-festa-do-espumante\/#article","isPartOf":{"@id":"https:\/\/www.altominho.tv\/site\/2025\/11\/26\/municipio-de-melgaco-disponibiliza-servico-de-taxis-festa-do-espumante\/"},"author":{"name":"Eduarda Cardoso","@id":"https:\/\/www.altominho.tv\/site\/#\/schema\/person\/9e351387b727413d005ccf1152c93539"},"headline":"Munic\u00edpio de Melga\u00e7o disponibiliza servi\u00e7o de t\u00e1xis durante a Festa do Espumante","datePublished":"2025-11-26T10:22:16+00:00","dateModified":"2025-11-26T10:22:18+00:00","mainEntityOfPage":{"@id":"https:\/\/www.altominho.tv\/site\/2025\/11\/26\/municipio-de-melgaco-disponibiliza-servico-de-taxis-festa-do-espumante\/"},"wordCount":142,"image":{"@id":"https:\/\/www.altominho.tv\/site\/2025\/11\/26\/municipio-de-melgaco-disponibiliza-servico-de-taxis-festa-do-espumante\/#primaryimage"},"thumbnailUrl":"https:\/\/www.altominho.tv\/site\/wp-content\/uploads\/2025\/11\/Design-sem-nome-36.jpg","keywords":["Sociedade"],"articleSection":["Melga\u00e7o"],"inLanguage":"pt-PT","copyrightYear":"2025","copyrightHolder":{"@id":"https:\/\/www.altominho.tv\/site\/#organization"}},{"@type":"WebPage","@id":"https:\/\/www.altominho.tv\/site\/2025\/11\/26\/municipio-de-melgaco-disponibiliza-servico-de-taxis-festa-do-espumante\/","url":"https:\/\/www.altominho.tv\/site\/2025\/11\/26\/municipio-de-melgaco-disponibiliza-servico-de-taxis-festa-do-espumante\/","name":"Munic\u00edpio de Melga\u00e7o disponibiliza servi\u00e7o de t\u00e1xis durante a Festa do Espumante","isPartOf":{"@id":"https:\/\/www.altominho.tv\/site\/#website"},"primaryImageOfPage":{"@id":"https:\/\/www.altominho.tv\/site\/2025\/11\/26\/municipio-de-melgaco-disponibiliza-servico-de-taxis-festa-do-espumante\/#primaryimage"},"image":{"@id":"https:\/\/www.altominho.tv\/site\/2025\/11\/26\/municipio-de-melgaco-disponibiliza-servico-de-taxis-festa-do-espumante\/#primaryimage"},"thumbnailUrl":"https:\/\/www.altominho.tv\/site\/wp-content\/uploads\/2025\/11\/Design-sem-nome-36.jpg","datePublished":"2025-11-26T10:22:16+00:00","dateModified":"2025-11-26T10:22:18+00:00","author":{"@id":"https:\/\/www.altominho.tv\/site\/#\/schema\/person\/9e351387b727413d005ccf1152c93539"},"description":"O munic\u00edpio de Melga\u00e7o anunciou que, na pr\u00f3xima edi\u00e7\u00e3o da Festa do Espumante, estar\u00e3o dispon\u00edveis v\u00e1rios t\u00e1xis para garantir desloca\u00e7\u00f5es seguras de e para o evento.","breadcrumb":{"@id":"https:\/\/www.altominho.tv\/site\/2025\/11\/26\/municipio-de-melgaco-disponibiliza-servico-de-taxis-festa-do-espumante\/#breadcrumb"},"inLanguage":"pt-PT","potentialAction":[{"@type":"ReadAction","target":["https:\/\/www.altominho.tv\/site\/2025\/11\/26\/municipio-de-melgaco-disponibiliza-servico-de-taxis-festa-do-espumante\/"]}]},{"@type":"ImageObject","inLanguage":"pt-PT","@id":"https:\/\/www.altominho.tv\/site\/2025\/11\/26\/municipio-de-melgaco-disponibiliza-servico-de-taxis-festa-do-espumante\/#primaryimage","url":"https:\/\/www.altominho.tv\/site\/wp-content\/uploads\/2025\/11\/Design-sem-nome-36.jpg","contentUrl":"https:\/\/www.altominho.tv\/site\/wp-content\/uploads\/2025\/11\/Design-sem-nome-36.jpg","width":1200,"height":630},{"@type":"BreadcrumbList","@id":"https:\/\/www.altominho.tv\/site\/2025\/11\/26\/municipio-de-melgaco-disponibiliza-servico-de-taxis-festa-do-espumante\/#breadcrumb","itemListElement":[{"@type":"ListItem","position":1,"name":"In\u00edcio","item":"https:\/\/www.altominho.tv\/site\/"},{"@type":"ListItem","position":2,"name":"Munic\u00edpio de Melga\u00e7o disponibiliza servi\u00e7o de t\u00e1xis durante a Festa do Espumante"}]},{"@type":"WebSite","@id":"https:\/\/www.altominho.tv\/site\/#website","url":"https:\/\/www.altominho.tv\/site\/","name":"Altominho.tv","description":"A sua regi\u00e3o \u00e0 dist\u00e2ncia de um clique...","potentialAction":[{"@type":"SearchAction","target":{"@type":"EntryPoint","urlTemplate":"https:\/\/www.altominho.tv\/site\/?s={search_term_string}"},"query-input":{"@type":"PropertyValueSpecification","valueRequired":true,"valueName":"search_term_string"}}],"inLanguage":"pt-PT"},{"@type":"Person","@id":"https:\/\/www.altominho.tv\/site\/#\/schema\/person\/9e351387b727413d005ccf1152c93539","name":"Eduarda Cardoso","image":{"@type":"ImageObject","inLanguage":"pt-PT","@id":"https:\/\/www.altominho.tv\/site\/wp-content\/uploads\/2021\/01\/cropped-Logo-ATV_WEB-150x150.png","url":"https:\/\/www.altominho.tv\/site\/wp-content\/uploads\/2021\/01\/cropped-Logo-ATV_WEB-150x150.png","contentUrl":"https:\/\/www.altominho.tv\/site\/wp-content\/uploads\/2021\/01\/cropped-Logo-ATV_WEB-150x150.png","caption":"Eduarda Cardoso"},"url":"https:\/\/www.altominho.tv\/site\/author\/eduarda-cardoso\/"}]}},"_links":{"self":[{"href":"https:\/\/www.altominho.tv\/site\/wp-json\/wp\/v2\/posts\/125706","targetHints":{"allow":["GET"]}}],"collection":[{"href":"https:\/\/www.altominho.tv\/site\/wp-json\/wp\/v2\/posts"}],"about":[{"href":"https:\/\/www.altominho.tv\/site\/wp-json\/wp\/v2\/types\/post"}],"author":[{"embeddable":true,"href":"https:\/\/www.altominho.tv\/site\/wp-json\/wp\/v2\/users\/30"}],"replies":[{"embeddable":true,"href":"https:\/\/www.altominho.tv\/site\/wp-json\/wp\/v2\/comments?post=125706"}],"version-history":[{"count":1,"href":"https:\/\/www.altominho.tv\/site\/wp-json\/wp\/v2\/posts\/125706\/revisions"}],"predecessor-version":[{"id":125709,"href":"https:\/\/www.altominho.tv\/site\/wp-json\/wp\/v2\/posts\/125706\/revisions\/125709"}],"wp:featuredmedia":[{"embeddable":true,"href":"https:\/\/www.altominho.tv\/site\/wp-json\/wp\/v2\/media\/125707"}],"wp:attachment":[{"href":"https:\/\/www.altominho.tv\/site\/wp-json\/wp\/v2\/media?parent=125706"}],"wp:term":[{"taxonomy":"category","embeddable":true,"href":"https:\/\/www.altominho.tv\/site\/wp-json\/wp\/v2\/categories?post=125706"},{"taxonomy":"post_tag","embeddable":true,"href":"https:\/\/www.altominho.tv\/site\/wp-json\/wp\/v2\/tags?post=125706"}],"curies":[{"name":"wp","href":"https:\/\/api.w.org\/{rel}","templated":true}]}}