{"id":125671,"date":"2025-11-25T14:27:21","date_gmt":"2025-11-25T14:27:21","guid":{"rendered":"https:\/\/www.altominho.tv\/site\/?p=125671"},"modified":"2025-11-25T14:27:23","modified_gmt":"2025-11-25T14:27:23","slug":"dance-fuel-conquista-os-tres-primeiros-lugares-na-final-de-arcos-de-valdevez-do-portugal-a-dancar","status":"publish","type":"post","link":"https:\/\/www.altominho.tv\/site\/2025\/11\/25\/dance-fuel-conquista-os-tres-primeiros-lugares-na-final-de-arcos-de-valdevez-do-portugal-a-dancar\/","title":{"rendered":"Dance Fuel conquista os tr\u00eas primeiros lugares na final de Arcos de Valdevez do \u201cPortugal a Dan\u00e7ar\u201d"},"content":{"rendered":"<p data-start=\"105\" data-end=\"439\">A escola arcuense Dance Fuel arrecadou os tr\u00eas primeiros lugares da final de Arcos de Valdevez do concurso \u201cPortugal a Dan\u00e7ar\u201d, que teve lugar este domingo, 23 de novembro, no audit\u00f3rio da Casa das Artes. A etapa local contou com 12 coreografias em competi\u00e7\u00e3o, oito apresentadas pela Dance Fuel e quatro pela PT Academy, de Vila Real.<\/p>\n<p data-start=\"441\" data-end=\"814\">O Munic\u00edpio esteve representado pelo presidente da C\u00e2mara, Oleg\u00e1rio Gon\u00e7alves, e pela vereadora Ang\u00e9lica Leite. O autarca destacou a qualidade e o empenho dos participantes, sublinhando tamb\u00e9m o papel das fam\u00edlias no acompanhamento dos jovens dan\u00e7arinos. Lan\u00e7ou ainda o desafio \u00e0 dire\u00e7\u00e3o do concurso para que a grande final de 2026 possa ser realizada em Arcos de Valdevez.<\/p>\n<p data-start=\"816\" data-end=\"1036\">Ao longo de dois dias, o concelho recebeu 38 coreografias provenientes de Arcos de Valdevez, Ponte de Lima, Vila Real e P\u00f3voa de Varzim. A grande final nacional est\u00e1 marcada para 17 de janeiro de 2026, na cidade da Maia.<\/p>\n<p data-start=\"1038\" data-end=\"1367\" data-is-last-node=\"\" data-is-only-node=\"\">O Munic\u00edpio felicitou os vencedores e deixou uma nota de reconhecimento a todos os participantes. Os tr\u00eas primeiros classificados foram Jos\u00e9 Armando de Barros, com a coreografia \u201cJealous\u201d, em primeiro lugar, e Maria Lu\u00eds Rebelo, que assegurou o segundo posto com \u201cSobre Era\u201d e o terceiro com \u201cDirty Diana\u201d, todos pela Dance Fuel.<\/p>\n","protected":false},"excerpt":{"rendered":"<p>A escola arcuense Dance Fuel arrecadou os tr\u00eas primeiros lugares da final de Arcos de Valdevez do concurso \u201cPortugal a Dan\u00e7ar\u201d, que teve lugar este domingo, 23 de novembro, no audit\u00f3rio da Casa das Artes. A etapa local contou com 12 coreografias em competi\u00e7\u00e3o, oito apresentadas pela Dance Fuel e quatro pela PT Academy, de [&hellip;]<\/p>\n","protected":false},"author":1,"featured_media":125672,"comment_status":"closed","ping_status":"closed","sticky":false,"template":"","format":"standard","meta":{"_exactmetrics_skip_tracking":false,"_exactmetrics_sitenote_active":false,"_exactmetrics_sitenote_note":"","_exactmetrics_sitenote_category":0,"footnotes":""},"categories":[2],"tags":[24],"class_list":["post-125671","post","type-post","status-publish","format-standard","has-post-thumbnail","hentry","category-arcos-de-valdevez","tag-lazer"],"yoast_head":"<!-- This site is optimized with the Yoast SEO Premium plugin v27.5 (Yoast SEO v27.5) - https:\/\/yoast.com\/product\/yoast-seo-premium-wordpress\/ -->\n<title>Dance Fuel conquista os tr\u00eas primeiros lugares na final de Arcos de Valdevez do \u201cPortugal a Dan\u00e7ar\u201d<\/title>\n<meta name=\"description\" content=\"A escola arcuense Dance Fuel arrecadou os tr\u00eas primeiros lugares da final de Arcos de Valdevez do concurso \u201cPortugal a Dan\u00e7ar\u201d, que teve lugar este domingo, 23 de novembro, no audit\u00f3rio da Casa das Artes.\" \/>\n<meta name=\"robots\" content=\"index, follow, max-snippet:-1, max-image-preview:large, max-video-preview:-1\" \/>\n<link rel=\"canonical\" href=\"https:\/\/www.altominho.tv\/site\/2025\/11\/25\/dance-fuel-conquista-os-tres-primeiros-lugares-na-final-de-arcos-de-valdevez-do-portugal-a-dancar\/\" \/>\n<meta property=\"og:locale\" content=\"pt_PT\" \/>\n<meta property=\"og:type\" content=\"article\" \/>\n<meta property=\"og:title\" content=\"Dance Fuel conquista os tr\u00eas primeiros lugares na final de Arcos de Valdevez do \u201cPortugal a Dan\u00e7ar\u201d\" \/>\n<meta property=\"og:description\" content=\"A escola arcuense Dance Fuel arrecadou os tr\u00eas primeiros lugares da final de Arcos de Valdevez do concurso \u201cPortugal a Dan\u00e7ar\u201d, que teve lugar este domingo, 23 de novembro, no audit\u00f3rio da Casa das Artes.\" \/>\n<meta property=\"og:url\" content=\"https:\/\/www.altominho.tv\/site\/2025\/11\/25\/dance-fuel-conquista-os-tres-primeiros-lugares-na-final-de-arcos-de-valdevez-do-portugal-a-dancar\/\" \/>\n<meta property=\"og:site_name\" content=\"Altominho.tv\" \/>\n<meta property=\"article:publisher\" content=\"https:\/\/www.facebook.com\/altominhotv\" \/>\n<meta property=\"article:published_time\" content=\"2025-11-25T14:27:21+00:00\" \/>\n<meta property=\"article:modified_time\" content=\"2025-11-25T14:27:23+00:00\" \/>\n<meta property=\"og:image\" content=\"https:\/\/www.altominho.tv\/site\/wp-content\/uploads\/2025\/11\/fuel.jpg\" \/>\n\t<meta property=\"og:image:width\" content=\"1200\" \/>\n\t<meta property=\"og:image:height\" content=\"630\" \/>\n\t<meta property=\"og:image:type\" content=\"image\/jpeg\" \/>\n<meta name=\"author\" content=\"Altominho.tv\" \/>\n<meta name=\"twitter:card\" content=\"summary_large_image\" \/>\n<meta name=\"twitter:creator\" content=\"@altominhoTV\" \/>\n<meta name=\"twitter:site\" content=\"@altominhoTV\" \/>\n<meta name=\"twitter:label1\" content=\"Escrito por\" \/>\n\t<meta name=\"twitter:data1\" content=\"Altominho.tv\" \/>\n\t<meta name=\"twitter:label2\" content=\"Tempo estimado de leitura\" \/>\n\t<meta name=\"twitter:data2\" content=\"2 minutos\" \/>\n<script type=\"application\/ld+json\" class=\"yoast-schema-graph\">{\"@context\":\"https:\\\/\\\/schema.org\",\"@graph\":[{\"@type\":\"Article\",\"@id\":\"https:\\\/\\\/www.altominho.tv\\\/site\\\/2025\\\/11\\\/25\\\/dance-fuel-conquista-os-tres-primeiros-lugares-na-final-de-arcos-de-valdevez-do-portugal-a-dancar\\\/#article\",\"isPartOf\":{\"@id\":\"https:\\\/\\\/www.altominho.tv\\\/site\\\/2025\\\/11\\\/25\\\/dance-fuel-conquista-os-tres-primeiros-lugares-na-final-de-arcos-de-valdevez-do-portugal-a-dancar\\\/\"},\"author\":{\"name\":\"Altominho.tv\",\"@id\":\"https:\\\/\\\/www.altominho.tv\\\/site\\\/#\\\/schema\\\/person\\\/4e536851627d7914baf3dac752b6af22\"},\"headline\":\"Dance Fuel conquista os tr\u00eas primeiros lugares na final de Arcos de Valdevez do \u201cPortugal a Dan\u00e7ar\u201d\",\"datePublished\":\"2025-11-25T14:27:21+00:00\",\"dateModified\":\"2025-11-25T14:27:23+00:00\",\"mainEntityOfPage\":{\"@id\":\"https:\\\/\\\/www.altominho.tv\\\/site\\\/2025\\\/11\\\/25\\\/dance-fuel-conquista-os-tres-primeiros-lugares-na-final-de-arcos-de-valdevez-do-portugal-a-dancar\\\/\"},\"wordCount\":238,\"image\":{\"@id\":\"https:\\\/\\\/www.altominho.tv\\\/site\\\/2025\\\/11\\\/25\\\/dance-fuel-conquista-os-tres-primeiros-lugares-na-final-de-arcos-de-valdevez-do-portugal-a-dancar\\\/#primaryimage\"},\"thumbnailUrl\":\"https:\\\/\\\/www.altominho.tv\\\/site\\\/wp-content\\\/uploads\\\/2025\\\/11\\\/fuel.jpg\",\"keywords\":[\"Lazer\"],\"articleSection\":[\"Arcos de Valdevez\"],\"inLanguage\":\"pt-PT\",\"copyrightYear\":\"2025\",\"copyrightHolder\":{\"@id\":\"https:\\\/\\\/www.altominho.tv\\\/site\\\/#organization\"}},{\"@type\":\"WebPage\",\"@id\":\"https:\\\/\\\/www.altominho.tv\\\/site\\\/2025\\\/11\\\/25\\\/dance-fuel-conquista-os-tres-primeiros-lugares-na-final-de-arcos-de-valdevez-do-portugal-a-dancar\\\/\",\"url\":\"https:\\\/\\\/www.altominho.tv\\\/site\\\/2025\\\/11\\\/25\\\/dance-fuel-conquista-os-tres-primeiros-lugares-na-final-de-arcos-de-valdevez-do-portugal-a-dancar\\\/\",\"name\":\"Dance Fuel conquista os tr\u00eas primeiros lugares na final de Arcos de Valdevez do \u201cPortugal a Dan\u00e7ar\u201d\",\"isPartOf\":{\"@id\":\"https:\\\/\\\/www.altominho.tv\\\/site\\\/#website\"},\"primaryImageOfPage\":{\"@id\":\"https:\\\/\\\/www.altominho.tv\\\/site\\\/2025\\\/11\\\/25\\\/dance-fuel-conquista-os-tres-primeiros-lugares-na-final-de-arcos-de-valdevez-do-portugal-a-dancar\\\/#primaryimage\"},\"image\":{\"@id\":\"https:\\\/\\\/www.altominho.tv\\\/site\\\/2025\\\/11\\\/25\\\/dance-fuel-conquista-os-tres-primeiros-lugares-na-final-de-arcos-de-valdevez-do-portugal-a-dancar\\\/#primaryimage\"},\"thumbnailUrl\":\"https:\\\/\\\/www.altominho.tv\\\/site\\\/wp-content\\\/uploads\\\/2025\\\/11\\\/fuel.jpg\",\"datePublished\":\"2025-11-25T14:27:21+00:00\",\"dateModified\":\"2025-11-25T14:27:23+00:00\",\"author\":{\"@id\":\"https:\\\/\\\/www.altominho.tv\\\/site\\\/#\\\/schema\\\/person\\\/4e536851627d7914baf3dac752b6af22\"},\"description\":\"A escola arcuense Dance Fuel arrecadou os tr\u00eas primeiros lugares da final de Arcos de Valdevez do concurso \u201cPortugal a Dan\u00e7ar\u201d, que teve lugar este domingo, 23 de novembro, no audit\u00f3rio da Casa das Artes.\",\"breadcrumb\":{\"@id\":\"https:\\\/\\\/www.altominho.tv\\\/site\\\/2025\\\/11\\\/25\\\/dance-fuel-conquista-os-tres-primeiros-lugares-na-final-de-arcos-de-valdevez-do-portugal-a-dancar\\\/#breadcrumb\"},\"inLanguage\":\"pt-PT\",\"potentialAction\":[{\"@type\":\"ReadAction\",\"target\":[\"https:\\\/\\\/www.altominho.tv\\\/site\\\/2025\\\/11\\\/25\\\/dance-fuel-conquista-os-tres-primeiros-lugares-na-final-de-arcos-de-valdevez-do-portugal-a-dancar\\\/\"]}]},{\"@type\":\"ImageObject\",\"inLanguage\":\"pt-PT\",\"@id\":\"https:\\\/\\\/www.altominho.tv\\\/site\\\/2025\\\/11\\\/25\\\/dance-fuel-conquista-os-tres-primeiros-lugares-na-final-de-arcos-de-valdevez-do-portugal-a-dancar\\\/#primaryimage\",\"url\":\"https:\\\/\\\/www.altominho.tv\\\/site\\\/wp-content\\\/uploads\\\/2025\\\/11\\\/fuel.jpg\",\"contentUrl\":\"https:\\\/\\\/www.altominho.tv\\\/site\\\/wp-content\\\/uploads\\\/2025\\\/11\\\/fuel.jpg\",\"width\":1200,\"height\":630},{\"@type\":\"BreadcrumbList\",\"@id\":\"https:\\\/\\\/www.altominho.tv\\\/site\\\/2025\\\/11\\\/25\\\/dance-fuel-conquista-os-tres-primeiros-lugares-na-final-de-arcos-de-valdevez-do-portugal-a-dancar\\\/#breadcrumb\",\"itemListElement\":[{\"@type\":\"ListItem\",\"position\":1,\"name\":\"In\u00edcio\",\"item\":\"https:\\\/\\\/www.altominho.tv\\\/site\\\/\"},{\"@type\":\"ListItem\",\"position\":2,\"name\":\"Dance Fuel conquista os tr\u00eas primeiros lugares na final de Arcos de Valdevez do \u201cPortugal a Dan\u00e7ar\u201d\"}]},{\"@type\":\"WebSite\",\"@id\":\"https:\\\/\\\/www.altominho.tv\\\/site\\\/#website\",\"url\":\"https:\\\/\\\/www.altominho.tv\\\/site\\\/\",\"name\":\"Altominho.tv\",\"description\":\"A sua regi\u00e3o \u00e0 dist\u00e2ncia de um clique...\",\"potentialAction\":[{\"@type\":\"SearchAction\",\"target\":{\"@type\":\"EntryPoint\",\"urlTemplate\":\"https:\\\/\\\/www.altominho.tv\\\/site\\\/?s={search_term_string}\"},\"query-input\":{\"@type\":\"PropertyValueSpecification\",\"valueRequired\":true,\"valueName\":\"search_term_string\"}}],\"inLanguage\":\"pt-PT\"},{\"@type\":\"Person\",\"@id\":\"https:\\\/\\\/www.altominho.tv\\\/site\\\/#\\\/schema\\\/person\\\/4e536851627d7914baf3dac752b6af22\",\"name\":\"Altominho.tv\",\"image\":{\"@type\":\"ImageObject\",\"inLanguage\":\"pt-PT\",\"@id\":\"https:\\\/\\\/www.altominho.tv\\\/site\\\/wp-content\\\/uploads\\\/2019\\\/11\\\/Logo_Avatar_2-150x150.jpg\",\"url\":\"https:\\\/\\\/www.altominho.tv\\\/site\\\/wp-content\\\/uploads\\\/2019\\\/11\\\/Logo_Avatar_2-150x150.jpg\",\"contentUrl\":\"https:\\\/\\\/www.altominho.tv\\\/site\\\/wp-content\\\/uploads\\\/2019\\\/11\\\/Logo_Avatar_2-150x150.jpg\",\"caption\":\"Altominho.tv\"},\"url\":\"https:\\\/\\\/www.altominho.tv\\\/site\\\/author\\\/altominhotv-tecnico\\\/\"}]}<\/script>\n<!-- \/ Yoast SEO Premium plugin. -->","yoast_head_json":{"title":"Dance Fuel conquista os tr\u00eas primeiros lugares na final de Arcos de Valdevez do \u201cPortugal a Dan\u00e7ar\u201d","description":"A escola arcuense Dance Fuel arrecadou os tr\u00eas primeiros lugares da final de Arcos de Valdevez do concurso \u201cPortugal a Dan\u00e7ar\u201d, que teve lugar este domingo, 23 de novembro, no audit\u00f3rio da Casa das Artes.","robots":{"index":"index","follow":"follow","max-snippet":"max-snippet:-1","max-image-preview":"max-image-preview:large","max-video-preview":"max-video-preview:-1"},"canonical":"https:\/\/www.altominho.tv\/site\/2025\/11\/25\/dance-fuel-conquista-os-tres-primeiros-lugares-na-final-de-arcos-de-valdevez-do-portugal-a-dancar\/","og_locale":"pt_PT","og_type":"article","og_title":"Dance Fuel conquista os tr\u00eas primeiros lugares na final de Arcos de Valdevez do \u201cPortugal a Dan\u00e7ar\u201d","og_description":"A escola arcuense Dance Fuel arrecadou os tr\u00eas primeiros lugares da final de Arcos de Valdevez do concurso \u201cPortugal a Dan\u00e7ar\u201d, que teve lugar este domingo, 23 de novembro, no audit\u00f3rio da Casa das Artes.","og_url":"https:\/\/www.altominho.tv\/site\/2025\/11\/25\/dance-fuel-conquista-os-tres-primeiros-lugares-na-final-de-arcos-de-valdevez-do-portugal-a-dancar\/","og_site_name":"Altominho.tv","article_publisher":"https:\/\/www.facebook.com\/altominhotv","article_published_time":"2025-11-25T14:27:21+00:00","article_modified_time":"2025-11-25T14:27:23+00:00","og_image":[{"width":1200,"height":630,"url":"https:\/\/www.altominho.tv\/site\/wp-content\/uploads\/2025\/11\/fuel.jpg","type":"image\/jpeg"}],"author":"Altominho.tv","twitter_card":"summary_large_image","twitter_creator":"@altominhoTV","twitter_site":"@altominhoTV","twitter_misc":{"Escrito por":"Altominho.tv","Tempo estimado de leitura":"2 minutos"},"schema":{"@context":"https:\/\/schema.org","@graph":[{"@type":"Article","@id":"https:\/\/www.altominho.tv\/site\/2025\/11\/25\/dance-fuel-conquista-os-tres-primeiros-lugares-na-final-de-arcos-de-valdevez-do-portugal-a-dancar\/#article","isPartOf":{"@id":"https:\/\/www.altominho.tv\/site\/2025\/11\/25\/dance-fuel-conquista-os-tres-primeiros-lugares-na-final-de-arcos-de-valdevez-do-portugal-a-dancar\/"},"author":{"name":"Altominho.tv","@id":"https:\/\/www.altominho.tv\/site\/#\/schema\/person\/4e536851627d7914baf3dac752b6af22"},"headline":"Dance Fuel conquista os tr\u00eas primeiros lugares na final de Arcos de Valdevez do \u201cPortugal a Dan\u00e7ar\u201d","datePublished":"2025-11-25T14:27:21+00:00","dateModified":"2025-11-25T14:27:23+00:00","mainEntityOfPage":{"@id":"https:\/\/www.altominho.tv\/site\/2025\/11\/25\/dance-fuel-conquista-os-tres-primeiros-lugares-na-final-de-arcos-de-valdevez-do-portugal-a-dancar\/"},"wordCount":238,"image":{"@id":"https:\/\/www.altominho.tv\/site\/2025\/11\/25\/dance-fuel-conquista-os-tres-primeiros-lugares-na-final-de-arcos-de-valdevez-do-portugal-a-dancar\/#primaryimage"},"thumbnailUrl":"https:\/\/www.altominho.tv\/site\/wp-content\/uploads\/2025\/11\/fuel.jpg","keywords":["Lazer"],"articleSection":["Arcos de Valdevez"],"inLanguage":"pt-PT","copyrightYear":"2025","copyrightHolder":{"@id":"https:\/\/www.altominho.tv\/site\/#organization"}},{"@type":"WebPage","@id":"https:\/\/www.altominho.tv\/site\/2025\/11\/25\/dance-fuel-conquista-os-tres-primeiros-lugares-na-final-de-arcos-de-valdevez-do-portugal-a-dancar\/","url":"https:\/\/www.altominho.tv\/site\/2025\/11\/25\/dance-fuel-conquista-os-tres-primeiros-lugares-na-final-de-arcos-de-valdevez-do-portugal-a-dancar\/","name":"Dance Fuel conquista os tr\u00eas primeiros lugares na final de Arcos de Valdevez do \u201cPortugal a Dan\u00e7ar\u201d","isPartOf":{"@id":"https:\/\/www.altominho.tv\/site\/#website"},"primaryImageOfPage":{"@id":"https:\/\/www.altominho.tv\/site\/2025\/11\/25\/dance-fuel-conquista-os-tres-primeiros-lugares-na-final-de-arcos-de-valdevez-do-portugal-a-dancar\/#primaryimage"},"image":{"@id":"https:\/\/www.altominho.tv\/site\/2025\/11\/25\/dance-fuel-conquista-os-tres-primeiros-lugares-na-final-de-arcos-de-valdevez-do-portugal-a-dancar\/#primaryimage"},"thumbnailUrl":"https:\/\/www.altominho.tv\/site\/wp-content\/uploads\/2025\/11\/fuel.jpg","datePublished":"2025-11-25T14:27:21+00:00","dateModified":"2025-11-25T14:27:23+00:00","author":{"@id":"https:\/\/www.altominho.tv\/site\/#\/schema\/person\/4e536851627d7914baf3dac752b6af22"},"description":"A escola arcuense Dance Fuel arrecadou os tr\u00eas primeiros lugares da final de Arcos de Valdevez do concurso \u201cPortugal a Dan\u00e7ar\u201d, que teve lugar este domingo, 23 de novembro, no audit\u00f3rio da Casa das Artes.","breadcrumb":{"@id":"https:\/\/www.altominho.tv\/site\/2025\/11\/25\/dance-fuel-conquista-os-tres-primeiros-lugares-na-final-de-arcos-de-valdevez-do-portugal-a-dancar\/#breadcrumb"},"inLanguage":"pt-PT","potentialAction":[{"@type":"ReadAction","target":["https:\/\/www.altominho.tv\/site\/2025\/11\/25\/dance-fuel-conquista-os-tres-primeiros-lugares-na-final-de-arcos-de-valdevez-do-portugal-a-dancar\/"]}]},{"@type":"ImageObject","inLanguage":"pt-PT","@id":"https:\/\/www.altominho.tv\/site\/2025\/11\/25\/dance-fuel-conquista-os-tres-primeiros-lugares-na-final-de-arcos-de-valdevez-do-portugal-a-dancar\/#primaryimage","url":"https:\/\/www.altominho.tv\/site\/wp-content\/uploads\/2025\/11\/fuel.jpg","contentUrl":"https:\/\/www.altominho.tv\/site\/wp-content\/uploads\/2025\/11\/fuel.jpg","width":1200,"height":630},{"@type":"BreadcrumbList","@id":"https:\/\/www.altominho.tv\/site\/2025\/11\/25\/dance-fuel-conquista-os-tres-primeiros-lugares-na-final-de-arcos-de-valdevez-do-portugal-a-dancar\/#breadcrumb","itemListElement":[{"@type":"ListItem","position":1,"name":"In\u00edcio","item":"https:\/\/www.altominho.tv\/site\/"},{"@type":"ListItem","position":2,"name":"Dance Fuel conquista os tr\u00eas primeiros lugares na final de Arcos de Valdevez do \u201cPortugal a Dan\u00e7ar\u201d"}]},{"@type":"WebSite","@id":"https:\/\/www.altominho.tv\/site\/#website","url":"https:\/\/www.altominho.tv\/site\/","name":"Altominho.tv","description":"A sua regi\u00e3o \u00e0 dist\u00e2ncia de um clique...","potentialAction":[{"@type":"SearchAction","target":{"@type":"EntryPoint","urlTemplate":"https:\/\/www.altominho.tv\/site\/?s={search_term_string}"},"query-input":{"@type":"PropertyValueSpecification","valueRequired":true,"valueName":"search_term_string"}}],"inLanguage":"pt-PT"},{"@type":"Person","@id":"https:\/\/www.altominho.tv\/site\/#\/schema\/person\/4e536851627d7914baf3dac752b6af22","name":"Altominho.tv","image":{"@type":"ImageObject","inLanguage":"pt-PT","@id":"https:\/\/www.altominho.tv\/site\/wp-content\/uploads\/2019\/11\/Logo_Avatar_2-150x150.jpg","url":"https:\/\/www.altominho.tv\/site\/wp-content\/uploads\/2019\/11\/Logo_Avatar_2-150x150.jpg","contentUrl":"https:\/\/www.altominho.tv\/site\/wp-content\/uploads\/2019\/11\/Logo_Avatar_2-150x150.jpg","caption":"Altominho.tv"},"url":"https:\/\/www.altominho.tv\/site\/author\/altominhotv-tecnico\/"}]}},"_links":{"self":[{"href":"https:\/\/www.altominho.tv\/site\/wp-json\/wp\/v2\/posts\/125671","targetHints":{"allow":["GET"]}}],"collection":[{"href":"https:\/\/www.altominho.tv\/site\/wp-json\/wp\/v2\/posts"}],"about":[{"href":"https:\/\/www.altominho.tv\/site\/wp-json\/wp\/v2\/types\/post"}],"author":[{"embeddable":true,"href":"https:\/\/www.altominho.tv\/site\/wp-json\/wp\/v2\/users\/1"}],"replies":[{"embeddable":true,"href":"https:\/\/www.altominho.tv\/site\/wp-json\/wp\/v2\/comments?post=125671"}],"version-history":[{"count":1,"href":"https:\/\/www.altominho.tv\/site\/wp-json\/wp\/v2\/posts\/125671\/revisions"}],"predecessor-version":[{"id":125673,"href":"https:\/\/www.altominho.tv\/site\/wp-json\/wp\/v2\/posts\/125671\/revisions\/125673"}],"wp:featuredmedia":[{"embeddable":true,"href":"https:\/\/www.altominho.tv\/site\/wp-json\/wp\/v2\/media\/125672"}],"wp:attachment":[{"href":"https:\/\/www.altominho.tv\/site\/wp-json\/wp\/v2\/media?parent=125671"}],"wp:term":[{"taxonomy":"category","embeddable":true,"href":"https:\/\/www.altominho.tv\/site\/wp-json\/wp\/v2\/categories?post=125671"},{"taxonomy":"post_tag","embeddable":true,"href":"https:\/\/www.altominho.tv\/site\/wp-json\/wp\/v2\/tags?post=125671"}],"curies":[{"name":"wp","href":"https:\/\/api.w.org\/{rel}","templated":true}]}}