{"id":125665,"date":"2025-11-25T11:00:33","date_gmt":"2025-11-25T11:00:33","guid":{"rendered":"https:\/\/www.altominho.tv\/site\/?p=125665"},"modified":"2025-11-25T11:00:38","modified_gmt":"2025-11-25T11:00:38","slug":"arcos-de-valdevez-reforca-apoio-a-entidades-locais-com-investimento-de-233-mil-euros","status":"publish","type":"post","link":"https:\/\/www.altominho.tv\/site\/2025\/11\/25\/arcos-de-valdevez-reforca-apoio-a-entidades-locais-com-investimento-de-233-mil-euros\/","title":{"rendered":"Arcos de Valdevez refor\u00e7a apoio a entidades locais com investimento de 233 mil euros"},"content":{"rendered":"<article class=\"text-token-text-primary w-full focus:outline-none [--shadow-height:45px] has-data-writing-block:pointer-events-none has-data-writing-block:-mt-(--shadow-height) has-data-writing-block:pt-(--shadow-height) [&amp;:has([data-writing-block])&gt;*]:pointer-events-auto [content-visibility:auto] supports-[content-visibility:auto]:[contain-intrinsic-size:auto_100lvh] scroll-mt-[calc(var(--header-height)+min(200px,max(70px,20svh)))]\" dir=\"auto\" tabindex=\"-1\" data-turn-id=\"b4d1850c-0d84-412e-bf13-cb31451bd74e\" data-testid=\"conversation-turn-194\" data-scroll-anchor=\"true\" data-turn=\"assistant\">\n<div class=\"text-base my-auto mx-auto pb-10 [--thread-content-margin:--spacing(4)] thread-sm:[--thread-content-margin:--spacing(6)] thread-lg:[--thread-content-margin:--spacing(16)] px-(--thread-content-margin)\">\n<div class=\"[--thread-content-max-width:40rem] thread-lg:[--thread-content-max-width:48rem] mx-auto max-w-(--thread-content-max-width) flex-1 group\/turn-messages focus-visible:outline-hidden relative flex w-full min-w-0 flex-col agent-turn\" tabindex=\"-1\">\n<div class=\"flex max-w-full flex-col grow\">\n<div class=\"min-h-8 text-message relative flex w-full flex-col items-end gap-2 text-start break-words whitespace-normal [.text-message+&amp;]:mt-1\" dir=\"auto\" data-message-author-role=\"assistant\" data-message-id=\"409d646d-d4a8-4165-ae08-1f7c6062013d\" data-message-model-slug=\"gpt-5-1\">\n<div class=\"flex w-full flex-col gap-1 empty:hidden first:pt-[1px]\">\n<div class=\"markdown prose dark:prose-invert w-full break-words light markdown-new-styling\">\n<p data-start=\"90\" data-end=\"506\">A C\u00e2mara Municipal de Arcos de Valdevez celebrou um conjunto de protocolos com v\u00e1rias entidades do concelho, num investimento global de cerca de 233 mil euros destinado a fortalecer \u00e1reas sociais, culturais, desportivas, econ\u00f3micas e religiosas.<\/p>\n<p data-start=\"90\" data-end=\"506\">A autarquia destaca que estes apoios visam melhorar condi\u00e7\u00f5es de funcionamento, renovar equipamentos e apoiar atividades consideradas essenciais ao desenvolvimento local.<\/p>\n<p data-start=\"508\" data-end=\"995\">No setor agr\u00edcola, foi firmado um acordo com a Cooperativa Agr\u00edcola de Arcos de Valdevez e Ponte da Barca, com o objetivo de incentivar a produ\u00e7\u00e3o pecu\u00e1ria atrav\u00e9s da comparticipa\u00e7\u00e3o de despesas relacionadas com a sanidade animal, beneficiando centenas de produtores do concelho. J\u00e1 na \u00e1rea social, o protocolo com a Cruz Vermelha de Arcos de Valdevez permitir\u00e1 a aquisi\u00e7\u00e3o de duas viaturas para a equipa de apoio domicili\u00e1rio, refor\u00e7ando a resposta prestada \u00e0 popula\u00e7\u00e3o mais vulner\u00e1vel.<\/p>\n<p data-start=\"997\" data-end=\"1398\">No \u00e2mbito desportivo, a autarquia assinou um protocolo com o Motoclube de Arcos de Valdevez para apoiar obras no Cross\u00f3dromo de Souto\/Taba\u00e7\u00f4, infraestrutura dedicada \u00e0 pr\u00e1tica de motocross e quadcross. O CRAV \u2013 Clube de Rugby de Arcos de Valdevez receber\u00e1 apoio para a realiza\u00e7\u00e3o da 12.\u00aa edi\u00e7\u00e3o do Torneio Internacional Celtinha, uma iniciativa que promove o desporto juvenil e a proje\u00e7\u00e3o do concelho.<\/p>\n<p data-start=\"1400\" data-end=\"1869\" data-is-last-node=\"\" data-is-only-node=\"\">A n\u00edvel patrimonial e religioso, foram atribu\u00eddos apoios \u00e0s F\u00e1bricas das Igrejas Paroquiais de Gondoriz, Senharei e Loureda para obras de requalifica\u00e7\u00e3o, restauro e conserva\u00e7\u00e3o dos templos, bem como para atividades religiosas, incluindo celebra\u00e7\u00f5es f\u00fanebres.<\/p>\n<p data-start=\"1400\" data-end=\"1869\" data-is-last-node=\"\" data-is-only-node=\"\">A C\u00e2mara Municipal sublinha que estes protocolos refor\u00e7am a coopera\u00e7\u00e3o com institui\u00e7\u00f5es locais e reafirmam o compromisso da autarquia com o bem-estar das popula\u00e7\u00f5es e o desenvolvimento harmonioso do territ\u00f3rio.<\/p>\n<\/div>\n<\/div>\n<\/div>\n<\/div>\n<div class=\"z-0 flex min-h-[46px] justify-start\"><\/div>\n<div class=\"mt-3 w-full empty:hidden\">\n<div class=\"text-center\"><\/div>\n<\/div>\n<\/div>\n<\/div>\n<\/article>\n<div class=\"pointer-events-none h-px w-px\" aria-hidden=\"true\" data-edge=\"true\"><\/div>\n","protected":false},"excerpt":{"rendered":"<p>A C\u00e2mara Municipal de Arcos de Valdevez celebrou um conjunto de protocolos com v\u00e1rias entidades do concelho, num investimento global de cerca de 233 mil euros destinado a fortalecer \u00e1reas sociais, culturais, desportivas, econ\u00f3micas e religiosas. A autarquia destaca que estes apoios visam melhorar condi\u00e7\u00f5es de funcionamento, renovar equipamentos e apoiar atividades consideradas essenciais ao [&hellip;]<\/p>\n","protected":false},"author":1,"featured_media":125666,"comment_status":"closed","ping_status":"closed","sticky":false,"template":"","format":"standard","meta":{"_exactmetrics_skip_tracking":false,"_exactmetrics_sitenote_active":false,"_exactmetrics_sitenote_note":"","_exactmetrics_sitenote_category":0,"footnotes":""},"categories":[2],"tags":[27],"class_list":["post-125665","post","type-post","status-publish","format-standard","has-post-thumbnail","hentry","category-arcos-de-valdevez","tag-sociedade"],"yoast_head":"<!-- This site is optimized with the Yoast SEO Premium plugin v27.5 (Yoast SEO v27.5) - https:\/\/yoast.com\/product\/yoast-seo-premium-wordpress\/ -->\n<title>Arcos de Valdevez refor\u00e7a apoio a entidades locais com investimento de 233 mil euros<\/title>\n<meta name=\"description\" content=\"A C\u00e2mara Municipal de Arcos de Valdevez celebrou um conjunto de protocolos com v\u00e1rias entidades do concelho, num investimento global de cerca de 233 mil euros destinado a fortalecer \u00e1reas sociais, culturais, desportivas, econ\u00f3micas e religiosas.\" \/>\n<meta name=\"robots\" content=\"index, follow, max-snippet:-1, max-image-preview:large, max-video-preview:-1\" \/>\n<link rel=\"canonical\" href=\"https:\/\/www.altominho.tv\/site\/2025\/11\/25\/arcos-de-valdevez-reforca-apoio-a-entidades-locais-com-investimento-de-233-mil-euros\/\" \/>\n<meta property=\"og:locale\" content=\"pt_PT\" \/>\n<meta property=\"og:type\" content=\"article\" \/>\n<meta property=\"og:title\" content=\"Arcos de Valdevez refor\u00e7a apoio a entidades locais com investimento de 233 mil euros\" \/>\n<meta property=\"og:description\" content=\"A C\u00e2mara Municipal de Arcos de Valdevez celebrou um conjunto de protocolos com v\u00e1rias entidades do concelho, num investimento global de cerca de 233 mil euros destinado a fortalecer \u00e1reas sociais, culturais, desportivas, econ\u00f3micas e religiosas.\" \/>\n<meta property=\"og:url\" content=\"https:\/\/www.altominho.tv\/site\/2025\/11\/25\/arcos-de-valdevez-reforca-apoio-a-entidades-locais-com-investimento-de-233-mil-euros\/\" \/>\n<meta property=\"og:site_name\" content=\"Altominho.tv\" \/>\n<meta property=\"article:publisher\" content=\"https:\/\/www.facebook.com\/altominhotv\" \/>\n<meta property=\"article:published_time\" content=\"2025-11-25T11:00:33+00:00\" \/>\n<meta property=\"article:modified_time\" content=\"2025-11-25T11:00:38+00:00\" \/>\n<meta property=\"og:image\" content=\"https:\/\/www.altominho.tv\/site\/wp-content\/uploads\/2025\/11\/protocolos-associacoes.jpg\" \/>\n\t<meta property=\"og:image:width\" content=\"1200\" \/>\n\t<meta property=\"og:image:height\" content=\"630\" \/>\n\t<meta property=\"og:image:type\" content=\"image\/jpeg\" \/>\n<meta name=\"author\" content=\"Altominho.tv\" \/>\n<meta name=\"twitter:card\" content=\"summary_large_image\" \/>\n<meta name=\"twitter:creator\" content=\"@altominhoTV\" \/>\n<meta name=\"twitter:site\" content=\"@altominhoTV\" \/>\n<meta name=\"twitter:label1\" content=\"Escrito por\" \/>\n\t<meta name=\"twitter:data1\" content=\"Altominho.tv\" \/>\n\t<meta name=\"twitter:label2\" content=\"Tempo estimado de leitura\" \/>\n\t<meta name=\"twitter:data2\" content=\"2 minutos\" \/>\n<script type=\"application\/ld+json\" class=\"yoast-schema-graph\">{\"@context\":\"https:\\\/\\\/schema.org\",\"@graph\":[{\"@type\":\"Article\",\"@id\":\"https:\\\/\\\/www.altominho.tv\\\/site\\\/2025\\\/11\\\/25\\\/arcos-de-valdevez-reforca-apoio-a-entidades-locais-com-investimento-de-233-mil-euros\\\/#article\",\"isPartOf\":{\"@id\":\"https:\\\/\\\/www.altominho.tv\\\/site\\\/2025\\\/11\\\/25\\\/arcos-de-valdevez-reforca-apoio-a-entidades-locais-com-investimento-de-233-mil-euros\\\/\"},\"author\":{\"name\":\"Altominho.tv\",\"@id\":\"https:\\\/\\\/www.altominho.tv\\\/site\\\/#\\\/schema\\\/person\\\/4e536851627d7914baf3dac752b6af22\"},\"headline\":\"Arcos de Valdevez refor\u00e7a apoio a entidades locais com investimento de 233 mil euros\",\"datePublished\":\"2025-11-25T11:00:33+00:00\",\"dateModified\":\"2025-11-25T11:00:38+00:00\",\"mainEntityOfPage\":{\"@id\":\"https:\\\/\\\/www.altominho.tv\\\/site\\\/2025\\\/11\\\/25\\\/arcos-de-valdevez-reforca-apoio-a-entidades-locais-com-investimento-de-233-mil-euros\\\/\"},\"wordCount\":306,\"image\":{\"@id\":\"https:\\\/\\\/www.altominho.tv\\\/site\\\/2025\\\/11\\\/25\\\/arcos-de-valdevez-reforca-apoio-a-entidades-locais-com-investimento-de-233-mil-euros\\\/#primaryimage\"},\"thumbnailUrl\":\"https:\\\/\\\/www.altominho.tv\\\/site\\\/wp-content\\\/uploads\\\/2025\\\/11\\\/protocolos-associacoes.jpg\",\"keywords\":[\"Sociedade\"],\"articleSection\":[\"Arcos de Valdevez\"],\"inLanguage\":\"pt-PT\",\"copyrightYear\":\"2025\",\"copyrightHolder\":{\"@id\":\"https:\\\/\\\/www.altominho.tv\\\/site\\\/#organization\"}},{\"@type\":\"WebPage\",\"@id\":\"https:\\\/\\\/www.altominho.tv\\\/site\\\/2025\\\/11\\\/25\\\/arcos-de-valdevez-reforca-apoio-a-entidades-locais-com-investimento-de-233-mil-euros\\\/\",\"url\":\"https:\\\/\\\/www.altominho.tv\\\/site\\\/2025\\\/11\\\/25\\\/arcos-de-valdevez-reforca-apoio-a-entidades-locais-com-investimento-de-233-mil-euros\\\/\",\"name\":\"Arcos de Valdevez refor\u00e7a apoio a entidades locais com investimento de 233 mil euros\",\"isPartOf\":{\"@id\":\"https:\\\/\\\/www.altominho.tv\\\/site\\\/#website\"},\"primaryImageOfPage\":{\"@id\":\"https:\\\/\\\/www.altominho.tv\\\/site\\\/2025\\\/11\\\/25\\\/arcos-de-valdevez-reforca-apoio-a-entidades-locais-com-investimento-de-233-mil-euros\\\/#primaryimage\"},\"image\":{\"@id\":\"https:\\\/\\\/www.altominho.tv\\\/site\\\/2025\\\/11\\\/25\\\/arcos-de-valdevez-reforca-apoio-a-entidades-locais-com-investimento-de-233-mil-euros\\\/#primaryimage\"},\"thumbnailUrl\":\"https:\\\/\\\/www.altominho.tv\\\/site\\\/wp-content\\\/uploads\\\/2025\\\/11\\\/protocolos-associacoes.jpg\",\"datePublished\":\"2025-11-25T11:00:33+00:00\",\"dateModified\":\"2025-11-25T11:00:38+00:00\",\"author\":{\"@id\":\"https:\\\/\\\/www.altominho.tv\\\/site\\\/#\\\/schema\\\/person\\\/4e536851627d7914baf3dac752b6af22\"},\"description\":\"A C\u00e2mara Municipal de Arcos de Valdevez celebrou um conjunto de protocolos com v\u00e1rias entidades do concelho, num investimento global de cerca de 233 mil euros destinado a fortalecer \u00e1reas sociais, culturais, desportivas, econ\u00f3micas e religiosas.\",\"breadcrumb\":{\"@id\":\"https:\\\/\\\/www.altominho.tv\\\/site\\\/2025\\\/11\\\/25\\\/arcos-de-valdevez-reforca-apoio-a-entidades-locais-com-investimento-de-233-mil-euros\\\/#breadcrumb\"},\"inLanguage\":\"pt-PT\",\"potentialAction\":[{\"@type\":\"ReadAction\",\"target\":[\"https:\\\/\\\/www.altominho.tv\\\/site\\\/2025\\\/11\\\/25\\\/arcos-de-valdevez-reforca-apoio-a-entidades-locais-com-investimento-de-233-mil-euros\\\/\"]}]},{\"@type\":\"ImageObject\",\"inLanguage\":\"pt-PT\",\"@id\":\"https:\\\/\\\/www.altominho.tv\\\/site\\\/2025\\\/11\\\/25\\\/arcos-de-valdevez-reforca-apoio-a-entidades-locais-com-investimento-de-233-mil-euros\\\/#primaryimage\",\"url\":\"https:\\\/\\\/www.altominho.tv\\\/site\\\/wp-content\\\/uploads\\\/2025\\\/11\\\/protocolos-associacoes.jpg\",\"contentUrl\":\"https:\\\/\\\/www.altominho.tv\\\/site\\\/wp-content\\\/uploads\\\/2025\\\/11\\\/protocolos-associacoes.jpg\",\"width\":1200,\"height\":630},{\"@type\":\"BreadcrumbList\",\"@id\":\"https:\\\/\\\/www.altominho.tv\\\/site\\\/2025\\\/11\\\/25\\\/arcos-de-valdevez-reforca-apoio-a-entidades-locais-com-investimento-de-233-mil-euros\\\/#breadcrumb\",\"itemListElement\":[{\"@type\":\"ListItem\",\"position\":1,\"name\":\"In\u00edcio\",\"item\":\"https:\\\/\\\/www.altominho.tv\\\/site\\\/\"},{\"@type\":\"ListItem\",\"position\":2,\"name\":\"Arcos de Valdevez refor\u00e7a apoio a entidades locais com investimento de 233 mil euros\"}]},{\"@type\":\"WebSite\",\"@id\":\"https:\\\/\\\/www.altominho.tv\\\/site\\\/#website\",\"url\":\"https:\\\/\\\/www.altominho.tv\\\/site\\\/\",\"name\":\"Altominho.tv\",\"description\":\"A sua regi\u00e3o \u00e0 dist\u00e2ncia de um clique...\",\"potentialAction\":[{\"@type\":\"SearchAction\",\"target\":{\"@type\":\"EntryPoint\",\"urlTemplate\":\"https:\\\/\\\/www.altominho.tv\\\/site\\\/?s={search_term_string}\"},\"query-input\":{\"@type\":\"PropertyValueSpecification\",\"valueRequired\":true,\"valueName\":\"search_term_string\"}}],\"inLanguage\":\"pt-PT\"},{\"@type\":\"Person\",\"@id\":\"https:\\\/\\\/www.altominho.tv\\\/site\\\/#\\\/schema\\\/person\\\/4e536851627d7914baf3dac752b6af22\",\"name\":\"Altominho.tv\",\"image\":{\"@type\":\"ImageObject\",\"inLanguage\":\"pt-PT\",\"@id\":\"https:\\\/\\\/www.altominho.tv\\\/site\\\/wp-content\\\/uploads\\\/2019\\\/11\\\/Logo_Avatar_2-150x150.jpg\",\"url\":\"https:\\\/\\\/www.altominho.tv\\\/site\\\/wp-content\\\/uploads\\\/2019\\\/11\\\/Logo_Avatar_2-150x150.jpg\",\"contentUrl\":\"https:\\\/\\\/www.altominho.tv\\\/site\\\/wp-content\\\/uploads\\\/2019\\\/11\\\/Logo_Avatar_2-150x150.jpg\",\"caption\":\"Altominho.tv\"},\"url\":\"https:\\\/\\\/www.altominho.tv\\\/site\\\/author\\\/altominhotv-tecnico\\\/\"}]}<\/script>\n<!-- \/ Yoast SEO Premium plugin. -->","yoast_head_json":{"title":"Arcos de Valdevez refor\u00e7a apoio a entidades locais com investimento de 233 mil euros","description":"A C\u00e2mara Municipal de Arcos de Valdevez celebrou um conjunto de protocolos com v\u00e1rias entidades do concelho, num investimento global de cerca de 233 mil euros destinado a fortalecer \u00e1reas sociais, culturais, desportivas, econ\u00f3micas e religiosas.","robots":{"index":"index","follow":"follow","max-snippet":"max-snippet:-1","max-image-preview":"max-image-preview:large","max-video-preview":"max-video-preview:-1"},"canonical":"https:\/\/www.altominho.tv\/site\/2025\/11\/25\/arcos-de-valdevez-reforca-apoio-a-entidades-locais-com-investimento-de-233-mil-euros\/","og_locale":"pt_PT","og_type":"article","og_title":"Arcos de Valdevez refor\u00e7a apoio a entidades locais com investimento de 233 mil euros","og_description":"A C\u00e2mara Municipal de Arcos de Valdevez celebrou um conjunto de protocolos com v\u00e1rias entidades do concelho, num investimento global de cerca de 233 mil euros destinado a fortalecer \u00e1reas sociais, culturais, desportivas, econ\u00f3micas e religiosas.","og_url":"https:\/\/www.altominho.tv\/site\/2025\/11\/25\/arcos-de-valdevez-reforca-apoio-a-entidades-locais-com-investimento-de-233-mil-euros\/","og_site_name":"Altominho.tv","article_publisher":"https:\/\/www.facebook.com\/altominhotv","article_published_time":"2025-11-25T11:00:33+00:00","article_modified_time":"2025-11-25T11:00:38+00:00","og_image":[{"width":1200,"height":630,"url":"https:\/\/www.altominho.tv\/site\/wp-content\/uploads\/2025\/11\/protocolos-associacoes.jpg","type":"image\/jpeg"}],"author":"Altominho.tv","twitter_card":"summary_large_image","twitter_creator":"@altominhoTV","twitter_site":"@altominhoTV","twitter_misc":{"Escrito por":"Altominho.tv","Tempo estimado de leitura":"2 minutos"},"schema":{"@context":"https:\/\/schema.org","@graph":[{"@type":"Article","@id":"https:\/\/www.altominho.tv\/site\/2025\/11\/25\/arcos-de-valdevez-reforca-apoio-a-entidades-locais-com-investimento-de-233-mil-euros\/#article","isPartOf":{"@id":"https:\/\/www.altominho.tv\/site\/2025\/11\/25\/arcos-de-valdevez-reforca-apoio-a-entidades-locais-com-investimento-de-233-mil-euros\/"},"author":{"name":"Altominho.tv","@id":"https:\/\/www.altominho.tv\/site\/#\/schema\/person\/4e536851627d7914baf3dac752b6af22"},"headline":"Arcos de Valdevez refor\u00e7a apoio a entidades locais com investimento de 233 mil euros","datePublished":"2025-11-25T11:00:33+00:00","dateModified":"2025-11-25T11:00:38+00:00","mainEntityOfPage":{"@id":"https:\/\/www.altominho.tv\/site\/2025\/11\/25\/arcos-de-valdevez-reforca-apoio-a-entidades-locais-com-investimento-de-233-mil-euros\/"},"wordCount":306,"image":{"@id":"https:\/\/www.altominho.tv\/site\/2025\/11\/25\/arcos-de-valdevez-reforca-apoio-a-entidades-locais-com-investimento-de-233-mil-euros\/#primaryimage"},"thumbnailUrl":"https:\/\/www.altominho.tv\/site\/wp-content\/uploads\/2025\/11\/protocolos-associacoes.jpg","keywords":["Sociedade"],"articleSection":["Arcos de Valdevez"],"inLanguage":"pt-PT","copyrightYear":"2025","copyrightHolder":{"@id":"https:\/\/www.altominho.tv\/site\/#organization"}},{"@type":"WebPage","@id":"https:\/\/www.altominho.tv\/site\/2025\/11\/25\/arcos-de-valdevez-reforca-apoio-a-entidades-locais-com-investimento-de-233-mil-euros\/","url":"https:\/\/www.altominho.tv\/site\/2025\/11\/25\/arcos-de-valdevez-reforca-apoio-a-entidades-locais-com-investimento-de-233-mil-euros\/","name":"Arcos de Valdevez refor\u00e7a apoio a entidades locais com investimento de 233 mil euros","isPartOf":{"@id":"https:\/\/www.altominho.tv\/site\/#website"},"primaryImageOfPage":{"@id":"https:\/\/www.altominho.tv\/site\/2025\/11\/25\/arcos-de-valdevez-reforca-apoio-a-entidades-locais-com-investimento-de-233-mil-euros\/#primaryimage"},"image":{"@id":"https:\/\/www.altominho.tv\/site\/2025\/11\/25\/arcos-de-valdevez-reforca-apoio-a-entidades-locais-com-investimento-de-233-mil-euros\/#primaryimage"},"thumbnailUrl":"https:\/\/www.altominho.tv\/site\/wp-content\/uploads\/2025\/11\/protocolos-associacoes.jpg","datePublished":"2025-11-25T11:00:33+00:00","dateModified":"2025-11-25T11:00:38+00:00","author":{"@id":"https:\/\/www.altominho.tv\/site\/#\/schema\/person\/4e536851627d7914baf3dac752b6af22"},"description":"A C\u00e2mara Municipal de Arcos de Valdevez celebrou um conjunto de protocolos com v\u00e1rias entidades do concelho, num investimento global de cerca de 233 mil euros destinado a fortalecer \u00e1reas sociais, culturais, desportivas, econ\u00f3micas e religiosas.","breadcrumb":{"@id":"https:\/\/www.altominho.tv\/site\/2025\/11\/25\/arcos-de-valdevez-reforca-apoio-a-entidades-locais-com-investimento-de-233-mil-euros\/#breadcrumb"},"inLanguage":"pt-PT","potentialAction":[{"@type":"ReadAction","target":["https:\/\/www.altominho.tv\/site\/2025\/11\/25\/arcos-de-valdevez-reforca-apoio-a-entidades-locais-com-investimento-de-233-mil-euros\/"]}]},{"@type":"ImageObject","inLanguage":"pt-PT","@id":"https:\/\/www.altominho.tv\/site\/2025\/11\/25\/arcos-de-valdevez-reforca-apoio-a-entidades-locais-com-investimento-de-233-mil-euros\/#primaryimage","url":"https:\/\/www.altominho.tv\/site\/wp-content\/uploads\/2025\/11\/protocolos-associacoes.jpg","contentUrl":"https:\/\/www.altominho.tv\/site\/wp-content\/uploads\/2025\/11\/protocolos-associacoes.jpg","width":1200,"height":630},{"@type":"BreadcrumbList","@id":"https:\/\/www.altominho.tv\/site\/2025\/11\/25\/arcos-de-valdevez-reforca-apoio-a-entidades-locais-com-investimento-de-233-mil-euros\/#breadcrumb","itemListElement":[{"@type":"ListItem","position":1,"name":"In\u00edcio","item":"https:\/\/www.altominho.tv\/site\/"},{"@type":"ListItem","position":2,"name":"Arcos de Valdevez refor\u00e7a apoio a entidades locais com investimento de 233 mil euros"}]},{"@type":"WebSite","@id":"https:\/\/www.altominho.tv\/site\/#website","url":"https:\/\/www.altominho.tv\/site\/","name":"Altominho.tv","description":"A sua regi\u00e3o \u00e0 dist\u00e2ncia de um clique...","potentialAction":[{"@type":"SearchAction","target":{"@type":"EntryPoint","urlTemplate":"https:\/\/www.altominho.tv\/site\/?s={search_term_string}"},"query-input":{"@type":"PropertyValueSpecification","valueRequired":true,"valueName":"search_term_string"}}],"inLanguage":"pt-PT"},{"@type":"Person","@id":"https:\/\/www.altominho.tv\/site\/#\/schema\/person\/4e536851627d7914baf3dac752b6af22","name":"Altominho.tv","image":{"@type":"ImageObject","inLanguage":"pt-PT","@id":"https:\/\/www.altominho.tv\/site\/wp-content\/uploads\/2019\/11\/Logo_Avatar_2-150x150.jpg","url":"https:\/\/www.altominho.tv\/site\/wp-content\/uploads\/2019\/11\/Logo_Avatar_2-150x150.jpg","contentUrl":"https:\/\/www.altominho.tv\/site\/wp-content\/uploads\/2019\/11\/Logo_Avatar_2-150x150.jpg","caption":"Altominho.tv"},"url":"https:\/\/www.altominho.tv\/site\/author\/altominhotv-tecnico\/"}]}},"_links":{"self":[{"href":"https:\/\/www.altominho.tv\/site\/wp-json\/wp\/v2\/posts\/125665","targetHints":{"allow":["GET"]}}],"collection":[{"href":"https:\/\/www.altominho.tv\/site\/wp-json\/wp\/v2\/posts"}],"about":[{"href":"https:\/\/www.altominho.tv\/site\/wp-json\/wp\/v2\/types\/post"}],"author":[{"embeddable":true,"href":"https:\/\/www.altominho.tv\/site\/wp-json\/wp\/v2\/users\/1"}],"replies":[{"embeddable":true,"href":"https:\/\/www.altominho.tv\/site\/wp-json\/wp\/v2\/comments?post=125665"}],"version-history":[{"count":1,"href":"https:\/\/www.altominho.tv\/site\/wp-json\/wp\/v2\/posts\/125665\/revisions"}],"predecessor-version":[{"id":125667,"href":"https:\/\/www.altominho.tv\/site\/wp-json\/wp\/v2\/posts\/125665\/revisions\/125667"}],"wp:featuredmedia":[{"embeddable":true,"href":"https:\/\/www.altominho.tv\/site\/wp-json\/wp\/v2\/media\/125666"}],"wp:attachment":[{"href":"https:\/\/www.altominho.tv\/site\/wp-json\/wp\/v2\/media?parent=125665"}],"wp:term":[{"taxonomy":"category","embeddable":true,"href":"https:\/\/www.altominho.tv\/site\/wp-json\/wp\/v2\/categories?post=125665"},{"taxonomy":"post_tag","embeddable":true,"href":"https:\/\/www.altominho.tv\/site\/wp-json\/wp\/v2\/tags?post=125665"}],"curies":[{"name":"wp","href":"https:\/\/api.w.org\/{rel}","templated":true}]}}