{"id":125638,"date":"2025-11-24T16:43:56","date_gmt":"2025-11-24T16:43:56","guid":{"rendered":"https:\/\/www.altominho.tv\/site\/?p=125638"},"modified":"2025-11-24T16:43:59","modified_gmt":"2025-11-24T16:43:59","slug":"cerveira-abre-candidaturas-exploracao-de-bares-restauracao-passagem-ano","status":"publish","type":"post","link":"https:\/\/www.altominho.tv\/site\/2025\/11\/24\/cerveira-abre-candidaturas-exploracao-de-bares-restauracao-passagem-ano\/","title":{"rendered":"Cerveira abre candidaturas para explora\u00e7\u00e3o de bares e restaura\u00e7\u00e3o na Passagem de Ano"},"content":{"rendered":"<p class=\"p1\">A C\u00e2mara Municipal Vila Nova de Cerveira volta a apostar em dois ambientes distintos para as celebra\u00e7\u00f5es de fim de ano. O Largo do Terreiro e o Pavilh\u00e3o Multiusos, garantem uma oferta musical diversificada e dirigida a v\u00e1rios p\u00fablicos, sempre com artistas de qualidade em palco.<\/p>\n<p class=\"p1\">No cora\u00e7\u00e3o hist\u00f3rico da vila, o Largo do Terreiro recebe, entre as 22h00 e as 00h30, um grupo musical que dar\u00e1 o mote para a despedida de 2025 ao ritmo de grande anima\u00e7\u00e3o. Pelas 23h30, a festa duplica-se, iniciando-se no Pavilh\u00e3o Multiusos, que se transforma num verdadeiro palco de m\u00fasica eletr\u00f3nica, mantendo a energia em alta at\u00e9 \u00e0s 06h00.<\/p>\n<p class=\"p1\">Como habitual, o Pavilh\u00e3o Multiusos contar\u00e1 com quatro zonas de bar instaladas no piso 0, distribu\u00eddas por um total de 1000m\u00b2, uma \u00e1rea VIP no piso superior e ainda um espa\u00e7o de restaura\u00e7\u00e3o no exterior, convidando ao conv\u00edvio ao longo de toda a madrugada.<\/p>\n<p class=\"p1\">Est\u00e3o j\u00e1 dispon\u00edveis as Normas de Participa\u00e7\u00e3o para os empres\u00e1rios interessados em integrar a \u00e1rea de restaura\u00e7\u00e3o e bebidas no Pavilh\u00e3o Multiusos. As candidaturas decorrem entre 24 de novembro e 5 de dezembro.<\/p>\n","protected":false},"excerpt":{"rendered":"<p>A C\u00e2mara Municipal Vila Nova de Cerveira volta a apostar em dois ambientes distintos para as celebra\u00e7\u00f5es de fim de ano. O Largo do Terreiro e o Pavilh\u00e3o Multiusos, garantem uma oferta musical diversificada e dirigida a v\u00e1rios p\u00fablicos, sempre com artistas de qualidade em palco. No cora\u00e7\u00e3o hist\u00f3rico da vila, o Largo do Terreiro [&hellip;]<\/p>\n","protected":false},"author":30,"featured_media":125642,"comment_status":"closed","ping_status":"closed","sticky":false,"template":"","format":"standard","meta":{"_exactmetrics_skip_tracking":false,"_exactmetrics_sitenote_active":false,"_exactmetrics_sitenote_note":"","_exactmetrics_sitenote_category":0,"footnotes":""},"categories":[15],"tags":[27],"class_list":["post-125638","post","type-post","status-publish","format-standard","has-post-thumbnail","hentry","category-vila-nova-de-cerveira","tag-sociedade"],"yoast_head":"<!-- This site is optimized with the Yoast SEO Premium plugin v27.5 (Yoast SEO v27.5) - https:\/\/yoast.com\/product\/yoast-seo-premium-wordpress\/ -->\n<title>Cerveira abre candidaturas para explora\u00e7\u00e3o de bares e restaura\u00e7\u00e3o na Passagem de Ano<\/title>\n<meta name=\"description\" content=\"A C\u00e2mara Municipal Vila Nova de Cerveira volta a apostar em dois ambientes distintos para as celebra\u00e7\u00f5es de fim de ano.\" \/>\n<meta name=\"robots\" content=\"index, follow, max-snippet:-1, max-image-preview:large, max-video-preview:-1\" \/>\n<link rel=\"canonical\" href=\"https:\/\/www.altominho.tv\/site\/2025\/11\/24\/cerveira-abre-candidaturas-exploracao-de-bares-restauracao-passagem-ano\/\" \/>\n<meta property=\"og:locale\" content=\"pt_PT\" \/>\n<meta property=\"og:type\" content=\"article\" \/>\n<meta property=\"og:title\" content=\"Cerveira abre candidaturas para explora\u00e7\u00e3o de bares e restaura\u00e7\u00e3o na Passagem de Ano\" \/>\n<meta property=\"og:description\" content=\"A C\u00e2mara Municipal Vila Nova de Cerveira volta a apostar em dois ambientes distintos para as celebra\u00e7\u00f5es de fim de ano.\" \/>\n<meta property=\"og:url\" content=\"https:\/\/www.altominho.tv\/site\/2025\/11\/24\/cerveira-abre-candidaturas-exploracao-de-bares-restauracao-passagem-ano\/\" \/>\n<meta property=\"og:site_name\" content=\"Altominho.tv\" \/>\n<meta property=\"article:publisher\" content=\"https:\/\/www.facebook.com\/altominhotv\" \/>\n<meta property=\"article:published_time\" content=\"2025-11-24T16:43:56+00:00\" \/>\n<meta property=\"article:modified_time\" content=\"2025-11-24T16:43:59+00:00\" \/>\n<meta property=\"og:image\" content=\"https:\/\/www.altominho.tv\/site\/wp-content\/uploads\/2025\/11\/passagem-ano-cerveira.jpg\" \/>\n\t<meta property=\"og:image:width\" content=\"1200\" \/>\n\t<meta property=\"og:image:height\" content=\"630\" \/>\n\t<meta property=\"og:image:type\" content=\"image\/jpeg\" \/>\n<meta name=\"author\" content=\"Eduarda Cardoso\" \/>\n<meta name=\"twitter:card\" content=\"summary_large_image\" \/>\n<meta name=\"twitter:creator\" content=\"@altominhoTV\" \/>\n<meta name=\"twitter:site\" content=\"@altominhoTV\" \/>\n<meta name=\"twitter:label1\" content=\"Escrito por\" \/>\n\t<meta name=\"twitter:data1\" content=\"Eduarda Cardoso\" \/>\n\t<meta name=\"twitter:label2\" content=\"Tempo estimado de leitura\" \/>\n\t<meta name=\"twitter:data2\" content=\"2 minutos\" \/>\n<script type=\"application\/ld+json\" class=\"yoast-schema-graph\">{\"@context\":\"https:\\\/\\\/schema.org\",\"@graph\":[{\"@type\":\"Article\",\"@id\":\"https:\\\/\\\/www.altominho.tv\\\/site\\\/2025\\\/11\\\/24\\\/cerveira-abre-candidaturas-exploracao-de-bares-restauracao-passagem-ano\\\/#article\",\"isPartOf\":{\"@id\":\"https:\\\/\\\/www.altominho.tv\\\/site\\\/2025\\\/11\\\/24\\\/cerveira-abre-candidaturas-exploracao-de-bares-restauracao-passagem-ano\\\/\"},\"author\":{\"name\":\"Eduarda Cardoso\",\"@id\":\"https:\\\/\\\/www.altominho.tv\\\/site\\\/#\\\/schema\\\/person\\\/9e351387b727413d005ccf1152c93539\"},\"headline\":\"Cerveira abre candidaturas para explora\u00e7\u00e3o de bares e restaura\u00e7\u00e3o na Passagem de Ano\",\"datePublished\":\"2025-11-24T16:43:56+00:00\",\"dateModified\":\"2025-11-24T16:43:59+00:00\",\"mainEntityOfPage\":{\"@id\":\"https:\\\/\\\/www.altominho.tv\\\/site\\\/2025\\\/11\\\/24\\\/cerveira-abre-candidaturas-exploracao-de-bares-restauracao-passagem-ano\\\/\"},\"wordCount\":215,\"image\":{\"@id\":\"https:\\\/\\\/www.altominho.tv\\\/site\\\/2025\\\/11\\\/24\\\/cerveira-abre-candidaturas-exploracao-de-bares-restauracao-passagem-ano\\\/#primaryimage\"},\"thumbnailUrl\":\"https:\\\/\\\/www.altominho.tv\\\/site\\\/wp-content\\\/uploads\\\/2025\\\/11\\\/passagem-ano-cerveira.jpg\",\"keywords\":[\"Sociedade\"],\"articleSection\":[\"Vila Nova de Cerveira\"],\"inLanguage\":\"pt-PT\",\"copyrightYear\":\"2025\",\"copyrightHolder\":{\"@id\":\"https:\\\/\\\/www.altominho.tv\\\/site\\\/#organization\"}},{\"@type\":\"WebPage\",\"@id\":\"https:\\\/\\\/www.altominho.tv\\\/site\\\/2025\\\/11\\\/24\\\/cerveira-abre-candidaturas-exploracao-de-bares-restauracao-passagem-ano\\\/\",\"url\":\"https:\\\/\\\/www.altominho.tv\\\/site\\\/2025\\\/11\\\/24\\\/cerveira-abre-candidaturas-exploracao-de-bares-restauracao-passagem-ano\\\/\",\"name\":\"Cerveira abre candidaturas para explora\u00e7\u00e3o de bares e restaura\u00e7\u00e3o na Passagem de Ano\",\"isPartOf\":{\"@id\":\"https:\\\/\\\/www.altominho.tv\\\/site\\\/#website\"},\"primaryImageOfPage\":{\"@id\":\"https:\\\/\\\/www.altominho.tv\\\/site\\\/2025\\\/11\\\/24\\\/cerveira-abre-candidaturas-exploracao-de-bares-restauracao-passagem-ano\\\/#primaryimage\"},\"image\":{\"@id\":\"https:\\\/\\\/www.altominho.tv\\\/site\\\/2025\\\/11\\\/24\\\/cerveira-abre-candidaturas-exploracao-de-bares-restauracao-passagem-ano\\\/#primaryimage\"},\"thumbnailUrl\":\"https:\\\/\\\/www.altominho.tv\\\/site\\\/wp-content\\\/uploads\\\/2025\\\/11\\\/passagem-ano-cerveira.jpg\",\"datePublished\":\"2025-11-24T16:43:56+00:00\",\"dateModified\":\"2025-11-24T16:43:59+00:00\",\"author\":{\"@id\":\"https:\\\/\\\/www.altominho.tv\\\/site\\\/#\\\/schema\\\/person\\\/9e351387b727413d005ccf1152c93539\"},\"description\":\"A C\u00e2mara Municipal Vila Nova de Cerveira volta a apostar em dois ambientes distintos para as celebra\u00e7\u00f5es de fim de ano.\",\"breadcrumb\":{\"@id\":\"https:\\\/\\\/www.altominho.tv\\\/site\\\/2025\\\/11\\\/24\\\/cerveira-abre-candidaturas-exploracao-de-bares-restauracao-passagem-ano\\\/#breadcrumb\"},\"inLanguage\":\"pt-PT\",\"potentialAction\":[{\"@type\":\"ReadAction\",\"target\":[\"https:\\\/\\\/www.altominho.tv\\\/site\\\/2025\\\/11\\\/24\\\/cerveira-abre-candidaturas-exploracao-de-bares-restauracao-passagem-ano\\\/\"]}]},{\"@type\":\"ImageObject\",\"inLanguage\":\"pt-PT\",\"@id\":\"https:\\\/\\\/www.altominho.tv\\\/site\\\/2025\\\/11\\\/24\\\/cerveira-abre-candidaturas-exploracao-de-bares-restauracao-passagem-ano\\\/#primaryimage\",\"url\":\"https:\\\/\\\/www.altominho.tv\\\/site\\\/wp-content\\\/uploads\\\/2025\\\/11\\\/passagem-ano-cerveira.jpg\",\"contentUrl\":\"https:\\\/\\\/www.altominho.tv\\\/site\\\/wp-content\\\/uploads\\\/2025\\\/11\\\/passagem-ano-cerveira.jpg\",\"width\":1200,\"height\":630},{\"@type\":\"BreadcrumbList\",\"@id\":\"https:\\\/\\\/www.altominho.tv\\\/site\\\/2025\\\/11\\\/24\\\/cerveira-abre-candidaturas-exploracao-de-bares-restauracao-passagem-ano\\\/#breadcrumb\",\"itemListElement\":[{\"@type\":\"ListItem\",\"position\":1,\"name\":\"In\u00edcio\",\"item\":\"https:\\\/\\\/www.altominho.tv\\\/site\\\/\"},{\"@type\":\"ListItem\",\"position\":2,\"name\":\"Cerveira abre candidaturas para explora\u00e7\u00e3o de bares e restaura\u00e7\u00e3o na Passagem de Ano\"}]},{\"@type\":\"WebSite\",\"@id\":\"https:\\\/\\\/www.altominho.tv\\\/site\\\/#website\",\"url\":\"https:\\\/\\\/www.altominho.tv\\\/site\\\/\",\"name\":\"Altominho.tv\",\"description\":\"A sua regi\u00e3o \u00e0 dist\u00e2ncia de um clique...\",\"potentialAction\":[{\"@type\":\"SearchAction\",\"target\":{\"@type\":\"EntryPoint\",\"urlTemplate\":\"https:\\\/\\\/www.altominho.tv\\\/site\\\/?s={search_term_string}\"},\"query-input\":{\"@type\":\"PropertyValueSpecification\",\"valueRequired\":true,\"valueName\":\"search_term_string\"}}],\"inLanguage\":\"pt-PT\"},{\"@type\":\"Person\",\"@id\":\"https:\\\/\\\/www.altominho.tv\\\/site\\\/#\\\/schema\\\/person\\\/9e351387b727413d005ccf1152c93539\",\"name\":\"Eduarda Cardoso\",\"image\":{\"@type\":\"ImageObject\",\"inLanguage\":\"pt-PT\",\"@id\":\"https:\\\/\\\/www.altominho.tv\\\/site\\\/wp-content\\\/uploads\\\/2021\\\/01\\\/cropped-Logo-ATV_WEB-150x150.png\",\"url\":\"https:\\\/\\\/www.altominho.tv\\\/site\\\/wp-content\\\/uploads\\\/2021\\\/01\\\/cropped-Logo-ATV_WEB-150x150.png\",\"contentUrl\":\"https:\\\/\\\/www.altominho.tv\\\/site\\\/wp-content\\\/uploads\\\/2021\\\/01\\\/cropped-Logo-ATV_WEB-150x150.png\",\"caption\":\"Eduarda Cardoso\"},\"url\":\"https:\\\/\\\/www.altominho.tv\\\/site\\\/author\\\/eduarda-cardoso\\\/\"}]}<\/script>\n<!-- \/ Yoast SEO Premium plugin. -->","yoast_head_json":{"title":"Cerveira abre candidaturas para explora\u00e7\u00e3o de bares e restaura\u00e7\u00e3o na Passagem de Ano","description":"A C\u00e2mara Municipal Vila Nova de Cerveira volta a apostar em dois ambientes distintos para as celebra\u00e7\u00f5es de fim de ano.","robots":{"index":"index","follow":"follow","max-snippet":"max-snippet:-1","max-image-preview":"max-image-preview:large","max-video-preview":"max-video-preview:-1"},"canonical":"https:\/\/www.altominho.tv\/site\/2025\/11\/24\/cerveira-abre-candidaturas-exploracao-de-bares-restauracao-passagem-ano\/","og_locale":"pt_PT","og_type":"article","og_title":"Cerveira abre candidaturas para explora\u00e7\u00e3o de bares e restaura\u00e7\u00e3o na Passagem de Ano","og_description":"A C\u00e2mara Municipal Vila Nova de Cerveira volta a apostar em dois ambientes distintos para as celebra\u00e7\u00f5es de fim de ano.","og_url":"https:\/\/www.altominho.tv\/site\/2025\/11\/24\/cerveira-abre-candidaturas-exploracao-de-bares-restauracao-passagem-ano\/","og_site_name":"Altominho.tv","article_publisher":"https:\/\/www.facebook.com\/altominhotv","article_published_time":"2025-11-24T16:43:56+00:00","article_modified_time":"2025-11-24T16:43:59+00:00","og_image":[{"width":1200,"height":630,"url":"https:\/\/www.altominho.tv\/site\/wp-content\/uploads\/2025\/11\/passagem-ano-cerveira.jpg","type":"image\/jpeg"}],"author":"Eduarda Cardoso","twitter_card":"summary_large_image","twitter_creator":"@altominhoTV","twitter_site":"@altominhoTV","twitter_misc":{"Escrito por":"Eduarda Cardoso","Tempo estimado de leitura":"2 minutos"},"schema":{"@context":"https:\/\/schema.org","@graph":[{"@type":"Article","@id":"https:\/\/www.altominho.tv\/site\/2025\/11\/24\/cerveira-abre-candidaturas-exploracao-de-bares-restauracao-passagem-ano\/#article","isPartOf":{"@id":"https:\/\/www.altominho.tv\/site\/2025\/11\/24\/cerveira-abre-candidaturas-exploracao-de-bares-restauracao-passagem-ano\/"},"author":{"name":"Eduarda Cardoso","@id":"https:\/\/www.altominho.tv\/site\/#\/schema\/person\/9e351387b727413d005ccf1152c93539"},"headline":"Cerveira abre candidaturas para explora\u00e7\u00e3o de bares e restaura\u00e7\u00e3o na Passagem de Ano","datePublished":"2025-11-24T16:43:56+00:00","dateModified":"2025-11-24T16:43:59+00:00","mainEntityOfPage":{"@id":"https:\/\/www.altominho.tv\/site\/2025\/11\/24\/cerveira-abre-candidaturas-exploracao-de-bares-restauracao-passagem-ano\/"},"wordCount":215,"image":{"@id":"https:\/\/www.altominho.tv\/site\/2025\/11\/24\/cerveira-abre-candidaturas-exploracao-de-bares-restauracao-passagem-ano\/#primaryimage"},"thumbnailUrl":"https:\/\/www.altominho.tv\/site\/wp-content\/uploads\/2025\/11\/passagem-ano-cerveira.jpg","keywords":["Sociedade"],"articleSection":["Vila Nova de Cerveira"],"inLanguage":"pt-PT","copyrightYear":"2025","copyrightHolder":{"@id":"https:\/\/www.altominho.tv\/site\/#organization"}},{"@type":"WebPage","@id":"https:\/\/www.altominho.tv\/site\/2025\/11\/24\/cerveira-abre-candidaturas-exploracao-de-bares-restauracao-passagem-ano\/","url":"https:\/\/www.altominho.tv\/site\/2025\/11\/24\/cerveira-abre-candidaturas-exploracao-de-bares-restauracao-passagem-ano\/","name":"Cerveira abre candidaturas para explora\u00e7\u00e3o de bares e restaura\u00e7\u00e3o na Passagem de Ano","isPartOf":{"@id":"https:\/\/www.altominho.tv\/site\/#website"},"primaryImageOfPage":{"@id":"https:\/\/www.altominho.tv\/site\/2025\/11\/24\/cerveira-abre-candidaturas-exploracao-de-bares-restauracao-passagem-ano\/#primaryimage"},"image":{"@id":"https:\/\/www.altominho.tv\/site\/2025\/11\/24\/cerveira-abre-candidaturas-exploracao-de-bares-restauracao-passagem-ano\/#primaryimage"},"thumbnailUrl":"https:\/\/www.altominho.tv\/site\/wp-content\/uploads\/2025\/11\/passagem-ano-cerveira.jpg","datePublished":"2025-11-24T16:43:56+00:00","dateModified":"2025-11-24T16:43:59+00:00","author":{"@id":"https:\/\/www.altominho.tv\/site\/#\/schema\/person\/9e351387b727413d005ccf1152c93539"},"description":"A C\u00e2mara Municipal Vila Nova de Cerveira volta a apostar em dois ambientes distintos para as celebra\u00e7\u00f5es de fim de ano.","breadcrumb":{"@id":"https:\/\/www.altominho.tv\/site\/2025\/11\/24\/cerveira-abre-candidaturas-exploracao-de-bares-restauracao-passagem-ano\/#breadcrumb"},"inLanguage":"pt-PT","potentialAction":[{"@type":"ReadAction","target":["https:\/\/www.altominho.tv\/site\/2025\/11\/24\/cerveira-abre-candidaturas-exploracao-de-bares-restauracao-passagem-ano\/"]}]},{"@type":"ImageObject","inLanguage":"pt-PT","@id":"https:\/\/www.altominho.tv\/site\/2025\/11\/24\/cerveira-abre-candidaturas-exploracao-de-bares-restauracao-passagem-ano\/#primaryimage","url":"https:\/\/www.altominho.tv\/site\/wp-content\/uploads\/2025\/11\/passagem-ano-cerveira.jpg","contentUrl":"https:\/\/www.altominho.tv\/site\/wp-content\/uploads\/2025\/11\/passagem-ano-cerveira.jpg","width":1200,"height":630},{"@type":"BreadcrumbList","@id":"https:\/\/www.altominho.tv\/site\/2025\/11\/24\/cerveira-abre-candidaturas-exploracao-de-bares-restauracao-passagem-ano\/#breadcrumb","itemListElement":[{"@type":"ListItem","position":1,"name":"In\u00edcio","item":"https:\/\/www.altominho.tv\/site\/"},{"@type":"ListItem","position":2,"name":"Cerveira abre candidaturas para explora\u00e7\u00e3o de bares e restaura\u00e7\u00e3o na Passagem de Ano"}]},{"@type":"WebSite","@id":"https:\/\/www.altominho.tv\/site\/#website","url":"https:\/\/www.altominho.tv\/site\/","name":"Altominho.tv","description":"A sua regi\u00e3o \u00e0 dist\u00e2ncia de um clique...","potentialAction":[{"@type":"SearchAction","target":{"@type":"EntryPoint","urlTemplate":"https:\/\/www.altominho.tv\/site\/?s={search_term_string}"},"query-input":{"@type":"PropertyValueSpecification","valueRequired":true,"valueName":"search_term_string"}}],"inLanguage":"pt-PT"},{"@type":"Person","@id":"https:\/\/www.altominho.tv\/site\/#\/schema\/person\/9e351387b727413d005ccf1152c93539","name":"Eduarda Cardoso","image":{"@type":"ImageObject","inLanguage":"pt-PT","@id":"https:\/\/www.altominho.tv\/site\/wp-content\/uploads\/2021\/01\/cropped-Logo-ATV_WEB-150x150.png","url":"https:\/\/www.altominho.tv\/site\/wp-content\/uploads\/2021\/01\/cropped-Logo-ATV_WEB-150x150.png","contentUrl":"https:\/\/www.altominho.tv\/site\/wp-content\/uploads\/2021\/01\/cropped-Logo-ATV_WEB-150x150.png","caption":"Eduarda Cardoso"},"url":"https:\/\/www.altominho.tv\/site\/author\/eduarda-cardoso\/"}]}},"_links":{"self":[{"href":"https:\/\/www.altominho.tv\/site\/wp-json\/wp\/v2\/posts\/125638","targetHints":{"allow":["GET"]}}],"collection":[{"href":"https:\/\/www.altominho.tv\/site\/wp-json\/wp\/v2\/posts"}],"about":[{"href":"https:\/\/www.altominho.tv\/site\/wp-json\/wp\/v2\/types\/post"}],"author":[{"embeddable":true,"href":"https:\/\/www.altominho.tv\/site\/wp-json\/wp\/v2\/users\/30"}],"replies":[{"embeddable":true,"href":"https:\/\/www.altominho.tv\/site\/wp-json\/wp\/v2\/comments?post=125638"}],"version-history":[{"count":1,"href":"https:\/\/www.altominho.tv\/site\/wp-json\/wp\/v2\/posts\/125638\/revisions"}],"predecessor-version":[{"id":125643,"href":"https:\/\/www.altominho.tv\/site\/wp-json\/wp\/v2\/posts\/125638\/revisions\/125643"}],"wp:featuredmedia":[{"embeddable":true,"href":"https:\/\/www.altominho.tv\/site\/wp-json\/wp\/v2\/media\/125642"}],"wp:attachment":[{"href":"https:\/\/www.altominho.tv\/site\/wp-json\/wp\/v2\/media?parent=125638"}],"wp:term":[{"taxonomy":"category","embeddable":true,"href":"https:\/\/www.altominho.tv\/site\/wp-json\/wp\/v2\/categories?post=125638"},{"taxonomy":"post_tag","embeddable":true,"href":"https:\/\/www.altominho.tv\/site\/wp-json\/wp\/v2\/tags?post=125638"}],"curies":[{"name":"wp","href":"https:\/\/api.w.org\/{rel}","templated":true}]}}