{"id":125550,"date":"2025-11-21T09:59:02","date_gmt":"2025-11-21T09:59:02","guid":{"rendered":"https:\/\/www.altominho.tv\/site\/?p=125550"},"modified":"2025-11-21T09:59:04","modified_gmt":"2025-11-21T09:59:04","slug":"ponte-da-barca-recebe-encontro-transfronteirico-dedicado-ao-potencial-turistico-do-rio-lima","status":"publish","type":"post","link":"https:\/\/www.altominho.tv\/site\/2025\/11\/21\/ponte-da-barca-recebe-encontro-transfronteirico-dedicado-ao-potencial-turistico-do-rio-lima\/","title":{"rendered":"Ponte da Barca recebe encontro transfronteiri\u00e7o dedicado ao potencial tur\u00edstico do rio Lima"},"content":{"rendered":"<p>A Biblioteca Municipal de Ponte da Barca vai acolher, no pr\u00f3ximo dia 26 de novembro, uma nova sess\u00e3o dos Encontros Transfronteiri\u00e7os e Workshops Formativos do projeto Red CIFT \u2013 Rede de Cruzeiros Ib\u00e9ricos Fluviais Transfronteiri\u00e7os, promovida pela CIM Alto Minho em parceria com a Agan+ \u2013 Associa\u00e7\u00e3o Galega de Atividades N\u00e1uticas. A iniciativa ser\u00e1 dedicada ao estudo do potencial tur\u00edstico e cultural do rio Lima.<\/p>\n<p>O Red CIFT \u00e9 um projeto plurirregional que visa desenvolver uma rede de destinos n\u00e1utico-culturais sustent\u00e1veis nos cinco grandes rios transfronteiri\u00e7os da Pen\u00ednsula Ib\u00e9rica \u2014 Minho, Lima, Douro, Tejo e Guadiana. Atrav\u00e9s da cria\u00e7\u00e3o de itiner\u00e1rios fluviais que combinam patrim\u00f3nio, natureza e identidade local, o programa procura fomentar um turismo respons\u00e1vel. A opera\u00e7\u00e3o \u00e9 cofinanciada pelo FEDER, no \u00e2mbito do INTERREG VI-A Espanha\u2013Portugal (POCTEP) 2021\u20132027.<\/p>\n<p>A sess\u00e3o de Ponte da Barca integra um ciclo de eventos que est\u00e1 a percorrer v\u00e1rias localidades ribeirinhas de Portugal e Espanha. O encontro pretende divulgar o projeto, apresentar estudos estrat\u00e9gicos dos destinos n\u00e1uticos, capacitar agentes locais para a cria\u00e7\u00e3o de itiner\u00e1rios n\u00e1utico-culturais e promover o di\u00e1logo entre entidades p\u00fablicas e operadores do setor, refor\u00e7ando compet\u00eancias na promo\u00e7\u00e3o de rotas sustent\u00e1veis e transfronteiri\u00e7as. A participa\u00e7\u00e3o \u00e9 gratuita, mediante inscri\u00e7\u00e3o online.<\/p>\n<p>A presen\u00e7a da CIM Alto Minho no Red CIFT enquadra-se numa estrat\u00e9gia mais ampla de valoriza\u00e7\u00e3o do turismo n\u00e1utico no territ\u00f3rio, que inclui a dinamiza\u00e7\u00e3o da Esta\u00e7\u00e3o N\u00e1utica do Alto Minho \u2014 rede certificada que re\u00fane munic\u00edpios, empresas e clubes n\u00e1uticos \u2014 e o trabalho desenvolvido no \u00e2mbito do GAL Costeiro Litoral Norte, ligado \u00e0 economia azul e ao aproveitamento sustent\u00e1vel dos recursos fluviais e mar\u00edtimos. Estas iniciativas refor\u00e7am o compromisso regional com a cria\u00e7\u00e3o de produtos tur\u00edsticos qualificados e com o desenvolvimento econ\u00f3mico associado aos rios do Alto Minho.<\/p>\n","protected":false},"excerpt":{"rendered":"<p>A Biblioteca Municipal de Ponte da Barca vai acolher, no pr\u00f3ximo dia 26 de novembro, uma nova sess\u00e3o dos Encontros Transfronteiri\u00e7os e Workshops Formativos do projeto Red CIFT \u2013 Rede de Cruzeiros Ib\u00e9ricos Fluviais Transfronteiri\u00e7os, promovida pela CIM Alto Minho em parceria com a Agan+ \u2013 Associa\u00e7\u00e3o Galega de Atividades N\u00e1uticas. A iniciativa ser\u00e1 dedicada [&hellip;]<\/p>\n","protected":false},"author":1,"featured_media":125551,"comment_status":"closed","ping_status":"closed","sticky":false,"template":"","format":"standard","meta":{"_exactmetrics_skip_tracking":false,"_exactmetrics_sitenote_active":false,"_exactmetrics_sitenote_note":"","_exactmetrics_sitenote_category":0,"footnotes":""},"categories":[11],"tags":[56336],"class_list":["post-125550","post","type-post","status-publish","format-standard","has-post-thumbnail","hentry","category-ponte-da-barca","tag-ambiente"],"yoast_head":"<!-- This site is optimized with the Yoast SEO Premium plugin v27.4 (Yoast SEO v27.4) - https:\/\/yoast.com\/product\/yoast-seo-premium-wordpress\/ -->\n<title>Ponte da Barca recebe encontro transfronteiri\u00e7o dedicado ao potencial tur\u00edstico do rio Lima<\/title>\n<meta name=\"description\" content=\"A Biblioteca Municipal de Ponte da Barca vai acolher, no pr\u00f3ximo dia 26 de novembro, uma nova sess\u00e3o dos Encontros Transfronteiri\u00e7os e Workshops Formativos do projeto Red CIFT \u2013 Rede de Cruzeiros Ib\u00e9ricos Fluviais Transfronteiri\u00e7os, promovida pela CIM Alto Minho em parceria com a Agan+ \u2013 Associa\u00e7\u00e3o Galega de Atividades N\u00e1uticas. A iniciativa ser\u00e1 dedicada ao estudo do potencial tur\u00edstico e cultural do rio Lima.\" \/>\n<meta name=\"robots\" content=\"index, follow, max-snippet:-1, max-image-preview:large, max-video-preview:-1\" \/>\n<link rel=\"canonical\" href=\"https:\/\/www.altominho.tv\/site\/2025\/11\/21\/ponte-da-barca-recebe-encontro-transfronteirico-dedicado-ao-potencial-turistico-do-rio-lima\/\" \/>\n<meta property=\"og:locale\" content=\"pt_PT\" \/>\n<meta property=\"og:type\" content=\"article\" \/>\n<meta property=\"og:title\" content=\"Ponte da Barca recebe encontro transfronteiri\u00e7o dedicado ao potencial tur\u00edstico do rio Lima\" \/>\n<meta property=\"og:description\" content=\"A Biblioteca Municipal de Ponte da Barca vai acolher, no pr\u00f3ximo dia 26 de novembro, uma nova sess\u00e3o dos Encontros Transfronteiri\u00e7os e Workshops Formativos do projeto Red CIFT \u2013 Rede de Cruzeiros Ib\u00e9ricos Fluviais Transfronteiri\u00e7os, promovida pela CIM Alto Minho em parceria com a Agan+ \u2013 Associa\u00e7\u00e3o Galega de Atividades N\u00e1uticas. A iniciativa ser\u00e1 dedicada ao estudo do potencial tur\u00edstico e cultural do rio Lima.\" \/>\n<meta property=\"og:url\" content=\"https:\/\/www.altominho.tv\/site\/2025\/11\/21\/ponte-da-barca-recebe-encontro-transfronteirico-dedicado-ao-potencial-turistico-do-rio-lima\/\" \/>\n<meta property=\"og:site_name\" content=\"Altominho.tv\" \/>\n<meta property=\"article:publisher\" content=\"https:\/\/www.facebook.com\/altominhotv\" \/>\n<meta property=\"article:published_time\" content=\"2025-11-21T09:59:02+00:00\" \/>\n<meta property=\"article:modified_time\" content=\"2025-11-21T09:59:04+00:00\" \/>\n<meta property=\"og:image\" content=\"https:\/\/www.altominho.tv\/site\/wp-content\/uploads\/2025\/11\/rio-lima.jpg\" \/>\n\t<meta property=\"og:image:width\" content=\"1200\" \/>\n\t<meta property=\"og:image:height\" content=\"630\" \/>\n\t<meta property=\"og:image:type\" content=\"image\/jpeg\" \/>\n<meta name=\"author\" content=\"Altominho.tv\" \/>\n<meta name=\"twitter:card\" content=\"summary_large_image\" \/>\n<meta name=\"twitter:creator\" content=\"@altominhoTV\" \/>\n<meta name=\"twitter:site\" content=\"@altominhoTV\" \/>\n<meta name=\"twitter:label1\" content=\"Escrito por\" \/>\n\t<meta name=\"twitter:data1\" content=\"Altominho.tv\" \/>\n\t<meta name=\"twitter:label2\" content=\"Tempo estimado de leitura\" \/>\n\t<meta name=\"twitter:data2\" content=\"2 minutos\" \/>\n<script type=\"application\/ld+json\" class=\"yoast-schema-graph\">{\"@context\":\"https:\\\/\\\/schema.org\",\"@graph\":[{\"@type\":\"Article\",\"@id\":\"https:\\\/\\\/www.altominho.tv\\\/site\\\/2025\\\/11\\\/21\\\/ponte-da-barca-recebe-encontro-transfronteirico-dedicado-ao-potencial-turistico-do-rio-lima\\\/#article\",\"isPartOf\":{\"@id\":\"https:\\\/\\\/www.altominho.tv\\\/site\\\/2025\\\/11\\\/21\\\/ponte-da-barca-recebe-encontro-transfronteirico-dedicado-ao-potencial-turistico-do-rio-lima\\\/\"},\"author\":{\"name\":\"Altominho.tv\",\"@id\":\"https:\\\/\\\/www.altominho.tv\\\/site\\\/#\\\/schema\\\/person\\\/4e536851627d7914baf3dac752b6af22\"},\"headline\":\"Ponte da Barca recebe encontro transfronteiri\u00e7o dedicado ao potencial tur\u00edstico do rio Lima\",\"datePublished\":\"2025-11-21T09:59:02+00:00\",\"dateModified\":\"2025-11-21T09:59:04+00:00\",\"mainEntityOfPage\":{\"@id\":\"https:\\\/\\\/www.altominho.tv\\\/site\\\/2025\\\/11\\\/21\\\/ponte-da-barca-recebe-encontro-transfronteirico-dedicado-ao-potencial-turistico-do-rio-lima\\\/\"},\"wordCount\":347,\"image\":{\"@id\":\"https:\\\/\\\/www.altominho.tv\\\/site\\\/2025\\\/11\\\/21\\\/ponte-da-barca-recebe-encontro-transfronteirico-dedicado-ao-potencial-turistico-do-rio-lima\\\/#primaryimage\"},\"thumbnailUrl\":\"https:\\\/\\\/www.altominho.tv\\\/site\\\/wp-content\\\/uploads\\\/2025\\\/11\\\/rio-lima.jpg\",\"keywords\":[\"Ambiente\"],\"articleSection\":[\"Ponte da Barca\"],\"inLanguage\":\"pt-PT\",\"copyrightYear\":\"2025\",\"copyrightHolder\":{\"@id\":\"https:\\\/\\\/www.altominho.tv\\\/site\\\/#organization\"}},{\"@type\":\"WebPage\",\"@id\":\"https:\\\/\\\/www.altominho.tv\\\/site\\\/2025\\\/11\\\/21\\\/ponte-da-barca-recebe-encontro-transfronteirico-dedicado-ao-potencial-turistico-do-rio-lima\\\/\",\"url\":\"https:\\\/\\\/www.altominho.tv\\\/site\\\/2025\\\/11\\\/21\\\/ponte-da-barca-recebe-encontro-transfronteirico-dedicado-ao-potencial-turistico-do-rio-lima\\\/\",\"name\":\"Ponte da Barca recebe encontro transfronteiri\u00e7o dedicado ao potencial tur\u00edstico do rio Lima\",\"isPartOf\":{\"@id\":\"https:\\\/\\\/www.altominho.tv\\\/site\\\/#website\"},\"primaryImageOfPage\":{\"@id\":\"https:\\\/\\\/www.altominho.tv\\\/site\\\/2025\\\/11\\\/21\\\/ponte-da-barca-recebe-encontro-transfronteirico-dedicado-ao-potencial-turistico-do-rio-lima\\\/#primaryimage\"},\"image\":{\"@id\":\"https:\\\/\\\/www.altominho.tv\\\/site\\\/2025\\\/11\\\/21\\\/ponte-da-barca-recebe-encontro-transfronteirico-dedicado-ao-potencial-turistico-do-rio-lima\\\/#primaryimage\"},\"thumbnailUrl\":\"https:\\\/\\\/www.altominho.tv\\\/site\\\/wp-content\\\/uploads\\\/2025\\\/11\\\/rio-lima.jpg\",\"datePublished\":\"2025-11-21T09:59:02+00:00\",\"dateModified\":\"2025-11-21T09:59:04+00:00\",\"author\":{\"@id\":\"https:\\\/\\\/www.altominho.tv\\\/site\\\/#\\\/schema\\\/person\\\/4e536851627d7914baf3dac752b6af22\"},\"description\":\"A Biblioteca Municipal de Ponte da Barca vai acolher, no pr\u00f3ximo dia 26 de novembro, uma nova sess\u00e3o dos Encontros Transfronteiri\u00e7os e Workshops Formativos do projeto Red CIFT \u2013 Rede de Cruzeiros Ib\u00e9ricos Fluviais Transfronteiri\u00e7os, promovida pela CIM Alto Minho em parceria com a Agan+ \u2013 Associa\u00e7\u00e3o Galega de Atividades N\u00e1uticas. A iniciativa ser\u00e1 dedicada ao estudo do potencial tur\u00edstico e cultural do rio Lima.\",\"breadcrumb\":{\"@id\":\"https:\\\/\\\/www.altominho.tv\\\/site\\\/2025\\\/11\\\/21\\\/ponte-da-barca-recebe-encontro-transfronteirico-dedicado-ao-potencial-turistico-do-rio-lima\\\/#breadcrumb\"},\"inLanguage\":\"pt-PT\",\"potentialAction\":[{\"@type\":\"ReadAction\",\"target\":[\"https:\\\/\\\/www.altominho.tv\\\/site\\\/2025\\\/11\\\/21\\\/ponte-da-barca-recebe-encontro-transfronteirico-dedicado-ao-potencial-turistico-do-rio-lima\\\/\"]}]},{\"@type\":\"ImageObject\",\"inLanguage\":\"pt-PT\",\"@id\":\"https:\\\/\\\/www.altominho.tv\\\/site\\\/2025\\\/11\\\/21\\\/ponte-da-barca-recebe-encontro-transfronteirico-dedicado-ao-potencial-turistico-do-rio-lima\\\/#primaryimage\",\"url\":\"https:\\\/\\\/www.altominho.tv\\\/site\\\/wp-content\\\/uploads\\\/2025\\\/11\\\/rio-lima.jpg\",\"contentUrl\":\"https:\\\/\\\/www.altominho.tv\\\/site\\\/wp-content\\\/uploads\\\/2025\\\/11\\\/rio-lima.jpg\",\"width\":1200,\"height\":630},{\"@type\":\"BreadcrumbList\",\"@id\":\"https:\\\/\\\/www.altominho.tv\\\/site\\\/2025\\\/11\\\/21\\\/ponte-da-barca-recebe-encontro-transfronteirico-dedicado-ao-potencial-turistico-do-rio-lima\\\/#breadcrumb\",\"itemListElement\":[{\"@type\":\"ListItem\",\"position\":1,\"name\":\"In\u00edcio\",\"item\":\"https:\\\/\\\/www.altominho.tv\\\/site\\\/\"},{\"@type\":\"ListItem\",\"position\":2,\"name\":\"Ponte da Barca recebe encontro transfronteiri\u00e7o dedicado ao potencial tur\u00edstico do rio Lima\"}]},{\"@type\":\"WebSite\",\"@id\":\"https:\\\/\\\/www.altominho.tv\\\/site\\\/#website\",\"url\":\"https:\\\/\\\/www.altominho.tv\\\/site\\\/\",\"name\":\"Altominho.tv\",\"description\":\"A sua regi\u00e3o \u00e0 dist\u00e2ncia de um clique...\",\"potentialAction\":[{\"@type\":\"SearchAction\",\"target\":{\"@type\":\"EntryPoint\",\"urlTemplate\":\"https:\\\/\\\/www.altominho.tv\\\/site\\\/?s={search_term_string}\"},\"query-input\":{\"@type\":\"PropertyValueSpecification\",\"valueRequired\":true,\"valueName\":\"search_term_string\"}}],\"inLanguage\":\"pt-PT\"},{\"@type\":\"Person\",\"@id\":\"https:\\\/\\\/www.altominho.tv\\\/site\\\/#\\\/schema\\\/person\\\/4e536851627d7914baf3dac752b6af22\",\"name\":\"Altominho.tv\",\"image\":{\"@type\":\"ImageObject\",\"inLanguage\":\"pt-PT\",\"@id\":\"https:\\\/\\\/www.altominho.tv\\\/site\\\/wp-content\\\/uploads\\\/2019\\\/11\\\/Logo_Avatar_2-150x150.jpg\",\"url\":\"https:\\\/\\\/www.altominho.tv\\\/site\\\/wp-content\\\/uploads\\\/2019\\\/11\\\/Logo_Avatar_2-150x150.jpg\",\"contentUrl\":\"https:\\\/\\\/www.altominho.tv\\\/site\\\/wp-content\\\/uploads\\\/2019\\\/11\\\/Logo_Avatar_2-150x150.jpg\",\"caption\":\"Altominho.tv\"},\"url\":\"https:\\\/\\\/www.altominho.tv\\\/site\\\/author\\\/altominhotv-tecnico\\\/\"}]}<\/script>\n<!-- \/ Yoast SEO Premium plugin. -->","yoast_head_json":{"title":"Ponte da Barca recebe encontro transfronteiri\u00e7o dedicado ao potencial tur\u00edstico do rio Lima","description":"A Biblioteca Municipal de Ponte da Barca vai acolher, no pr\u00f3ximo dia 26 de novembro, uma nova sess\u00e3o dos Encontros Transfronteiri\u00e7os e Workshops Formativos do projeto Red CIFT \u2013 Rede de Cruzeiros Ib\u00e9ricos Fluviais Transfronteiri\u00e7os, promovida pela CIM Alto Minho em parceria com a Agan+ \u2013 Associa\u00e7\u00e3o Galega de Atividades N\u00e1uticas. A iniciativa ser\u00e1 dedicada ao estudo do potencial tur\u00edstico e cultural do rio Lima.","robots":{"index":"index","follow":"follow","max-snippet":"max-snippet:-1","max-image-preview":"max-image-preview:large","max-video-preview":"max-video-preview:-1"},"canonical":"https:\/\/www.altominho.tv\/site\/2025\/11\/21\/ponte-da-barca-recebe-encontro-transfronteirico-dedicado-ao-potencial-turistico-do-rio-lima\/","og_locale":"pt_PT","og_type":"article","og_title":"Ponte da Barca recebe encontro transfronteiri\u00e7o dedicado ao potencial tur\u00edstico do rio Lima","og_description":"A Biblioteca Municipal de Ponte da Barca vai acolher, no pr\u00f3ximo dia 26 de novembro, uma nova sess\u00e3o dos Encontros Transfronteiri\u00e7os e Workshops Formativos do projeto Red CIFT \u2013 Rede de Cruzeiros Ib\u00e9ricos Fluviais Transfronteiri\u00e7os, promovida pela CIM Alto Minho em parceria com a Agan+ \u2013 Associa\u00e7\u00e3o Galega de Atividades N\u00e1uticas. A iniciativa ser\u00e1 dedicada ao estudo do potencial tur\u00edstico e cultural do rio Lima.","og_url":"https:\/\/www.altominho.tv\/site\/2025\/11\/21\/ponte-da-barca-recebe-encontro-transfronteirico-dedicado-ao-potencial-turistico-do-rio-lima\/","og_site_name":"Altominho.tv","article_publisher":"https:\/\/www.facebook.com\/altominhotv","article_published_time":"2025-11-21T09:59:02+00:00","article_modified_time":"2025-11-21T09:59:04+00:00","og_image":[{"width":1200,"height":630,"url":"https:\/\/www.altominho.tv\/site\/wp-content\/uploads\/2025\/11\/rio-lima.jpg","type":"image\/jpeg"}],"author":"Altominho.tv","twitter_card":"summary_large_image","twitter_creator":"@altominhoTV","twitter_site":"@altominhoTV","twitter_misc":{"Escrito por":"Altominho.tv","Tempo estimado de leitura":"2 minutos"},"schema":{"@context":"https:\/\/schema.org","@graph":[{"@type":"Article","@id":"https:\/\/www.altominho.tv\/site\/2025\/11\/21\/ponte-da-barca-recebe-encontro-transfronteirico-dedicado-ao-potencial-turistico-do-rio-lima\/#article","isPartOf":{"@id":"https:\/\/www.altominho.tv\/site\/2025\/11\/21\/ponte-da-barca-recebe-encontro-transfronteirico-dedicado-ao-potencial-turistico-do-rio-lima\/"},"author":{"name":"Altominho.tv","@id":"https:\/\/www.altominho.tv\/site\/#\/schema\/person\/4e536851627d7914baf3dac752b6af22"},"headline":"Ponte da Barca recebe encontro transfronteiri\u00e7o dedicado ao potencial tur\u00edstico do rio Lima","datePublished":"2025-11-21T09:59:02+00:00","dateModified":"2025-11-21T09:59:04+00:00","mainEntityOfPage":{"@id":"https:\/\/www.altominho.tv\/site\/2025\/11\/21\/ponte-da-barca-recebe-encontro-transfronteirico-dedicado-ao-potencial-turistico-do-rio-lima\/"},"wordCount":347,"image":{"@id":"https:\/\/www.altominho.tv\/site\/2025\/11\/21\/ponte-da-barca-recebe-encontro-transfronteirico-dedicado-ao-potencial-turistico-do-rio-lima\/#primaryimage"},"thumbnailUrl":"https:\/\/www.altominho.tv\/site\/wp-content\/uploads\/2025\/11\/rio-lima.jpg","keywords":["Ambiente"],"articleSection":["Ponte da Barca"],"inLanguage":"pt-PT","copyrightYear":"2025","copyrightHolder":{"@id":"https:\/\/www.altominho.tv\/site\/#organization"}},{"@type":"WebPage","@id":"https:\/\/www.altominho.tv\/site\/2025\/11\/21\/ponte-da-barca-recebe-encontro-transfronteirico-dedicado-ao-potencial-turistico-do-rio-lima\/","url":"https:\/\/www.altominho.tv\/site\/2025\/11\/21\/ponte-da-barca-recebe-encontro-transfronteirico-dedicado-ao-potencial-turistico-do-rio-lima\/","name":"Ponte da Barca recebe encontro transfronteiri\u00e7o dedicado ao potencial tur\u00edstico do rio Lima","isPartOf":{"@id":"https:\/\/www.altominho.tv\/site\/#website"},"primaryImageOfPage":{"@id":"https:\/\/www.altominho.tv\/site\/2025\/11\/21\/ponte-da-barca-recebe-encontro-transfronteirico-dedicado-ao-potencial-turistico-do-rio-lima\/#primaryimage"},"image":{"@id":"https:\/\/www.altominho.tv\/site\/2025\/11\/21\/ponte-da-barca-recebe-encontro-transfronteirico-dedicado-ao-potencial-turistico-do-rio-lima\/#primaryimage"},"thumbnailUrl":"https:\/\/www.altominho.tv\/site\/wp-content\/uploads\/2025\/11\/rio-lima.jpg","datePublished":"2025-11-21T09:59:02+00:00","dateModified":"2025-11-21T09:59:04+00:00","author":{"@id":"https:\/\/www.altominho.tv\/site\/#\/schema\/person\/4e536851627d7914baf3dac752b6af22"},"description":"A Biblioteca Municipal de Ponte da Barca vai acolher, no pr\u00f3ximo dia 26 de novembro, uma nova sess\u00e3o dos Encontros Transfronteiri\u00e7os e Workshops Formativos do projeto Red CIFT \u2013 Rede de Cruzeiros Ib\u00e9ricos Fluviais Transfronteiri\u00e7os, promovida pela CIM Alto Minho em parceria com a Agan+ \u2013 Associa\u00e7\u00e3o Galega de Atividades N\u00e1uticas. A iniciativa ser\u00e1 dedicada ao estudo do potencial tur\u00edstico e cultural do rio Lima.","breadcrumb":{"@id":"https:\/\/www.altominho.tv\/site\/2025\/11\/21\/ponte-da-barca-recebe-encontro-transfronteirico-dedicado-ao-potencial-turistico-do-rio-lima\/#breadcrumb"},"inLanguage":"pt-PT","potentialAction":[{"@type":"ReadAction","target":["https:\/\/www.altominho.tv\/site\/2025\/11\/21\/ponte-da-barca-recebe-encontro-transfronteirico-dedicado-ao-potencial-turistico-do-rio-lima\/"]}]},{"@type":"ImageObject","inLanguage":"pt-PT","@id":"https:\/\/www.altominho.tv\/site\/2025\/11\/21\/ponte-da-barca-recebe-encontro-transfronteirico-dedicado-ao-potencial-turistico-do-rio-lima\/#primaryimage","url":"https:\/\/www.altominho.tv\/site\/wp-content\/uploads\/2025\/11\/rio-lima.jpg","contentUrl":"https:\/\/www.altominho.tv\/site\/wp-content\/uploads\/2025\/11\/rio-lima.jpg","width":1200,"height":630},{"@type":"BreadcrumbList","@id":"https:\/\/www.altominho.tv\/site\/2025\/11\/21\/ponte-da-barca-recebe-encontro-transfronteirico-dedicado-ao-potencial-turistico-do-rio-lima\/#breadcrumb","itemListElement":[{"@type":"ListItem","position":1,"name":"In\u00edcio","item":"https:\/\/www.altominho.tv\/site\/"},{"@type":"ListItem","position":2,"name":"Ponte da Barca recebe encontro transfronteiri\u00e7o dedicado ao potencial tur\u00edstico do rio Lima"}]},{"@type":"WebSite","@id":"https:\/\/www.altominho.tv\/site\/#website","url":"https:\/\/www.altominho.tv\/site\/","name":"Altominho.tv","description":"A sua regi\u00e3o \u00e0 dist\u00e2ncia de um clique...","potentialAction":[{"@type":"SearchAction","target":{"@type":"EntryPoint","urlTemplate":"https:\/\/www.altominho.tv\/site\/?s={search_term_string}"},"query-input":{"@type":"PropertyValueSpecification","valueRequired":true,"valueName":"search_term_string"}}],"inLanguage":"pt-PT"},{"@type":"Person","@id":"https:\/\/www.altominho.tv\/site\/#\/schema\/person\/4e536851627d7914baf3dac752b6af22","name":"Altominho.tv","image":{"@type":"ImageObject","inLanguage":"pt-PT","@id":"https:\/\/www.altominho.tv\/site\/wp-content\/uploads\/2019\/11\/Logo_Avatar_2-150x150.jpg","url":"https:\/\/www.altominho.tv\/site\/wp-content\/uploads\/2019\/11\/Logo_Avatar_2-150x150.jpg","contentUrl":"https:\/\/www.altominho.tv\/site\/wp-content\/uploads\/2019\/11\/Logo_Avatar_2-150x150.jpg","caption":"Altominho.tv"},"url":"https:\/\/www.altominho.tv\/site\/author\/altominhotv-tecnico\/"}]}},"_links":{"self":[{"href":"https:\/\/www.altominho.tv\/site\/wp-json\/wp\/v2\/posts\/125550","targetHints":{"allow":["GET"]}}],"collection":[{"href":"https:\/\/www.altominho.tv\/site\/wp-json\/wp\/v2\/posts"}],"about":[{"href":"https:\/\/www.altominho.tv\/site\/wp-json\/wp\/v2\/types\/post"}],"author":[{"embeddable":true,"href":"https:\/\/www.altominho.tv\/site\/wp-json\/wp\/v2\/users\/1"}],"replies":[{"embeddable":true,"href":"https:\/\/www.altominho.tv\/site\/wp-json\/wp\/v2\/comments?post=125550"}],"version-history":[{"count":1,"href":"https:\/\/www.altominho.tv\/site\/wp-json\/wp\/v2\/posts\/125550\/revisions"}],"predecessor-version":[{"id":125552,"href":"https:\/\/www.altominho.tv\/site\/wp-json\/wp\/v2\/posts\/125550\/revisions\/125552"}],"wp:featuredmedia":[{"embeddable":true,"href":"https:\/\/www.altominho.tv\/site\/wp-json\/wp\/v2\/media\/125551"}],"wp:attachment":[{"href":"https:\/\/www.altominho.tv\/site\/wp-json\/wp\/v2\/media?parent=125550"}],"wp:term":[{"taxonomy":"category","embeddable":true,"href":"https:\/\/www.altominho.tv\/site\/wp-json\/wp\/v2\/categories?post=125550"},{"taxonomy":"post_tag","embeddable":true,"href":"https:\/\/www.altominho.tv\/site\/wp-json\/wp\/v2\/tags?post=125550"}],"curies":[{"name":"wp","href":"https:\/\/api.w.org\/{rel}","templated":true}]}}