{"id":125414,"date":"2025-11-18T16:27:34","date_gmt":"2025-11-18T16:27:34","guid":{"rendered":"https:\/\/www.altominho.tv\/site\/?p=125414"},"modified":"2025-11-18T16:53:32","modified_gmt":"2025-11-18T16:53:32","slug":"ponte-de-lima-lourear-a-pevide-gastronomia-vinhos","status":"publish","type":"post","link":"https:\/\/www.altominho.tv\/site\/2025\/11\/18\/ponte-de-lima-lourear-a-pevide-gastronomia-vinhos\/","title":{"rendered":"&#8220;Lourear a Pevide&#8221; est\u00e1 a decorrer at\u00e9 30 de novembro"},"content":{"rendered":"\n<p>A edi\u00e7\u00e3o deste ano do <a href=\"https:\/\/www.youtube.com\/watch?app=desktop&amp;v=xB7t39QIXp8\">&#8220;Lourear a Pevide&#8221;<\/a>, est\u00e1 a decorrer at\u00e9 o dia 30 de novembro.<\/p>\n\n\n\n<p>Nos meses de outubro e novembro, &#8220;Ponte de Lima transforma-se numa rota de sabores, onde o Vinho Verde Loureiro se junta a petiscos tradicionais e criativos, dispon\u00edveis em 20 estabelecimentos por apenas 4 euros&#8221;, disse o Munic\u00edpio de Ponte de Lima.<\/p>\n\n\n\n<p>A iniciativa promove o Vinho Verde Loureiro de Ponte de Lima e a gastronomia local.<\/p>\n\n\n\n<p>Assim, at\u00e9 30 de novembro, \u00e9 poss\u00edvel visitar 20 espa\u00e7os aderentes \u2013 entre restaurantes, caf\u00e9s e tasquinhas \u2013 espalhados pelo concelho, do centro hist\u00f3rico \u00e0s freguesias mais distantes, e desfrutar de um copo de Vinho Verde Loureiro de Ponte de Lima acompanhado de um petisco especial.<\/p>\n\n\n\n<p>Cada estabelecimento apresenta um petisco diferente. <\/p>\n\n\n\n<figure class=\"wp-block-image size-full\"><img loading=\"lazy\" decoding=\"async\" width=\"1024\" height=\"768\" src=\"https:\/\/www.altominho.tv\/site\/wp-content\/uploads\/2025\/11\/lourear_a_pevide_2025_1_1200_800.jpeg\" alt=\"\" class=\"wp-image-125416\" srcset=\"https:\/\/www.altominho.tv\/site\/wp-content\/uploads\/2025\/11\/lourear_a_pevide_2025_1_1200_800.jpeg 1024w, https:\/\/www.altominho.tv\/site\/wp-content\/uploads\/2025\/11\/lourear_a_pevide_2025_1_1200_800-577x433.jpeg 577w, https:\/\/www.altominho.tv\/site\/wp-content\/uploads\/2025\/11\/lourear_a_pevide_2025_1_1200_800-768x576.jpeg 768w, https:\/\/www.altominho.tv\/site\/wp-content\/uploads\/2025\/11\/lourear_a_pevide_2025_1_1200_800-370x278.jpeg 370w, https:\/\/www.altominho.tv\/site\/wp-content\/uploads\/2025\/11\/lourear_a_pevide_2025_1_1200_800-270x203.jpeg 270w, https:\/\/www.altominho.tv\/site\/wp-content\/uploads\/2025\/11\/lourear_a_pevide_2025_1_1200_800-570x428.jpeg 570w, https:\/\/www.altominho.tv\/site\/wp-content\/uploads\/2025\/11\/lourear_a_pevide_2025_1_1200_800-740x555.jpeg 740w, https:\/\/www.altominho.tv\/site\/wp-content\/uploads\/2025\/11\/lourear_a_pevide_2025_1_1200_800-80x60.jpeg 80w\" sizes=\"auto, (max-width: 1024px) 100vw, 1024px\" \/><\/figure>\n","protected":false},"excerpt":{"rendered":"<p>A edi\u00e7\u00e3o deste ano do &#8220;Lourear a Pevide&#8221;, est\u00e1 a decorrer at\u00e9 o dia 30 de novembro. Nos meses de outubro e novembro, &#8220;Ponte de Lima transforma-se numa rota de sabores, onde o Vinho Verde Loureiro se junta a petiscos tradicionais e criativos, dispon\u00edveis em 20 estabelecimentos por apenas 4 euros&#8221;, disse o Munic\u00edpio de [&hellip;]<\/p>\n","protected":false},"author":7,"featured_media":125418,"comment_status":"closed","ping_status":"closed","sticky":false,"template":"","format":"standard","meta":{"_exactmetrics_skip_tracking":false,"_exactmetrics_sitenote_active":false,"_exactmetrics_sitenote_note":"","_exactmetrics_sitenote_category":0,"footnotes":""},"categories":[12],"tags":[81,24],"class_list":["post-125414","post","type-post","status-publish","format-standard","has-post-thumbnail","hentry","category-ponte-de-lima","tag-gastronomia","tag-lazer"],"yoast_head":"<!-- This site is optimized with the Yoast SEO Premium plugin v27.5 (Yoast SEO v27.5) - https:\/\/yoast.com\/product\/yoast-seo-premium-wordpress\/ -->\n<title>&quot;Lourear a Pevide&quot; est\u00e1 a decorrer at\u00e9 30 de novembro<\/title>\n<meta name=\"description\" content=\"A edi\u00e7\u00e3o deste ano do &quot;Lourear a Pevide&quot;, est\u00e1 a decorrer at\u00e9 30 de novembro.\" \/>\n<meta name=\"robots\" content=\"index, follow, max-snippet:-1, max-image-preview:large, max-video-preview:-1\" \/>\n<link rel=\"canonical\" href=\"https:\/\/www.altominho.tv\/site\/2025\/11\/18\/ponte-de-lima-lourear-a-pevide-gastronomia-vinhos\/\" \/>\n<meta property=\"og:locale\" content=\"pt_PT\" \/>\n<meta property=\"og:type\" content=\"article\" \/>\n<meta property=\"og:title\" content=\"&quot;Lourear a Pevide&quot; est\u00e1 a decorrer at\u00e9 30 de novembro\" \/>\n<meta property=\"og:description\" content=\"A edi\u00e7\u00e3o deste ano do &quot;Lourear a Pevide&quot;, est\u00e1 a decorrer at\u00e9 30 de novembro.\" \/>\n<meta property=\"og:url\" content=\"https:\/\/www.altominho.tv\/site\/2025\/11\/18\/ponte-de-lima-lourear-a-pevide-gastronomia-vinhos\/\" \/>\n<meta property=\"og:site_name\" content=\"Altominho.tv\" \/>\n<meta property=\"article:publisher\" content=\"https:\/\/www.facebook.com\/altominhotv\" \/>\n<meta property=\"article:published_time\" content=\"2025-11-18T16:27:34+00:00\" \/>\n<meta property=\"article:modified_time\" content=\"2025-11-18T16:53:32+00:00\" \/>\n<meta property=\"og:image\" content=\"https:\/\/www.altominho.tv\/site\/wp-content\/uploads\/2025\/11\/lourear.png\" \/>\n\t<meta property=\"og:image:width\" content=\"1200\" \/>\n\t<meta property=\"og:image:height\" content=\"630\" \/>\n\t<meta property=\"og:image:type\" content=\"image\/png\" \/>\n<meta name=\"author\" content=\"Andreia Cunha\" \/>\n<meta name=\"twitter:card\" content=\"summary_large_image\" \/>\n<meta name=\"twitter:creator\" content=\"@altominhoTV\" \/>\n<meta name=\"twitter:site\" content=\"@altominhoTV\" \/>\n<meta name=\"twitter:label1\" content=\"Escrito por\" \/>\n\t<meta name=\"twitter:data1\" content=\"Andreia Cunha\" \/>\n\t<meta name=\"twitter:label2\" content=\"Tempo estimado de leitura\" \/>\n\t<meta name=\"twitter:data2\" content=\"2 minutos\" \/>\n<script type=\"application\/ld+json\" class=\"yoast-schema-graph\">{\"@context\":\"https:\\\/\\\/schema.org\",\"@graph\":[{\"@type\":\"Article\",\"@id\":\"https:\\\/\\\/www.altominho.tv\\\/site\\\/2025\\\/11\\\/18\\\/ponte-de-lima-lourear-a-pevide-gastronomia-vinhos\\\/#article\",\"isPartOf\":{\"@id\":\"https:\\\/\\\/www.altominho.tv\\\/site\\\/2025\\\/11\\\/18\\\/ponte-de-lima-lourear-a-pevide-gastronomia-vinhos\\\/\"},\"author\":{\"name\":\"Andreia Cunha\",\"@id\":\"https:\\\/\\\/www.altominho.tv\\\/site\\\/#\\\/schema\\\/person\\\/a0e4ef6d041f98ca284393d8f1d97153\"},\"headline\":\"&#8220;Lourear a Pevide&#8221; est\u00e1 a decorrer at\u00e9 30 de novembro\",\"datePublished\":\"2025-11-18T16:27:34+00:00\",\"dateModified\":\"2025-11-18T16:53:32+00:00\",\"mainEntityOfPage\":{\"@id\":\"https:\\\/\\\/www.altominho.tv\\\/site\\\/2025\\\/11\\\/18\\\/ponte-de-lima-lourear-a-pevide-gastronomia-vinhos\\\/\"},\"wordCount\":133,\"image\":{\"@id\":\"https:\\\/\\\/www.altominho.tv\\\/site\\\/2025\\\/11\\\/18\\\/ponte-de-lima-lourear-a-pevide-gastronomia-vinhos\\\/#primaryimage\"},\"thumbnailUrl\":\"https:\\\/\\\/www.altominho.tv\\\/site\\\/wp-content\\\/uploads\\\/2025\\\/11\\\/lourear.png\",\"keywords\":[\"Gastronomia\",\"Lazer\"],\"articleSection\":[\"Ponte de Lima\"],\"inLanguage\":\"pt-PT\",\"copyrightYear\":\"2025\",\"copyrightHolder\":{\"@id\":\"https:\\\/\\\/www.altominho.tv\\\/site\\\/#organization\"}},{\"@type\":\"WebPage\",\"@id\":\"https:\\\/\\\/www.altominho.tv\\\/site\\\/2025\\\/11\\\/18\\\/ponte-de-lima-lourear-a-pevide-gastronomia-vinhos\\\/\",\"url\":\"https:\\\/\\\/www.altominho.tv\\\/site\\\/2025\\\/11\\\/18\\\/ponte-de-lima-lourear-a-pevide-gastronomia-vinhos\\\/\",\"name\":\"\\\"Lourear a Pevide\\\" est\u00e1 a decorrer at\u00e9 30 de novembro\",\"isPartOf\":{\"@id\":\"https:\\\/\\\/www.altominho.tv\\\/site\\\/#website\"},\"primaryImageOfPage\":{\"@id\":\"https:\\\/\\\/www.altominho.tv\\\/site\\\/2025\\\/11\\\/18\\\/ponte-de-lima-lourear-a-pevide-gastronomia-vinhos\\\/#primaryimage\"},\"image\":{\"@id\":\"https:\\\/\\\/www.altominho.tv\\\/site\\\/2025\\\/11\\\/18\\\/ponte-de-lima-lourear-a-pevide-gastronomia-vinhos\\\/#primaryimage\"},\"thumbnailUrl\":\"https:\\\/\\\/www.altominho.tv\\\/site\\\/wp-content\\\/uploads\\\/2025\\\/11\\\/lourear.png\",\"datePublished\":\"2025-11-18T16:27:34+00:00\",\"dateModified\":\"2025-11-18T16:53:32+00:00\",\"author\":{\"@id\":\"https:\\\/\\\/www.altominho.tv\\\/site\\\/#\\\/schema\\\/person\\\/a0e4ef6d041f98ca284393d8f1d97153\"},\"description\":\"A edi\u00e7\u00e3o deste ano do \\\"Lourear a Pevide\\\", est\u00e1 a decorrer at\u00e9 30 de novembro.\",\"breadcrumb\":{\"@id\":\"https:\\\/\\\/www.altominho.tv\\\/site\\\/2025\\\/11\\\/18\\\/ponte-de-lima-lourear-a-pevide-gastronomia-vinhos\\\/#breadcrumb\"},\"inLanguage\":\"pt-PT\",\"potentialAction\":[{\"@type\":\"ReadAction\",\"target\":[\"https:\\\/\\\/www.altominho.tv\\\/site\\\/2025\\\/11\\\/18\\\/ponte-de-lima-lourear-a-pevide-gastronomia-vinhos\\\/\"]}]},{\"@type\":\"ImageObject\",\"inLanguage\":\"pt-PT\",\"@id\":\"https:\\\/\\\/www.altominho.tv\\\/site\\\/2025\\\/11\\\/18\\\/ponte-de-lima-lourear-a-pevide-gastronomia-vinhos\\\/#primaryimage\",\"url\":\"https:\\\/\\\/www.altominho.tv\\\/site\\\/wp-content\\\/uploads\\\/2025\\\/11\\\/lourear.png\",\"contentUrl\":\"https:\\\/\\\/www.altominho.tv\\\/site\\\/wp-content\\\/uploads\\\/2025\\\/11\\\/lourear.png\",\"width\":1200,\"height\":630},{\"@type\":\"BreadcrumbList\",\"@id\":\"https:\\\/\\\/www.altominho.tv\\\/site\\\/2025\\\/11\\\/18\\\/ponte-de-lima-lourear-a-pevide-gastronomia-vinhos\\\/#breadcrumb\",\"itemListElement\":[{\"@type\":\"ListItem\",\"position\":1,\"name\":\"In\u00edcio\",\"item\":\"https:\\\/\\\/www.altominho.tv\\\/site\\\/\"},{\"@type\":\"ListItem\",\"position\":2,\"name\":\"&#8220;Lourear a Pevide&#8221; est\u00e1 a decorrer at\u00e9 30 de novembro\"}]},{\"@type\":\"WebSite\",\"@id\":\"https:\\\/\\\/www.altominho.tv\\\/site\\\/#website\",\"url\":\"https:\\\/\\\/www.altominho.tv\\\/site\\\/\",\"name\":\"Altominho.tv\",\"description\":\"A sua regi\u00e3o \u00e0 dist\u00e2ncia de um clique...\",\"potentialAction\":[{\"@type\":\"SearchAction\",\"target\":{\"@type\":\"EntryPoint\",\"urlTemplate\":\"https:\\\/\\\/www.altominho.tv\\\/site\\\/?s={search_term_string}\"},\"query-input\":{\"@type\":\"PropertyValueSpecification\",\"valueRequired\":true,\"valueName\":\"search_term_string\"}}],\"inLanguage\":\"pt-PT\"},{\"@type\":\"Person\",\"@id\":\"https:\\\/\\\/www.altominho.tv\\\/site\\\/#\\\/schema\\\/person\\\/a0e4ef6d041f98ca284393d8f1d97153\",\"name\":\"Andreia Cunha\",\"image\":{\"@type\":\"ImageObject\",\"inLanguage\":\"pt-PT\",\"@id\":\"https:\\\/\\\/www.altominho.tv\\\/site\\\/wp-content\\\/uploads\\\/2017\\\/11\\\/Andreia_Cunha-1-150x150.jpg\",\"url\":\"https:\\\/\\\/www.altominho.tv\\\/site\\\/wp-content\\\/uploads\\\/2017\\\/11\\\/Andreia_Cunha-1-150x150.jpg\",\"contentUrl\":\"https:\\\/\\\/www.altominho.tv\\\/site\\\/wp-content\\\/uploads\\\/2017\\\/11\\\/Andreia_Cunha-1-150x150.jpg\",\"caption\":\"Andreia Cunha\"},\"url\":\"https:\\\/\\\/www.altominho.tv\\\/site\\\/author\\\/andreiacunha\\\/\"}]}<\/script>\n<!-- \/ Yoast SEO Premium plugin. -->","yoast_head_json":{"title":"\"Lourear a Pevide\" est\u00e1 a decorrer at\u00e9 30 de novembro","description":"A edi\u00e7\u00e3o deste ano do \"Lourear a Pevide\", est\u00e1 a decorrer at\u00e9 30 de novembro.","robots":{"index":"index","follow":"follow","max-snippet":"max-snippet:-1","max-image-preview":"max-image-preview:large","max-video-preview":"max-video-preview:-1"},"canonical":"https:\/\/www.altominho.tv\/site\/2025\/11\/18\/ponte-de-lima-lourear-a-pevide-gastronomia-vinhos\/","og_locale":"pt_PT","og_type":"article","og_title":"\"Lourear a Pevide\" est\u00e1 a decorrer at\u00e9 30 de novembro","og_description":"A edi\u00e7\u00e3o deste ano do \"Lourear a Pevide\", est\u00e1 a decorrer at\u00e9 30 de novembro.","og_url":"https:\/\/www.altominho.tv\/site\/2025\/11\/18\/ponte-de-lima-lourear-a-pevide-gastronomia-vinhos\/","og_site_name":"Altominho.tv","article_publisher":"https:\/\/www.facebook.com\/altominhotv","article_published_time":"2025-11-18T16:27:34+00:00","article_modified_time":"2025-11-18T16:53:32+00:00","og_image":[{"width":1200,"height":630,"url":"https:\/\/www.altominho.tv\/site\/wp-content\/uploads\/2025\/11\/lourear.png","type":"image\/png"}],"author":"Andreia Cunha","twitter_card":"summary_large_image","twitter_creator":"@altominhoTV","twitter_site":"@altominhoTV","twitter_misc":{"Escrito por":"Andreia Cunha","Tempo estimado de leitura":"2 minutos"},"schema":{"@context":"https:\/\/schema.org","@graph":[{"@type":"Article","@id":"https:\/\/www.altominho.tv\/site\/2025\/11\/18\/ponte-de-lima-lourear-a-pevide-gastronomia-vinhos\/#article","isPartOf":{"@id":"https:\/\/www.altominho.tv\/site\/2025\/11\/18\/ponte-de-lima-lourear-a-pevide-gastronomia-vinhos\/"},"author":{"name":"Andreia Cunha","@id":"https:\/\/www.altominho.tv\/site\/#\/schema\/person\/a0e4ef6d041f98ca284393d8f1d97153"},"headline":"&#8220;Lourear a Pevide&#8221; est\u00e1 a decorrer at\u00e9 30 de novembro","datePublished":"2025-11-18T16:27:34+00:00","dateModified":"2025-11-18T16:53:32+00:00","mainEntityOfPage":{"@id":"https:\/\/www.altominho.tv\/site\/2025\/11\/18\/ponte-de-lima-lourear-a-pevide-gastronomia-vinhos\/"},"wordCount":133,"image":{"@id":"https:\/\/www.altominho.tv\/site\/2025\/11\/18\/ponte-de-lima-lourear-a-pevide-gastronomia-vinhos\/#primaryimage"},"thumbnailUrl":"https:\/\/www.altominho.tv\/site\/wp-content\/uploads\/2025\/11\/lourear.png","keywords":["Gastronomia","Lazer"],"articleSection":["Ponte de Lima"],"inLanguage":"pt-PT","copyrightYear":"2025","copyrightHolder":{"@id":"https:\/\/www.altominho.tv\/site\/#organization"}},{"@type":"WebPage","@id":"https:\/\/www.altominho.tv\/site\/2025\/11\/18\/ponte-de-lima-lourear-a-pevide-gastronomia-vinhos\/","url":"https:\/\/www.altominho.tv\/site\/2025\/11\/18\/ponte-de-lima-lourear-a-pevide-gastronomia-vinhos\/","name":"\"Lourear a Pevide\" est\u00e1 a decorrer at\u00e9 30 de novembro","isPartOf":{"@id":"https:\/\/www.altominho.tv\/site\/#website"},"primaryImageOfPage":{"@id":"https:\/\/www.altominho.tv\/site\/2025\/11\/18\/ponte-de-lima-lourear-a-pevide-gastronomia-vinhos\/#primaryimage"},"image":{"@id":"https:\/\/www.altominho.tv\/site\/2025\/11\/18\/ponte-de-lima-lourear-a-pevide-gastronomia-vinhos\/#primaryimage"},"thumbnailUrl":"https:\/\/www.altominho.tv\/site\/wp-content\/uploads\/2025\/11\/lourear.png","datePublished":"2025-11-18T16:27:34+00:00","dateModified":"2025-11-18T16:53:32+00:00","author":{"@id":"https:\/\/www.altominho.tv\/site\/#\/schema\/person\/a0e4ef6d041f98ca284393d8f1d97153"},"description":"A edi\u00e7\u00e3o deste ano do \"Lourear a Pevide\", est\u00e1 a decorrer at\u00e9 30 de novembro.","breadcrumb":{"@id":"https:\/\/www.altominho.tv\/site\/2025\/11\/18\/ponte-de-lima-lourear-a-pevide-gastronomia-vinhos\/#breadcrumb"},"inLanguage":"pt-PT","potentialAction":[{"@type":"ReadAction","target":["https:\/\/www.altominho.tv\/site\/2025\/11\/18\/ponte-de-lima-lourear-a-pevide-gastronomia-vinhos\/"]}]},{"@type":"ImageObject","inLanguage":"pt-PT","@id":"https:\/\/www.altominho.tv\/site\/2025\/11\/18\/ponte-de-lima-lourear-a-pevide-gastronomia-vinhos\/#primaryimage","url":"https:\/\/www.altominho.tv\/site\/wp-content\/uploads\/2025\/11\/lourear.png","contentUrl":"https:\/\/www.altominho.tv\/site\/wp-content\/uploads\/2025\/11\/lourear.png","width":1200,"height":630},{"@type":"BreadcrumbList","@id":"https:\/\/www.altominho.tv\/site\/2025\/11\/18\/ponte-de-lima-lourear-a-pevide-gastronomia-vinhos\/#breadcrumb","itemListElement":[{"@type":"ListItem","position":1,"name":"In\u00edcio","item":"https:\/\/www.altominho.tv\/site\/"},{"@type":"ListItem","position":2,"name":"&#8220;Lourear a Pevide&#8221; est\u00e1 a decorrer at\u00e9 30 de novembro"}]},{"@type":"WebSite","@id":"https:\/\/www.altominho.tv\/site\/#website","url":"https:\/\/www.altominho.tv\/site\/","name":"Altominho.tv","description":"A sua regi\u00e3o \u00e0 dist\u00e2ncia de um clique...","potentialAction":[{"@type":"SearchAction","target":{"@type":"EntryPoint","urlTemplate":"https:\/\/www.altominho.tv\/site\/?s={search_term_string}"},"query-input":{"@type":"PropertyValueSpecification","valueRequired":true,"valueName":"search_term_string"}}],"inLanguage":"pt-PT"},{"@type":"Person","@id":"https:\/\/www.altominho.tv\/site\/#\/schema\/person\/a0e4ef6d041f98ca284393d8f1d97153","name":"Andreia Cunha","image":{"@type":"ImageObject","inLanguage":"pt-PT","@id":"https:\/\/www.altominho.tv\/site\/wp-content\/uploads\/2017\/11\/Andreia_Cunha-1-150x150.jpg","url":"https:\/\/www.altominho.tv\/site\/wp-content\/uploads\/2017\/11\/Andreia_Cunha-1-150x150.jpg","contentUrl":"https:\/\/www.altominho.tv\/site\/wp-content\/uploads\/2017\/11\/Andreia_Cunha-1-150x150.jpg","caption":"Andreia Cunha"},"url":"https:\/\/www.altominho.tv\/site\/author\/andreiacunha\/"}]}},"_links":{"self":[{"href":"https:\/\/www.altominho.tv\/site\/wp-json\/wp\/v2\/posts\/125414","targetHints":{"allow":["GET"]}}],"collection":[{"href":"https:\/\/www.altominho.tv\/site\/wp-json\/wp\/v2\/posts"}],"about":[{"href":"https:\/\/www.altominho.tv\/site\/wp-json\/wp\/v2\/types\/post"}],"author":[{"embeddable":true,"href":"https:\/\/www.altominho.tv\/site\/wp-json\/wp\/v2\/users\/7"}],"replies":[{"embeddable":true,"href":"https:\/\/www.altominho.tv\/site\/wp-json\/wp\/v2\/comments?post=125414"}],"version-history":[{"count":1,"href":"https:\/\/www.altominho.tv\/site\/wp-json\/wp\/v2\/posts\/125414\/revisions"}],"predecessor-version":[{"id":125417,"href":"https:\/\/www.altominho.tv\/site\/wp-json\/wp\/v2\/posts\/125414\/revisions\/125417"}],"wp:featuredmedia":[{"embeddable":true,"href":"https:\/\/www.altominho.tv\/site\/wp-json\/wp\/v2\/media\/125418"}],"wp:attachment":[{"href":"https:\/\/www.altominho.tv\/site\/wp-json\/wp\/v2\/media?parent=125414"}],"wp:term":[{"taxonomy":"category","embeddable":true,"href":"https:\/\/www.altominho.tv\/site\/wp-json\/wp\/v2\/categories?post=125414"},{"taxonomy":"post_tag","embeddable":true,"href":"https:\/\/www.altominho.tv\/site\/wp-json\/wp\/v2\/tags?post=125414"}],"curies":[{"name":"wp","href":"https:\/\/api.w.org\/{rel}","templated":true}]}}