{"id":125379,"date":"2025-11-18T09:30:26","date_gmt":"2025-11-18T09:30:26","guid":{"rendered":"https:\/\/www.altominho.tv\/site\/?p=125379"},"modified":"2025-11-18T09:30:28","modified_gmt":"2025-11-18T09:30:28","slug":"valenca-da-inicio-as-celebracoes-natalicias-a-28-de-novembro","status":"publish","type":"post","link":"https:\/\/www.altominho.tv\/site\/2025\/11\/18\/valenca-da-inicio-as-celebracoes-natalicias-a-28-de-novembro\/","title":{"rendered":"Valen\u00e7a d\u00e1 in\u00edcio \u00e0s celebra\u00e7\u00f5es natal\u00edcias a 28 de novembro\u00a0"},"content":{"rendered":"<p class=\"p1\">O munic\u00edpio de Valen\u00e7a d\u00e1 in\u00edcio, a 28 de novembro, \u00e0 programa\u00e7\u00e3o de Natal \u2018Valen\u00e7a \u00e9 Natal 2025\u2019. At\u00e9 6 de janeiro, a cidade ganha vida com o esp\u00edrito natal\u00edcio, oferecendo momentos para toda a fam\u00edlia.<\/p>\n<p class=\"p1\">\u201cQueremos que Valen\u00e7a seja um destino especial de Natal, com toda a magia e encanto desta \u00e9poca, que cative valencianos e visitantes\u201d, sublinha o presidente da C\u00e2mara Municipal, Jos\u00e9 Manuel Carpinteira.<\/p>\n<p class=\"p1\">Assim, na sexta-feira, 28 de novembro, \u00e0s 18h00, o Jardim Municipal ser\u00e1 o palco do momento mais esperado: o acender oficial das luzes de Natal. A cidade brilhar\u00e1 com uma ilumina\u00e7\u00e3o art\u00edstica que cobre a zona hist\u00f3rica e as principais avenidas, com destaque para a grande \u00e1rvore multim\u00e9dia e o t\u00fanel de luzes, na rua da Oliveira, na Fortaleza, que prometem deslumbrar todos.<\/p>\n<p class=\"p1\">De 28 de novembro a 8 de dezembro, a Fortaleza de Valen\u00e7a transforma-se no para\u00edso dos amantes do chocolate, com mais uma edi\u00e7\u00e3o da Fortaleza de Chocolate. Ser\u00e3o 11 dias repletos de showcookings, degusta\u00e7\u00f5es, bancas de produtos artesanais e anima\u00e7\u00e3o permanente nas ruas da fortaleza.<\/p>\n<p class=\"p1\">Nos fins de semana entre 28 de novembro e 21 de dezembro, o Jardim Municipal transforma-se na Duendel\u00e2ndia, um parque m\u00e1gico com circuitos de arborismo, trampolins, comboio, renas, insufl\u00e1veis, pinta-faces e a imperd\u00edvel Casa do Pai Natal.<\/p>\n<p class=\"p1\">O Mercado de Natal decorre de 28 de novembro a 21 de dezembro, com bancas repletas de produtos artesanais, doces regionais e detalhes natal\u00edcios \u00fanicos.<\/p>\n<p class=\"p1\">No dia 13 de dezembro, o Pavilh\u00e3o Municipal ser\u00e1 palco dos concertos \u201cCelebrar o Natal a Cada Canto\u201d e \u201cOrquestrando o Natal\u201d, apresentados pela Academia de M\u00fasica Fortaleza de Valen\u00e7a.<\/p>\n<p class=\"p1\">A ic\u00f3nica rotunda da Trapicheira volta a receber o pres\u00e9pio de troncos em tamanho real e a maior estrela-guia de Portugal, com 12 metros de di\u00e2metro. De 7 de dezembro a 9 de janeiro, Valen\u00e7a apresenta, tamb\u00e9m, a tradicional mostra coletiva de pres\u00e9pios, espalhando o verdadeiro esp\u00edrito natal\u00edcio na avenida da Esta\u00e7\u00e3o.<\/p>\n<p class=\"p1\">Tamb\u00e9m a chegada do novo ano se celebra no Jardim Municipal, com uma noite de muita m\u00fasica e anima\u00e7\u00e3o.<\/p>\n<p class=\"p1\">A Cavalgata Internacional de Reis regressa a 5 de janeiro, \u00e0s 16h00, partindo do Largo da Esta\u00e7\u00e3o e atravessando Valen\u00e7a at\u00e9 Tui, um espet\u00e1culo de tradi\u00e7\u00e3o e uni\u00e3o entre as duas cidades fronteiri\u00e7as.<\/p>\n<p class=\"p1\">Entre 29 de novembro e 11 de janeiro, o com\u00e9rcio tradicional veste-se a rigor com o concurso \u201cMontras de Natal\u201d e a iniciativa \u201cCompras de Natal\u201d, promovendo o esp\u00edrito comunit\u00e1rio e o apoio ao com\u00e9rcio local.<\/p>\n","protected":false},"excerpt":{"rendered":"<p>O munic\u00edpio de Valen\u00e7a d\u00e1 in\u00edcio, a 28 de novembro, \u00e0 programa\u00e7\u00e3o de Natal \u2018Valen\u00e7a \u00e9 Natal 2025\u2019. At\u00e9 6 de janeiro, a cidade ganha vida com o esp\u00edrito natal\u00edcio, oferecendo momentos para toda a fam\u00edlia. \u201cQueremos que Valen\u00e7a seja um destino especial de Natal, com toda a magia e encanto desta \u00e9poca, que cative [&hellip;]<\/p>\n","protected":false},"author":30,"featured_media":125380,"comment_status":"closed","ping_status":"closed","sticky":false,"template":"","format":"standard","meta":{"_exactmetrics_skip_tracking":false,"_exactmetrics_sitenote_active":false,"_exactmetrics_sitenote_note":"","_exactmetrics_sitenote_category":0,"footnotes":""},"categories":[13],"tags":[27],"class_list":["post-125379","post","type-post","status-publish","format-standard","has-post-thumbnail","hentry","category-valenca","tag-sociedade"],"yoast_head":"<!-- This site is optimized with the Yoast SEO Premium plugin v27.5 (Yoast SEO v27.5) - https:\/\/yoast.com\/product\/yoast-seo-premium-wordpress\/ -->\n<title>Valen\u00e7a d\u00e1 in\u00edcio \u00e0s celebra\u00e7\u00f5es natal\u00edcias a 28 de novembro\u00a0<\/title>\n<meta name=\"description\" content=\"O munic\u00edpio de Valen\u00e7a d\u00e1 in\u00edcio, a 28 de novembro, \u00e0 programa\u00e7\u00e3o de Natal \u2018Valen\u00e7a \u00e9 Natal 2025\u2019. At\u00e9 6 de janeiro, a cidade ganha vida com o esp\u00edrito natal\u00edcio, oferecendo momentos para toda a fam\u00edlia.\" \/>\n<meta name=\"robots\" content=\"index, follow, max-snippet:-1, max-image-preview:large, max-video-preview:-1\" \/>\n<link rel=\"canonical\" href=\"https:\/\/www.altominho.tv\/site\/2025\/11\/18\/valenca-da-inicio-as-celebracoes-natalicias-a-28-de-novembro\/\" \/>\n<meta property=\"og:locale\" content=\"pt_PT\" \/>\n<meta property=\"og:type\" content=\"article\" \/>\n<meta property=\"og:title\" content=\"Valen\u00e7a d\u00e1 in\u00edcio \u00e0s celebra\u00e7\u00f5es natal\u00edcias a 28 de novembro\u00a0\" \/>\n<meta property=\"og:description\" content=\"O munic\u00edpio de Valen\u00e7a d\u00e1 in\u00edcio, a 28 de novembro, \u00e0 programa\u00e7\u00e3o de Natal \u2018Valen\u00e7a \u00e9 Natal 2025\u2019. At\u00e9 6 de janeiro, a cidade ganha vida com o esp\u00edrito natal\u00edcio, oferecendo momentos para toda a fam\u00edlia.\" \/>\n<meta property=\"og:url\" content=\"https:\/\/www.altominho.tv\/site\/2025\/11\/18\/valenca-da-inicio-as-celebracoes-natalicias-a-28-de-novembro\/\" \/>\n<meta property=\"og:site_name\" content=\"Altominho.tv\" \/>\n<meta property=\"article:publisher\" content=\"https:\/\/www.facebook.com\/altominhotv\" \/>\n<meta property=\"article:published_time\" content=\"2025-11-18T09:30:26+00:00\" \/>\n<meta property=\"article:modified_time\" content=\"2025-11-18T09:30:28+00:00\" \/>\n<meta property=\"og:image\" content=\"https:\/\/www.altominho.tv\/site\/wp-content\/uploads\/2025\/11\/valenca-luzes-natal.jpg\" \/>\n\t<meta property=\"og:image:width\" content=\"1200\" \/>\n\t<meta property=\"og:image:height\" content=\"630\" \/>\n\t<meta property=\"og:image:type\" content=\"image\/jpeg\" \/>\n<meta name=\"author\" content=\"Eduarda Cardoso\" \/>\n<meta name=\"twitter:card\" content=\"summary_large_image\" \/>\n<meta name=\"twitter:creator\" content=\"@altominhoTV\" \/>\n<meta name=\"twitter:site\" content=\"@altominhoTV\" \/>\n<meta name=\"twitter:label1\" content=\"Escrito por\" \/>\n\t<meta name=\"twitter:data1\" content=\"Eduarda Cardoso\" \/>\n\t<meta name=\"twitter:label2\" content=\"Tempo estimado de leitura\" \/>\n\t<meta name=\"twitter:data2\" content=\"3 minutos\" \/>\n<script type=\"application\/ld+json\" class=\"yoast-schema-graph\">{\"@context\":\"https:\\\/\\\/schema.org\",\"@graph\":[{\"@type\":\"Article\",\"@id\":\"https:\\\/\\\/www.altominho.tv\\\/site\\\/2025\\\/11\\\/18\\\/valenca-da-inicio-as-celebracoes-natalicias-a-28-de-novembro\\\/#article\",\"isPartOf\":{\"@id\":\"https:\\\/\\\/www.altominho.tv\\\/site\\\/2025\\\/11\\\/18\\\/valenca-da-inicio-as-celebracoes-natalicias-a-28-de-novembro\\\/\"},\"author\":{\"name\":\"Eduarda Cardoso\",\"@id\":\"https:\\\/\\\/www.altominho.tv\\\/site\\\/#\\\/schema\\\/person\\\/9e351387b727413d005ccf1152c93539\"},\"headline\":\"Valen\u00e7a d\u00e1 in\u00edcio \u00e0s celebra\u00e7\u00f5es natal\u00edcias a 28 de novembro\u00a0\",\"datePublished\":\"2025-11-18T09:30:26+00:00\",\"dateModified\":\"2025-11-18T09:30:28+00:00\",\"mainEntityOfPage\":{\"@id\":\"https:\\\/\\\/www.altominho.tv\\\/site\\\/2025\\\/11\\\/18\\\/valenca-da-inicio-as-celebracoes-natalicias-a-28-de-novembro\\\/\"},\"wordCount\":451,\"image\":{\"@id\":\"https:\\\/\\\/www.altominho.tv\\\/site\\\/2025\\\/11\\\/18\\\/valenca-da-inicio-as-celebracoes-natalicias-a-28-de-novembro\\\/#primaryimage\"},\"thumbnailUrl\":\"https:\\\/\\\/www.altominho.tv\\\/site\\\/wp-content\\\/uploads\\\/2025\\\/11\\\/valenca-luzes-natal.jpg\",\"keywords\":[\"Sociedade\"],\"articleSection\":[\"Valen\u00e7a\"],\"inLanguage\":\"pt-PT\",\"copyrightYear\":\"2025\",\"copyrightHolder\":{\"@id\":\"https:\\\/\\\/www.altominho.tv\\\/site\\\/#organization\"}},{\"@type\":\"WebPage\",\"@id\":\"https:\\\/\\\/www.altominho.tv\\\/site\\\/2025\\\/11\\\/18\\\/valenca-da-inicio-as-celebracoes-natalicias-a-28-de-novembro\\\/\",\"url\":\"https:\\\/\\\/www.altominho.tv\\\/site\\\/2025\\\/11\\\/18\\\/valenca-da-inicio-as-celebracoes-natalicias-a-28-de-novembro\\\/\",\"name\":\"Valen\u00e7a d\u00e1 in\u00edcio \u00e0s celebra\u00e7\u00f5es natal\u00edcias a 28 de novembro\u00a0\",\"isPartOf\":{\"@id\":\"https:\\\/\\\/www.altominho.tv\\\/site\\\/#website\"},\"primaryImageOfPage\":{\"@id\":\"https:\\\/\\\/www.altominho.tv\\\/site\\\/2025\\\/11\\\/18\\\/valenca-da-inicio-as-celebracoes-natalicias-a-28-de-novembro\\\/#primaryimage\"},\"image\":{\"@id\":\"https:\\\/\\\/www.altominho.tv\\\/site\\\/2025\\\/11\\\/18\\\/valenca-da-inicio-as-celebracoes-natalicias-a-28-de-novembro\\\/#primaryimage\"},\"thumbnailUrl\":\"https:\\\/\\\/www.altominho.tv\\\/site\\\/wp-content\\\/uploads\\\/2025\\\/11\\\/valenca-luzes-natal.jpg\",\"datePublished\":\"2025-11-18T09:30:26+00:00\",\"dateModified\":\"2025-11-18T09:30:28+00:00\",\"author\":{\"@id\":\"https:\\\/\\\/www.altominho.tv\\\/site\\\/#\\\/schema\\\/person\\\/9e351387b727413d005ccf1152c93539\"},\"description\":\"O munic\u00edpio de Valen\u00e7a d\u00e1 in\u00edcio, a 28 de novembro, \u00e0 programa\u00e7\u00e3o de Natal \u2018Valen\u00e7a \u00e9 Natal 2025\u2019. At\u00e9 6 de janeiro, a cidade ganha vida com o esp\u00edrito natal\u00edcio, oferecendo momentos para toda a fam\u00edlia.\",\"breadcrumb\":{\"@id\":\"https:\\\/\\\/www.altominho.tv\\\/site\\\/2025\\\/11\\\/18\\\/valenca-da-inicio-as-celebracoes-natalicias-a-28-de-novembro\\\/#breadcrumb\"},\"inLanguage\":\"pt-PT\",\"potentialAction\":[{\"@type\":\"ReadAction\",\"target\":[\"https:\\\/\\\/www.altominho.tv\\\/site\\\/2025\\\/11\\\/18\\\/valenca-da-inicio-as-celebracoes-natalicias-a-28-de-novembro\\\/\"]}]},{\"@type\":\"ImageObject\",\"inLanguage\":\"pt-PT\",\"@id\":\"https:\\\/\\\/www.altominho.tv\\\/site\\\/2025\\\/11\\\/18\\\/valenca-da-inicio-as-celebracoes-natalicias-a-28-de-novembro\\\/#primaryimage\",\"url\":\"https:\\\/\\\/www.altominho.tv\\\/site\\\/wp-content\\\/uploads\\\/2025\\\/11\\\/valenca-luzes-natal.jpg\",\"contentUrl\":\"https:\\\/\\\/www.altominho.tv\\\/site\\\/wp-content\\\/uploads\\\/2025\\\/11\\\/valenca-luzes-natal.jpg\",\"width\":1200,\"height\":630},{\"@type\":\"BreadcrumbList\",\"@id\":\"https:\\\/\\\/www.altominho.tv\\\/site\\\/2025\\\/11\\\/18\\\/valenca-da-inicio-as-celebracoes-natalicias-a-28-de-novembro\\\/#breadcrumb\",\"itemListElement\":[{\"@type\":\"ListItem\",\"position\":1,\"name\":\"In\u00edcio\",\"item\":\"https:\\\/\\\/www.altominho.tv\\\/site\\\/\"},{\"@type\":\"ListItem\",\"position\":2,\"name\":\"Valen\u00e7a d\u00e1 in\u00edcio \u00e0s celebra\u00e7\u00f5es natal\u00edcias a 28 de novembro\u00a0\"}]},{\"@type\":\"WebSite\",\"@id\":\"https:\\\/\\\/www.altominho.tv\\\/site\\\/#website\",\"url\":\"https:\\\/\\\/www.altominho.tv\\\/site\\\/\",\"name\":\"Altominho.tv\",\"description\":\"A sua regi\u00e3o \u00e0 dist\u00e2ncia de um clique...\",\"potentialAction\":[{\"@type\":\"SearchAction\",\"target\":{\"@type\":\"EntryPoint\",\"urlTemplate\":\"https:\\\/\\\/www.altominho.tv\\\/site\\\/?s={search_term_string}\"},\"query-input\":{\"@type\":\"PropertyValueSpecification\",\"valueRequired\":true,\"valueName\":\"search_term_string\"}}],\"inLanguage\":\"pt-PT\"},{\"@type\":\"Person\",\"@id\":\"https:\\\/\\\/www.altominho.tv\\\/site\\\/#\\\/schema\\\/person\\\/9e351387b727413d005ccf1152c93539\",\"name\":\"Eduarda Cardoso\",\"image\":{\"@type\":\"ImageObject\",\"inLanguage\":\"pt-PT\",\"@id\":\"https:\\\/\\\/www.altominho.tv\\\/site\\\/wp-content\\\/uploads\\\/2021\\\/01\\\/cropped-Logo-ATV_WEB-150x150.png\",\"url\":\"https:\\\/\\\/www.altominho.tv\\\/site\\\/wp-content\\\/uploads\\\/2021\\\/01\\\/cropped-Logo-ATV_WEB-150x150.png\",\"contentUrl\":\"https:\\\/\\\/www.altominho.tv\\\/site\\\/wp-content\\\/uploads\\\/2021\\\/01\\\/cropped-Logo-ATV_WEB-150x150.png\",\"caption\":\"Eduarda Cardoso\"},\"url\":\"https:\\\/\\\/www.altominho.tv\\\/site\\\/author\\\/eduarda-cardoso\\\/\"}]}<\/script>\n<!-- \/ Yoast SEO Premium plugin. -->","yoast_head_json":{"title":"Valen\u00e7a d\u00e1 in\u00edcio \u00e0s celebra\u00e7\u00f5es natal\u00edcias a 28 de novembro\u00a0","description":"O munic\u00edpio de Valen\u00e7a d\u00e1 in\u00edcio, a 28 de novembro, \u00e0 programa\u00e7\u00e3o de Natal \u2018Valen\u00e7a \u00e9 Natal 2025\u2019. At\u00e9 6 de janeiro, a cidade ganha vida com o esp\u00edrito natal\u00edcio, oferecendo momentos para toda a fam\u00edlia.","robots":{"index":"index","follow":"follow","max-snippet":"max-snippet:-1","max-image-preview":"max-image-preview:large","max-video-preview":"max-video-preview:-1"},"canonical":"https:\/\/www.altominho.tv\/site\/2025\/11\/18\/valenca-da-inicio-as-celebracoes-natalicias-a-28-de-novembro\/","og_locale":"pt_PT","og_type":"article","og_title":"Valen\u00e7a d\u00e1 in\u00edcio \u00e0s celebra\u00e7\u00f5es natal\u00edcias a 28 de novembro\u00a0","og_description":"O munic\u00edpio de Valen\u00e7a d\u00e1 in\u00edcio, a 28 de novembro, \u00e0 programa\u00e7\u00e3o de Natal \u2018Valen\u00e7a \u00e9 Natal 2025\u2019. At\u00e9 6 de janeiro, a cidade ganha vida com o esp\u00edrito natal\u00edcio, oferecendo momentos para toda a fam\u00edlia.","og_url":"https:\/\/www.altominho.tv\/site\/2025\/11\/18\/valenca-da-inicio-as-celebracoes-natalicias-a-28-de-novembro\/","og_site_name":"Altominho.tv","article_publisher":"https:\/\/www.facebook.com\/altominhotv","article_published_time":"2025-11-18T09:30:26+00:00","article_modified_time":"2025-11-18T09:30:28+00:00","og_image":[{"width":1200,"height":630,"url":"https:\/\/www.altominho.tv\/site\/wp-content\/uploads\/2025\/11\/valenca-luzes-natal.jpg","type":"image\/jpeg"}],"author":"Eduarda Cardoso","twitter_card":"summary_large_image","twitter_creator":"@altominhoTV","twitter_site":"@altominhoTV","twitter_misc":{"Escrito por":"Eduarda Cardoso","Tempo estimado de leitura":"3 minutos"},"schema":{"@context":"https:\/\/schema.org","@graph":[{"@type":"Article","@id":"https:\/\/www.altominho.tv\/site\/2025\/11\/18\/valenca-da-inicio-as-celebracoes-natalicias-a-28-de-novembro\/#article","isPartOf":{"@id":"https:\/\/www.altominho.tv\/site\/2025\/11\/18\/valenca-da-inicio-as-celebracoes-natalicias-a-28-de-novembro\/"},"author":{"name":"Eduarda Cardoso","@id":"https:\/\/www.altominho.tv\/site\/#\/schema\/person\/9e351387b727413d005ccf1152c93539"},"headline":"Valen\u00e7a d\u00e1 in\u00edcio \u00e0s celebra\u00e7\u00f5es natal\u00edcias a 28 de novembro\u00a0","datePublished":"2025-11-18T09:30:26+00:00","dateModified":"2025-11-18T09:30:28+00:00","mainEntityOfPage":{"@id":"https:\/\/www.altominho.tv\/site\/2025\/11\/18\/valenca-da-inicio-as-celebracoes-natalicias-a-28-de-novembro\/"},"wordCount":451,"image":{"@id":"https:\/\/www.altominho.tv\/site\/2025\/11\/18\/valenca-da-inicio-as-celebracoes-natalicias-a-28-de-novembro\/#primaryimage"},"thumbnailUrl":"https:\/\/www.altominho.tv\/site\/wp-content\/uploads\/2025\/11\/valenca-luzes-natal.jpg","keywords":["Sociedade"],"articleSection":["Valen\u00e7a"],"inLanguage":"pt-PT","copyrightYear":"2025","copyrightHolder":{"@id":"https:\/\/www.altominho.tv\/site\/#organization"}},{"@type":"WebPage","@id":"https:\/\/www.altominho.tv\/site\/2025\/11\/18\/valenca-da-inicio-as-celebracoes-natalicias-a-28-de-novembro\/","url":"https:\/\/www.altominho.tv\/site\/2025\/11\/18\/valenca-da-inicio-as-celebracoes-natalicias-a-28-de-novembro\/","name":"Valen\u00e7a d\u00e1 in\u00edcio \u00e0s celebra\u00e7\u00f5es natal\u00edcias a 28 de novembro\u00a0","isPartOf":{"@id":"https:\/\/www.altominho.tv\/site\/#website"},"primaryImageOfPage":{"@id":"https:\/\/www.altominho.tv\/site\/2025\/11\/18\/valenca-da-inicio-as-celebracoes-natalicias-a-28-de-novembro\/#primaryimage"},"image":{"@id":"https:\/\/www.altominho.tv\/site\/2025\/11\/18\/valenca-da-inicio-as-celebracoes-natalicias-a-28-de-novembro\/#primaryimage"},"thumbnailUrl":"https:\/\/www.altominho.tv\/site\/wp-content\/uploads\/2025\/11\/valenca-luzes-natal.jpg","datePublished":"2025-11-18T09:30:26+00:00","dateModified":"2025-11-18T09:30:28+00:00","author":{"@id":"https:\/\/www.altominho.tv\/site\/#\/schema\/person\/9e351387b727413d005ccf1152c93539"},"description":"O munic\u00edpio de Valen\u00e7a d\u00e1 in\u00edcio, a 28 de novembro, \u00e0 programa\u00e7\u00e3o de Natal \u2018Valen\u00e7a \u00e9 Natal 2025\u2019. At\u00e9 6 de janeiro, a cidade ganha vida com o esp\u00edrito natal\u00edcio, oferecendo momentos para toda a fam\u00edlia.","breadcrumb":{"@id":"https:\/\/www.altominho.tv\/site\/2025\/11\/18\/valenca-da-inicio-as-celebracoes-natalicias-a-28-de-novembro\/#breadcrumb"},"inLanguage":"pt-PT","potentialAction":[{"@type":"ReadAction","target":["https:\/\/www.altominho.tv\/site\/2025\/11\/18\/valenca-da-inicio-as-celebracoes-natalicias-a-28-de-novembro\/"]}]},{"@type":"ImageObject","inLanguage":"pt-PT","@id":"https:\/\/www.altominho.tv\/site\/2025\/11\/18\/valenca-da-inicio-as-celebracoes-natalicias-a-28-de-novembro\/#primaryimage","url":"https:\/\/www.altominho.tv\/site\/wp-content\/uploads\/2025\/11\/valenca-luzes-natal.jpg","contentUrl":"https:\/\/www.altominho.tv\/site\/wp-content\/uploads\/2025\/11\/valenca-luzes-natal.jpg","width":1200,"height":630},{"@type":"BreadcrumbList","@id":"https:\/\/www.altominho.tv\/site\/2025\/11\/18\/valenca-da-inicio-as-celebracoes-natalicias-a-28-de-novembro\/#breadcrumb","itemListElement":[{"@type":"ListItem","position":1,"name":"In\u00edcio","item":"https:\/\/www.altominho.tv\/site\/"},{"@type":"ListItem","position":2,"name":"Valen\u00e7a d\u00e1 in\u00edcio \u00e0s celebra\u00e7\u00f5es natal\u00edcias a 28 de novembro\u00a0"}]},{"@type":"WebSite","@id":"https:\/\/www.altominho.tv\/site\/#website","url":"https:\/\/www.altominho.tv\/site\/","name":"Altominho.tv","description":"A sua regi\u00e3o \u00e0 dist\u00e2ncia de um clique...","potentialAction":[{"@type":"SearchAction","target":{"@type":"EntryPoint","urlTemplate":"https:\/\/www.altominho.tv\/site\/?s={search_term_string}"},"query-input":{"@type":"PropertyValueSpecification","valueRequired":true,"valueName":"search_term_string"}}],"inLanguage":"pt-PT"},{"@type":"Person","@id":"https:\/\/www.altominho.tv\/site\/#\/schema\/person\/9e351387b727413d005ccf1152c93539","name":"Eduarda Cardoso","image":{"@type":"ImageObject","inLanguage":"pt-PT","@id":"https:\/\/www.altominho.tv\/site\/wp-content\/uploads\/2021\/01\/cropped-Logo-ATV_WEB-150x150.png","url":"https:\/\/www.altominho.tv\/site\/wp-content\/uploads\/2021\/01\/cropped-Logo-ATV_WEB-150x150.png","contentUrl":"https:\/\/www.altominho.tv\/site\/wp-content\/uploads\/2021\/01\/cropped-Logo-ATV_WEB-150x150.png","caption":"Eduarda Cardoso"},"url":"https:\/\/www.altominho.tv\/site\/author\/eduarda-cardoso\/"}]}},"_links":{"self":[{"href":"https:\/\/www.altominho.tv\/site\/wp-json\/wp\/v2\/posts\/125379","targetHints":{"allow":["GET"]}}],"collection":[{"href":"https:\/\/www.altominho.tv\/site\/wp-json\/wp\/v2\/posts"}],"about":[{"href":"https:\/\/www.altominho.tv\/site\/wp-json\/wp\/v2\/types\/post"}],"author":[{"embeddable":true,"href":"https:\/\/www.altominho.tv\/site\/wp-json\/wp\/v2\/users\/30"}],"replies":[{"embeddable":true,"href":"https:\/\/www.altominho.tv\/site\/wp-json\/wp\/v2\/comments?post=125379"}],"version-history":[{"count":1,"href":"https:\/\/www.altominho.tv\/site\/wp-json\/wp\/v2\/posts\/125379\/revisions"}],"predecessor-version":[{"id":125381,"href":"https:\/\/www.altominho.tv\/site\/wp-json\/wp\/v2\/posts\/125379\/revisions\/125381"}],"wp:featuredmedia":[{"embeddable":true,"href":"https:\/\/www.altominho.tv\/site\/wp-json\/wp\/v2\/media\/125380"}],"wp:attachment":[{"href":"https:\/\/www.altominho.tv\/site\/wp-json\/wp\/v2\/media?parent=125379"}],"wp:term":[{"taxonomy":"category","embeddable":true,"href":"https:\/\/www.altominho.tv\/site\/wp-json\/wp\/v2\/categories?post=125379"},{"taxonomy":"post_tag","embeddable":true,"href":"https:\/\/www.altominho.tv\/site\/wp-json\/wp\/v2\/tags?post=125379"}],"curies":[{"name":"wp","href":"https:\/\/api.w.org\/{rel}","templated":true}]}}