{"id":125269,"date":"2025-11-14T16:09:31","date_gmt":"2025-11-14T16:09:31","guid":{"rendered":"https:\/\/www.altominho.tv\/site\/?p=125269"},"modified":"2025-11-14T16:09:35","modified_gmt":"2025-11-14T16:09:35","slug":"ministro-desafia-ccdr-n-a-reunir-entidades-para-encontrarem-solucoes-para-fim-dos-fogos","status":"publish","type":"post","link":"https:\/\/www.altominho.tv\/site\/2025\/11\/14\/ministro-desafia-ccdr-n-a-reunir-entidades-para-encontrarem-solucoes-para-fim-dos-fogos\/","title":{"rendered":"Ministro desafia CCDR-N a reunir entidades para encontrarem solu\u00e7\u00f5es para fim dos fogos"},"content":{"rendered":"\n<p>O ministro da Coes\u00e3o Territorial desafiou hoje o presidente da Comiss\u00e3o de Coordena\u00e7\u00e3o e Desenvolvimento Regional do Norte (CCDR-N) a reunir entidades \u00e0 mesma mesa para que consigam encontrar solu\u00e7\u00f5es que ponham fim aos inc\u00eandios florestais.<\/p>\n\n\n\n<p>\u201cAcho que devia assumir a miss\u00e3o de juntar todas as entidades.\u00a0Fecham-se numa sala e s\u00f3 saem de l\u00e1 quando tiverem encontrado uma solu\u00e7\u00e3o. Tem aqui uma boa tarefa. <\/p>\n\n\n\n<p>Juntam-se numa tarde \u00e0 porta fechada e s\u00f3 saem quando o assunto estiver resolvido\u201d, afirmou Manuel Castro Almeida no discurso de encerramento da sess\u00e3o \u201cNORTE 2030 \u2013 Conserva\u00e7\u00e3o da Natureza e Biodiversidade\u201d, promovida pela CCDR-N, que decorreu em Ponte da Barca, distrito de Viana do Castelo.<\/p>\n\n\n\n<p>No seu discurso, perante respons\u00e1veis de autarquias, do Instituto da Conserva\u00e7\u00e3o da Natureza e Florestas (ICNF), da Ag\u00eancia Portuguesa do Ambiente (APA) e, entre outros, de entidades gestoras das \u00e1reas protegidas da regi\u00e3o, Castro Almeida referiu que \u201ctem de haver alguma coisa que acabe com os inc\u00eandios\u201d, como por exemplo a utiliza\u00e7\u00e3o de cabras sapadoras.<\/p>\n\n\n\n<p>\u201cSentados, num ambiente construtivo, \u00e0 volta de uma mesa com sentido de servi\u00e7o p\u00fablico, com a intelig\u00eancia que t\u00eam e com a liga\u00e7\u00e3o ao territ\u00f3rio que t\u00eam\u201d, sugeriu.<br>Para o ministro, \u201cn\u00e3o h\u00e1 ningu\u00e9m melhor para encontrar uma solu\u00e7\u00e3o para este problema\u201d.<\/p>\n\n\n\n<p>\u201cN\u00e3o vale a pena, andamos todos a defender a nossa dama e chegamos ao fim e vemos os resultados dos inc\u00eandios. Isto \u00e9 trabalhar para aquecer. Isso \u00e9 incompet\u00eancia da nossa parte. Ou encontramos a solu\u00e7\u00e3o para isto, ou n\u00e3o merecemos o ordenado que ganhamos. Inc\u00eandios com esta dimens\u00e3o, com esta rotina e n\u00f3s, conformados, continuamos sem decidir se s\u00e3o cabras sapadoras ou outra solu\u00e7\u00e3o qualquer\u201d, afirmou Castro Almeida.<\/p>\n\n\n\n<p>Durante a iniciativa foi assinado o protocolo de constitui\u00e7\u00e3o e dinamiza\u00e7\u00e3o da rede tem\u00e1tica \u201cConserva\u00e7\u00e3o da Natureza e Biodiversidade Mais a Norte\u201d, que refor\u00e7a a articula\u00e7\u00e3o t\u00e9cnica e institucional entre as entidades respons\u00e1veis pela gest\u00e3o e valoriza\u00e7\u00e3o das \u00e1reas protegidas.<\/p>\n\n\n\n<p>O \u201cprotocolo pretende promover a coopera\u00e7\u00e3o, o interc\u00e2mbio de conhecimento e a sustentabilidade territorial, num esfor\u00e7o coletivo de preserva\u00e7\u00e3o do patrim\u00f3nio natural e dos ecossistemas do Norte\u201d.<\/p>\n","protected":false},"excerpt":{"rendered":"<p>O ministro da Coes\u00e3o Territorial desafiou hoje o presidente da Comiss\u00e3o de Coordena\u00e7\u00e3o e Desenvolvimento Regional do Norte (CCDR-N) a reunir entidades \u00e0 mesma mesa para que consigam encontrar solu\u00e7\u00f5es que ponham fim aos inc\u00eandios florestais. \u201cAcho que devia assumir a miss\u00e3o de juntar todas as entidades.\u00a0Fecham-se numa sala e s\u00f3 saem de l\u00e1 quando [&hellip;]<\/p>\n","protected":false},"author":13,"featured_media":125270,"comment_status":"closed","ping_status":"closed","sticky":false,"template":"","format":"standard","meta":{"_exactmetrics_skip_tracking":false,"_exactmetrics_sitenote_active":false,"_exactmetrics_sitenote_note":"","_exactmetrics_sitenote_category":0,"footnotes":""},"categories":[11],"tags":[27],"class_list":["post-125269","post","type-post","status-publish","format-standard","has-post-thumbnail","hentry","category-ponte-da-barca","tag-sociedade"],"yoast_head":"<!-- This site is optimized with the Yoast SEO Premium plugin v27.5 (Yoast SEO v27.5) - https:\/\/yoast.com\/product\/yoast-seo-premium-wordpress\/ -->\n<title>Ministro desafia CCDR-N a reunir entidades para encontrarem solu\u00e7\u00f5es para fim dos fogos<\/title>\n<meta name=\"robots\" content=\"index, follow, max-snippet:-1, max-image-preview:large, max-video-preview:-1\" \/>\n<link rel=\"canonical\" href=\"https:\/\/www.altominho.tv\/site\/2025\/11\/14\/ministro-desafia-ccdr-n-a-reunir-entidades-para-encontrarem-solucoes-para-fim-dos-fogos\/\" \/>\n<meta property=\"og:locale\" content=\"pt_PT\" \/>\n<meta property=\"og:type\" content=\"article\" \/>\n<meta property=\"og:title\" content=\"Ministro desafia CCDR-N a reunir entidades para encontrarem solu\u00e7\u00f5es para fim dos fogos\" \/>\n<meta property=\"og:description\" content=\"O ministro da Coes\u00e3o Territorial desafiou hoje o presidente da Comiss\u00e3o de Coordena\u00e7\u00e3o e Desenvolvimento Regional do Norte (CCDR-N) a reunir entidades \u00e0 mesma mesa para que consigam encontrar solu\u00e7\u00f5es que ponham fim aos inc\u00eandios florestais. \u201cAcho que devia assumir a miss\u00e3o de juntar todas as entidades.\u00a0Fecham-se numa sala e s\u00f3 saem de l\u00e1 quando [&hellip;]\" \/>\n<meta property=\"og:url\" content=\"https:\/\/www.altominho.tv\/site\/2025\/11\/14\/ministro-desafia-ccdr-n-a-reunir-entidades-para-encontrarem-solucoes-para-fim-dos-fogos\/\" \/>\n<meta property=\"og:site_name\" content=\"Altominho.tv\" \/>\n<meta property=\"article:publisher\" content=\"https:\/\/www.facebook.com\/altominhotv\" \/>\n<meta property=\"article:published_time\" content=\"2025-11-14T16:09:31+00:00\" \/>\n<meta property=\"article:modified_time\" content=\"2025-11-14T16:09:35+00:00\" \/>\n<meta property=\"og:image\" content=\"https:\/\/www.altominho.tv\/site\/wp-content\/uploads\/2025\/11\/BASE-FB-logo-Branco-1200-x-630-px-copia-1.png\" \/>\n\t<meta property=\"og:image:width\" content=\"1200\" \/>\n\t<meta property=\"og:image:height\" content=\"630\" \/>\n\t<meta property=\"og:image:type\" content=\"image\/png\" \/>\n<meta name=\"author\" content=\"Lusa\" \/>\n<meta name=\"twitter:card\" content=\"summary_large_image\" \/>\n<meta name=\"twitter:creator\" content=\"@altominhoTV\" \/>\n<meta name=\"twitter:site\" content=\"@altominhoTV\" \/>\n<meta name=\"twitter:label1\" content=\"Escrito por\" \/>\n\t<meta name=\"twitter:data1\" content=\"Lusa\" \/>\n\t<meta name=\"twitter:label2\" content=\"Tempo estimado de leitura\" \/>\n\t<meta name=\"twitter:data2\" content=\"3 minutos\" \/>\n<script type=\"application\/ld+json\" class=\"yoast-schema-graph\">{\"@context\":\"https:\\\/\\\/schema.org\",\"@graph\":[{\"@type\":\"Article\",\"@id\":\"https:\\\/\\\/www.altominho.tv\\\/site\\\/2025\\\/11\\\/14\\\/ministro-desafia-ccdr-n-a-reunir-entidades-para-encontrarem-solucoes-para-fim-dos-fogos\\\/#article\",\"isPartOf\":{\"@id\":\"https:\\\/\\\/www.altominho.tv\\\/site\\\/2025\\\/11\\\/14\\\/ministro-desafia-ccdr-n-a-reunir-entidades-para-encontrarem-solucoes-para-fim-dos-fogos\\\/\"},\"author\":{\"name\":\"Lusa\",\"@id\":\"https:\\\/\\\/www.altominho.tv\\\/site\\\/#\\\/schema\\\/person\\\/63f693da3e1899361cbe955c46f3232e\"},\"headline\":\"Ministro desafia CCDR-N a reunir entidades para encontrarem solu\u00e7\u00f5es para fim dos fogos\",\"datePublished\":\"2025-11-14T16:09:31+00:00\",\"dateModified\":\"2025-11-14T16:09:35+00:00\",\"mainEntityOfPage\":{\"@id\":\"https:\\\/\\\/www.altominho.tv\\\/site\\\/2025\\\/11\\\/14\\\/ministro-desafia-ccdr-n-a-reunir-entidades-para-encontrarem-solucoes-para-fim-dos-fogos\\\/\"},\"wordCount\":401,\"image\":{\"@id\":\"https:\\\/\\\/www.altominho.tv\\\/site\\\/2025\\\/11\\\/14\\\/ministro-desafia-ccdr-n-a-reunir-entidades-para-encontrarem-solucoes-para-fim-dos-fogos\\\/#primaryimage\"},\"thumbnailUrl\":\"https:\\\/\\\/www.altominho.tv\\\/site\\\/wp-content\\\/uploads\\\/2025\\\/11\\\/BASE-FB-logo-Branco-1200-x-630-px-copia-1.png\",\"keywords\":[\"Sociedade\"],\"articleSection\":[\"Ponte da Barca\"],\"inLanguage\":\"pt-PT\",\"copyrightYear\":\"2025\",\"copyrightHolder\":{\"@id\":\"https:\\\/\\\/www.altominho.tv\\\/site\\\/#organization\"}},{\"@type\":\"WebPage\",\"@id\":\"https:\\\/\\\/www.altominho.tv\\\/site\\\/2025\\\/11\\\/14\\\/ministro-desafia-ccdr-n-a-reunir-entidades-para-encontrarem-solucoes-para-fim-dos-fogos\\\/\",\"url\":\"https:\\\/\\\/www.altominho.tv\\\/site\\\/2025\\\/11\\\/14\\\/ministro-desafia-ccdr-n-a-reunir-entidades-para-encontrarem-solucoes-para-fim-dos-fogos\\\/\",\"name\":\"Ministro desafia CCDR-N a reunir entidades para encontrarem solu\u00e7\u00f5es para fim dos fogos\",\"isPartOf\":{\"@id\":\"https:\\\/\\\/www.altominho.tv\\\/site\\\/#website\"},\"primaryImageOfPage\":{\"@id\":\"https:\\\/\\\/www.altominho.tv\\\/site\\\/2025\\\/11\\\/14\\\/ministro-desafia-ccdr-n-a-reunir-entidades-para-encontrarem-solucoes-para-fim-dos-fogos\\\/#primaryimage\"},\"image\":{\"@id\":\"https:\\\/\\\/www.altominho.tv\\\/site\\\/2025\\\/11\\\/14\\\/ministro-desafia-ccdr-n-a-reunir-entidades-para-encontrarem-solucoes-para-fim-dos-fogos\\\/#primaryimage\"},\"thumbnailUrl\":\"https:\\\/\\\/www.altominho.tv\\\/site\\\/wp-content\\\/uploads\\\/2025\\\/11\\\/BASE-FB-logo-Branco-1200-x-630-px-copia-1.png\",\"datePublished\":\"2025-11-14T16:09:31+00:00\",\"dateModified\":\"2025-11-14T16:09:35+00:00\",\"author\":{\"@id\":\"https:\\\/\\\/www.altominho.tv\\\/site\\\/#\\\/schema\\\/person\\\/63f693da3e1899361cbe955c46f3232e\"},\"breadcrumb\":{\"@id\":\"https:\\\/\\\/www.altominho.tv\\\/site\\\/2025\\\/11\\\/14\\\/ministro-desafia-ccdr-n-a-reunir-entidades-para-encontrarem-solucoes-para-fim-dos-fogos\\\/#breadcrumb\"},\"inLanguage\":\"pt-PT\",\"potentialAction\":[{\"@type\":\"ReadAction\",\"target\":[\"https:\\\/\\\/www.altominho.tv\\\/site\\\/2025\\\/11\\\/14\\\/ministro-desafia-ccdr-n-a-reunir-entidades-para-encontrarem-solucoes-para-fim-dos-fogos\\\/\"]}]},{\"@type\":\"ImageObject\",\"inLanguage\":\"pt-PT\",\"@id\":\"https:\\\/\\\/www.altominho.tv\\\/site\\\/2025\\\/11\\\/14\\\/ministro-desafia-ccdr-n-a-reunir-entidades-para-encontrarem-solucoes-para-fim-dos-fogos\\\/#primaryimage\",\"url\":\"https:\\\/\\\/www.altominho.tv\\\/site\\\/wp-content\\\/uploads\\\/2025\\\/11\\\/BASE-FB-logo-Branco-1200-x-630-px-copia-1.png\",\"contentUrl\":\"https:\\\/\\\/www.altominho.tv\\\/site\\\/wp-content\\\/uploads\\\/2025\\\/11\\\/BASE-FB-logo-Branco-1200-x-630-px-copia-1.png\",\"width\":1200,\"height\":630},{\"@type\":\"BreadcrumbList\",\"@id\":\"https:\\\/\\\/www.altominho.tv\\\/site\\\/2025\\\/11\\\/14\\\/ministro-desafia-ccdr-n-a-reunir-entidades-para-encontrarem-solucoes-para-fim-dos-fogos\\\/#breadcrumb\",\"itemListElement\":[{\"@type\":\"ListItem\",\"position\":1,\"name\":\"In\u00edcio\",\"item\":\"https:\\\/\\\/www.altominho.tv\\\/site\\\/\"},{\"@type\":\"ListItem\",\"position\":2,\"name\":\"Ministro desafia CCDR-N a reunir entidades para encontrarem solu\u00e7\u00f5es para fim dos fogos\"}]},{\"@type\":\"WebSite\",\"@id\":\"https:\\\/\\\/www.altominho.tv\\\/site\\\/#website\",\"url\":\"https:\\\/\\\/www.altominho.tv\\\/site\\\/\",\"name\":\"Altominho.tv\",\"description\":\"A sua regi\u00e3o \u00e0 dist\u00e2ncia de um clique...\",\"potentialAction\":[{\"@type\":\"SearchAction\",\"target\":{\"@type\":\"EntryPoint\",\"urlTemplate\":\"https:\\\/\\\/www.altominho.tv\\\/site\\\/?s={search_term_string}\"},\"query-input\":{\"@type\":\"PropertyValueSpecification\",\"valueRequired\":true,\"valueName\":\"search_term_string\"}}],\"inLanguage\":\"pt-PT\"},{\"@type\":\"Person\",\"@id\":\"https:\\\/\\\/www.altominho.tv\\\/site\\\/#\\\/schema\\\/person\\\/63f693da3e1899361cbe955c46f3232e\",\"name\":\"Lusa\",\"image\":{\"@type\":\"ImageObject\",\"inLanguage\":\"pt-PT\",\"@id\":\"https:\\\/\\\/www.altominho.tv\\\/site\\\/wp-content\\\/uploads\\\/2019\\\/08\\\/LUSA_Logo.gif\",\"url\":\"https:\\\/\\\/www.altominho.tv\\\/site\\\/wp-content\\\/uploads\\\/2019\\\/08\\\/LUSA_Logo.gif\",\"contentUrl\":\"https:\\\/\\\/www.altominho.tv\\\/site\\\/wp-content\\\/uploads\\\/2019\\\/08\\\/LUSA_Logo.gif\",\"caption\":\"Lusa\"},\"sameAs\":[\"http:\\\/\\\/\\\/\\\/www.altominho.tv\\\/site\"],\"url\":\"https:\\\/\\\/www.altominho.tv\\\/site\\\/author\\\/lusa\\\/\"}]}<\/script>\n<!-- \/ Yoast SEO Premium plugin. -->","yoast_head_json":{"title":"Ministro desafia CCDR-N a reunir entidades para encontrarem solu\u00e7\u00f5es para fim dos fogos","robots":{"index":"index","follow":"follow","max-snippet":"max-snippet:-1","max-image-preview":"max-image-preview:large","max-video-preview":"max-video-preview:-1"},"canonical":"https:\/\/www.altominho.tv\/site\/2025\/11\/14\/ministro-desafia-ccdr-n-a-reunir-entidades-para-encontrarem-solucoes-para-fim-dos-fogos\/","og_locale":"pt_PT","og_type":"article","og_title":"Ministro desafia CCDR-N a reunir entidades para encontrarem solu\u00e7\u00f5es para fim dos fogos","og_description":"O ministro da Coes\u00e3o Territorial desafiou hoje o presidente da Comiss\u00e3o de Coordena\u00e7\u00e3o e Desenvolvimento Regional do Norte (CCDR-N) a reunir entidades \u00e0 mesma mesa para que consigam encontrar solu\u00e7\u00f5es que ponham fim aos inc\u00eandios florestais. \u201cAcho que devia assumir a miss\u00e3o de juntar todas as entidades.\u00a0Fecham-se numa sala e s\u00f3 saem de l\u00e1 quando [&hellip;]","og_url":"https:\/\/www.altominho.tv\/site\/2025\/11\/14\/ministro-desafia-ccdr-n-a-reunir-entidades-para-encontrarem-solucoes-para-fim-dos-fogos\/","og_site_name":"Altominho.tv","article_publisher":"https:\/\/www.facebook.com\/altominhotv","article_published_time":"2025-11-14T16:09:31+00:00","article_modified_time":"2025-11-14T16:09:35+00:00","og_image":[{"width":1200,"height":630,"url":"https:\/\/www.altominho.tv\/site\/wp-content\/uploads\/2025\/11\/BASE-FB-logo-Branco-1200-x-630-px-copia-1.png","type":"image\/png"}],"author":"Lusa","twitter_card":"summary_large_image","twitter_creator":"@altominhoTV","twitter_site":"@altominhoTV","twitter_misc":{"Escrito por":"Lusa","Tempo estimado de leitura":"3 minutos"},"schema":{"@context":"https:\/\/schema.org","@graph":[{"@type":"Article","@id":"https:\/\/www.altominho.tv\/site\/2025\/11\/14\/ministro-desafia-ccdr-n-a-reunir-entidades-para-encontrarem-solucoes-para-fim-dos-fogos\/#article","isPartOf":{"@id":"https:\/\/www.altominho.tv\/site\/2025\/11\/14\/ministro-desafia-ccdr-n-a-reunir-entidades-para-encontrarem-solucoes-para-fim-dos-fogos\/"},"author":{"name":"Lusa","@id":"https:\/\/www.altominho.tv\/site\/#\/schema\/person\/63f693da3e1899361cbe955c46f3232e"},"headline":"Ministro desafia CCDR-N a reunir entidades para encontrarem solu\u00e7\u00f5es para fim dos fogos","datePublished":"2025-11-14T16:09:31+00:00","dateModified":"2025-11-14T16:09:35+00:00","mainEntityOfPage":{"@id":"https:\/\/www.altominho.tv\/site\/2025\/11\/14\/ministro-desafia-ccdr-n-a-reunir-entidades-para-encontrarem-solucoes-para-fim-dos-fogos\/"},"wordCount":401,"image":{"@id":"https:\/\/www.altominho.tv\/site\/2025\/11\/14\/ministro-desafia-ccdr-n-a-reunir-entidades-para-encontrarem-solucoes-para-fim-dos-fogos\/#primaryimage"},"thumbnailUrl":"https:\/\/www.altominho.tv\/site\/wp-content\/uploads\/2025\/11\/BASE-FB-logo-Branco-1200-x-630-px-copia-1.png","keywords":["Sociedade"],"articleSection":["Ponte da Barca"],"inLanguage":"pt-PT","copyrightYear":"2025","copyrightHolder":{"@id":"https:\/\/www.altominho.tv\/site\/#organization"}},{"@type":"WebPage","@id":"https:\/\/www.altominho.tv\/site\/2025\/11\/14\/ministro-desafia-ccdr-n-a-reunir-entidades-para-encontrarem-solucoes-para-fim-dos-fogos\/","url":"https:\/\/www.altominho.tv\/site\/2025\/11\/14\/ministro-desafia-ccdr-n-a-reunir-entidades-para-encontrarem-solucoes-para-fim-dos-fogos\/","name":"Ministro desafia CCDR-N a reunir entidades para encontrarem solu\u00e7\u00f5es para fim dos fogos","isPartOf":{"@id":"https:\/\/www.altominho.tv\/site\/#website"},"primaryImageOfPage":{"@id":"https:\/\/www.altominho.tv\/site\/2025\/11\/14\/ministro-desafia-ccdr-n-a-reunir-entidades-para-encontrarem-solucoes-para-fim-dos-fogos\/#primaryimage"},"image":{"@id":"https:\/\/www.altominho.tv\/site\/2025\/11\/14\/ministro-desafia-ccdr-n-a-reunir-entidades-para-encontrarem-solucoes-para-fim-dos-fogos\/#primaryimage"},"thumbnailUrl":"https:\/\/www.altominho.tv\/site\/wp-content\/uploads\/2025\/11\/BASE-FB-logo-Branco-1200-x-630-px-copia-1.png","datePublished":"2025-11-14T16:09:31+00:00","dateModified":"2025-11-14T16:09:35+00:00","author":{"@id":"https:\/\/www.altominho.tv\/site\/#\/schema\/person\/63f693da3e1899361cbe955c46f3232e"},"breadcrumb":{"@id":"https:\/\/www.altominho.tv\/site\/2025\/11\/14\/ministro-desafia-ccdr-n-a-reunir-entidades-para-encontrarem-solucoes-para-fim-dos-fogos\/#breadcrumb"},"inLanguage":"pt-PT","potentialAction":[{"@type":"ReadAction","target":["https:\/\/www.altominho.tv\/site\/2025\/11\/14\/ministro-desafia-ccdr-n-a-reunir-entidades-para-encontrarem-solucoes-para-fim-dos-fogos\/"]}]},{"@type":"ImageObject","inLanguage":"pt-PT","@id":"https:\/\/www.altominho.tv\/site\/2025\/11\/14\/ministro-desafia-ccdr-n-a-reunir-entidades-para-encontrarem-solucoes-para-fim-dos-fogos\/#primaryimage","url":"https:\/\/www.altominho.tv\/site\/wp-content\/uploads\/2025\/11\/BASE-FB-logo-Branco-1200-x-630-px-copia-1.png","contentUrl":"https:\/\/www.altominho.tv\/site\/wp-content\/uploads\/2025\/11\/BASE-FB-logo-Branco-1200-x-630-px-copia-1.png","width":1200,"height":630},{"@type":"BreadcrumbList","@id":"https:\/\/www.altominho.tv\/site\/2025\/11\/14\/ministro-desafia-ccdr-n-a-reunir-entidades-para-encontrarem-solucoes-para-fim-dos-fogos\/#breadcrumb","itemListElement":[{"@type":"ListItem","position":1,"name":"In\u00edcio","item":"https:\/\/www.altominho.tv\/site\/"},{"@type":"ListItem","position":2,"name":"Ministro desafia CCDR-N a reunir entidades para encontrarem solu\u00e7\u00f5es para fim dos fogos"}]},{"@type":"WebSite","@id":"https:\/\/www.altominho.tv\/site\/#website","url":"https:\/\/www.altominho.tv\/site\/","name":"Altominho.tv","description":"A sua regi\u00e3o \u00e0 dist\u00e2ncia de um clique...","potentialAction":[{"@type":"SearchAction","target":{"@type":"EntryPoint","urlTemplate":"https:\/\/www.altominho.tv\/site\/?s={search_term_string}"},"query-input":{"@type":"PropertyValueSpecification","valueRequired":true,"valueName":"search_term_string"}}],"inLanguage":"pt-PT"},{"@type":"Person","@id":"https:\/\/www.altominho.tv\/site\/#\/schema\/person\/63f693da3e1899361cbe955c46f3232e","name":"Lusa","image":{"@type":"ImageObject","inLanguage":"pt-PT","@id":"https:\/\/www.altominho.tv\/site\/wp-content\/uploads\/2019\/08\/LUSA_Logo.gif","url":"https:\/\/www.altominho.tv\/site\/wp-content\/uploads\/2019\/08\/LUSA_Logo.gif","contentUrl":"https:\/\/www.altominho.tv\/site\/wp-content\/uploads\/2019\/08\/LUSA_Logo.gif","caption":"Lusa"},"sameAs":["http:\/\/\/\/www.altominho.tv\/site"],"url":"https:\/\/www.altominho.tv\/site\/author\/lusa\/"}]}},"_links":{"self":[{"href":"https:\/\/www.altominho.tv\/site\/wp-json\/wp\/v2\/posts\/125269","targetHints":{"allow":["GET"]}}],"collection":[{"href":"https:\/\/www.altominho.tv\/site\/wp-json\/wp\/v2\/posts"}],"about":[{"href":"https:\/\/www.altominho.tv\/site\/wp-json\/wp\/v2\/types\/post"}],"author":[{"embeddable":true,"href":"https:\/\/www.altominho.tv\/site\/wp-json\/wp\/v2\/users\/13"}],"replies":[{"embeddable":true,"href":"https:\/\/www.altominho.tv\/site\/wp-json\/wp\/v2\/comments?post=125269"}],"version-history":[{"count":1,"href":"https:\/\/www.altominho.tv\/site\/wp-json\/wp\/v2\/posts\/125269\/revisions"}],"predecessor-version":[{"id":125271,"href":"https:\/\/www.altominho.tv\/site\/wp-json\/wp\/v2\/posts\/125269\/revisions\/125271"}],"wp:featuredmedia":[{"embeddable":true,"href":"https:\/\/www.altominho.tv\/site\/wp-json\/wp\/v2\/media\/125270"}],"wp:attachment":[{"href":"https:\/\/www.altominho.tv\/site\/wp-json\/wp\/v2\/media?parent=125269"}],"wp:term":[{"taxonomy":"category","embeddable":true,"href":"https:\/\/www.altominho.tv\/site\/wp-json\/wp\/v2\/categories?post=125269"},{"taxonomy":"post_tag","embeddable":true,"href":"https:\/\/www.altominho.tv\/site\/wp-json\/wp\/v2\/tags?post=125269"}],"curies":[{"name":"wp","href":"https:\/\/api.w.org\/{rel}","templated":true}]}}