{"id":125217,"date":"2025-11-13T11:54:04","date_gmt":"2025-11-13T11:54:04","guid":{"rendered":"https:\/\/www.altominho.tv\/site\/?p=125217"},"modified":"2025-11-13T11:54:06","modified_gmt":"2025-11-13T11:54:06","slug":"bombeiro-de-valenca-ajuda-a-salvar-passageiro-durante-voo-para-o-brasil","status":"publish","type":"post","link":"https:\/\/www.altominho.tv\/site\/2025\/11\/13\/bombeiro-de-valenca-ajuda-a-salvar-passageiro-durante-voo-para-o-brasil\/","title":{"rendered":"Bombeiro de Valen\u00e7a ajuda a salvar passageiro durante voo para o Brasil"},"content":{"rendered":"<article class=\"text-token-text-primary w-full focus:outline-none [--shadow-height:45px] has-data-writing-block:pointer-events-none has-data-writing-block:-mt-(--shadow-height) has-data-writing-block:pt-(--shadow-height) [&amp;:has([data-writing-block])&gt;*]:pointer-events-auto [content-visibility:auto] supports-[content-visibility:auto]:[contain-intrinsic-size:auto_100lvh] scroll-mt-[calc(var(--header-height)+min(200px,max(70px,20svh)))]\" dir=\"auto\" tabindex=\"-1\" data-turn-id=\"request-WEB:a152569b-87ff-4507-af66-3cdd828f568a-7\" data-testid=\"conversation-turn-16\" data-scroll-anchor=\"true\" data-turn=\"assistant\">\n<div class=\"text-base my-auto mx-auto pb-10 [--thread-content-margin:--spacing(4)] thread-sm:[--thread-content-margin:--spacing(6)] thread-lg:[--thread-content-margin:--spacing(16)] px-(--thread-content-margin)\">\n<div class=\"[--thread-content-max-width:40rem] thread-lg:[--thread-content-max-width:48rem] mx-auto max-w-(--thread-content-max-width) flex-1 group\/turn-messages focus-visible:outline-hidden relative flex w-full min-w-0 flex-col agent-turn\" tabindex=\"-1\">\n<div class=\"flex max-w-full flex-col grow\">\n<div class=\"min-h-8 text-message relative flex w-full flex-col items-end gap-2 text-start break-words whitespace-normal [.text-message+&amp;]:mt-1\" dir=\"auto\" data-message-author-role=\"assistant\" data-message-id=\"ccd819e3-c477-413f-ad12-11e05f31c6f0\" data-message-model-slug=\"gpt-5\">\n<div class=\"flex w-full flex-col gap-1 empty:hidden first:pt-[1px]\">\n<div class=\"markdown prose dark:prose-invert w-full break-words light markdown-new-styling\">\n<p data-start=\"79\" data-end=\"407\">Rafael Machado, bombeiro volunt\u00e1rio em Valen\u00e7a, prestou socorro a um passageiro franc\u00eas que sofreu uma apendicite aguda durante um voo entre o Porto e o Recife, no Brasil. O incidente ocorreu na passada ter\u00e7a-feira e obrigou a uma aterragem de emerg\u00eancia em Cabo Verde, para que o doente pudesse receber tratamento hospitalar.<\/p>\n<p data-start=\"409\" data-end=\"755\">De acordo com o <em data-start=\"425\" data-end=\"443\">Correio da Manh\u00e3<\/em>, o bombeiro viajava no mesmo avi\u00e3o quando a tripula\u00e7\u00e3o pediu assist\u00eancia m\u00e9dica a bordo. \u201cO senhor estava sentado tr\u00eas lugares atr\u00e1s de mim e come\u00e7ou a manifestar muitas dores e v\u00f3mitos\u201d, relatou Rafael Machado, que \u00e9 natural do Brasil e integra h\u00e1 dois anos a corpora\u00e7\u00e3o dos Bombeiros Volunt\u00e1rios de Valen\u00e7a.<\/p>\n<p data-start=\"757\" data-end=\"1020\">Durante o epis\u00f3dio, o operacional colaborou com uma m\u00e9dica que tamb\u00e9m seguia no voo. \u201cA m\u00e9dica perguntou-me se eu achava melhor o avi\u00e3o desviar, porque o comandante estava a questionar, e eu disse que sim, porque havia o risco de o ap\u00eandice estourar\u201d, explicou.<\/p>\n<p data-start=\"1022\" data-end=\"1320\" data-is-last-node=\"\" data-is-only-node=\"\">Com experi\u00eancia adquirida no corpo de bombeiros, Rafael Machado sublinhou que essa forma\u00e7\u00e3o \u201cfez toda a diferen\u00e7a para avaliar e auxiliar a m\u00e9dica\u201d no momento da emerg\u00eancia. O passageiro foi posteriormente encaminhado para uma unidade hospitalar em Cabo Verde, onde recebeu os cuidados necess\u00e1rios.<\/p>\n<\/div>\n<\/div>\n<\/div>\n<\/div>\n<div class=\"z-0 flex min-h-[46px] justify-start\"><\/div>\n<div class=\"mt-3 w-full empty:hidden\">\n<div class=\"text-center\"><\/div>\n<\/div>\n<\/div>\n<\/div>\n<\/article>\n<div class=\"pointer-events-none h-px w-px\" aria-hidden=\"true\" data-edge=\"true\"><\/div>\n","protected":false},"excerpt":{"rendered":"<p>Rafael Machado, bombeiro volunt\u00e1rio em Valen\u00e7a, prestou socorro a um passageiro franc\u00eas que sofreu uma apendicite aguda durante um voo entre o Porto e o Recife, no Brasil. O incidente ocorreu na passada ter\u00e7a-feira e obrigou a uma aterragem de emerg\u00eancia em Cabo Verde, para que o doente pudesse receber tratamento hospitalar. De acordo com [&hellip;]<\/p>\n","protected":false},"author":1,"featured_media":125218,"comment_status":"closed","ping_status":"closed","sticky":false,"template":"","format":"standard","meta":{"_exactmetrics_skip_tracking":false,"_exactmetrics_sitenote_active":false,"_exactmetrics_sitenote_note":"","_exactmetrics_sitenote_category":0,"footnotes":""},"categories":[13],"tags":[27],"class_list":["post-125217","post","type-post","status-publish","format-standard","has-post-thumbnail","hentry","category-valenca","tag-sociedade"],"yoast_head":"<!-- This site is optimized with the Yoast SEO Premium plugin v27.5 (Yoast SEO v27.5) - https:\/\/yoast.com\/product\/yoast-seo-premium-wordpress\/ -->\n<title>Bombeiro de Valen\u00e7a ajuda a salvar passageiro durante voo para o Brasil<\/title>\n<meta name=\"description\" content=\"Rafael Machado, bombeiro volunt\u00e1rio em Valen\u00e7a, prestou socorro a um passageiro franc\u00eas que sofreu uma apendicite aguda durante um voo entre o Porto e o Recife, no Brasil. O incidente ocorreu na passada ter\u00e7a-feira e obrigou a uma aterragem de emerg\u00eancia em Cabo Verde, para que o doente pudesse receber tratamento hospitalar.\" \/>\n<meta name=\"robots\" content=\"index, follow, max-snippet:-1, max-image-preview:large, max-video-preview:-1\" \/>\n<link rel=\"canonical\" href=\"https:\/\/www.altominho.tv\/site\/2025\/11\/13\/bombeiro-de-valenca-ajuda-a-salvar-passageiro-durante-voo-para-o-brasil\/\" \/>\n<meta property=\"og:locale\" content=\"pt_PT\" \/>\n<meta property=\"og:type\" content=\"article\" \/>\n<meta property=\"og:title\" content=\"Bombeiro de Valen\u00e7a ajuda a salvar passageiro durante voo para o Brasil\" \/>\n<meta property=\"og:description\" content=\"Rafael Machado, bombeiro volunt\u00e1rio em Valen\u00e7a, prestou socorro a um passageiro franc\u00eas que sofreu uma apendicite aguda durante um voo entre o Porto e o Recife, no Brasil. O incidente ocorreu na passada ter\u00e7a-feira e obrigou a uma aterragem de emerg\u00eancia em Cabo Verde, para que o doente pudesse receber tratamento hospitalar.\" \/>\n<meta property=\"og:url\" content=\"https:\/\/www.altominho.tv\/site\/2025\/11\/13\/bombeiro-de-valenca-ajuda-a-salvar-passageiro-durante-voo-para-o-brasil\/\" \/>\n<meta property=\"og:site_name\" content=\"Altominho.tv\" \/>\n<meta property=\"article:publisher\" content=\"https:\/\/www.facebook.com\/altominhotv\" \/>\n<meta property=\"article:published_time\" content=\"2025-11-13T11:54:04+00:00\" \/>\n<meta property=\"article:modified_time\" content=\"2025-11-13T11:54:06+00:00\" \/>\n<meta property=\"og:image\" content=\"https:\/\/www.altominho.tv\/site\/wp-content\/uploads\/2025\/11\/interior-aviao.jpg\" \/>\n\t<meta property=\"og:image:width\" content=\"1200\" \/>\n\t<meta property=\"og:image:height\" content=\"630\" \/>\n\t<meta property=\"og:image:type\" content=\"image\/jpeg\" \/>\n<meta name=\"author\" content=\"Altominho.tv\" \/>\n<meta name=\"twitter:card\" content=\"summary_large_image\" \/>\n<meta name=\"twitter:creator\" content=\"@altominhoTV\" \/>\n<meta name=\"twitter:site\" content=\"@altominhoTV\" \/>\n<meta name=\"twitter:label1\" content=\"Escrito por\" \/>\n\t<meta name=\"twitter:data1\" content=\"Altominho.tv\" \/>\n\t<meta name=\"twitter:label2\" content=\"Tempo estimado de leitura\" \/>\n\t<meta name=\"twitter:data2\" content=\"2 minutos\" \/>\n<script type=\"application\/ld+json\" class=\"yoast-schema-graph\">{\"@context\":\"https:\\\/\\\/schema.org\",\"@graph\":[{\"@type\":\"Article\",\"@id\":\"https:\\\/\\\/www.altominho.tv\\\/site\\\/2025\\\/11\\\/13\\\/bombeiro-de-valenca-ajuda-a-salvar-passageiro-durante-voo-para-o-brasil\\\/#article\",\"isPartOf\":{\"@id\":\"https:\\\/\\\/www.altominho.tv\\\/site\\\/2025\\\/11\\\/13\\\/bombeiro-de-valenca-ajuda-a-salvar-passageiro-durante-voo-para-o-brasil\\\/\"},\"author\":{\"name\":\"Altominho.tv\",\"@id\":\"https:\\\/\\\/www.altominho.tv\\\/site\\\/#\\\/schema\\\/person\\\/4e536851627d7914baf3dac752b6af22\"},\"headline\":\"Bombeiro de Valen\u00e7a ajuda a salvar passageiro durante voo para o Brasil\",\"datePublished\":\"2025-11-13T11:54:04+00:00\",\"dateModified\":\"2025-11-13T11:54:06+00:00\",\"mainEntityOfPage\":{\"@id\":\"https:\\\/\\\/www.altominho.tv\\\/site\\\/2025\\\/11\\\/13\\\/bombeiro-de-valenca-ajuda-a-salvar-passageiro-durante-voo-para-o-brasil\\\/\"},\"wordCount\":238,\"image\":{\"@id\":\"https:\\\/\\\/www.altominho.tv\\\/site\\\/2025\\\/11\\\/13\\\/bombeiro-de-valenca-ajuda-a-salvar-passageiro-durante-voo-para-o-brasil\\\/#primaryimage\"},\"thumbnailUrl\":\"https:\\\/\\\/www.altominho.tv\\\/site\\\/wp-content\\\/uploads\\\/2025\\\/11\\\/interior-aviao.jpg\",\"keywords\":[\"Sociedade\"],\"articleSection\":[\"Valen\u00e7a\"],\"inLanguage\":\"pt-PT\",\"copyrightYear\":\"2025\",\"copyrightHolder\":{\"@id\":\"https:\\\/\\\/www.altominho.tv\\\/site\\\/#organization\"}},{\"@type\":\"WebPage\",\"@id\":\"https:\\\/\\\/www.altominho.tv\\\/site\\\/2025\\\/11\\\/13\\\/bombeiro-de-valenca-ajuda-a-salvar-passageiro-durante-voo-para-o-brasil\\\/\",\"url\":\"https:\\\/\\\/www.altominho.tv\\\/site\\\/2025\\\/11\\\/13\\\/bombeiro-de-valenca-ajuda-a-salvar-passageiro-durante-voo-para-o-brasil\\\/\",\"name\":\"Bombeiro de Valen\u00e7a ajuda a salvar passageiro durante voo para o Brasil\",\"isPartOf\":{\"@id\":\"https:\\\/\\\/www.altominho.tv\\\/site\\\/#website\"},\"primaryImageOfPage\":{\"@id\":\"https:\\\/\\\/www.altominho.tv\\\/site\\\/2025\\\/11\\\/13\\\/bombeiro-de-valenca-ajuda-a-salvar-passageiro-durante-voo-para-o-brasil\\\/#primaryimage\"},\"image\":{\"@id\":\"https:\\\/\\\/www.altominho.tv\\\/site\\\/2025\\\/11\\\/13\\\/bombeiro-de-valenca-ajuda-a-salvar-passageiro-durante-voo-para-o-brasil\\\/#primaryimage\"},\"thumbnailUrl\":\"https:\\\/\\\/www.altominho.tv\\\/site\\\/wp-content\\\/uploads\\\/2025\\\/11\\\/interior-aviao.jpg\",\"datePublished\":\"2025-11-13T11:54:04+00:00\",\"dateModified\":\"2025-11-13T11:54:06+00:00\",\"author\":{\"@id\":\"https:\\\/\\\/www.altominho.tv\\\/site\\\/#\\\/schema\\\/person\\\/4e536851627d7914baf3dac752b6af22\"},\"description\":\"Rafael Machado, bombeiro volunt\u00e1rio em Valen\u00e7a, prestou socorro a um passageiro franc\u00eas que sofreu uma apendicite aguda durante um voo entre o Porto e o Recife, no Brasil. O incidente ocorreu na passada ter\u00e7a-feira e obrigou a uma aterragem de emerg\u00eancia em Cabo Verde, para que o doente pudesse receber tratamento hospitalar.\",\"breadcrumb\":{\"@id\":\"https:\\\/\\\/www.altominho.tv\\\/site\\\/2025\\\/11\\\/13\\\/bombeiro-de-valenca-ajuda-a-salvar-passageiro-durante-voo-para-o-brasil\\\/#breadcrumb\"},\"inLanguage\":\"pt-PT\",\"potentialAction\":[{\"@type\":\"ReadAction\",\"target\":[\"https:\\\/\\\/www.altominho.tv\\\/site\\\/2025\\\/11\\\/13\\\/bombeiro-de-valenca-ajuda-a-salvar-passageiro-durante-voo-para-o-brasil\\\/\"]}]},{\"@type\":\"ImageObject\",\"inLanguage\":\"pt-PT\",\"@id\":\"https:\\\/\\\/www.altominho.tv\\\/site\\\/2025\\\/11\\\/13\\\/bombeiro-de-valenca-ajuda-a-salvar-passageiro-durante-voo-para-o-brasil\\\/#primaryimage\",\"url\":\"https:\\\/\\\/www.altominho.tv\\\/site\\\/wp-content\\\/uploads\\\/2025\\\/11\\\/interior-aviao.jpg\",\"contentUrl\":\"https:\\\/\\\/www.altominho.tv\\\/site\\\/wp-content\\\/uploads\\\/2025\\\/11\\\/interior-aviao.jpg\",\"width\":1200,\"height\":630},{\"@type\":\"BreadcrumbList\",\"@id\":\"https:\\\/\\\/www.altominho.tv\\\/site\\\/2025\\\/11\\\/13\\\/bombeiro-de-valenca-ajuda-a-salvar-passageiro-durante-voo-para-o-brasil\\\/#breadcrumb\",\"itemListElement\":[{\"@type\":\"ListItem\",\"position\":1,\"name\":\"In\u00edcio\",\"item\":\"https:\\\/\\\/www.altominho.tv\\\/site\\\/\"},{\"@type\":\"ListItem\",\"position\":2,\"name\":\"Bombeiro de Valen\u00e7a ajuda a salvar passageiro durante voo para o Brasil\"}]},{\"@type\":\"WebSite\",\"@id\":\"https:\\\/\\\/www.altominho.tv\\\/site\\\/#website\",\"url\":\"https:\\\/\\\/www.altominho.tv\\\/site\\\/\",\"name\":\"Altominho.tv\",\"description\":\"A sua regi\u00e3o \u00e0 dist\u00e2ncia de um clique...\",\"potentialAction\":[{\"@type\":\"SearchAction\",\"target\":{\"@type\":\"EntryPoint\",\"urlTemplate\":\"https:\\\/\\\/www.altominho.tv\\\/site\\\/?s={search_term_string}\"},\"query-input\":{\"@type\":\"PropertyValueSpecification\",\"valueRequired\":true,\"valueName\":\"search_term_string\"}}],\"inLanguage\":\"pt-PT\"},{\"@type\":\"Person\",\"@id\":\"https:\\\/\\\/www.altominho.tv\\\/site\\\/#\\\/schema\\\/person\\\/4e536851627d7914baf3dac752b6af22\",\"name\":\"Altominho.tv\",\"image\":{\"@type\":\"ImageObject\",\"inLanguage\":\"pt-PT\",\"@id\":\"https:\\\/\\\/www.altominho.tv\\\/site\\\/wp-content\\\/uploads\\\/2019\\\/11\\\/Logo_Avatar_2-150x150.jpg\",\"url\":\"https:\\\/\\\/www.altominho.tv\\\/site\\\/wp-content\\\/uploads\\\/2019\\\/11\\\/Logo_Avatar_2-150x150.jpg\",\"contentUrl\":\"https:\\\/\\\/www.altominho.tv\\\/site\\\/wp-content\\\/uploads\\\/2019\\\/11\\\/Logo_Avatar_2-150x150.jpg\",\"caption\":\"Altominho.tv\"},\"url\":\"https:\\\/\\\/www.altominho.tv\\\/site\\\/author\\\/altominhotv-tecnico\\\/\"}]}<\/script>\n<!-- \/ Yoast SEO Premium plugin. -->","yoast_head_json":{"title":"Bombeiro de Valen\u00e7a ajuda a salvar passageiro durante voo para o Brasil","description":"Rafael Machado, bombeiro volunt\u00e1rio em Valen\u00e7a, prestou socorro a um passageiro franc\u00eas que sofreu uma apendicite aguda durante um voo entre o Porto e o Recife, no Brasil. O incidente ocorreu na passada ter\u00e7a-feira e obrigou a uma aterragem de emerg\u00eancia em Cabo Verde, para que o doente pudesse receber tratamento hospitalar.","robots":{"index":"index","follow":"follow","max-snippet":"max-snippet:-1","max-image-preview":"max-image-preview:large","max-video-preview":"max-video-preview:-1"},"canonical":"https:\/\/www.altominho.tv\/site\/2025\/11\/13\/bombeiro-de-valenca-ajuda-a-salvar-passageiro-durante-voo-para-o-brasil\/","og_locale":"pt_PT","og_type":"article","og_title":"Bombeiro de Valen\u00e7a ajuda a salvar passageiro durante voo para o Brasil","og_description":"Rafael Machado, bombeiro volunt\u00e1rio em Valen\u00e7a, prestou socorro a um passageiro franc\u00eas que sofreu uma apendicite aguda durante um voo entre o Porto e o Recife, no Brasil. O incidente ocorreu na passada ter\u00e7a-feira e obrigou a uma aterragem de emerg\u00eancia em Cabo Verde, para que o doente pudesse receber tratamento hospitalar.","og_url":"https:\/\/www.altominho.tv\/site\/2025\/11\/13\/bombeiro-de-valenca-ajuda-a-salvar-passageiro-durante-voo-para-o-brasil\/","og_site_name":"Altominho.tv","article_publisher":"https:\/\/www.facebook.com\/altominhotv","article_published_time":"2025-11-13T11:54:04+00:00","article_modified_time":"2025-11-13T11:54:06+00:00","og_image":[{"width":1200,"height":630,"url":"https:\/\/www.altominho.tv\/site\/wp-content\/uploads\/2025\/11\/interior-aviao.jpg","type":"image\/jpeg"}],"author":"Altominho.tv","twitter_card":"summary_large_image","twitter_creator":"@altominhoTV","twitter_site":"@altominhoTV","twitter_misc":{"Escrito por":"Altominho.tv","Tempo estimado de leitura":"2 minutos"},"schema":{"@context":"https:\/\/schema.org","@graph":[{"@type":"Article","@id":"https:\/\/www.altominho.tv\/site\/2025\/11\/13\/bombeiro-de-valenca-ajuda-a-salvar-passageiro-durante-voo-para-o-brasil\/#article","isPartOf":{"@id":"https:\/\/www.altominho.tv\/site\/2025\/11\/13\/bombeiro-de-valenca-ajuda-a-salvar-passageiro-durante-voo-para-o-brasil\/"},"author":{"name":"Altominho.tv","@id":"https:\/\/www.altominho.tv\/site\/#\/schema\/person\/4e536851627d7914baf3dac752b6af22"},"headline":"Bombeiro de Valen\u00e7a ajuda a salvar passageiro durante voo para o Brasil","datePublished":"2025-11-13T11:54:04+00:00","dateModified":"2025-11-13T11:54:06+00:00","mainEntityOfPage":{"@id":"https:\/\/www.altominho.tv\/site\/2025\/11\/13\/bombeiro-de-valenca-ajuda-a-salvar-passageiro-durante-voo-para-o-brasil\/"},"wordCount":238,"image":{"@id":"https:\/\/www.altominho.tv\/site\/2025\/11\/13\/bombeiro-de-valenca-ajuda-a-salvar-passageiro-durante-voo-para-o-brasil\/#primaryimage"},"thumbnailUrl":"https:\/\/www.altominho.tv\/site\/wp-content\/uploads\/2025\/11\/interior-aviao.jpg","keywords":["Sociedade"],"articleSection":["Valen\u00e7a"],"inLanguage":"pt-PT","copyrightYear":"2025","copyrightHolder":{"@id":"https:\/\/www.altominho.tv\/site\/#organization"}},{"@type":"WebPage","@id":"https:\/\/www.altominho.tv\/site\/2025\/11\/13\/bombeiro-de-valenca-ajuda-a-salvar-passageiro-durante-voo-para-o-brasil\/","url":"https:\/\/www.altominho.tv\/site\/2025\/11\/13\/bombeiro-de-valenca-ajuda-a-salvar-passageiro-durante-voo-para-o-brasil\/","name":"Bombeiro de Valen\u00e7a ajuda a salvar passageiro durante voo para o Brasil","isPartOf":{"@id":"https:\/\/www.altominho.tv\/site\/#website"},"primaryImageOfPage":{"@id":"https:\/\/www.altominho.tv\/site\/2025\/11\/13\/bombeiro-de-valenca-ajuda-a-salvar-passageiro-durante-voo-para-o-brasil\/#primaryimage"},"image":{"@id":"https:\/\/www.altominho.tv\/site\/2025\/11\/13\/bombeiro-de-valenca-ajuda-a-salvar-passageiro-durante-voo-para-o-brasil\/#primaryimage"},"thumbnailUrl":"https:\/\/www.altominho.tv\/site\/wp-content\/uploads\/2025\/11\/interior-aviao.jpg","datePublished":"2025-11-13T11:54:04+00:00","dateModified":"2025-11-13T11:54:06+00:00","author":{"@id":"https:\/\/www.altominho.tv\/site\/#\/schema\/person\/4e536851627d7914baf3dac752b6af22"},"description":"Rafael Machado, bombeiro volunt\u00e1rio em Valen\u00e7a, prestou socorro a um passageiro franc\u00eas que sofreu uma apendicite aguda durante um voo entre o Porto e o Recife, no Brasil. O incidente ocorreu na passada ter\u00e7a-feira e obrigou a uma aterragem de emerg\u00eancia em Cabo Verde, para que o doente pudesse receber tratamento hospitalar.","breadcrumb":{"@id":"https:\/\/www.altominho.tv\/site\/2025\/11\/13\/bombeiro-de-valenca-ajuda-a-salvar-passageiro-durante-voo-para-o-brasil\/#breadcrumb"},"inLanguage":"pt-PT","potentialAction":[{"@type":"ReadAction","target":["https:\/\/www.altominho.tv\/site\/2025\/11\/13\/bombeiro-de-valenca-ajuda-a-salvar-passageiro-durante-voo-para-o-brasil\/"]}]},{"@type":"ImageObject","inLanguage":"pt-PT","@id":"https:\/\/www.altominho.tv\/site\/2025\/11\/13\/bombeiro-de-valenca-ajuda-a-salvar-passageiro-durante-voo-para-o-brasil\/#primaryimage","url":"https:\/\/www.altominho.tv\/site\/wp-content\/uploads\/2025\/11\/interior-aviao.jpg","contentUrl":"https:\/\/www.altominho.tv\/site\/wp-content\/uploads\/2025\/11\/interior-aviao.jpg","width":1200,"height":630},{"@type":"BreadcrumbList","@id":"https:\/\/www.altominho.tv\/site\/2025\/11\/13\/bombeiro-de-valenca-ajuda-a-salvar-passageiro-durante-voo-para-o-brasil\/#breadcrumb","itemListElement":[{"@type":"ListItem","position":1,"name":"In\u00edcio","item":"https:\/\/www.altominho.tv\/site\/"},{"@type":"ListItem","position":2,"name":"Bombeiro de Valen\u00e7a ajuda a salvar passageiro durante voo para o Brasil"}]},{"@type":"WebSite","@id":"https:\/\/www.altominho.tv\/site\/#website","url":"https:\/\/www.altominho.tv\/site\/","name":"Altominho.tv","description":"A sua regi\u00e3o \u00e0 dist\u00e2ncia de um clique...","potentialAction":[{"@type":"SearchAction","target":{"@type":"EntryPoint","urlTemplate":"https:\/\/www.altominho.tv\/site\/?s={search_term_string}"},"query-input":{"@type":"PropertyValueSpecification","valueRequired":true,"valueName":"search_term_string"}}],"inLanguage":"pt-PT"},{"@type":"Person","@id":"https:\/\/www.altominho.tv\/site\/#\/schema\/person\/4e536851627d7914baf3dac752b6af22","name":"Altominho.tv","image":{"@type":"ImageObject","inLanguage":"pt-PT","@id":"https:\/\/www.altominho.tv\/site\/wp-content\/uploads\/2019\/11\/Logo_Avatar_2-150x150.jpg","url":"https:\/\/www.altominho.tv\/site\/wp-content\/uploads\/2019\/11\/Logo_Avatar_2-150x150.jpg","contentUrl":"https:\/\/www.altominho.tv\/site\/wp-content\/uploads\/2019\/11\/Logo_Avatar_2-150x150.jpg","caption":"Altominho.tv"},"url":"https:\/\/www.altominho.tv\/site\/author\/altominhotv-tecnico\/"}]}},"_links":{"self":[{"href":"https:\/\/www.altominho.tv\/site\/wp-json\/wp\/v2\/posts\/125217","targetHints":{"allow":["GET"]}}],"collection":[{"href":"https:\/\/www.altominho.tv\/site\/wp-json\/wp\/v2\/posts"}],"about":[{"href":"https:\/\/www.altominho.tv\/site\/wp-json\/wp\/v2\/types\/post"}],"author":[{"embeddable":true,"href":"https:\/\/www.altominho.tv\/site\/wp-json\/wp\/v2\/users\/1"}],"replies":[{"embeddable":true,"href":"https:\/\/www.altominho.tv\/site\/wp-json\/wp\/v2\/comments?post=125217"}],"version-history":[{"count":1,"href":"https:\/\/www.altominho.tv\/site\/wp-json\/wp\/v2\/posts\/125217\/revisions"}],"predecessor-version":[{"id":125219,"href":"https:\/\/www.altominho.tv\/site\/wp-json\/wp\/v2\/posts\/125217\/revisions\/125219"}],"wp:featuredmedia":[{"embeddable":true,"href":"https:\/\/www.altominho.tv\/site\/wp-json\/wp\/v2\/media\/125218"}],"wp:attachment":[{"href":"https:\/\/www.altominho.tv\/site\/wp-json\/wp\/v2\/media?parent=125217"}],"wp:term":[{"taxonomy":"category","embeddable":true,"href":"https:\/\/www.altominho.tv\/site\/wp-json\/wp\/v2\/categories?post=125217"},{"taxonomy":"post_tag","embeddable":true,"href":"https:\/\/www.altominho.tv\/site\/wp-json\/wp\/v2\/tags?post=125217"}],"curies":[{"name":"wp","href":"https:\/\/api.w.org\/{rel}","templated":true}]}}