{"id":125173,"date":"2025-11-12T15:11:46","date_gmt":"2025-11-12T15:11:46","guid":{"rendered":"https:\/\/www.altominho.tv\/site\/?p=125173"},"modified":"2025-11-12T15:11:49","modified_gmt":"2025-11-12T15:11:49","slug":"vila-nova-de-cerveira-festival-rtp","status":"publish","type":"post","link":"https:\/\/www.altominho.tv\/site\/2025\/11\/12\/vila-nova-de-cerveira-festival-rtp\/","title":{"rendered":"Alunos vencedores do Festival \u2018Curtas do Castelo\u2019 visitam a RTP Porto e o Museu Rom\u00e2ntico"},"content":{"rendered":"\n<p>Cerca de 100 alunos do Agrupamento de Escolas de Vila Nova de Cerveira, vencedores e participantes premiados nas categorias da 1.\u00aa edi\u00e7\u00e3o do Festival de Cinema Escolar \u2018Curtas do Castelo\u2019, realizaram, nos dias 4 e 11 de novembro, uma visita de estudo \u00e0 cidade do Porto.<\/p>\n\n\n\n<p>&#8220;Oferecida pelo Munic\u00edpio de Vila Nova de Cerveira, com o apoio incans\u00e1vel do Agrupamento de Escolas, a atividade constituiu um pr\u00e9mio pelo empenho, criatividade e dedica\u00e7\u00e3o demonstrados pelos alunos ao longo do projeto&#8221;, deu hoje nota a autarquia.<\/p>\n\n\n\n<p>Durante a visita, os estudantes dos 6.\u00ba, 7.\u00ba, 8.\u00ba e 9.\u00ba anos, acompanhados pelos professores, tiveram oportunidade de conhecer os bastidores dos Est\u00fadios da RTP Porto, explorando os espa\u00e7os de produ\u00e7\u00e3o e realiza\u00e7\u00e3o televisiva e compreendendo melhor o funcionamento de um canal p\u00fablico de comunica\u00e7\u00e3o, para al\u00e9m de conhecer os apresentadores da &#8216;Pra\u00e7a da Alegria&#8217;, S\u00f3nia Ara\u00fajo e Jorge Gabriel.<\/p>\n\n\n\n<p>Seguidamente, visitaram o Museu Rom\u00e2ntico do Porto, &#8220;numa experi\u00eancia guiada que permitiu conhecer o quotidiano e o ambiente cultural do s\u00e9culo XIX, enriquecendo o trabalho art\u00edstico e criativo desenvolvido no \u00e2mbito das curtas-metragens&#8221;.<\/p>\n\n\n\n<p>A iniciativa insere-se no esp\u00edrito do projeto \u2018Curtas do Castelo\u2019, que visa promover a valoriza\u00e7\u00e3o do patrim\u00f3nio cultural de Vila Nova de Cerveira, estimular a express\u00e3o art\u00edstica e aproximar os jovens das \u00e1reas do cinema e da produ\u00e7\u00e3o audiovisual.<\/p>\n\n\n\n<p>A visita &#8220;decorreu num ambiente de entusiasmo e descoberta, refor\u00e7ando o objetivo central do festival: dar voz \u00e0 criatividade dos jovens e transformar o Castelo de Cerveira num ponto de encontro entre arte, hist\u00f3ria e comunidade&#8221;.<\/p>\n\n\n\n<p>Trata-se de uma atividade resultante do Festival &#8216;Curtas do Castelo&#8217;, enquadrado no programa europeu URBACT, atrav\u00e9s do projeto ARCHETICS.<\/p>\n","protected":false},"excerpt":{"rendered":"<p>Cerca de 100 alunos do Agrupamento de Escolas de Vila Nova de Cerveira, vencedores e participantes premiados nas categorias da 1.\u00aa edi\u00e7\u00e3o do Festival de Cinema Escolar \u2018Curtas do Castelo\u2019, realizaram, nos dias 4 e 11 de novembro, uma visita de estudo \u00e0 cidade do Porto. &#8220;Oferecida pelo Munic\u00edpio de Vila Nova de Cerveira, com [&hellip;]<\/p>\n","protected":false},"author":7,"featured_media":125174,"comment_status":"closed","ping_status":"closed","sticky":false,"template":"","format":"standard","meta":{"_exactmetrics_skip_tracking":false,"_exactmetrics_sitenote_active":false,"_exactmetrics_sitenote_note":"","_exactmetrics_sitenote_category":0,"footnotes":""},"categories":[15],"tags":[22,27],"class_list":["post-125173","post","type-post","status-publish","format-standard","has-post-thumbnail","hentry","category-vila-nova-de-cerveira","tag-educacao","tag-sociedade"],"yoast_head":"<!-- This site is optimized with the Yoast SEO Premium plugin v27.5 (Yoast SEO v27.5) - https:\/\/yoast.com\/product\/yoast-seo-premium-wordpress\/ -->\n<title>Alunos vencedores do Festival \u2018Curtas do Castelo\u2019 visitam a RTP Porto e o Museu Rom\u00e2ntico<\/title>\n<meta name=\"description\" content=\"Alunos vencedores do Festival \u2018Curtas do Castelo\u2019 visitam a RTP Porto e o Museu Rom\u00e2ntico.\" \/>\n<meta name=\"robots\" content=\"index, follow, max-snippet:-1, max-image-preview:large, max-video-preview:-1\" \/>\n<link rel=\"canonical\" href=\"https:\/\/www.altominho.tv\/site\/2025\/11\/12\/vila-nova-de-cerveira-festival-rtp\/\" \/>\n<meta property=\"og:locale\" content=\"pt_PT\" \/>\n<meta property=\"og:type\" content=\"article\" \/>\n<meta property=\"og:title\" content=\"Alunos vencedores do Festival \u2018Curtas do Castelo\u2019 visitam a RTP Porto e o Museu Rom\u00e2ntico\" \/>\n<meta property=\"og:description\" content=\"Alunos vencedores do Festival \u2018Curtas do Castelo\u2019 visitam a RTP Porto e o Museu Rom\u00e2ntico.\" \/>\n<meta property=\"og:url\" content=\"https:\/\/www.altominho.tv\/site\/2025\/11\/12\/vila-nova-de-cerveira-festival-rtp\/\" \/>\n<meta property=\"og:site_name\" content=\"Altominho.tv\" \/>\n<meta property=\"article:publisher\" content=\"https:\/\/www.facebook.com\/altominhotv\" \/>\n<meta property=\"article:published_time\" content=\"2025-11-12T15:11:46+00:00\" \/>\n<meta property=\"article:modified_time\" content=\"2025-11-12T15:11:49+00:00\" \/>\n<meta property=\"og:image\" content=\"https:\/\/www.altominho.tv\/site\/wp-content\/uploads\/2025\/11\/alunos-rtp.png\" \/>\n\t<meta property=\"og:image:width\" content=\"1200\" \/>\n\t<meta property=\"og:image:height\" content=\"630\" \/>\n\t<meta property=\"og:image:type\" content=\"image\/png\" \/>\n<meta name=\"author\" content=\"Andreia Cunha\" \/>\n<meta name=\"twitter:card\" content=\"summary_large_image\" \/>\n<meta name=\"twitter:creator\" content=\"@altominhoTV\" \/>\n<meta name=\"twitter:site\" content=\"@altominhoTV\" \/>\n<meta name=\"twitter:label1\" content=\"Escrito por\" \/>\n\t<meta name=\"twitter:data1\" content=\"Andreia Cunha\" \/>\n\t<meta name=\"twitter:label2\" content=\"Tempo estimado de leitura\" \/>\n\t<meta name=\"twitter:data2\" content=\"2 minutos\" \/>\n<script type=\"application\/ld+json\" class=\"yoast-schema-graph\">{\"@context\":\"https:\\\/\\\/schema.org\",\"@graph\":[{\"@type\":\"Article\",\"@id\":\"https:\\\/\\\/www.altominho.tv\\\/site\\\/2025\\\/11\\\/12\\\/vila-nova-de-cerveira-festival-rtp\\\/#article\",\"isPartOf\":{\"@id\":\"https:\\\/\\\/www.altominho.tv\\\/site\\\/2025\\\/11\\\/12\\\/vila-nova-de-cerveira-festival-rtp\\\/\"},\"author\":{\"name\":\"Andreia Cunha\",\"@id\":\"https:\\\/\\\/www.altominho.tv\\\/site\\\/#\\\/schema\\\/person\\\/a0e4ef6d041f98ca284393d8f1d97153\"},\"headline\":\"Alunos vencedores do Festival \u2018Curtas do Castelo\u2019 visitam a RTP Porto e o Museu Rom\u00e2ntico\",\"datePublished\":\"2025-11-12T15:11:46+00:00\",\"dateModified\":\"2025-11-12T15:11:49+00:00\",\"mainEntityOfPage\":{\"@id\":\"https:\\\/\\\/www.altominho.tv\\\/site\\\/2025\\\/11\\\/12\\\/vila-nova-de-cerveira-festival-rtp\\\/\"},\"wordCount\":305,\"image\":{\"@id\":\"https:\\\/\\\/www.altominho.tv\\\/site\\\/2025\\\/11\\\/12\\\/vila-nova-de-cerveira-festival-rtp\\\/#primaryimage\"},\"thumbnailUrl\":\"https:\\\/\\\/www.altominho.tv\\\/site\\\/wp-content\\\/uploads\\\/2025\\\/11\\\/alunos-rtp.png\",\"keywords\":[\"Educa\u00e7\u00e3o\",\"Sociedade\"],\"articleSection\":[\"Vila Nova de Cerveira\"],\"inLanguage\":\"pt-PT\",\"copyrightYear\":\"2025\",\"copyrightHolder\":{\"@id\":\"https:\\\/\\\/www.altominho.tv\\\/site\\\/#organization\"}},{\"@type\":\"WebPage\",\"@id\":\"https:\\\/\\\/www.altominho.tv\\\/site\\\/2025\\\/11\\\/12\\\/vila-nova-de-cerveira-festival-rtp\\\/\",\"url\":\"https:\\\/\\\/www.altominho.tv\\\/site\\\/2025\\\/11\\\/12\\\/vila-nova-de-cerveira-festival-rtp\\\/\",\"name\":\"Alunos vencedores do Festival \u2018Curtas do Castelo\u2019 visitam a RTP Porto e o Museu Rom\u00e2ntico\",\"isPartOf\":{\"@id\":\"https:\\\/\\\/www.altominho.tv\\\/site\\\/#website\"},\"primaryImageOfPage\":{\"@id\":\"https:\\\/\\\/www.altominho.tv\\\/site\\\/2025\\\/11\\\/12\\\/vila-nova-de-cerveira-festival-rtp\\\/#primaryimage\"},\"image\":{\"@id\":\"https:\\\/\\\/www.altominho.tv\\\/site\\\/2025\\\/11\\\/12\\\/vila-nova-de-cerveira-festival-rtp\\\/#primaryimage\"},\"thumbnailUrl\":\"https:\\\/\\\/www.altominho.tv\\\/site\\\/wp-content\\\/uploads\\\/2025\\\/11\\\/alunos-rtp.png\",\"datePublished\":\"2025-11-12T15:11:46+00:00\",\"dateModified\":\"2025-11-12T15:11:49+00:00\",\"author\":{\"@id\":\"https:\\\/\\\/www.altominho.tv\\\/site\\\/#\\\/schema\\\/person\\\/a0e4ef6d041f98ca284393d8f1d97153\"},\"description\":\"Alunos vencedores do Festival \u2018Curtas do Castelo\u2019 visitam a RTP Porto e o Museu Rom\u00e2ntico.\",\"breadcrumb\":{\"@id\":\"https:\\\/\\\/www.altominho.tv\\\/site\\\/2025\\\/11\\\/12\\\/vila-nova-de-cerveira-festival-rtp\\\/#breadcrumb\"},\"inLanguage\":\"pt-PT\",\"potentialAction\":[{\"@type\":\"ReadAction\",\"target\":[\"https:\\\/\\\/www.altominho.tv\\\/site\\\/2025\\\/11\\\/12\\\/vila-nova-de-cerveira-festival-rtp\\\/\"]}]},{\"@type\":\"ImageObject\",\"inLanguage\":\"pt-PT\",\"@id\":\"https:\\\/\\\/www.altominho.tv\\\/site\\\/2025\\\/11\\\/12\\\/vila-nova-de-cerveira-festival-rtp\\\/#primaryimage\",\"url\":\"https:\\\/\\\/www.altominho.tv\\\/site\\\/wp-content\\\/uploads\\\/2025\\\/11\\\/alunos-rtp.png\",\"contentUrl\":\"https:\\\/\\\/www.altominho.tv\\\/site\\\/wp-content\\\/uploads\\\/2025\\\/11\\\/alunos-rtp.png\",\"width\":1200,\"height\":630},{\"@type\":\"BreadcrumbList\",\"@id\":\"https:\\\/\\\/www.altominho.tv\\\/site\\\/2025\\\/11\\\/12\\\/vila-nova-de-cerveira-festival-rtp\\\/#breadcrumb\",\"itemListElement\":[{\"@type\":\"ListItem\",\"position\":1,\"name\":\"In\u00edcio\",\"item\":\"https:\\\/\\\/www.altominho.tv\\\/site\\\/\"},{\"@type\":\"ListItem\",\"position\":2,\"name\":\"Alunos vencedores do Festival \u2018Curtas do Castelo\u2019 visitam a RTP Porto e o Museu Rom\u00e2ntico\"}]},{\"@type\":\"WebSite\",\"@id\":\"https:\\\/\\\/www.altominho.tv\\\/site\\\/#website\",\"url\":\"https:\\\/\\\/www.altominho.tv\\\/site\\\/\",\"name\":\"Altominho.tv\",\"description\":\"A sua regi\u00e3o \u00e0 dist\u00e2ncia de um clique...\",\"potentialAction\":[{\"@type\":\"SearchAction\",\"target\":{\"@type\":\"EntryPoint\",\"urlTemplate\":\"https:\\\/\\\/www.altominho.tv\\\/site\\\/?s={search_term_string}\"},\"query-input\":{\"@type\":\"PropertyValueSpecification\",\"valueRequired\":true,\"valueName\":\"search_term_string\"}}],\"inLanguage\":\"pt-PT\"},{\"@type\":\"Person\",\"@id\":\"https:\\\/\\\/www.altominho.tv\\\/site\\\/#\\\/schema\\\/person\\\/a0e4ef6d041f98ca284393d8f1d97153\",\"name\":\"Andreia Cunha\",\"image\":{\"@type\":\"ImageObject\",\"inLanguage\":\"pt-PT\",\"@id\":\"https:\\\/\\\/www.altominho.tv\\\/site\\\/wp-content\\\/uploads\\\/2017\\\/11\\\/Andreia_Cunha-1-150x150.jpg\",\"url\":\"https:\\\/\\\/www.altominho.tv\\\/site\\\/wp-content\\\/uploads\\\/2017\\\/11\\\/Andreia_Cunha-1-150x150.jpg\",\"contentUrl\":\"https:\\\/\\\/www.altominho.tv\\\/site\\\/wp-content\\\/uploads\\\/2017\\\/11\\\/Andreia_Cunha-1-150x150.jpg\",\"caption\":\"Andreia Cunha\"},\"url\":\"https:\\\/\\\/www.altominho.tv\\\/site\\\/author\\\/andreiacunha\\\/\"}]}<\/script>\n<!-- \/ Yoast SEO Premium plugin. -->","yoast_head_json":{"title":"Alunos vencedores do Festival \u2018Curtas do Castelo\u2019 visitam a RTP Porto e o Museu Rom\u00e2ntico","description":"Alunos vencedores do Festival \u2018Curtas do Castelo\u2019 visitam a RTP Porto e o Museu Rom\u00e2ntico.","robots":{"index":"index","follow":"follow","max-snippet":"max-snippet:-1","max-image-preview":"max-image-preview:large","max-video-preview":"max-video-preview:-1"},"canonical":"https:\/\/www.altominho.tv\/site\/2025\/11\/12\/vila-nova-de-cerveira-festival-rtp\/","og_locale":"pt_PT","og_type":"article","og_title":"Alunos vencedores do Festival \u2018Curtas do Castelo\u2019 visitam a RTP Porto e o Museu Rom\u00e2ntico","og_description":"Alunos vencedores do Festival \u2018Curtas do Castelo\u2019 visitam a RTP Porto e o Museu Rom\u00e2ntico.","og_url":"https:\/\/www.altominho.tv\/site\/2025\/11\/12\/vila-nova-de-cerveira-festival-rtp\/","og_site_name":"Altominho.tv","article_publisher":"https:\/\/www.facebook.com\/altominhotv","article_published_time":"2025-11-12T15:11:46+00:00","article_modified_time":"2025-11-12T15:11:49+00:00","og_image":[{"width":1200,"height":630,"url":"https:\/\/www.altominho.tv\/site\/wp-content\/uploads\/2025\/11\/alunos-rtp.png","type":"image\/png"}],"author":"Andreia Cunha","twitter_card":"summary_large_image","twitter_creator":"@altominhoTV","twitter_site":"@altominhoTV","twitter_misc":{"Escrito por":"Andreia Cunha","Tempo estimado de leitura":"2 minutos"},"schema":{"@context":"https:\/\/schema.org","@graph":[{"@type":"Article","@id":"https:\/\/www.altominho.tv\/site\/2025\/11\/12\/vila-nova-de-cerveira-festival-rtp\/#article","isPartOf":{"@id":"https:\/\/www.altominho.tv\/site\/2025\/11\/12\/vila-nova-de-cerveira-festival-rtp\/"},"author":{"name":"Andreia Cunha","@id":"https:\/\/www.altominho.tv\/site\/#\/schema\/person\/a0e4ef6d041f98ca284393d8f1d97153"},"headline":"Alunos vencedores do Festival \u2018Curtas do Castelo\u2019 visitam a RTP Porto e o Museu Rom\u00e2ntico","datePublished":"2025-11-12T15:11:46+00:00","dateModified":"2025-11-12T15:11:49+00:00","mainEntityOfPage":{"@id":"https:\/\/www.altominho.tv\/site\/2025\/11\/12\/vila-nova-de-cerveira-festival-rtp\/"},"wordCount":305,"image":{"@id":"https:\/\/www.altominho.tv\/site\/2025\/11\/12\/vila-nova-de-cerveira-festival-rtp\/#primaryimage"},"thumbnailUrl":"https:\/\/www.altominho.tv\/site\/wp-content\/uploads\/2025\/11\/alunos-rtp.png","keywords":["Educa\u00e7\u00e3o","Sociedade"],"articleSection":["Vila Nova de Cerveira"],"inLanguage":"pt-PT","copyrightYear":"2025","copyrightHolder":{"@id":"https:\/\/www.altominho.tv\/site\/#organization"}},{"@type":"WebPage","@id":"https:\/\/www.altominho.tv\/site\/2025\/11\/12\/vila-nova-de-cerveira-festival-rtp\/","url":"https:\/\/www.altominho.tv\/site\/2025\/11\/12\/vila-nova-de-cerveira-festival-rtp\/","name":"Alunos vencedores do Festival \u2018Curtas do Castelo\u2019 visitam a RTP Porto e o Museu Rom\u00e2ntico","isPartOf":{"@id":"https:\/\/www.altominho.tv\/site\/#website"},"primaryImageOfPage":{"@id":"https:\/\/www.altominho.tv\/site\/2025\/11\/12\/vila-nova-de-cerveira-festival-rtp\/#primaryimage"},"image":{"@id":"https:\/\/www.altominho.tv\/site\/2025\/11\/12\/vila-nova-de-cerveira-festival-rtp\/#primaryimage"},"thumbnailUrl":"https:\/\/www.altominho.tv\/site\/wp-content\/uploads\/2025\/11\/alunos-rtp.png","datePublished":"2025-11-12T15:11:46+00:00","dateModified":"2025-11-12T15:11:49+00:00","author":{"@id":"https:\/\/www.altominho.tv\/site\/#\/schema\/person\/a0e4ef6d041f98ca284393d8f1d97153"},"description":"Alunos vencedores do Festival \u2018Curtas do Castelo\u2019 visitam a RTP Porto e o Museu Rom\u00e2ntico.","breadcrumb":{"@id":"https:\/\/www.altominho.tv\/site\/2025\/11\/12\/vila-nova-de-cerveira-festival-rtp\/#breadcrumb"},"inLanguage":"pt-PT","potentialAction":[{"@type":"ReadAction","target":["https:\/\/www.altominho.tv\/site\/2025\/11\/12\/vila-nova-de-cerveira-festival-rtp\/"]}]},{"@type":"ImageObject","inLanguage":"pt-PT","@id":"https:\/\/www.altominho.tv\/site\/2025\/11\/12\/vila-nova-de-cerveira-festival-rtp\/#primaryimage","url":"https:\/\/www.altominho.tv\/site\/wp-content\/uploads\/2025\/11\/alunos-rtp.png","contentUrl":"https:\/\/www.altominho.tv\/site\/wp-content\/uploads\/2025\/11\/alunos-rtp.png","width":1200,"height":630},{"@type":"BreadcrumbList","@id":"https:\/\/www.altominho.tv\/site\/2025\/11\/12\/vila-nova-de-cerveira-festival-rtp\/#breadcrumb","itemListElement":[{"@type":"ListItem","position":1,"name":"In\u00edcio","item":"https:\/\/www.altominho.tv\/site\/"},{"@type":"ListItem","position":2,"name":"Alunos vencedores do Festival \u2018Curtas do Castelo\u2019 visitam a RTP Porto e o Museu Rom\u00e2ntico"}]},{"@type":"WebSite","@id":"https:\/\/www.altominho.tv\/site\/#website","url":"https:\/\/www.altominho.tv\/site\/","name":"Altominho.tv","description":"A sua regi\u00e3o \u00e0 dist\u00e2ncia de um clique...","potentialAction":[{"@type":"SearchAction","target":{"@type":"EntryPoint","urlTemplate":"https:\/\/www.altominho.tv\/site\/?s={search_term_string}"},"query-input":{"@type":"PropertyValueSpecification","valueRequired":true,"valueName":"search_term_string"}}],"inLanguage":"pt-PT"},{"@type":"Person","@id":"https:\/\/www.altominho.tv\/site\/#\/schema\/person\/a0e4ef6d041f98ca284393d8f1d97153","name":"Andreia Cunha","image":{"@type":"ImageObject","inLanguage":"pt-PT","@id":"https:\/\/www.altominho.tv\/site\/wp-content\/uploads\/2017\/11\/Andreia_Cunha-1-150x150.jpg","url":"https:\/\/www.altominho.tv\/site\/wp-content\/uploads\/2017\/11\/Andreia_Cunha-1-150x150.jpg","contentUrl":"https:\/\/www.altominho.tv\/site\/wp-content\/uploads\/2017\/11\/Andreia_Cunha-1-150x150.jpg","caption":"Andreia Cunha"},"url":"https:\/\/www.altominho.tv\/site\/author\/andreiacunha\/"}]}},"_links":{"self":[{"href":"https:\/\/www.altominho.tv\/site\/wp-json\/wp\/v2\/posts\/125173","targetHints":{"allow":["GET"]}}],"collection":[{"href":"https:\/\/www.altominho.tv\/site\/wp-json\/wp\/v2\/posts"}],"about":[{"href":"https:\/\/www.altominho.tv\/site\/wp-json\/wp\/v2\/types\/post"}],"author":[{"embeddable":true,"href":"https:\/\/www.altominho.tv\/site\/wp-json\/wp\/v2\/users\/7"}],"replies":[{"embeddable":true,"href":"https:\/\/www.altominho.tv\/site\/wp-json\/wp\/v2\/comments?post=125173"}],"version-history":[{"count":1,"href":"https:\/\/www.altominho.tv\/site\/wp-json\/wp\/v2\/posts\/125173\/revisions"}],"predecessor-version":[{"id":125175,"href":"https:\/\/www.altominho.tv\/site\/wp-json\/wp\/v2\/posts\/125173\/revisions\/125175"}],"wp:featuredmedia":[{"embeddable":true,"href":"https:\/\/www.altominho.tv\/site\/wp-json\/wp\/v2\/media\/125174"}],"wp:attachment":[{"href":"https:\/\/www.altominho.tv\/site\/wp-json\/wp\/v2\/media?parent=125173"}],"wp:term":[{"taxonomy":"category","embeddable":true,"href":"https:\/\/www.altominho.tv\/site\/wp-json\/wp\/v2\/categories?post=125173"},{"taxonomy":"post_tag","embeddable":true,"href":"https:\/\/www.altominho.tv\/site\/wp-json\/wp\/v2\/tags?post=125173"}],"curies":[{"name":"wp","href":"https:\/\/api.w.org\/{rel}","templated":true}]}}