{"id":125139,"date":"2025-11-12T10:18:46","date_gmt":"2025-11-12T10:18:46","guid":{"rendered":"https:\/\/www.altominho.tv\/site\/?p=125139"},"modified":"2025-11-12T10:18:47","modified_gmt":"2025-11-12T10:18:47","slug":"cerveira-e-tomino-promovem-xii-simposio-iberico-sobre-a-bacia-hidrografica-do-rio-minho","status":"publish","type":"post","link":"https:\/\/www.altominho.tv\/site\/2025\/11\/12\/cerveira-e-tomino-promovem-xii-simposio-iberico-sobre-a-bacia-hidrografica-do-rio-minho\/","title":{"rendered":"Cerveira e Tomi\u00f1o promovem XII Simp\u00f3sio Ib\u00e9rico sobre a Bacia Hidrogr\u00e1fica do Rio Minho"},"content":{"rendered":"<p><span data-contrast=\"auto\">A Eurocidade Cerveira-Tomi\u00f1o e o Aquamuseu do Rio Minho promovem, nos dias 28 e 29 de novembro, o XII Simp\u00f3sio Ib\u00e9rico sobre a Bacia Hidrogr\u00e1fica do Rio Minho, um encontro cient\u00edfico e t\u00e9cnico dedicado \u00e0 reflex\u00e3o sobre os principais desafios ambientais deste importante curso de \u00e1gua transfronteiri\u00e7o.<\/span><span data-ccp-props=\"{}\">\u00a0<\/span><\/p>\n<p><span data-contrast=\"auto\">Pela segunda vez, o evento realiza-se fora de Vila Nova de Cerveira \u2014 ap\u00f3s a segunda edi\u00e7\u00e3o em Melga\u00e7o \u2014 tendo lugar no Espazo Isaura G\u00f3mez, em Tomi\u00f1o, na Galiza. O simp\u00f3sio reunir\u00e1 investigadores, t\u00e9cnicos e gestores ambientais de Portugal e Espanha, que ir\u00e3o partilhar conhecimento e debater temas como a qualidade da \u00e1gua, a polui\u00e7\u00e3o, a gest\u00e3o de esp\u00e9cies aut\u00f3ctones e ex\u00f3ticas, o estado das popula\u00e7\u00f5es de peixes migradores e a cidadania ambiental.<\/span><span data-ccp-props=\"{}\">\u00a0<\/span><\/p>\n<p><span data-contrast=\"auto\">A sess\u00e3o de abertura contar\u00e1 com a presen\u00e7a da alcaldesa de Tomi\u00f1o, Sandra Gonzalez, e do vice-presidente da C\u00e2mara Municipal de Vila Nova de Cerveira, Ant\u00f3nio Quintas. Entre as entidades participantes destacam-se o CIIMAR \u2013 Universidade do Porto, o MARE \u2013 Universidade de Lisboa, o IPMA, as Universidades de Santiago de Compostela e de Vigo, a Junta da Galiza e o Instituto de Investiga\u00e7\u00f5es Marinhas (CSIC), entre outras institui\u00e7\u00f5es cient\u00edficas e ambientais de refer\u00eancia.<\/span><span data-ccp-props=\"{}\">\u00a0<\/span><\/p>\n<p><span data-contrast=\"auto\">O programa inclui tamb\u00e9m um workshop tem\u00e1tico subordinado ao tema \u201cDa conserva\u00e7\u00e3o \u00e0 inova\u00e7\u00e3o: conciliar esp\u00e9cies aut\u00f3ctones e ex\u00f3ticas. Qual o contributo da tecnologia cient\u00edfica?\u201d, onde ser\u00e3o apresentados projetos e solu\u00e7\u00f5es desenvolvidos noutras regi\u00f5es, com o objetivo de inspirar abordagens inovadoras para os desafios ambientais da bacia do rio Minho.<\/span><span data-ccp-props=\"{}\">\u00a0<\/span><\/p>\n<p><span data-contrast=\"auto\">O XII Simp\u00f3sio Ib\u00e9rico sobre a Bacia Hidrogr\u00e1fica do Rio Minho reafirma o compromisso de coopera\u00e7\u00e3o transfronteiri\u00e7a entre Cerveira e Tomi\u00f1o, promovendo a sustentabilidade, a biodiversidade e a valoriza\u00e7\u00e3o conjunta do rio que une os dois territ\u00f3rios. <\/span><\/p>\n","protected":false},"excerpt":{"rendered":"<p>A Eurocidade Cerveira-Tomi\u00f1o e o Aquamuseu do Rio Minho promovem, nos dias 28 e 29 de novembro, o XII Simp\u00f3sio Ib\u00e9rico sobre a Bacia Hidrogr\u00e1fica do Rio Minho, um encontro cient\u00edfico e t\u00e9cnico dedicado \u00e0 reflex\u00e3o sobre os principais desafios ambientais deste importante curso de \u00e1gua transfronteiri\u00e7o.\u00a0 Pela segunda vez, o evento realiza-se fora de [&hellip;]<\/p>\n","protected":false},"author":1,"featured_media":121995,"comment_status":"closed","ping_status":"closed","sticky":false,"template":"","format":"standard","meta":{"_exactmetrics_skip_tracking":false,"_exactmetrics_sitenote_active":false,"_exactmetrics_sitenote_note":"","_exactmetrics_sitenote_category":0,"footnotes":""},"categories":[15],"tags":[56336],"class_list":["post-125139","post","type-post","status-publish","format-standard","has-post-thumbnail","hentry","category-vila-nova-de-cerveira","tag-ambiente"],"yoast_head":"<!-- This site is optimized with the Yoast SEO Premium plugin v27.5 (Yoast SEO v27.5) - https:\/\/yoast.com\/product\/yoast-seo-premium-wordpress\/ -->\n<title>Cerveira e Tomi\u00f1o promovem XII Simp\u00f3sio Ib\u00e9rico sobre a Bacia Hidrogr\u00e1fica do Rio Minho<\/title>\n<meta name=\"description\" content=\"A Eurocidade Cerveira-Tomi\u00f1o e o Aquamuseu do Rio Minho promovem, nos dias 28 e 29 de novembro, o XII Simp\u00f3sio Ib\u00e9rico sobre a Bacia Hidrogr\u00e1fica do Rio Minho, um encontro cient\u00edfico e t\u00e9cnico dedicado \u00e0 reflex\u00e3o sobre os principais desafios ambientais deste importante curso de \u00e1gua transfronteiri\u00e7o.\u00a0\" \/>\n<meta name=\"robots\" content=\"index, follow, max-snippet:-1, max-image-preview:large, max-video-preview:-1\" \/>\n<link rel=\"canonical\" href=\"https:\/\/www.altominho.tv\/site\/2025\/11\/12\/cerveira-e-tomino-promovem-xii-simposio-iberico-sobre-a-bacia-hidrografica-do-rio-minho\/\" \/>\n<meta property=\"og:locale\" content=\"pt_PT\" \/>\n<meta property=\"og:type\" content=\"article\" \/>\n<meta property=\"og:title\" content=\"Cerveira e Tomi\u00f1o promovem XII Simp\u00f3sio Ib\u00e9rico sobre a Bacia Hidrogr\u00e1fica do Rio Minho\" \/>\n<meta property=\"og:description\" content=\"A Eurocidade Cerveira-Tomi\u00f1o e o Aquamuseu do Rio Minho promovem, nos dias 28 e 29 de novembro, o XII Simp\u00f3sio Ib\u00e9rico sobre a Bacia Hidrogr\u00e1fica do Rio Minho, um encontro cient\u00edfico e t\u00e9cnico dedicado \u00e0 reflex\u00e3o sobre os principais desafios ambientais deste importante curso de \u00e1gua transfronteiri\u00e7o.\u00a0\" \/>\n<meta property=\"og:url\" content=\"https:\/\/www.altominho.tv\/site\/2025\/11\/12\/cerveira-e-tomino-promovem-xii-simposio-iberico-sobre-a-bacia-hidrografica-do-rio-minho\/\" \/>\n<meta property=\"og:site_name\" content=\"Altominho.tv\" \/>\n<meta property=\"article:publisher\" content=\"https:\/\/www.facebook.com\/altominhotv\" \/>\n<meta property=\"article:published_time\" content=\"2025-11-12T10:18:46+00:00\" \/>\n<meta property=\"article:modified_time\" content=\"2025-11-12T10:18:47+00:00\" \/>\n<meta property=\"og:image\" content=\"https:\/\/www.altominho.tv\/site\/wp-content\/uploads\/2025\/08\/rio-minho.jpg\" \/>\n\t<meta property=\"og:image:width\" content=\"1200\" \/>\n\t<meta property=\"og:image:height\" content=\"630\" \/>\n\t<meta property=\"og:image:type\" content=\"image\/jpeg\" \/>\n<meta name=\"author\" content=\"Altominho.tv\" \/>\n<meta name=\"twitter:card\" content=\"summary_large_image\" \/>\n<meta name=\"twitter:creator\" content=\"@altominhoTV\" \/>\n<meta name=\"twitter:site\" content=\"@altominhoTV\" \/>\n<meta name=\"twitter:label1\" content=\"Escrito por\" \/>\n\t<meta name=\"twitter:data1\" content=\"Altominho.tv\" \/>\n\t<meta name=\"twitter:label2\" content=\"Tempo estimado de leitura\" \/>\n\t<meta name=\"twitter:data2\" content=\"2 minutos\" \/>\n<script type=\"application\/ld+json\" class=\"yoast-schema-graph\">{\"@context\":\"https:\\\/\\\/schema.org\",\"@graph\":[{\"@type\":\"Article\",\"@id\":\"https:\\\/\\\/www.altominho.tv\\\/site\\\/2025\\\/11\\\/12\\\/cerveira-e-tomino-promovem-xii-simposio-iberico-sobre-a-bacia-hidrografica-do-rio-minho\\\/#article\",\"isPartOf\":{\"@id\":\"https:\\\/\\\/www.altominho.tv\\\/site\\\/2025\\\/11\\\/12\\\/cerveira-e-tomino-promovem-xii-simposio-iberico-sobre-a-bacia-hidrografica-do-rio-minho\\\/\"},\"author\":{\"name\":\"Altominho.tv\",\"@id\":\"https:\\\/\\\/www.altominho.tv\\\/site\\\/#\\\/schema\\\/person\\\/4e536851627d7914baf3dac752b6af22\"},\"headline\":\"Cerveira e Tomi\u00f1o promovem XII Simp\u00f3sio Ib\u00e9rico sobre a Bacia Hidrogr\u00e1fica do Rio Minho\",\"datePublished\":\"2025-11-12T10:18:46+00:00\",\"dateModified\":\"2025-11-12T10:18:47+00:00\",\"mainEntityOfPage\":{\"@id\":\"https:\\\/\\\/www.altominho.tv\\\/site\\\/2025\\\/11\\\/12\\\/cerveira-e-tomino-promovem-xii-simposio-iberico-sobre-a-bacia-hidrografica-do-rio-minho\\\/\"},\"wordCount\":342,\"image\":{\"@id\":\"https:\\\/\\\/www.altominho.tv\\\/site\\\/2025\\\/11\\\/12\\\/cerveira-e-tomino-promovem-xii-simposio-iberico-sobre-a-bacia-hidrografica-do-rio-minho\\\/#primaryimage\"},\"thumbnailUrl\":\"https:\\\/\\\/www.altominho.tv\\\/site\\\/wp-content\\\/uploads\\\/2025\\\/08\\\/rio-minho.jpg\",\"keywords\":[\"Ambiente\"],\"articleSection\":[\"Vila Nova de Cerveira\"],\"inLanguage\":\"pt-PT\",\"copyrightYear\":\"2025\",\"copyrightHolder\":{\"@id\":\"https:\\\/\\\/www.altominho.tv\\\/site\\\/#organization\"}},{\"@type\":\"WebPage\",\"@id\":\"https:\\\/\\\/www.altominho.tv\\\/site\\\/2025\\\/11\\\/12\\\/cerveira-e-tomino-promovem-xii-simposio-iberico-sobre-a-bacia-hidrografica-do-rio-minho\\\/\",\"url\":\"https:\\\/\\\/www.altominho.tv\\\/site\\\/2025\\\/11\\\/12\\\/cerveira-e-tomino-promovem-xii-simposio-iberico-sobre-a-bacia-hidrografica-do-rio-minho\\\/\",\"name\":\"Cerveira e Tomi\u00f1o promovem XII Simp\u00f3sio Ib\u00e9rico sobre a Bacia Hidrogr\u00e1fica do Rio Minho\",\"isPartOf\":{\"@id\":\"https:\\\/\\\/www.altominho.tv\\\/site\\\/#website\"},\"primaryImageOfPage\":{\"@id\":\"https:\\\/\\\/www.altominho.tv\\\/site\\\/2025\\\/11\\\/12\\\/cerveira-e-tomino-promovem-xii-simposio-iberico-sobre-a-bacia-hidrografica-do-rio-minho\\\/#primaryimage\"},\"image\":{\"@id\":\"https:\\\/\\\/www.altominho.tv\\\/site\\\/2025\\\/11\\\/12\\\/cerveira-e-tomino-promovem-xii-simposio-iberico-sobre-a-bacia-hidrografica-do-rio-minho\\\/#primaryimage\"},\"thumbnailUrl\":\"https:\\\/\\\/www.altominho.tv\\\/site\\\/wp-content\\\/uploads\\\/2025\\\/08\\\/rio-minho.jpg\",\"datePublished\":\"2025-11-12T10:18:46+00:00\",\"dateModified\":\"2025-11-12T10:18:47+00:00\",\"author\":{\"@id\":\"https:\\\/\\\/www.altominho.tv\\\/site\\\/#\\\/schema\\\/person\\\/4e536851627d7914baf3dac752b6af22\"},\"description\":\"A Eurocidade Cerveira-Tomi\u00f1o e o Aquamuseu do Rio Minho promovem, nos dias 28 e 29 de novembro, o XII Simp\u00f3sio Ib\u00e9rico sobre a Bacia Hidrogr\u00e1fica do Rio Minho, um encontro cient\u00edfico e t\u00e9cnico dedicado \u00e0 reflex\u00e3o sobre os principais desafios ambientais deste importante curso de \u00e1gua transfronteiri\u00e7o.\u00a0\",\"breadcrumb\":{\"@id\":\"https:\\\/\\\/www.altominho.tv\\\/site\\\/2025\\\/11\\\/12\\\/cerveira-e-tomino-promovem-xii-simposio-iberico-sobre-a-bacia-hidrografica-do-rio-minho\\\/#breadcrumb\"},\"inLanguage\":\"pt-PT\",\"potentialAction\":[{\"@type\":\"ReadAction\",\"target\":[\"https:\\\/\\\/www.altominho.tv\\\/site\\\/2025\\\/11\\\/12\\\/cerveira-e-tomino-promovem-xii-simposio-iberico-sobre-a-bacia-hidrografica-do-rio-minho\\\/\"]}]},{\"@type\":\"ImageObject\",\"inLanguage\":\"pt-PT\",\"@id\":\"https:\\\/\\\/www.altominho.tv\\\/site\\\/2025\\\/11\\\/12\\\/cerveira-e-tomino-promovem-xii-simposio-iberico-sobre-a-bacia-hidrografica-do-rio-minho\\\/#primaryimage\",\"url\":\"https:\\\/\\\/www.altominho.tv\\\/site\\\/wp-content\\\/uploads\\\/2025\\\/08\\\/rio-minho.jpg\",\"contentUrl\":\"https:\\\/\\\/www.altominho.tv\\\/site\\\/wp-content\\\/uploads\\\/2025\\\/08\\\/rio-minho.jpg\",\"width\":1200,\"height\":630},{\"@type\":\"BreadcrumbList\",\"@id\":\"https:\\\/\\\/www.altominho.tv\\\/site\\\/2025\\\/11\\\/12\\\/cerveira-e-tomino-promovem-xii-simposio-iberico-sobre-a-bacia-hidrografica-do-rio-minho\\\/#breadcrumb\",\"itemListElement\":[{\"@type\":\"ListItem\",\"position\":1,\"name\":\"In\u00edcio\",\"item\":\"https:\\\/\\\/www.altominho.tv\\\/site\\\/\"},{\"@type\":\"ListItem\",\"position\":2,\"name\":\"Cerveira e Tomi\u00f1o promovem XII Simp\u00f3sio Ib\u00e9rico sobre a Bacia Hidrogr\u00e1fica do Rio Minho\"}]},{\"@type\":\"WebSite\",\"@id\":\"https:\\\/\\\/www.altominho.tv\\\/site\\\/#website\",\"url\":\"https:\\\/\\\/www.altominho.tv\\\/site\\\/\",\"name\":\"Altominho.tv\",\"description\":\"A sua regi\u00e3o \u00e0 dist\u00e2ncia de um clique...\",\"potentialAction\":[{\"@type\":\"SearchAction\",\"target\":{\"@type\":\"EntryPoint\",\"urlTemplate\":\"https:\\\/\\\/www.altominho.tv\\\/site\\\/?s={search_term_string}\"},\"query-input\":{\"@type\":\"PropertyValueSpecification\",\"valueRequired\":true,\"valueName\":\"search_term_string\"}}],\"inLanguage\":\"pt-PT\"},{\"@type\":\"Person\",\"@id\":\"https:\\\/\\\/www.altominho.tv\\\/site\\\/#\\\/schema\\\/person\\\/4e536851627d7914baf3dac752b6af22\",\"name\":\"Altominho.tv\",\"image\":{\"@type\":\"ImageObject\",\"inLanguage\":\"pt-PT\",\"@id\":\"https:\\\/\\\/www.altominho.tv\\\/site\\\/wp-content\\\/uploads\\\/2019\\\/11\\\/Logo_Avatar_2-150x150.jpg\",\"url\":\"https:\\\/\\\/www.altominho.tv\\\/site\\\/wp-content\\\/uploads\\\/2019\\\/11\\\/Logo_Avatar_2-150x150.jpg\",\"contentUrl\":\"https:\\\/\\\/www.altominho.tv\\\/site\\\/wp-content\\\/uploads\\\/2019\\\/11\\\/Logo_Avatar_2-150x150.jpg\",\"caption\":\"Altominho.tv\"},\"url\":\"https:\\\/\\\/www.altominho.tv\\\/site\\\/author\\\/altominhotv-tecnico\\\/\"}]}<\/script>\n<!-- \/ Yoast SEO Premium plugin. -->","yoast_head_json":{"title":"Cerveira e Tomi\u00f1o promovem XII Simp\u00f3sio Ib\u00e9rico sobre a Bacia Hidrogr\u00e1fica do Rio Minho","description":"A Eurocidade Cerveira-Tomi\u00f1o e o Aquamuseu do Rio Minho promovem, nos dias 28 e 29 de novembro, o XII Simp\u00f3sio Ib\u00e9rico sobre a Bacia Hidrogr\u00e1fica do Rio Minho, um encontro cient\u00edfico e t\u00e9cnico dedicado \u00e0 reflex\u00e3o sobre os principais desafios ambientais deste importante curso de \u00e1gua transfronteiri\u00e7o.\u00a0","robots":{"index":"index","follow":"follow","max-snippet":"max-snippet:-1","max-image-preview":"max-image-preview:large","max-video-preview":"max-video-preview:-1"},"canonical":"https:\/\/www.altominho.tv\/site\/2025\/11\/12\/cerveira-e-tomino-promovem-xii-simposio-iberico-sobre-a-bacia-hidrografica-do-rio-minho\/","og_locale":"pt_PT","og_type":"article","og_title":"Cerveira e Tomi\u00f1o promovem XII Simp\u00f3sio Ib\u00e9rico sobre a Bacia Hidrogr\u00e1fica do Rio Minho","og_description":"A Eurocidade Cerveira-Tomi\u00f1o e o Aquamuseu do Rio Minho promovem, nos dias 28 e 29 de novembro, o XII Simp\u00f3sio Ib\u00e9rico sobre a Bacia Hidrogr\u00e1fica do Rio Minho, um encontro cient\u00edfico e t\u00e9cnico dedicado \u00e0 reflex\u00e3o sobre os principais desafios ambientais deste importante curso de \u00e1gua transfronteiri\u00e7o.\u00a0","og_url":"https:\/\/www.altominho.tv\/site\/2025\/11\/12\/cerveira-e-tomino-promovem-xii-simposio-iberico-sobre-a-bacia-hidrografica-do-rio-minho\/","og_site_name":"Altominho.tv","article_publisher":"https:\/\/www.facebook.com\/altominhotv","article_published_time":"2025-11-12T10:18:46+00:00","article_modified_time":"2025-11-12T10:18:47+00:00","og_image":[{"width":1200,"height":630,"url":"https:\/\/www.altominho.tv\/site\/wp-content\/uploads\/2025\/08\/rio-minho.jpg","type":"image\/jpeg"}],"author":"Altominho.tv","twitter_card":"summary_large_image","twitter_creator":"@altominhoTV","twitter_site":"@altominhoTV","twitter_misc":{"Escrito por":"Altominho.tv","Tempo estimado de leitura":"2 minutos"},"schema":{"@context":"https:\/\/schema.org","@graph":[{"@type":"Article","@id":"https:\/\/www.altominho.tv\/site\/2025\/11\/12\/cerveira-e-tomino-promovem-xii-simposio-iberico-sobre-a-bacia-hidrografica-do-rio-minho\/#article","isPartOf":{"@id":"https:\/\/www.altominho.tv\/site\/2025\/11\/12\/cerveira-e-tomino-promovem-xii-simposio-iberico-sobre-a-bacia-hidrografica-do-rio-minho\/"},"author":{"name":"Altominho.tv","@id":"https:\/\/www.altominho.tv\/site\/#\/schema\/person\/4e536851627d7914baf3dac752b6af22"},"headline":"Cerveira e Tomi\u00f1o promovem XII Simp\u00f3sio Ib\u00e9rico sobre a Bacia Hidrogr\u00e1fica do Rio Minho","datePublished":"2025-11-12T10:18:46+00:00","dateModified":"2025-11-12T10:18:47+00:00","mainEntityOfPage":{"@id":"https:\/\/www.altominho.tv\/site\/2025\/11\/12\/cerveira-e-tomino-promovem-xii-simposio-iberico-sobre-a-bacia-hidrografica-do-rio-minho\/"},"wordCount":342,"image":{"@id":"https:\/\/www.altominho.tv\/site\/2025\/11\/12\/cerveira-e-tomino-promovem-xii-simposio-iberico-sobre-a-bacia-hidrografica-do-rio-minho\/#primaryimage"},"thumbnailUrl":"https:\/\/www.altominho.tv\/site\/wp-content\/uploads\/2025\/08\/rio-minho.jpg","keywords":["Ambiente"],"articleSection":["Vila Nova de Cerveira"],"inLanguage":"pt-PT","copyrightYear":"2025","copyrightHolder":{"@id":"https:\/\/www.altominho.tv\/site\/#organization"}},{"@type":"WebPage","@id":"https:\/\/www.altominho.tv\/site\/2025\/11\/12\/cerveira-e-tomino-promovem-xii-simposio-iberico-sobre-a-bacia-hidrografica-do-rio-minho\/","url":"https:\/\/www.altominho.tv\/site\/2025\/11\/12\/cerveira-e-tomino-promovem-xii-simposio-iberico-sobre-a-bacia-hidrografica-do-rio-minho\/","name":"Cerveira e Tomi\u00f1o promovem XII Simp\u00f3sio Ib\u00e9rico sobre a Bacia Hidrogr\u00e1fica do Rio Minho","isPartOf":{"@id":"https:\/\/www.altominho.tv\/site\/#website"},"primaryImageOfPage":{"@id":"https:\/\/www.altominho.tv\/site\/2025\/11\/12\/cerveira-e-tomino-promovem-xii-simposio-iberico-sobre-a-bacia-hidrografica-do-rio-minho\/#primaryimage"},"image":{"@id":"https:\/\/www.altominho.tv\/site\/2025\/11\/12\/cerveira-e-tomino-promovem-xii-simposio-iberico-sobre-a-bacia-hidrografica-do-rio-minho\/#primaryimage"},"thumbnailUrl":"https:\/\/www.altominho.tv\/site\/wp-content\/uploads\/2025\/08\/rio-minho.jpg","datePublished":"2025-11-12T10:18:46+00:00","dateModified":"2025-11-12T10:18:47+00:00","author":{"@id":"https:\/\/www.altominho.tv\/site\/#\/schema\/person\/4e536851627d7914baf3dac752b6af22"},"description":"A Eurocidade Cerveira-Tomi\u00f1o e o Aquamuseu do Rio Minho promovem, nos dias 28 e 29 de novembro, o XII Simp\u00f3sio Ib\u00e9rico sobre a Bacia Hidrogr\u00e1fica do Rio Minho, um encontro cient\u00edfico e t\u00e9cnico dedicado \u00e0 reflex\u00e3o sobre os principais desafios ambientais deste importante curso de \u00e1gua transfronteiri\u00e7o.\u00a0","breadcrumb":{"@id":"https:\/\/www.altominho.tv\/site\/2025\/11\/12\/cerveira-e-tomino-promovem-xii-simposio-iberico-sobre-a-bacia-hidrografica-do-rio-minho\/#breadcrumb"},"inLanguage":"pt-PT","potentialAction":[{"@type":"ReadAction","target":["https:\/\/www.altominho.tv\/site\/2025\/11\/12\/cerveira-e-tomino-promovem-xii-simposio-iberico-sobre-a-bacia-hidrografica-do-rio-minho\/"]}]},{"@type":"ImageObject","inLanguage":"pt-PT","@id":"https:\/\/www.altominho.tv\/site\/2025\/11\/12\/cerveira-e-tomino-promovem-xii-simposio-iberico-sobre-a-bacia-hidrografica-do-rio-minho\/#primaryimage","url":"https:\/\/www.altominho.tv\/site\/wp-content\/uploads\/2025\/08\/rio-minho.jpg","contentUrl":"https:\/\/www.altominho.tv\/site\/wp-content\/uploads\/2025\/08\/rio-minho.jpg","width":1200,"height":630},{"@type":"BreadcrumbList","@id":"https:\/\/www.altominho.tv\/site\/2025\/11\/12\/cerveira-e-tomino-promovem-xii-simposio-iberico-sobre-a-bacia-hidrografica-do-rio-minho\/#breadcrumb","itemListElement":[{"@type":"ListItem","position":1,"name":"In\u00edcio","item":"https:\/\/www.altominho.tv\/site\/"},{"@type":"ListItem","position":2,"name":"Cerveira e Tomi\u00f1o promovem XII Simp\u00f3sio Ib\u00e9rico sobre a Bacia Hidrogr\u00e1fica do Rio Minho"}]},{"@type":"WebSite","@id":"https:\/\/www.altominho.tv\/site\/#website","url":"https:\/\/www.altominho.tv\/site\/","name":"Altominho.tv","description":"A sua regi\u00e3o \u00e0 dist\u00e2ncia de um clique...","potentialAction":[{"@type":"SearchAction","target":{"@type":"EntryPoint","urlTemplate":"https:\/\/www.altominho.tv\/site\/?s={search_term_string}"},"query-input":{"@type":"PropertyValueSpecification","valueRequired":true,"valueName":"search_term_string"}}],"inLanguage":"pt-PT"},{"@type":"Person","@id":"https:\/\/www.altominho.tv\/site\/#\/schema\/person\/4e536851627d7914baf3dac752b6af22","name":"Altominho.tv","image":{"@type":"ImageObject","inLanguage":"pt-PT","@id":"https:\/\/www.altominho.tv\/site\/wp-content\/uploads\/2019\/11\/Logo_Avatar_2-150x150.jpg","url":"https:\/\/www.altominho.tv\/site\/wp-content\/uploads\/2019\/11\/Logo_Avatar_2-150x150.jpg","contentUrl":"https:\/\/www.altominho.tv\/site\/wp-content\/uploads\/2019\/11\/Logo_Avatar_2-150x150.jpg","caption":"Altominho.tv"},"url":"https:\/\/www.altominho.tv\/site\/author\/altominhotv-tecnico\/"}]}},"_links":{"self":[{"href":"https:\/\/www.altominho.tv\/site\/wp-json\/wp\/v2\/posts\/125139","targetHints":{"allow":["GET"]}}],"collection":[{"href":"https:\/\/www.altominho.tv\/site\/wp-json\/wp\/v2\/posts"}],"about":[{"href":"https:\/\/www.altominho.tv\/site\/wp-json\/wp\/v2\/types\/post"}],"author":[{"embeddable":true,"href":"https:\/\/www.altominho.tv\/site\/wp-json\/wp\/v2\/users\/1"}],"replies":[{"embeddable":true,"href":"https:\/\/www.altominho.tv\/site\/wp-json\/wp\/v2\/comments?post=125139"}],"version-history":[{"count":1,"href":"https:\/\/www.altominho.tv\/site\/wp-json\/wp\/v2\/posts\/125139\/revisions"}],"predecessor-version":[{"id":125140,"href":"https:\/\/www.altominho.tv\/site\/wp-json\/wp\/v2\/posts\/125139\/revisions\/125140"}],"wp:featuredmedia":[{"embeddable":true,"href":"https:\/\/www.altominho.tv\/site\/wp-json\/wp\/v2\/media\/121995"}],"wp:attachment":[{"href":"https:\/\/www.altominho.tv\/site\/wp-json\/wp\/v2\/media?parent=125139"}],"wp:term":[{"taxonomy":"category","embeddable":true,"href":"https:\/\/www.altominho.tv\/site\/wp-json\/wp\/v2\/categories?post=125139"},{"taxonomy":"post_tag","embeddable":true,"href":"https:\/\/www.altominho.tv\/site\/wp-json\/wp\/v2\/tags?post=125139"}],"curies":[{"name":"wp","href":"https:\/\/api.w.org\/{rel}","templated":true}]}}