{"id":124986,"date":"2025-11-07T11:37:23","date_gmt":"2025-11-07T11:37:23","guid":{"rendered":"https:\/\/www.altominho.tv\/site\/?p=124986"},"modified":"2025-11-07T11:37:25","modified_gmt":"2025-11-07T11:37:25","slug":"candidaturas-para-as-bolsas-de-estudo-encerram-a-14-de-novembro","status":"publish","type":"post","link":"https:\/\/www.altominho.tv\/site\/2025\/11\/07\/candidaturas-para-as-bolsas-de-estudo-encerram-a-14-de-novembro\/","title":{"rendered":"Candidaturas para as Bolsas de Estudo encerram a 14 de novembro"},"content":{"rendered":"<p class=\"p1\">A C\u00e2mara Municipal de Valen\u00e7a j\u00e1 abriu as candidaturas \u00e0s Bolsas de Estudo para os jovens do concelho que frequentam o ensino superior.<\/p>\n<p class=\"p1\">As candidaturas decorrem at\u00e9 ao dia 14 de novembro, nos Servi\u00e7os de A\u00e7\u00e3o Social e est\u00e3o direcionadas aos estudantes, residentes no concelho de Valen\u00e7a e matriculados e inscritos em estabelecimentos de ensino superior.<\/p>\n<p class=\"p1\">As candidaturas dever\u00e3o ser apresentadas diretamente, nos Servi\u00e7os de A\u00e7\u00e3o Social do Munic\u00edpio de Valen\u00e7a, no Bloco A, na Avenida da Juventude, de segunda a sexta-feira, no hor\u00e1rio das 9h00 \u00e0s 16h00.<\/p>\n<p class=\"p1\">As Bolsas de Estudo s\u00e3o uma medida da C\u00e2mara Municipal, de apoio aos jovens alunos economicamente mais desfavorecidos que, tendo adequado aproveitamento escolar, se v\u00eam impossibilitados de prosseguir os estudos, de n\u00edvel superior, por falta dos necess\u00e1rios meios econ\u00f3micos.<\/p>\n","protected":false},"excerpt":{"rendered":"<p>A C\u00e2mara Municipal de Valen\u00e7a j\u00e1 abriu as candidaturas \u00e0s Bolsas de Estudo para os jovens do concelho que frequentam o ensino superior. As candidaturas decorrem at\u00e9 ao dia 14 de novembro, nos Servi\u00e7os de A\u00e7\u00e3o Social e est\u00e3o direcionadas aos estudantes, residentes no concelho de Valen\u00e7a e matriculados e inscritos em estabelecimentos de ensino [&hellip;]<\/p>\n","protected":false},"author":30,"featured_media":122524,"comment_status":"closed","ping_status":"closed","sticky":false,"template":"","format":"standard","meta":{"_exactmetrics_skip_tracking":false,"_exactmetrics_sitenote_active":false,"_exactmetrics_sitenote_note":"","_exactmetrics_sitenote_category":0,"footnotes":""},"categories":[13],"tags":[22],"class_list":["post-124986","post","type-post","status-publish","format-standard","has-post-thumbnail","hentry","category-valenca","tag-educacao"],"yoast_head":"<!-- This site is optimized with the Yoast SEO Premium plugin v27.5 (Yoast SEO v27.5) - https:\/\/yoast.com\/product\/yoast-seo-premium-wordpress\/ -->\n<title>Candidaturas para as Bolsas de Estudo encerram a 14 de novembro<\/title>\n<meta name=\"description\" content=\"As candidaturas decorrem at\u00e9 ao dia 14 de novembro, nos Servi\u00e7os de A\u00e7\u00e3o Social e est\u00e3o direcionadas aos estudantes, residentes no concelho de Valen\u00e7a e matriculados e inscritos em estabelecimentos de ensino superior.\" \/>\n<meta name=\"robots\" content=\"index, follow, max-snippet:-1, max-image-preview:large, max-video-preview:-1\" \/>\n<link rel=\"canonical\" href=\"https:\/\/www.altominho.tv\/site\/2025\/11\/07\/candidaturas-para-as-bolsas-de-estudo-encerram-a-14-de-novembro\/\" \/>\n<meta property=\"og:locale\" content=\"pt_PT\" \/>\n<meta property=\"og:type\" content=\"article\" \/>\n<meta property=\"og:title\" content=\"Candidaturas para as Bolsas de Estudo encerram a 14 de novembro\" \/>\n<meta property=\"og:description\" content=\"As candidaturas decorrem at\u00e9 ao dia 14 de novembro, nos Servi\u00e7os de A\u00e7\u00e3o Social e est\u00e3o direcionadas aos estudantes, residentes no concelho de Valen\u00e7a e matriculados e inscritos em estabelecimentos de ensino superior.\" \/>\n<meta property=\"og:url\" content=\"https:\/\/www.altominho.tv\/site\/2025\/11\/07\/candidaturas-para-as-bolsas-de-estudo-encerram-a-14-de-novembro\/\" \/>\n<meta property=\"og:site_name\" content=\"Altominho.tv\" \/>\n<meta property=\"article:publisher\" content=\"https:\/\/www.facebook.com\/altominhotv\" \/>\n<meta property=\"article:published_time\" content=\"2025-11-07T11:37:23+00:00\" \/>\n<meta property=\"article:modified_time\" content=\"2025-11-07T11:37:25+00:00\" \/>\n<meta property=\"og:image\" content=\"https:\/\/www.altominho.tv\/site\/wp-content\/uploads\/2025\/09\/universitarios.jpg\" \/>\n\t<meta property=\"og:image:width\" content=\"1200\" \/>\n\t<meta property=\"og:image:height\" content=\"630\" \/>\n\t<meta property=\"og:image:type\" content=\"image\/jpeg\" \/>\n<meta name=\"author\" content=\"Eduarda Cardoso\" \/>\n<meta name=\"twitter:card\" content=\"summary_large_image\" \/>\n<meta name=\"twitter:creator\" content=\"@altominhoTV\" \/>\n<meta name=\"twitter:site\" content=\"@altominhoTV\" \/>\n<meta name=\"twitter:label1\" content=\"Escrito por\" \/>\n\t<meta name=\"twitter:data1\" content=\"Eduarda Cardoso\" \/>\n\t<meta name=\"twitter:label2\" content=\"Tempo estimado de leitura\" \/>\n\t<meta name=\"twitter:data2\" content=\"1 minuto\" \/>\n<script type=\"application\/ld+json\" class=\"yoast-schema-graph\">{\"@context\":\"https:\\\/\\\/schema.org\",\"@graph\":[{\"@type\":\"Article\",\"@id\":\"https:\\\/\\\/www.altominho.tv\\\/site\\\/2025\\\/11\\\/07\\\/candidaturas-para-as-bolsas-de-estudo-encerram-a-14-de-novembro\\\/#article\",\"isPartOf\":{\"@id\":\"https:\\\/\\\/www.altominho.tv\\\/site\\\/2025\\\/11\\\/07\\\/candidaturas-para-as-bolsas-de-estudo-encerram-a-14-de-novembro\\\/\"},\"author\":{\"name\":\"Eduarda Cardoso\",\"@id\":\"https:\\\/\\\/www.altominho.tv\\\/site\\\/#\\\/schema\\\/person\\\/9e351387b727413d005ccf1152c93539\"},\"headline\":\"Candidaturas para as Bolsas de Estudo encerram a 14 de novembro\",\"datePublished\":\"2025-11-07T11:37:23+00:00\",\"dateModified\":\"2025-11-07T11:37:25+00:00\",\"mainEntityOfPage\":{\"@id\":\"https:\\\/\\\/www.altominho.tv\\\/site\\\/2025\\\/11\\\/07\\\/candidaturas-para-as-bolsas-de-estudo-encerram-a-14-de-novembro\\\/\"},\"wordCount\":154,\"image\":{\"@id\":\"https:\\\/\\\/www.altominho.tv\\\/site\\\/2025\\\/11\\\/07\\\/candidaturas-para-as-bolsas-de-estudo-encerram-a-14-de-novembro\\\/#primaryimage\"},\"thumbnailUrl\":\"https:\\\/\\\/www.altominho.tv\\\/site\\\/wp-content\\\/uploads\\\/2025\\\/09\\\/universitarios.jpg\",\"keywords\":[\"Educa\u00e7\u00e3o\"],\"articleSection\":[\"Valen\u00e7a\"],\"inLanguage\":\"pt-PT\",\"copyrightYear\":\"2025\",\"copyrightHolder\":{\"@id\":\"https:\\\/\\\/www.altominho.tv\\\/site\\\/#organization\"}},{\"@type\":\"WebPage\",\"@id\":\"https:\\\/\\\/www.altominho.tv\\\/site\\\/2025\\\/11\\\/07\\\/candidaturas-para-as-bolsas-de-estudo-encerram-a-14-de-novembro\\\/\",\"url\":\"https:\\\/\\\/www.altominho.tv\\\/site\\\/2025\\\/11\\\/07\\\/candidaturas-para-as-bolsas-de-estudo-encerram-a-14-de-novembro\\\/\",\"name\":\"Candidaturas para as Bolsas de Estudo encerram a 14 de novembro\",\"isPartOf\":{\"@id\":\"https:\\\/\\\/www.altominho.tv\\\/site\\\/#website\"},\"primaryImageOfPage\":{\"@id\":\"https:\\\/\\\/www.altominho.tv\\\/site\\\/2025\\\/11\\\/07\\\/candidaturas-para-as-bolsas-de-estudo-encerram-a-14-de-novembro\\\/#primaryimage\"},\"image\":{\"@id\":\"https:\\\/\\\/www.altominho.tv\\\/site\\\/2025\\\/11\\\/07\\\/candidaturas-para-as-bolsas-de-estudo-encerram-a-14-de-novembro\\\/#primaryimage\"},\"thumbnailUrl\":\"https:\\\/\\\/www.altominho.tv\\\/site\\\/wp-content\\\/uploads\\\/2025\\\/09\\\/universitarios.jpg\",\"datePublished\":\"2025-11-07T11:37:23+00:00\",\"dateModified\":\"2025-11-07T11:37:25+00:00\",\"author\":{\"@id\":\"https:\\\/\\\/www.altominho.tv\\\/site\\\/#\\\/schema\\\/person\\\/9e351387b727413d005ccf1152c93539\"},\"description\":\"As candidaturas decorrem at\u00e9 ao dia 14 de novembro, nos Servi\u00e7os de A\u00e7\u00e3o Social e est\u00e3o direcionadas aos estudantes, residentes no concelho de Valen\u00e7a e matriculados e inscritos em estabelecimentos de ensino superior.\",\"breadcrumb\":{\"@id\":\"https:\\\/\\\/www.altominho.tv\\\/site\\\/2025\\\/11\\\/07\\\/candidaturas-para-as-bolsas-de-estudo-encerram-a-14-de-novembro\\\/#breadcrumb\"},\"inLanguage\":\"pt-PT\",\"potentialAction\":[{\"@type\":\"ReadAction\",\"target\":[\"https:\\\/\\\/www.altominho.tv\\\/site\\\/2025\\\/11\\\/07\\\/candidaturas-para-as-bolsas-de-estudo-encerram-a-14-de-novembro\\\/\"]}]},{\"@type\":\"ImageObject\",\"inLanguage\":\"pt-PT\",\"@id\":\"https:\\\/\\\/www.altominho.tv\\\/site\\\/2025\\\/11\\\/07\\\/candidaturas-para-as-bolsas-de-estudo-encerram-a-14-de-novembro\\\/#primaryimage\",\"url\":\"https:\\\/\\\/www.altominho.tv\\\/site\\\/wp-content\\\/uploads\\\/2025\\\/09\\\/universitarios.jpg\",\"contentUrl\":\"https:\\\/\\\/www.altominho.tv\\\/site\\\/wp-content\\\/uploads\\\/2025\\\/09\\\/universitarios.jpg\",\"width\":1200,\"height\":630},{\"@type\":\"BreadcrumbList\",\"@id\":\"https:\\\/\\\/www.altominho.tv\\\/site\\\/2025\\\/11\\\/07\\\/candidaturas-para-as-bolsas-de-estudo-encerram-a-14-de-novembro\\\/#breadcrumb\",\"itemListElement\":[{\"@type\":\"ListItem\",\"position\":1,\"name\":\"In\u00edcio\",\"item\":\"https:\\\/\\\/www.altominho.tv\\\/site\\\/\"},{\"@type\":\"ListItem\",\"position\":2,\"name\":\"Candidaturas para as Bolsas de Estudo encerram a 14 de novembro\"}]},{\"@type\":\"WebSite\",\"@id\":\"https:\\\/\\\/www.altominho.tv\\\/site\\\/#website\",\"url\":\"https:\\\/\\\/www.altominho.tv\\\/site\\\/\",\"name\":\"Altominho.tv\",\"description\":\"A sua regi\u00e3o \u00e0 dist\u00e2ncia de um clique...\",\"potentialAction\":[{\"@type\":\"SearchAction\",\"target\":{\"@type\":\"EntryPoint\",\"urlTemplate\":\"https:\\\/\\\/www.altominho.tv\\\/site\\\/?s={search_term_string}\"},\"query-input\":{\"@type\":\"PropertyValueSpecification\",\"valueRequired\":true,\"valueName\":\"search_term_string\"}}],\"inLanguage\":\"pt-PT\"},{\"@type\":\"Person\",\"@id\":\"https:\\\/\\\/www.altominho.tv\\\/site\\\/#\\\/schema\\\/person\\\/9e351387b727413d005ccf1152c93539\",\"name\":\"Eduarda Cardoso\",\"image\":{\"@type\":\"ImageObject\",\"inLanguage\":\"pt-PT\",\"@id\":\"https:\\\/\\\/www.altominho.tv\\\/site\\\/wp-content\\\/uploads\\\/2021\\\/01\\\/cropped-Logo-ATV_WEB-150x150.png\",\"url\":\"https:\\\/\\\/www.altominho.tv\\\/site\\\/wp-content\\\/uploads\\\/2021\\\/01\\\/cropped-Logo-ATV_WEB-150x150.png\",\"contentUrl\":\"https:\\\/\\\/www.altominho.tv\\\/site\\\/wp-content\\\/uploads\\\/2021\\\/01\\\/cropped-Logo-ATV_WEB-150x150.png\",\"caption\":\"Eduarda Cardoso\"},\"url\":\"https:\\\/\\\/www.altominho.tv\\\/site\\\/author\\\/eduarda-cardoso\\\/\"}]}<\/script>\n<!-- \/ Yoast SEO Premium plugin. -->","yoast_head_json":{"title":"Candidaturas para as Bolsas de Estudo encerram a 14 de novembro","description":"As candidaturas decorrem at\u00e9 ao dia 14 de novembro, nos Servi\u00e7os de A\u00e7\u00e3o Social e est\u00e3o direcionadas aos estudantes, residentes no concelho de Valen\u00e7a e matriculados e inscritos em estabelecimentos de ensino superior.","robots":{"index":"index","follow":"follow","max-snippet":"max-snippet:-1","max-image-preview":"max-image-preview:large","max-video-preview":"max-video-preview:-1"},"canonical":"https:\/\/www.altominho.tv\/site\/2025\/11\/07\/candidaturas-para-as-bolsas-de-estudo-encerram-a-14-de-novembro\/","og_locale":"pt_PT","og_type":"article","og_title":"Candidaturas para as Bolsas de Estudo encerram a 14 de novembro","og_description":"As candidaturas decorrem at\u00e9 ao dia 14 de novembro, nos Servi\u00e7os de A\u00e7\u00e3o Social e est\u00e3o direcionadas aos estudantes, residentes no concelho de Valen\u00e7a e matriculados e inscritos em estabelecimentos de ensino superior.","og_url":"https:\/\/www.altominho.tv\/site\/2025\/11\/07\/candidaturas-para-as-bolsas-de-estudo-encerram-a-14-de-novembro\/","og_site_name":"Altominho.tv","article_publisher":"https:\/\/www.facebook.com\/altominhotv","article_published_time":"2025-11-07T11:37:23+00:00","article_modified_time":"2025-11-07T11:37:25+00:00","og_image":[{"width":1200,"height":630,"url":"https:\/\/www.altominho.tv\/site\/wp-content\/uploads\/2025\/09\/universitarios.jpg","type":"image\/jpeg"}],"author":"Eduarda Cardoso","twitter_card":"summary_large_image","twitter_creator":"@altominhoTV","twitter_site":"@altominhoTV","twitter_misc":{"Escrito por":"Eduarda Cardoso","Tempo estimado de leitura":"1 minuto"},"schema":{"@context":"https:\/\/schema.org","@graph":[{"@type":"Article","@id":"https:\/\/www.altominho.tv\/site\/2025\/11\/07\/candidaturas-para-as-bolsas-de-estudo-encerram-a-14-de-novembro\/#article","isPartOf":{"@id":"https:\/\/www.altominho.tv\/site\/2025\/11\/07\/candidaturas-para-as-bolsas-de-estudo-encerram-a-14-de-novembro\/"},"author":{"name":"Eduarda Cardoso","@id":"https:\/\/www.altominho.tv\/site\/#\/schema\/person\/9e351387b727413d005ccf1152c93539"},"headline":"Candidaturas para as Bolsas de Estudo encerram a 14 de novembro","datePublished":"2025-11-07T11:37:23+00:00","dateModified":"2025-11-07T11:37:25+00:00","mainEntityOfPage":{"@id":"https:\/\/www.altominho.tv\/site\/2025\/11\/07\/candidaturas-para-as-bolsas-de-estudo-encerram-a-14-de-novembro\/"},"wordCount":154,"image":{"@id":"https:\/\/www.altominho.tv\/site\/2025\/11\/07\/candidaturas-para-as-bolsas-de-estudo-encerram-a-14-de-novembro\/#primaryimage"},"thumbnailUrl":"https:\/\/www.altominho.tv\/site\/wp-content\/uploads\/2025\/09\/universitarios.jpg","keywords":["Educa\u00e7\u00e3o"],"articleSection":["Valen\u00e7a"],"inLanguage":"pt-PT","copyrightYear":"2025","copyrightHolder":{"@id":"https:\/\/www.altominho.tv\/site\/#organization"}},{"@type":"WebPage","@id":"https:\/\/www.altominho.tv\/site\/2025\/11\/07\/candidaturas-para-as-bolsas-de-estudo-encerram-a-14-de-novembro\/","url":"https:\/\/www.altominho.tv\/site\/2025\/11\/07\/candidaturas-para-as-bolsas-de-estudo-encerram-a-14-de-novembro\/","name":"Candidaturas para as Bolsas de Estudo encerram a 14 de novembro","isPartOf":{"@id":"https:\/\/www.altominho.tv\/site\/#website"},"primaryImageOfPage":{"@id":"https:\/\/www.altominho.tv\/site\/2025\/11\/07\/candidaturas-para-as-bolsas-de-estudo-encerram-a-14-de-novembro\/#primaryimage"},"image":{"@id":"https:\/\/www.altominho.tv\/site\/2025\/11\/07\/candidaturas-para-as-bolsas-de-estudo-encerram-a-14-de-novembro\/#primaryimage"},"thumbnailUrl":"https:\/\/www.altominho.tv\/site\/wp-content\/uploads\/2025\/09\/universitarios.jpg","datePublished":"2025-11-07T11:37:23+00:00","dateModified":"2025-11-07T11:37:25+00:00","author":{"@id":"https:\/\/www.altominho.tv\/site\/#\/schema\/person\/9e351387b727413d005ccf1152c93539"},"description":"As candidaturas decorrem at\u00e9 ao dia 14 de novembro, nos Servi\u00e7os de A\u00e7\u00e3o Social e est\u00e3o direcionadas aos estudantes, residentes no concelho de Valen\u00e7a e matriculados e inscritos em estabelecimentos de ensino superior.","breadcrumb":{"@id":"https:\/\/www.altominho.tv\/site\/2025\/11\/07\/candidaturas-para-as-bolsas-de-estudo-encerram-a-14-de-novembro\/#breadcrumb"},"inLanguage":"pt-PT","potentialAction":[{"@type":"ReadAction","target":["https:\/\/www.altominho.tv\/site\/2025\/11\/07\/candidaturas-para-as-bolsas-de-estudo-encerram-a-14-de-novembro\/"]}]},{"@type":"ImageObject","inLanguage":"pt-PT","@id":"https:\/\/www.altominho.tv\/site\/2025\/11\/07\/candidaturas-para-as-bolsas-de-estudo-encerram-a-14-de-novembro\/#primaryimage","url":"https:\/\/www.altominho.tv\/site\/wp-content\/uploads\/2025\/09\/universitarios.jpg","contentUrl":"https:\/\/www.altominho.tv\/site\/wp-content\/uploads\/2025\/09\/universitarios.jpg","width":1200,"height":630},{"@type":"BreadcrumbList","@id":"https:\/\/www.altominho.tv\/site\/2025\/11\/07\/candidaturas-para-as-bolsas-de-estudo-encerram-a-14-de-novembro\/#breadcrumb","itemListElement":[{"@type":"ListItem","position":1,"name":"In\u00edcio","item":"https:\/\/www.altominho.tv\/site\/"},{"@type":"ListItem","position":2,"name":"Candidaturas para as Bolsas de Estudo encerram a 14 de novembro"}]},{"@type":"WebSite","@id":"https:\/\/www.altominho.tv\/site\/#website","url":"https:\/\/www.altominho.tv\/site\/","name":"Altominho.tv","description":"A sua regi\u00e3o \u00e0 dist\u00e2ncia de um clique...","potentialAction":[{"@type":"SearchAction","target":{"@type":"EntryPoint","urlTemplate":"https:\/\/www.altominho.tv\/site\/?s={search_term_string}"},"query-input":{"@type":"PropertyValueSpecification","valueRequired":true,"valueName":"search_term_string"}}],"inLanguage":"pt-PT"},{"@type":"Person","@id":"https:\/\/www.altominho.tv\/site\/#\/schema\/person\/9e351387b727413d005ccf1152c93539","name":"Eduarda Cardoso","image":{"@type":"ImageObject","inLanguage":"pt-PT","@id":"https:\/\/www.altominho.tv\/site\/wp-content\/uploads\/2021\/01\/cropped-Logo-ATV_WEB-150x150.png","url":"https:\/\/www.altominho.tv\/site\/wp-content\/uploads\/2021\/01\/cropped-Logo-ATV_WEB-150x150.png","contentUrl":"https:\/\/www.altominho.tv\/site\/wp-content\/uploads\/2021\/01\/cropped-Logo-ATV_WEB-150x150.png","caption":"Eduarda Cardoso"},"url":"https:\/\/www.altominho.tv\/site\/author\/eduarda-cardoso\/"}]}},"_links":{"self":[{"href":"https:\/\/www.altominho.tv\/site\/wp-json\/wp\/v2\/posts\/124986","targetHints":{"allow":["GET"]}}],"collection":[{"href":"https:\/\/www.altominho.tv\/site\/wp-json\/wp\/v2\/posts"}],"about":[{"href":"https:\/\/www.altominho.tv\/site\/wp-json\/wp\/v2\/types\/post"}],"author":[{"embeddable":true,"href":"https:\/\/www.altominho.tv\/site\/wp-json\/wp\/v2\/users\/30"}],"replies":[{"embeddable":true,"href":"https:\/\/www.altominho.tv\/site\/wp-json\/wp\/v2\/comments?post=124986"}],"version-history":[{"count":1,"href":"https:\/\/www.altominho.tv\/site\/wp-json\/wp\/v2\/posts\/124986\/revisions"}],"predecessor-version":[{"id":124987,"href":"https:\/\/www.altominho.tv\/site\/wp-json\/wp\/v2\/posts\/124986\/revisions\/124987"}],"wp:featuredmedia":[{"embeddable":true,"href":"https:\/\/www.altominho.tv\/site\/wp-json\/wp\/v2\/media\/122524"}],"wp:attachment":[{"href":"https:\/\/www.altominho.tv\/site\/wp-json\/wp\/v2\/media?parent=124986"}],"wp:term":[{"taxonomy":"category","embeddable":true,"href":"https:\/\/www.altominho.tv\/site\/wp-json\/wp\/v2\/categories?post=124986"},{"taxonomy":"post_tag","embeddable":true,"href":"https:\/\/www.altominho.tv\/site\/wp-json\/wp\/v2\/tags?post=124986"}],"curies":[{"name":"wp","href":"https:\/\/api.w.org\/{rel}","templated":true}]}}