{"id":124976,"date":"2025-11-07T09:48:33","date_gmt":"2025-11-07T09:48:33","guid":{"rendered":"https:\/\/www.altominho.tv\/site\/?p=124976"},"modified":"2025-11-07T09:48:37","modified_gmt":"2025-11-07T09:48:37","slug":"viana-do-castelo-iluminacao-de-natal-natal","status":"publish","type":"post","link":"https:\/\/www.altominho.tv\/site\/2025\/11\/07\/viana-do-castelo-iluminacao-de-natal-natal\/","title":{"rendered":"Viana inaugura ilumina\u00e7\u00e3o de Natal este s\u00e1bado"},"content":{"rendered":"\n<p>Entre o dia 8 de novembro e o dia 12 de janeiro de 2026, Viana do Castelo vai estar iluminada para assinalar o Natal e a \u00e9poca festiva.<\/p>\n\n\n\n<p>A autarquia deu hoje nota que &#8220;este ano, ser\u00e3o iluminados mais locais do que no ano passado&#8221;, nomeadamente &#8220;com as fachadas da Capela das Almas, S\u00e9 Catedral e Igreja de S. Domingos\u201d.<\/p>\n\n\n\n<p>Ser\u00e3o, assim, cerca de 36 os locais iluminados, entre pra\u00e7as, ruas, avenidas, largos, igrejas e entradas na cidade, para promover o centro hist\u00f3rico e dinamizar a economia local.<\/p>\n\n\n\n<p>A inaugura\u00e7\u00e3o da ilumina\u00e7\u00e3o para a \u00e9poca festiva acontece pelas 18h00 deste s\u00e1bado, dia 8 de novembro.<\/p>\n\n\n\n<p>De domingo a quinta-feira, a ilumina\u00e7\u00e3o acontece das 17h00 \u00e0s 22h00.<\/p>\n\n\n\n<p>J\u00e1 na sexta-feira e s\u00e1bado, a ilumina\u00e7\u00e3o conta com hor\u00e1rio alargado, das 17h00 \u00e0s 00h00.<\/p>\n\n\n\n<p>Mais uma vez, a decora\u00e7\u00e3o da Avenida dos Combatentes da Grande Guerra e de uma \u00e1rvore de Natal 3D, instalada no anfiteatro do Jardim da Marina, oferece espet\u00e1culos multim\u00e9dia di\u00e1rios que unem som e luz e prometem ser os ponto  principais desta ilumina\u00e7\u00e3o festiva.<\/p>\n\n\n\n<p>Na Avenida principal da cidade, os espet\u00e1culos acontecem \u00e0s 18h00, 19h00, 20h00, 21h00, 22h00 (tamb\u00e9m 23h00 e 00h00 \u00e0s sextas-feiras e s\u00e1bados).<\/p>\n\n\n\n<p>J\u00e1 na \u00c1rvore de Natal, a magia acontece \u00e0s 18h30, 19h30, 20h30, 21h30 (tamb\u00e9m 22h30 e 23h30 \u00e0s sextas-feiras e s\u00e1bados).<\/p>\n\n\n\n<p>A partir deste s\u00e1bado, est\u00e3o, assim, iluminados: Avenida dos Combatentes da Grande Guerra, Rua Manuel Espregueira, Rua da Picota, Rua da Bandeira (entre a Pra\u00e7a da Rep\u00fablica e a Avenida Afonso III), Passeio das Mordomas da Romaria, Rua Gago Coutinho, Rua Aurora do Lima, Rua Sacadura Cabral, Rua Mateus Barbosa, Rua S. Pedro, Rua Grande, Largo Jo\u00e3o Tom\u00e1s da Costa, Largo 5 de Outubro, Rua Martim Velho, Avenida Rocha P\u00e1ris, Rua Nova de Santana, Pra\u00e7a 1\u00ba de Maio, Avenida Conde da Carreira, entradas da cidade (rotundas do McDonalds, Praia Norte e Afonso III), Jardim Marginal \/ Anfiteatro &#8211; Jardim da pequenada, Pra\u00e7a da Rep\u00fablica e Antigos Pa\u00e7os do Concelho, Avenida Lu\u00eds de Cam\u00f5es, Rua de Aveiro, Avenida Rocha P\u00e1ris (lado norte), Rua do Po\u00e7o, Rua de Santo Ant\u00f3nio (lado norte), Rua C\u00e2ndido dos Reis, Capit\u00e3es de Abril, Jardim D. Fernando, Avenida Campo do Castelo, Campo d\u2019Agonia, Avenida Jo\u00e3o Alves Cerqueira, Igreja de S\u00e3o Domingos e Largo S. Domingos, Capela das Almas, Largo Maestro Jos\u00e9 Pedro e S\u00e9 Catedral.<\/p>\n\n\n\n<p>Em finais de setembro, recorde-se, a C\u00e2mara Municipal de Viana do Castelo aprovou, por unanimidade, a celebra\u00e7\u00e3o de um protocolo com a Associa\u00e7\u00e3o Empresarial do Distrito de Viana do Castelo (AEDVC) que prev\u00ea um investimento de mais de 200 mil euros em ornamenta\u00e7\u00e3o e ilumina\u00e7\u00e3o natal\u00edcia, valor semelhante ao do ano transato.<\/p>\n\n\n\n<p>&#8220;O protocolo estabelecido prev\u00ea a realiza\u00e7\u00e3o de um conjunto de a\u00e7\u00f5es que visem a dinamiza\u00e7\u00e3o da estrutura empresarial e comercial do centro urbano, no per\u00edodo de Natal e Ano Novo e com especial relev\u00e2ncia na \u00e9poca de Natal&#8221;, deu ainda nota a C\u00e2mara de Viana.<\/p>\n","protected":false},"excerpt":{"rendered":"<p>Entre o dia 8 de novembro e o dia 12 de janeiro de 2026, Viana do Castelo vai estar iluminada para assinalar o Natal e a \u00e9poca festiva. A autarquia deu hoje nota que &#8220;este ano, ser\u00e3o iluminados mais locais do que no ano passado&#8221;, nomeadamente &#8220;com as fachadas da Capela das Almas, S\u00e9 Catedral [&hellip;]<\/p>\n","protected":false},"author":7,"featured_media":124977,"comment_status":"closed","ping_status":"closed","sticky":false,"template":"","format":"standard","meta":{"_exactmetrics_skip_tracking":false,"_exactmetrics_sitenote_active":false,"_exactmetrics_sitenote_note":"","_exactmetrics_sitenote_category":0,"footnotes":""},"categories":[14],"tags":[24],"class_list":["post-124976","post","type-post","status-publish","format-standard","has-post-thumbnail","hentry","category-viana-do-castelo","tag-lazer"],"yoast_head":"<!-- This site is optimized with the Yoast SEO Premium plugin v27.5 (Yoast SEO v27.5) - https:\/\/yoast.com\/product\/yoast-seo-premium-wordpress\/ -->\n<title>Viana inaugura ilumina\u00e7\u00e3o de Natal este s\u00e1bado<\/title>\n<meta name=\"description\" content=\"Viana vai inaugurar a ilumina\u00e7\u00e3o de Natal este s\u00e1bado.\" \/>\n<meta name=\"robots\" content=\"index, follow, max-snippet:-1, max-image-preview:large, max-video-preview:-1\" \/>\n<link rel=\"canonical\" href=\"https:\/\/www.altominho.tv\/site\/2025\/11\/07\/viana-do-castelo-iluminacao-de-natal-natal\/\" \/>\n<meta property=\"og:locale\" content=\"pt_PT\" \/>\n<meta property=\"og:type\" content=\"article\" \/>\n<meta property=\"og:title\" content=\"Viana inaugura ilumina\u00e7\u00e3o de Natal este s\u00e1bado\" \/>\n<meta property=\"og:description\" content=\"Viana vai inaugurar a ilumina\u00e7\u00e3o de Natal este s\u00e1bado.\" \/>\n<meta property=\"og:url\" content=\"https:\/\/www.altominho.tv\/site\/2025\/11\/07\/viana-do-castelo-iluminacao-de-natal-natal\/\" \/>\n<meta property=\"og:site_name\" content=\"Altominho.tv\" \/>\n<meta property=\"article:publisher\" content=\"https:\/\/www.facebook.com\/altominhotv\" \/>\n<meta property=\"article:published_time\" content=\"2025-11-07T09:48:33+00:00\" \/>\n<meta property=\"article:modified_time\" content=\"2025-11-07T09:48:37+00:00\" \/>\n<meta property=\"og:image\" content=\"https:\/\/www.altominho.tv\/site\/wp-content\/uploads\/2025\/11\/iluminacao-viana.png\" \/>\n\t<meta property=\"og:image:width\" content=\"1200\" \/>\n\t<meta property=\"og:image:height\" content=\"630\" \/>\n\t<meta property=\"og:image:type\" content=\"image\/png\" \/>\n<meta name=\"author\" content=\"Andreia Cunha\" \/>\n<meta name=\"twitter:card\" content=\"summary_large_image\" \/>\n<meta name=\"twitter:creator\" content=\"@altominhoTV\" \/>\n<meta name=\"twitter:site\" content=\"@altominhoTV\" \/>\n<meta name=\"twitter:label1\" content=\"Escrito por\" \/>\n\t<meta name=\"twitter:data1\" content=\"Andreia Cunha\" \/>\n\t<meta name=\"twitter:label2\" content=\"Tempo estimado de leitura\" \/>\n\t<meta name=\"twitter:data2\" content=\"3 minutos\" \/>\n<script type=\"application\/ld+json\" class=\"yoast-schema-graph\">{\"@context\":\"https:\\\/\\\/schema.org\",\"@graph\":[{\"@type\":\"Article\",\"@id\":\"https:\\\/\\\/www.altominho.tv\\\/site\\\/2025\\\/11\\\/07\\\/viana-do-castelo-iluminacao-de-natal-natal\\\/#article\",\"isPartOf\":{\"@id\":\"https:\\\/\\\/www.altominho.tv\\\/site\\\/2025\\\/11\\\/07\\\/viana-do-castelo-iluminacao-de-natal-natal\\\/\"},\"author\":{\"name\":\"Andreia Cunha\",\"@id\":\"https:\\\/\\\/www.altominho.tv\\\/site\\\/#\\\/schema\\\/person\\\/a0e4ef6d041f98ca284393d8f1d97153\"},\"headline\":\"Viana inaugura ilumina\u00e7\u00e3o de Natal este s\u00e1bado\",\"datePublished\":\"2025-11-07T09:48:33+00:00\",\"dateModified\":\"2025-11-07T09:48:37+00:00\",\"mainEntityOfPage\":{\"@id\":\"https:\\\/\\\/www.altominho.tv\\\/site\\\/2025\\\/11\\\/07\\\/viana-do-castelo-iluminacao-de-natal-natal\\\/\"},\"wordCount\":537,\"image\":{\"@id\":\"https:\\\/\\\/www.altominho.tv\\\/site\\\/2025\\\/11\\\/07\\\/viana-do-castelo-iluminacao-de-natal-natal\\\/#primaryimage\"},\"thumbnailUrl\":\"https:\\\/\\\/www.altominho.tv\\\/site\\\/wp-content\\\/uploads\\\/2025\\\/11\\\/iluminacao-viana.png\",\"keywords\":[\"Lazer\"],\"articleSection\":[\"Viana do Castelo\"],\"inLanguage\":\"pt-PT\",\"copyrightYear\":\"2025\",\"copyrightHolder\":{\"@id\":\"https:\\\/\\\/www.altominho.tv\\\/site\\\/#organization\"}},{\"@type\":\"WebPage\",\"@id\":\"https:\\\/\\\/www.altominho.tv\\\/site\\\/2025\\\/11\\\/07\\\/viana-do-castelo-iluminacao-de-natal-natal\\\/\",\"url\":\"https:\\\/\\\/www.altominho.tv\\\/site\\\/2025\\\/11\\\/07\\\/viana-do-castelo-iluminacao-de-natal-natal\\\/\",\"name\":\"Viana inaugura ilumina\u00e7\u00e3o de Natal este s\u00e1bado\",\"isPartOf\":{\"@id\":\"https:\\\/\\\/www.altominho.tv\\\/site\\\/#website\"},\"primaryImageOfPage\":{\"@id\":\"https:\\\/\\\/www.altominho.tv\\\/site\\\/2025\\\/11\\\/07\\\/viana-do-castelo-iluminacao-de-natal-natal\\\/#primaryimage\"},\"image\":{\"@id\":\"https:\\\/\\\/www.altominho.tv\\\/site\\\/2025\\\/11\\\/07\\\/viana-do-castelo-iluminacao-de-natal-natal\\\/#primaryimage\"},\"thumbnailUrl\":\"https:\\\/\\\/www.altominho.tv\\\/site\\\/wp-content\\\/uploads\\\/2025\\\/11\\\/iluminacao-viana.png\",\"datePublished\":\"2025-11-07T09:48:33+00:00\",\"dateModified\":\"2025-11-07T09:48:37+00:00\",\"author\":{\"@id\":\"https:\\\/\\\/www.altominho.tv\\\/site\\\/#\\\/schema\\\/person\\\/a0e4ef6d041f98ca284393d8f1d97153\"},\"description\":\"Viana vai inaugurar a ilumina\u00e7\u00e3o de Natal este s\u00e1bado.\",\"breadcrumb\":{\"@id\":\"https:\\\/\\\/www.altominho.tv\\\/site\\\/2025\\\/11\\\/07\\\/viana-do-castelo-iluminacao-de-natal-natal\\\/#breadcrumb\"},\"inLanguage\":\"pt-PT\",\"potentialAction\":[{\"@type\":\"ReadAction\",\"target\":[\"https:\\\/\\\/www.altominho.tv\\\/site\\\/2025\\\/11\\\/07\\\/viana-do-castelo-iluminacao-de-natal-natal\\\/\"]}]},{\"@type\":\"ImageObject\",\"inLanguage\":\"pt-PT\",\"@id\":\"https:\\\/\\\/www.altominho.tv\\\/site\\\/2025\\\/11\\\/07\\\/viana-do-castelo-iluminacao-de-natal-natal\\\/#primaryimage\",\"url\":\"https:\\\/\\\/www.altominho.tv\\\/site\\\/wp-content\\\/uploads\\\/2025\\\/11\\\/iluminacao-viana.png\",\"contentUrl\":\"https:\\\/\\\/www.altominho.tv\\\/site\\\/wp-content\\\/uploads\\\/2025\\\/11\\\/iluminacao-viana.png\",\"width\":1200,\"height\":630},{\"@type\":\"BreadcrumbList\",\"@id\":\"https:\\\/\\\/www.altominho.tv\\\/site\\\/2025\\\/11\\\/07\\\/viana-do-castelo-iluminacao-de-natal-natal\\\/#breadcrumb\",\"itemListElement\":[{\"@type\":\"ListItem\",\"position\":1,\"name\":\"In\u00edcio\",\"item\":\"https:\\\/\\\/www.altominho.tv\\\/site\\\/\"},{\"@type\":\"ListItem\",\"position\":2,\"name\":\"Viana inaugura ilumina\u00e7\u00e3o de Natal este s\u00e1bado\"}]},{\"@type\":\"WebSite\",\"@id\":\"https:\\\/\\\/www.altominho.tv\\\/site\\\/#website\",\"url\":\"https:\\\/\\\/www.altominho.tv\\\/site\\\/\",\"name\":\"Altominho.tv\",\"description\":\"A sua regi\u00e3o \u00e0 dist\u00e2ncia de um clique...\",\"potentialAction\":[{\"@type\":\"SearchAction\",\"target\":{\"@type\":\"EntryPoint\",\"urlTemplate\":\"https:\\\/\\\/www.altominho.tv\\\/site\\\/?s={search_term_string}\"},\"query-input\":{\"@type\":\"PropertyValueSpecification\",\"valueRequired\":true,\"valueName\":\"search_term_string\"}}],\"inLanguage\":\"pt-PT\"},{\"@type\":\"Person\",\"@id\":\"https:\\\/\\\/www.altominho.tv\\\/site\\\/#\\\/schema\\\/person\\\/a0e4ef6d041f98ca284393d8f1d97153\",\"name\":\"Andreia Cunha\",\"image\":{\"@type\":\"ImageObject\",\"inLanguage\":\"pt-PT\",\"@id\":\"https:\\\/\\\/www.altominho.tv\\\/site\\\/wp-content\\\/uploads\\\/2017\\\/11\\\/Andreia_Cunha-1-150x150.jpg\",\"url\":\"https:\\\/\\\/www.altominho.tv\\\/site\\\/wp-content\\\/uploads\\\/2017\\\/11\\\/Andreia_Cunha-1-150x150.jpg\",\"contentUrl\":\"https:\\\/\\\/www.altominho.tv\\\/site\\\/wp-content\\\/uploads\\\/2017\\\/11\\\/Andreia_Cunha-1-150x150.jpg\",\"caption\":\"Andreia Cunha\"},\"url\":\"https:\\\/\\\/www.altominho.tv\\\/site\\\/author\\\/andreiacunha\\\/\"}]}<\/script>\n<!-- \/ Yoast SEO Premium plugin. -->","yoast_head_json":{"title":"Viana inaugura ilumina\u00e7\u00e3o de Natal este s\u00e1bado","description":"Viana vai inaugurar a ilumina\u00e7\u00e3o de Natal este s\u00e1bado.","robots":{"index":"index","follow":"follow","max-snippet":"max-snippet:-1","max-image-preview":"max-image-preview:large","max-video-preview":"max-video-preview:-1"},"canonical":"https:\/\/www.altominho.tv\/site\/2025\/11\/07\/viana-do-castelo-iluminacao-de-natal-natal\/","og_locale":"pt_PT","og_type":"article","og_title":"Viana inaugura ilumina\u00e7\u00e3o de Natal este s\u00e1bado","og_description":"Viana vai inaugurar a ilumina\u00e7\u00e3o de Natal este s\u00e1bado.","og_url":"https:\/\/www.altominho.tv\/site\/2025\/11\/07\/viana-do-castelo-iluminacao-de-natal-natal\/","og_site_name":"Altominho.tv","article_publisher":"https:\/\/www.facebook.com\/altominhotv","article_published_time":"2025-11-07T09:48:33+00:00","article_modified_time":"2025-11-07T09:48:37+00:00","og_image":[{"width":1200,"height":630,"url":"https:\/\/www.altominho.tv\/site\/wp-content\/uploads\/2025\/11\/iluminacao-viana.png","type":"image\/png"}],"author":"Andreia Cunha","twitter_card":"summary_large_image","twitter_creator":"@altominhoTV","twitter_site":"@altominhoTV","twitter_misc":{"Escrito por":"Andreia Cunha","Tempo estimado de leitura":"3 minutos"},"schema":{"@context":"https:\/\/schema.org","@graph":[{"@type":"Article","@id":"https:\/\/www.altominho.tv\/site\/2025\/11\/07\/viana-do-castelo-iluminacao-de-natal-natal\/#article","isPartOf":{"@id":"https:\/\/www.altominho.tv\/site\/2025\/11\/07\/viana-do-castelo-iluminacao-de-natal-natal\/"},"author":{"name":"Andreia Cunha","@id":"https:\/\/www.altominho.tv\/site\/#\/schema\/person\/a0e4ef6d041f98ca284393d8f1d97153"},"headline":"Viana inaugura ilumina\u00e7\u00e3o de Natal este s\u00e1bado","datePublished":"2025-11-07T09:48:33+00:00","dateModified":"2025-11-07T09:48:37+00:00","mainEntityOfPage":{"@id":"https:\/\/www.altominho.tv\/site\/2025\/11\/07\/viana-do-castelo-iluminacao-de-natal-natal\/"},"wordCount":537,"image":{"@id":"https:\/\/www.altominho.tv\/site\/2025\/11\/07\/viana-do-castelo-iluminacao-de-natal-natal\/#primaryimage"},"thumbnailUrl":"https:\/\/www.altominho.tv\/site\/wp-content\/uploads\/2025\/11\/iluminacao-viana.png","keywords":["Lazer"],"articleSection":["Viana do Castelo"],"inLanguage":"pt-PT","copyrightYear":"2025","copyrightHolder":{"@id":"https:\/\/www.altominho.tv\/site\/#organization"}},{"@type":"WebPage","@id":"https:\/\/www.altominho.tv\/site\/2025\/11\/07\/viana-do-castelo-iluminacao-de-natal-natal\/","url":"https:\/\/www.altominho.tv\/site\/2025\/11\/07\/viana-do-castelo-iluminacao-de-natal-natal\/","name":"Viana inaugura ilumina\u00e7\u00e3o de Natal este s\u00e1bado","isPartOf":{"@id":"https:\/\/www.altominho.tv\/site\/#website"},"primaryImageOfPage":{"@id":"https:\/\/www.altominho.tv\/site\/2025\/11\/07\/viana-do-castelo-iluminacao-de-natal-natal\/#primaryimage"},"image":{"@id":"https:\/\/www.altominho.tv\/site\/2025\/11\/07\/viana-do-castelo-iluminacao-de-natal-natal\/#primaryimage"},"thumbnailUrl":"https:\/\/www.altominho.tv\/site\/wp-content\/uploads\/2025\/11\/iluminacao-viana.png","datePublished":"2025-11-07T09:48:33+00:00","dateModified":"2025-11-07T09:48:37+00:00","author":{"@id":"https:\/\/www.altominho.tv\/site\/#\/schema\/person\/a0e4ef6d041f98ca284393d8f1d97153"},"description":"Viana vai inaugurar a ilumina\u00e7\u00e3o de Natal este s\u00e1bado.","breadcrumb":{"@id":"https:\/\/www.altominho.tv\/site\/2025\/11\/07\/viana-do-castelo-iluminacao-de-natal-natal\/#breadcrumb"},"inLanguage":"pt-PT","potentialAction":[{"@type":"ReadAction","target":["https:\/\/www.altominho.tv\/site\/2025\/11\/07\/viana-do-castelo-iluminacao-de-natal-natal\/"]}]},{"@type":"ImageObject","inLanguage":"pt-PT","@id":"https:\/\/www.altominho.tv\/site\/2025\/11\/07\/viana-do-castelo-iluminacao-de-natal-natal\/#primaryimage","url":"https:\/\/www.altominho.tv\/site\/wp-content\/uploads\/2025\/11\/iluminacao-viana.png","contentUrl":"https:\/\/www.altominho.tv\/site\/wp-content\/uploads\/2025\/11\/iluminacao-viana.png","width":1200,"height":630},{"@type":"BreadcrumbList","@id":"https:\/\/www.altominho.tv\/site\/2025\/11\/07\/viana-do-castelo-iluminacao-de-natal-natal\/#breadcrumb","itemListElement":[{"@type":"ListItem","position":1,"name":"In\u00edcio","item":"https:\/\/www.altominho.tv\/site\/"},{"@type":"ListItem","position":2,"name":"Viana inaugura ilumina\u00e7\u00e3o de Natal este s\u00e1bado"}]},{"@type":"WebSite","@id":"https:\/\/www.altominho.tv\/site\/#website","url":"https:\/\/www.altominho.tv\/site\/","name":"Altominho.tv","description":"A sua regi\u00e3o \u00e0 dist\u00e2ncia de um clique...","potentialAction":[{"@type":"SearchAction","target":{"@type":"EntryPoint","urlTemplate":"https:\/\/www.altominho.tv\/site\/?s={search_term_string}"},"query-input":{"@type":"PropertyValueSpecification","valueRequired":true,"valueName":"search_term_string"}}],"inLanguage":"pt-PT"},{"@type":"Person","@id":"https:\/\/www.altominho.tv\/site\/#\/schema\/person\/a0e4ef6d041f98ca284393d8f1d97153","name":"Andreia Cunha","image":{"@type":"ImageObject","inLanguage":"pt-PT","@id":"https:\/\/www.altominho.tv\/site\/wp-content\/uploads\/2017\/11\/Andreia_Cunha-1-150x150.jpg","url":"https:\/\/www.altominho.tv\/site\/wp-content\/uploads\/2017\/11\/Andreia_Cunha-1-150x150.jpg","contentUrl":"https:\/\/www.altominho.tv\/site\/wp-content\/uploads\/2017\/11\/Andreia_Cunha-1-150x150.jpg","caption":"Andreia Cunha"},"url":"https:\/\/www.altominho.tv\/site\/author\/andreiacunha\/"}]}},"_links":{"self":[{"href":"https:\/\/www.altominho.tv\/site\/wp-json\/wp\/v2\/posts\/124976","targetHints":{"allow":["GET"]}}],"collection":[{"href":"https:\/\/www.altominho.tv\/site\/wp-json\/wp\/v2\/posts"}],"about":[{"href":"https:\/\/www.altominho.tv\/site\/wp-json\/wp\/v2\/types\/post"}],"author":[{"embeddable":true,"href":"https:\/\/www.altominho.tv\/site\/wp-json\/wp\/v2\/users\/7"}],"replies":[{"embeddable":true,"href":"https:\/\/www.altominho.tv\/site\/wp-json\/wp\/v2\/comments?post=124976"}],"version-history":[{"count":1,"href":"https:\/\/www.altominho.tv\/site\/wp-json\/wp\/v2\/posts\/124976\/revisions"}],"predecessor-version":[{"id":124978,"href":"https:\/\/www.altominho.tv\/site\/wp-json\/wp\/v2\/posts\/124976\/revisions\/124978"}],"wp:featuredmedia":[{"embeddable":true,"href":"https:\/\/www.altominho.tv\/site\/wp-json\/wp\/v2\/media\/124977"}],"wp:attachment":[{"href":"https:\/\/www.altominho.tv\/site\/wp-json\/wp\/v2\/media?parent=124976"}],"wp:term":[{"taxonomy":"category","embeddable":true,"href":"https:\/\/www.altominho.tv\/site\/wp-json\/wp\/v2\/categories?post=124976"},{"taxonomy":"post_tag","embeddable":true,"href":"https:\/\/www.altominho.tv\/site\/wp-json\/wp\/v2\/tags?post=124976"}],"curies":[{"name":"wp","href":"https:\/\/api.w.org\/{rel}","templated":true}]}}