{"id":124849,"date":"2025-11-04T13:58:57","date_gmt":"2025-11-04T13:58:57","guid":{"rendered":"https:\/\/www.altominho.tv\/site\/?p=124849"},"modified":"2025-11-04T13:58:59","modified_gmt":"2025-11-04T13:58:59","slug":"mil-arvores-vao-fazer-renascer-das-cinzas-a-serra-amarela","status":"publish","type":"post","link":"https:\/\/www.altominho.tv\/site\/2025\/11\/04\/mil-arvores-vao-fazer-renascer-das-cinzas-a-serra-amarela\/","title":{"rendered":"Mais de mil \u00e1rvores v\u00e3o fazer renascer das cinzas a Serra Amarela no Parque Peneda-Ger\u00eas"},"content":{"rendered":"<p>Mais de 100 volunt\u00e1rios v\u00e3o juntar-se no s\u00e1bado, para plantar mais de mil \u00e1rvores na Serra Amarela, Ponte da Barca, Parque Nacional da Peneda-Ger\u00eas (PNPG) que ficou em cinzas ap\u00f3s um inc\u00eandio que durou 12 dias a apagar.<\/p>\n<p>Em declara\u00e7\u00f5es \u00e0 ag\u00eancia Lusa, o presidente da Associa\u00e7\u00e3o Cultural Recreativa Desportiva de Entre Ambos-os-Rios, Afonso Gra\u00e7oeiro, explicou que a refloresta\u00e7\u00e3o vai incidir nas aldeias de Lourido e Sobredo, as mais afetadas pelo fogo.<\/p>\n<p>\u201cEstamos a apontar para cerca de 1.300 a 1.500 \u00e1rvores. Algumas s\u00e3o oferecidas por pessoas que t\u00eam pequenos viveiros, a C\u00e2mara de Ponte da Barca vai fornecer mil \u00e1rvores\u201d, referiu.<\/p>\n<p>O inc\u00eandio come\u00e7ou na noite de 26 de julho no PNPG e entrou em fase de resolu\u00e7\u00e3o no dia 04 de agosto.<\/p>\n<p>Segundo o Instituto da Conserva\u00e7\u00e3o da Natureza e Florestas (ICNF), as chamas consumiram 5.786 hectares do PNPG.<\/p>\n<p>O ICNF indicou que o inc\u00eandio atingiu uma \u00e1rea total de 7.550 hectares.<\/p>\n<p>Afonso Gra\u00e7oeiro adiantou que a ideia da refloresta\u00e7\u00e3o surgiu no \u00e2mbito de um evento, Trilhos Ocultos, que a associa\u00e7\u00e3o realiza anualmente, para a pr\u00e1tica de \u2018trail\u2019s\u2019, caminhadas, desportos de montanha, &#8216;canyoning&#8217;, kayak, entre outras modalidades.<\/p>\n<p>\u201cEste ano, com a Serra Amarela praticamente toda negra, n\u00e3o fazia sentido fazermos atividades de montanha numa \u00e1rea queimada. Da\u00ed surgiu a a\u00e7\u00e3o de refloresta\u00e7\u00e3o que j\u00e1 promovemos regularmente com escolas e outras entidades\u201d, explicou.<\/p>\n<p>Este ano, os Trilhos Ocultos trocam o desporto \u201cpelas p\u00e1s, as enxadas e o conv\u00edvio\u201d, \u201cunindo as pessoas em torno da natureza, com o prop\u00f3sito de dar dignidade \u00e0 Serra Amarela e celebrar a for\u00e7a da comunidade\u201d.<\/p>\n<p>\u201cA Serra Amarela ardeu, mas a esperan\u00e7a nunca se apaga. Este evento \u00e9 a prova de que, quando a comunidade se junta, a vida volta a nascer\u201d, referem os organizadores dos Trilhos Ocultos\u201d, frisou, que apelam a donativos que permitam continuar o trabalho de refloresta\u00e7\u00e3o.<\/p>\n<p>Segundo Afonso Gra\u00e7oeiro, \u201cesta ser\u00e1 a primeira de v\u00e1rias a\u00e7\u00f5es\u201d, estando a ser planeada \u201ca cria\u00e7\u00e3o de um viveiro junto aos baldios de Entre-Ambos-os-Rios, local com as condi\u00e7\u00f5es necess\u00e1rias para cria\u00e7\u00e3o de sementes para futuras planta\u00e7\u00f5es com esp\u00e9cies aut\u00f3ctones\u201d.<\/p>\n<p>O respons\u00e1vel explicou que \u201ca planta\u00e7\u00e3o vai garantir faixas de prote\u00e7\u00e3o contra inc\u00eandios para que daqui a uns anos n\u00e3o venha outro fogo que volte a queimar as planta\u00e7\u00f5es que fizemos em anos anteriores\u201d.<\/p>\n<p>Na manh\u00e3 de s\u00e1bado, os volunt\u00e1rios v\u00e3o plantar \u00e1rvores aut\u00f3ctones, ajudando a regenerar uma das zonas mais afetadas pelos inc\u00eandios.<\/p>\n<p>Depois, o encontro continua com magusto, caldo verde, jogos tradicionais e anima\u00e7\u00e3o com os Bombos de Entre Ambos-os-Rios e m\u00fasica ao vivo com as atua\u00e7\u00f5es dos de The Rocket Mobsters, Tra\u00e7a e Doutor Ass\u00e9rio.<\/p>\n<p>Em outubro, a C\u00e2mara de Ponte da Barca tamb\u00e9m realizou, com recurso a \u2018drones&#8217; \u201cuma a\u00e7\u00e3o de sementeira de pasto, uma medida essencial para acelerar a regenera\u00e7\u00e3o das \u00e1reas ardidas, proteger o solo e garantir alimento animal\u201d.<\/p>\n<p>A iniciativa juntou os esfor\u00e7os da autarquia, do ICNF) e da comunidade local dos baldios de v\u00e1rias freguesias.<\/p>\n<p>O PNPG ocupa uma \u00e1rea de 69.596 hectares e abrange os distritos de Braga (concelho de Terras de Bouro), de Viana do Castelo (concelhos de Melga\u00e7o, Arcos de Valdevez e Ponte da Barca) e de Vila Real (concelho de Montalegre).<\/p>\n<p>O PNPG foi criado em 1971 e \u00e9 gerido pelo ICNF.<\/p>\n","protected":false},"excerpt":{"rendered":"<p>Mais de 100 volunt\u00e1rios v\u00e3o juntar-se no s\u00e1bado, para plantar mais de mil \u00e1rvores na Serra Amarela, Ponte da Barca, Parque Nacional da Peneda-Ger\u00eas (PNPG) que ficou em cinzas ap\u00f3s um inc\u00eandio que durou 12 dias a apagar. Em declara\u00e7\u00f5es \u00e0 ag\u00eancia Lusa, o presidente da Associa\u00e7\u00e3o Cultural Recreativa Desportiva de Entre Ambos-os-Rios, Afonso Gra\u00e7oeiro, [&hellip;]<\/p>\n","protected":false},"author":13,"featured_media":124850,"comment_status":"closed","ping_status":"closed","sticky":false,"template":"","format":"standard","meta":{"_exactmetrics_skip_tracking":false,"_exactmetrics_sitenote_active":false,"_exactmetrics_sitenote_note":"","_exactmetrics_sitenote_category":0,"footnotes":""},"categories":[11],"tags":[27],"class_list":["post-124849","post","type-post","status-publish","format-standard","has-post-thumbnail","hentry","category-ponte-da-barca","tag-sociedade"],"yoast_head":"<!-- This site is optimized with the Yoast SEO Premium plugin v27.5 (Yoast SEO v27.5) - https:\/\/yoast.com\/product\/yoast-seo-premium-wordpress\/ -->\n<title>Mais de mil \u00e1rvores v\u00e3o fazer renascer das cinzas a Serra Amarela no Parque Peneda-Ger\u00eas<\/title>\n<meta name=\"description\" content=\"Afonso Gra\u00e7oeiro explicou que a refloresta\u00e7\u00e3o vai incidir nas aldeias de Lourido e Sobredo, as mais afetadas pelo fogo.\" \/>\n<meta name=\"robots\" content=\"index, follow, max-snippet:-1, max-image-preview:large, max-video-preview:-1\" \/>\n<link rel=\"canonical\" href=\"https:\/\/www.altominho.tv\/site\/2025\/11\/04\/mil-arvores-vao-fazer-renascer-das-cinzas-a-serra-amarela\/\" \/>\n<meta property=\"og:locale\" content=\"pt_PT\" \/>\n<meta property=\"og:type\" content=\"article\" \/>\n<meta property=\"og:title\" content=\"Mais de mil \u00e1rvores v\u00e3o fazer renascer das cinzas a Serra Amarela no Parque Peneda-Ger\u00eas\" \/>\n<meta property=\"og:description\" content=\"Afonso Gra\u00e7oeiro explicou que a refloresta\u00e7\u00e3o vai incidir nas aldeias de Lourido e Sobredo, as mais afetadas pelo fogo.\" \/>\n<meta property=\"og:url\" content=\"https:\/\/www.altominho.tv\/site\/2025\/11\/04\/mil-arvores-vao-fazer-renascer-das-cinzas-a-serra-amarela\/\" \/>\n<meta property=\"og:site_name\" content=\"Altominho.tv\" \/>\n<meta property=\"article:publisher\" content=\"https:\/\/www.facebook.com\/altominhotv\" \/>\n<meta property=\"article:published_time\" content=\"2025-11-04T13:58:57+00:00\" \/>\n<meta property=\"article:modified_time\" content=\"2025-11-04T13:58:59+00:00\" \/>\n<meta property=\"og:image\" content=\"https:\/\/www.altominho.tv\/site\/wp-content\/uploads\/2025\/11\/reflorestacao-serra-amarela.jpg\" \/>\n\t<meta property=\"og:image:width\" content=\"1200\" \/>\n\t<meta property=\"og:image:height\" content=\"630\" \/>\n\t<meta property=\"og:image:type\" content=\"image\/jpeg\" \/>\n<meta name=\"author\" content=\"Lusa\" \/>\n<meta name=\"twitter:card\" content=\"summary_large_image\" \/>\n<meta name=\"twitter:creator\" content=\"@altominhoTV\" \/>\n<meta name=\"twitter:site\" content=\"@altominhoTV\" \/>\n<meta name=\"twitter:label1\" content=\"Escrito por\" \/>\n\t<meta name=\"twitter:data1\" content=\"Lusa\" \/>\n\t<meta name=\"twitter:label2\" content=\"Tempo estimado de leitura\" \/>\n\t<meta name=\"twitter:data2\" content=\"4 minutos\" \/>\n<script type=\"application\/ld+json\" class=\"yoast-schema-graph\">{\"@context\":\"https:\\\/\\\/schema.org\",\"@graph\":[{\"@type\":\"Article\",\"@id\":\"https:\\\/\\\/www.altominho.tv\\\/site\\\/2025\\\/11\\\/04\\\/mil-arvores-vao-fazer-renascer-das-cinzas-a-serra-amarela\\\/#article\",\"isPartOf\":{\"@id\":\"https:\\\/\\\/www.altominho.tv\\\/site\\\/2025\\\/11\\\/04\\\/mil-arvores-vao-fazer-renascer-das-cinzas-a-serra-amarela\\\/\"},\"author\":{\"name\":\"Lusa\",\"@id\":\"https:\\\/\\\/www.altominho.tv\\\/site\\\/#\\\/schema\\\/person\\\/63f693da3e1899361cbe955c46f3232e\"},\"headline\":\"Mais de mil \u00e1rvores v\u00e3o fazer renascer das cinzas a Serra Amarela no Parque Peneda-Ger\u00eas\",\"datePublished\":\"2025-11-04T13:58:57+00:00\",\"dateModified\":\"2025-11-04T13:58:59+00:00\",\"mainEntityOfPage\":{\"@id\":\"https:\\\/\\\/www.altominho.tv\\\/site\\\/2025\\\/11\\\/04\\\/mil-arvores-vao-fazer-renascer-das-cinzas-a-serra-amarela\\\/\"},\"wordCount\":608,\"image\":{\"@id\":\"https:\\\/\\\/www.altominho.tv\\\/site\\\/2025\\\/11\\\/04\\\/mil-arvores-vao-fazer-renascer-das-cinzas-a-serra-amarela\\\/#primaryimage\"},\"thumbnailUrl\":\"https:\\\/\\\/www.altominho.tv\\\/site\\\/wp-content\\\/uploads\\\/2025\\\/11\\\/reflorestacao-serra-amarela.jpg\",\"keywords\":[\"Sociedade\"],\"articleSection\":[\"Ponte da Barca\"],\"inLanguage\":\"pt-PT\",\"copyrightYear\":\"2025\",\"copyrightHolder\":{\"@id\":\"https:\\\/\\\/www.altominho.tv\\\/site\\\/#organization\"}},{\"@type\":\"WebPage\",\"@id\":\"https:\\\/\\\/www.altominho.tv\\\/site\\\/2025\\\/11\\\/04\\\/mil-arvores-vao-fazer-renascer-das-cinzas-a-serra-amarela\\\/\",\"url\":\"https:\\\/\\\/www.altominho.tv\\\/site\\\/2025\\\/11\\\/04\\\/mil-arvores-vao-fazer-renascer-das-cinzas-a-serra-amarela\\\/\",\"name\":\"Mais de mil \u00e1rvores v\u00e3o fazer renascer das cinzas a Serra Amarela no Parque Peneda-Ger\u00eas\",\"isPartOf\":{\"@id\":\"https:\\\/\\\/www.altominho.tv\\\/site\\\/#website\"},\"primaryImageOfPage\":{\"@id\":\"https:\\\/\\\/www.altominho.tv\\\/site\\\/2025\\\/11\\\/04\\\/mil-arvores-vao-fazer-renascer-das-cinzas-a-serra-amarela\\\/#primaryimage\"},\"image\":{\"@id\":\"https:\\\/\\\/www.altominho.tv\\\/site\\\/2025\\\/11\\\/04\\\/mil-arvores-vao-fazer-renascer-das-cinzas-a-serra-amarela\\\/#primaryimage\"},\"thumbnailUrl\":\"https:\\\/\\\/www.altominho.tv\\\/site\\\/wp-content\\\/uploads\\\/2025\\\/11\\\/reflorestacao-serra-amarela.jpg\",\"datePublished\":\"2025-11-04T13:58:57+00:00\",\"dateModified\":\"2025-11-04T13:58:59+00:00\",\"author\":{\"@id\":\"https:\\\/\\\/www.altominho.tv\\\/site\\\/#\\\/schema\\\/person\\\/63f693da3e1899361cbe955c46f3232e\"},\"description\":\"Afonso Gra\u00e7oeiro explicou que a refloresta\u00e7\u00e3o vai incidir nas aldeias de Lourido e Sobredo, as mais afetadas pelo fogo.\",\"breadcrumb\":{\"@id\":\"https:\\\/\\\/www.altominho.tv\\\/site\\\/2025\\\/11\\\/04\\\/mil-arvores-vao-fazer-renascer-das-cinzas-a-serra-amarela\\\/#breadcrumb\"},\"inLanguage\":\"pt-PT\",\"potentialAction\":[{\"@type\":\"ReadAction\",\"target\":[\"https:\\\/\\\/www.altominho.tv\\\/site\\\/2025\\\/11\\\/04\\\/mil-arvores-vao-fazer-renascer-das-cinzas-a-serra-amarela\\\/\"]}]},{\"@type\":\"ImageObject\",\"inLanguage\":\"pt-PT\",\"@id\":\"https:\\\/\\\/www.altominho.tv\\\/site\\\/2025\\\/11\\\/04\\\/mil-arvores-vao-fazer-renascer-das-cinzas-a-serra-amarela\\\/#primaryimage\",\"url\":\"https:\\\/\\\/www.altominho.tv\\\/site\\\/wp-content\\\/uploads\\\/2025\\\/11\\\/reflorestacao-serra-amarela.jpg\",\"contentUrl\":\"https:\\\/\\\/www.altominho.tv\\\/site\\\/wp-content\\\/uploads\\\/2025\\\/11\\\/reflorestacao-serra-amarela.jpg\",\"width\":1200,\"height\":630},{\"@type\":\"BreadcrumbList\",\"@id\":\"https:\\\/\\\/www.altominho.tv\\\/site\\\/2025\\\/11\\\/04\\\/mil-arvores-vao-fazer-renascer-das-cinzas-a-serra-amarela\\\/#breadcrumb\",\"itemListElement\":[{\"@type\":\"ListItem\",\"position\":1,\"name\":\"In\u00edcio\",\"item\":\"https:\\\/\\\/www.altominho.tv\\\/site\\\/\"},{\"@type\":\"ListItem\",\"position\":2,\"name\":\"Mais de mil \u00e1rvores v\u00e3o fazer renascer das cinzas a Serra Amarela no Parque Peneda-Ger\u00eas\"}]},{\"@type\":\"WebSite\",\"@id\":\"https:\\\/\\\/www.altominho.tv\\\/site\\\/#website\",\"url\":\"https:\\\/\\\/www.altominho.tv\\\/site\\\/\",\"name\":\"Altominho.tv\",\"description\":\"A sua regi\u00e3o \u00e0 dist\u00e2ncia de um clique...\",\"potentialAction\":[{\"@type\":\"SearchAction\",\"target\":{\"@type\":\"EntryPoint\",\"urlTemplate\":\"https:\\\/\\\/www.altominho.tv\\\/site\\\/?s={search_term_string}\"},\"query-input\":{\"@type\":\"PropertyValueSpecification\",\"valueRequired\":true,\"valueName\":\"search_term_string\"}}],\"inLanguage\":\"pt-PT\"},{\"@type\":\"Person\",\"@id\":\"https:\\\/\\\/www.altominho.tv\\\/site\\\/#\\\/schema\\\/person\\\/63f693da3e1899361cbe955c46f3232e\",\"name\":\"Lusa\",\"image\":{\"@type\":\"ImageObject\",\"inLanguage\":\"pt-PT\",\"@id\":\"https:\\\/\\\/www.altominho.tv\\\/site\\\/wp-content\\\/uploads\\\/2019\\\/08\\\/LUSA_Logo.gif\",\"url\":\"https:\\\/\\\/www.altominho.tv\\\/site\\\/wp-content\\\/uploads\\\/2019\\\/08\\\/LUSA_Logo.gif\",\"contentUrl\":\"https:\\\/\\\/www.altominho.tv\\\/site\\\/wp-content\\\/uploads\\\/2019\\\/08\\\/LUSA_Logo.gif\",\"caption\":\"Lusa\"},\"sameAs\":[\"http:\\\/\\\/\\\/\\\/www.altominho.tv\\\/site\"],\"url\":\"https:\\\/\\\/www.altominho.tv\\\/site\\\/author\\\/lusa\\\/\"}]}<\/script>\n<!-- \/ Yoast SEO Premium plugin. -->","yoast_head_json":{"title":"Mais de mil \u00e1rvores v\u00e3o fazer renascer das cinzas a Serra Amarela no Parque Peneda-Ger\u00eas","description":"Afonso Gra\u00e7oeiro explicou que a refloresta\u00e7\u00e3o vai incidir nas aldeias de Lourido e Sobredo, as mais afetadas pelo fogo.","robots":{"index":"index","follow":"follow","max-snippet":"max-snippet:-1","max-image-preview":"max-image-preview:large","max-video-preview":"max-video-preview:-1"},"canonical":"https:\/\/www.altominho.tv\/site\/2025\/11\/04\/mil-arvores-vao-fazer-renascer-das-cinzas-a-serra-amarela\/","og_locale":"pt_PT","og_type":"article","og_title":"Mais de mil \u00e1rvores v\u00e3o fazer renascer das cinzas a Serra Amarela no Parque Peneda-Ger\u00eas","og_description":"Afonso Gra\u00e7oeiro explicou que a refloresta\u00e7\u00e3o vai incidir nas aldeias de Lourido e Sobredo, as mais afetadas pelo fogo.","og_url":"https:\/\/www.altominho.tv\/site\/2025\/11\/04\/mil-arvores-vao-fazer-renascer-das-cinzas-a-serra-amarela\/","og_site_name":"Altominho.tv","article_publisher":"https:\/\/www.facebook.com\/altominhotv","article_published_time":"2025-11-04T13:58:57+00:00","article_modified_time":"2025-11-04T13:58:59+00:00","og_image":[{"width":1200,"height":630,"url":"https:\/\/www.altominho.tv\/site\/wp-content\/uploads\/2025\/11\/reflorestacao-serra-amarela.jpg","type":"image\/jpeg"}],"author":"Lusa","twitter_card":"summary_large_image","twitter_creator":"@altominhoTV","twitter_site":"@altominhoTV","twitter_misc":{"Escrito por":"Lusa","Tempo estimado de leitura":"4 minutos"},"schema":{"@context":"https:\/\/schema.org","@graph":[{"@type":"Article","@id":"https:\/\/www.altominho.tv\/site\/2025\/11\/04\/mil-arvores-vao-fazer-renascer-das-cinzas-a-serra-amarela\/#article","isPartOf":{"@id":"https:\/\/www.altominho.tv\/site\/2025\/11\/04\/mil-arvores-vao-fazer-renascer-das-cinzas-a-serra-amarela\/"},"author":{"name":"Lusa","@id":"https:\/\/www.altominho.tv\/site\/#\/schema\/person\/63f693da3e1899361cbe955c46f3232e"},"headline":"Mais de mil \u00e1rvores v\u00e3o fazer renascer das cinzas a Serra Amarela no Parque Peneda-Ger\u00eas","datePublished":"2025-11-04T13:58:57+00:00","dateModified":"2025-11-04T13:58:59+00:00","mainEntityOfPage":{"@id":"https:\/\/www.altominho.tv\/site\/2025\/11\/04\/mil-arvores-vao-fazer-renascer-das-cinzas-a-serra-amarela\/"},"wordCount":608,"image":{"@id":"https:\/\/www.altominho.tv\/site\/2025\/11\/04\/mil-arvores-vao-fazer-renascer-das-cinzas-a-serra-amarela\/#primaryimage"},"thumbnailUrl":"https:\/\/www.altominho.tv\/site\/wp-content\/uploads\/2025\/11\/reflorestacao-serra-amarela.jpg","keywords":["Sociedade"],"articleSection":["Ponte da Barca"],"inLanguage":"pt-PT","copyrightYear":"2025","copyrightHolder":{"@id":"https:\/\/www.altominho.tv\/site\/#organization"}},{"@type":"WebPage","@id":"https:\/\/www.altominho.tv\/site\/2025\/11\/04\/mil-arvores-vao-fazer-renascer-das-cinzas-a-serra-amarela\/","url":"https:\/\/www.altominho.tv\/site\/2025\/11\/04\/mil-arvores-vao-fazer-renascer-das-cinzas-a-serra-amarela\/","name":"Mais de mil \u00e1rvores v\u00e3o fazer renascer das cinzas a Serra Amarela no Parque Peneda-Ger\u00eas","isPartOf":{"@id":"https:\/\/www.altominho.tv\/site\/#website"},"primaryImageOfPage":{"@id":"https:\/\/www.altominho.tv\/site\/2025\/11\/04\/mil-arvores-vao-fazer-renascer-das-cinzas-a-serra-amarela\/#primaryimage"},"image":{"@id":"https:\/\/www.altominho.tv\/site\/2025\/11\/04\/mil-arvores-vao-fazer-renascer-das-cinzas-a-serra-amarela\/#primaryimage"},"thumbnailUrl":"https:\/\/www.altominho.tv\/site\/wp-content\/uploads\/2025\/11\/reflorestacao-serra-amarela.jpg","datePublished":"2025-11-04T13:58:57+00:00","dateModified":"2025-11-04T13:58:59+00:00","author":{"@id":"https:\/\/www.altominho.tv\/site\/#\/schema\/person\/63f693da3e1899361cbe955c46f3232e"},"description":"Afonso Gra\u00e7oeiro explicou que a refloresta\u00e7\u00e3o vai incidir nas aldeias de Lourido e Sobredo, as mais afetadas pelo fogo.","breadcrumb":{"@id":"https:\/\/www.altominho.tv\/site\/2025\/11\/04\/mil-arvores-vao-fazer-renascer-das-cinzas-a-serra-amarela\/#breadcrumb"},"inLanguage":"pt-PT","potentialAction":[{"@type":"ReadAction","target":["https:\/\/www.altominho.tv\/site\/2025\/11\/04\/mil-arvores-vao-fazer-renascer-das-cinzas-a-serra-amarela\/"]}]},{"@type":"ImageObject","inLanguage":"pt-PT","@id":"https:\/\/www.altominho.tv\/site\/2025\/11\/04\/mil-arvores-vao-fazer-renascer-das-cinzas-a-serra-amarela\/#primaryimage","url":"https:\/\/www.altominho.tv\/site\/wp-content\/uploads\/2025\/11\/reflorestacao-serra-amarela.jpg","contentUrl":"https:\/\/www.altominho.tv\/site\/wp-content\/uploads\/2025\/11\/reflorestacao-serra-amarela.jpg","width":1200,"height":630},{"@type":"BreadcrumbList","@id":"https:\/\/www.altominho.tv\/site\/2025\/11\/04\/mil-arvores-vao-fazer-renascer-das-cinzas-a-serra-amarela\/#breadcrumb","itemListElement":[{"@type":"ListItem","position":1,"name":"In\u00edcio","item":"https:\/\/www.altominho.tv\/site\/"},{"@type":"ListItem","position":2,"name":"Mais de mil \u00e1rvores v\u00e3o fazer renascer das cinzas a Serra Amarela no Parque Peneda-Ger\u00eas"}]},{"@type":"WebSite","@id":"https:\/\/www.altominho.tv\/site\/#website","url":"https:\/\/www.altominho.tv\/site\/","name":"Altominho.tv","description":"A sua regi\u00e3o \u00e0 dist\u00e2ncia de um clique...","potentialAction":[{"@type":"SearchAction","target":{"@type":"EntryPoint","urlTemplate":"https:\/\/www.altominho.tv\/site\/?s={search_term_string}"},"query-input":{"@type":"PropertyValueSpecification","valueRequired":true,"valueName":"search_term_string"}}],"inLanguage":"pt-PT"},{"@type":"Person","@id":"https:\/\/www.altominho.tv\/site\/#\/schema\/person\/63f693da3e1899361cbe955c46f3232e","name":"Lusa","image":{"@type":"ImageObject","inLanguage":"pt-PT","@id":"https:\/\/www.altominho.tv\/site\/wp-content\/uploads\/2019\/08\/LUSA_Logo.gif","url":"https:\/\/www.altominho.tv\/site\/wp-content\/uploads\/2019\/08\/LUSA_Logo.gif","contentUrl":"https:\/\/www.altominho.tv\/site\/wp-content\/uploads\/2019\/08\/LUSA_Logo.gif","caption":"Lusa"},"sameAs":["http:\/\/\/\/www.altominho.tv\/site"],"url":"https:\/\/www.altominho.tv\/site\/author\/lusa\/"}]}},"_links":{"self":[{"href":"https:\/\/www.altominho.tv\/site\/wp-json\/wp\/v2\/posts\/124849","targetHints":{"allow":["GET"]}}],"collection":[{"href":"https:\/\/www.altominho.tv\/site\/wp-json\/wp\/v2\/posts"}],"about":[{"href":"https:\/\/www.altominho.tv\/site\/wp-json\/wp\/v2\/types\/post"}],"author":[{"embeddable":true,"href":"https:\/\/www.altominho.tv\/site\/wp-json\/wp\/v2\/users\/13"}],"replies":[{"embeddable":true,"href":"https:\/\/www.altominho.tv\/site\/wp-json\/wp\/v2\/comments?post=124849"}],"version-history":[{"count":2,"href":"https:\/\/www.altominho.tv\/site\/wp-json\/wp\/v2\/posts\/124849\/revisions"}],"predecessor-version":[{"id":124853,"href":"https:\/\/www.altominho.tv\/site\/wp-json\/wp\/v2\/posts\/124849\/revisions\/124853"}],"wp:featuredmedia":[{"embeddable":true,"href":"https:\/\/www.altominho.tv\/site\/wp-json\/wp\/v2\/media\/124850"}],"wp:attachment":[{"href":"https:\/\/www.altominho.tv\/site\/wp-json\/wp\/v2\/media?parent=124849"}],"wp:term":[{"taxonomy":"category","embeddable":true,"href":"https:\/\/www.altominho.tv\/site\/wp-json\/wp\/v2\/categories?post=124849"},{"taxonomy":"post_tag","embeddable":true,"href":"https:\/\/www.altominho.tv\/site\/wp-json\/wp\/v2\/tags?post=124849"}],"curies":[{"name":"wp","href":"https:\/\/api.w.org\/{rel}","templated":true}]}}