{"id":12484,"date":"2018-04-26T13:22:03","date_gmt":"2018-04-26T12:22:03","guid":{"rendered":"http:\/\/www.altominho.tv\/site\/?p=12484"},"modified":"2018-04-26T13:22:03","modified_gmt":"2018-04-26T12:22:03","slug":"swr-barroselas-metalfest-xxi-arranca-hoje","status":"publish","type":"post","link":"https:\/\/www.altominho.tv\/site\/2018\/04\/26\/swr-barroselas-metalfest-xxi-arranca-hoje\/","title":{"rendered":"SWR Barroselas Metalfest XXI arranca hoje"},"content":{"rendered":"<p>Viana do Castelo acolhe, ao longo de tr\u00eas dias, mais uma edi\u00e7\u00e3o do festival SWR Barroselas Metalfest.<\/p>\n<p>O evento &#8220;promete voltar a invadir a vila de Barroselas com os sons mais extremos&#8221;.<\/p>\n<p>Contando j\u00e1 com duas d\u00e9cadas de exist\u00eancia, o SWR Barroselas Metalfest &#8220;assume-se como paragem obrigat\u00f3ria para todos os f\u00e3s de heavy metal e seus derivados mais extremos entre 27 e 29 de abril&#8221;.<\/p>\n<p>O evento arranca hoje \u00e0s 22 horas, e esta \u00e9 uma noite de entrada livre, com um palco de acesso gratuito.<\/p>\n<p>O Festival prolonga-se at\u00e9 \u00e0 madrugada de domingo.<\/p>\n<p>Ser\u00e3o mais de 50 bandas distribu\u00eddas por 3 palcos.<\/p>\n<p>Do cartaz, destacam-se os norte-americanos Suffocation, um dos nomes de maior peso do death metal atual, que v\u00e3o ser acompanhados por nomes como Carpathian Forest, Exhorder, Master\u2019s Hammer, Church of Misery ou Nifelheim.<\/p>\n<p>O SWR Caf\u00e9 tamb\u00e9m est\u00e1 de regresso a Barroselas, com atividades que promovem o conv\u00edvio entre os festivaleiros.<\/p>\n<p>&#8220;O Metalfest vai incluir ainda talks, meet &amp; greets, jogos, exposi\u00e7\u00f5es, os document\u00e1rios \u201cSlave To The Grind &#8211; A Film About Grindcore\u201d e \u201cMalignant Tumour: The Way of Metallist\u201d, bem como o j\u00e1 cl\u00e1ssico Brutal Soccer&#8221;.<\/p>\n","protected":false},"excerpt":{"rendered":"<p>Viana do Castelo acolhe, ao longo de tr\u00eas dias, mais uma edi\u00e7\u00e3o do festival SWR Barroselas Metalfest. O evento &#8220;promete voltar a invadir a vila de Barroselas com os sons mais extremos&#8221;. Contando j\u00e1 com duas d\u00e9cadas de exist\u00eancia, o SWR Barroselas Metalfest &#8220;assume-se como paragem obrigat\u00f3ria para todos os f\u00e3s de heavy metal e [&hellip;]<\/p>\n","protected":false},"author":7,"featured_media":12485,"comment_status":"closed","ping_status":"closed","sticky":false,"template":"","format":"standard","meta":{"_exactmetrics_skip_tracking":false,"_exactmetrics_sitenote_active":false,"_exactmetrics_sitenote_note":"","_exactmetrics_sitenote_category":0,"footnotes":""},"categories":[14],"tags":[24,27],"class_list":["post-12484","post","type-post","status-publish","format-standard","has-post-thumbnail","hentry","category-viana-do-castelo","tag-lazer","tag-sociedade"],"yoast_head":"<!-- This site is optimized with the Yoast SEO Premium plugin v27.5 (Yoast SEO v27.5) - https:\/\/yoast.com\/product\/yoast-seo-premium-wordpress\/ -->\n<title>SWR Barroselas Metalfest XXI arranca hoje<\/title>\n<meta name=\"robots\" content=\"index, follow, max-snippet:-1, max-image-preview:large, max-video-preview:-1\" \/>\n<link rel=\"canonical\" href=\"https:\/\/www.altominho.tv\/site\/2018\/04\/26\/swr-barroselas-metalfest-xxi-arranca-hoje\/\" \/>\n<meta property=\"og:locale\" content=\"pt_PT\" \/>\n<meta property=\"og:type\" content=\"article\" \/>\n<meta property=\"og:title\" content=\"SWR Barroselas Metalfest XXI arranca hoje\" \/>\n<meta property=\"og:description\" content=\"Viana do Castelo acolhe, ao longo de tr\u00eas dias, mais uma edi\u00e7\u00e3o do festival SWR Barroselas Metalfest. O evento &#8220;promete voltar a invadir a vila de Barroselas com os sons mais extremos&#8221;. Contando j\u00e1 com duas d\u00e9cadas de exist\u00eancia, o SWR Barroselas Metalfest &#8220;assume-se como paragem obrigat\u00f3ria para todos os f\u00e3s de heavy metal e [&hellip;]\" \/>\n<meta property=\"og:url\" content=\"https:\/\/www.altominho.tv\/site\/2018\/04\/26\/swr-barroselas-metalfest-xxi-arranca-hoje\/\" \/>\n<meta property=\"og:site_name\" content=\"Altominho.tv\" \/>\n<meta property=\"article:publisher\" content=\"https:\/\/www.facebook.com\/altominhotv\" \/>\n<meta property=\"article:published_time\" content=\"2018-04-26T12:22:03+00:00\" \/>\n<meta property=\"og:image\" content=\"https:\/\/www.altominho.tv\/site\/wp-content\/uploads\/2018\/04\/barroselas.jpg\" \/>\n\t<meta property=\"og:image:width\" content=\"755\" \/>\n\t<meta property=\"og:image:height\" content=\"470\" \/>\n\t<meta property=\"og:image:type\" content=\"image\/jpeg\" \/>\n<meta name=\"author\" content=\"Andreia Cunha\" \/>\n<meta name=\"twitter:card\" content=\"summary_large_image\" \/>\n<meta name=\"twitter:creator\" content=\"@altominhoTV\" \/>\n<meta name=\"twitter:site\" content=\"@altominhoTV\" \/>\n<meta name=\"twitter:label1\" content=\"Escrito por\" \/>\n\t<meta name=\"twitter:data1\" content=\"Andreia Cunha\" \/>\n\t<meta name=\"twitter:label2\" content=\"Tempo estimado de leitura\" \/>\n\t<meta name=\"twitter:data2\" content=\"1 minuto\" \/>\n<script type=\"application\/ld+json\" class=\"yoast-schema-graph\">{\"@context\":\"https:\\\/\\\/schema.org\",\"@graph\":[{\"@type\":\"Article\",\"@id\":\"https:\\\/\\\/www.altominho.tv\\\/site\\\/2018\\\/04\\\/26\\\/swr-barroselas-metalfest-xxi-arranca-hoje\\\/#article\",\"isPartOf\":{\"@id\":\"https:\\\/\\\/www.altominho.tv\\\/site\\\/2018\\\/04\\\/26\\\/swr-barroselas-metalfest-xxi-arranca-hoje\\\/\"},\"author\":{\"name\":\"Andreia Cunha\",\"@id\":\"https:\\\/\\\/www.altominho.tv\\\/site\\\/#\\\/schema\\\/person\\\/a0e4ef6d041f98ca284393d8f1d97153\"},\"headline\":\"SWR Barroselas Metalfest XXI arranca hoje\",\"datePublished\":\"2018-04-26T12:22:03+00:00\",\"mainEntityOfPage\":{\"@id\":\"https:\\\/\\\/www.altominho.tv\\\/site\\\/2018\\\/04\\\/26\\\/swr-barroselas-metalfest-xxi-arranca-hoje\\\/\"},\"wordCount\":204,\"image\":{\"@id\":\"https:\\\/\\\/www.altominho.tv\\\/site\\\/2018\\\/04\\\/26\\\/swr-barroselas-metalfest-xxi-arranca-hoje\\\/#primaryimage\"},\"thumbnailUrl\":\"https:\\\/\\\/www.altominho.tv\\\/site\\\/wp-content\\\/uploads\\\/2018\\\/04\\\/barroselas.jpg\",\"keywords\":[\"Lazer\",\"Sociedade\"],\"articleSection\":[\"Viana do Castelo\"],\"inLanguage\":\"pt-PT\",\"copyrightYear\":\"2018\",\"copyrightHolder\":{\"@id\":\"https:\\\/\\\/www.altominho.tv\\\/site\\\/#organization\"}},{\"@type\":\"WebPage\",\"@id\":\"https:\\\/\\\/www.altominho.tv\\\/site\\\/2018\\\/04\\\/26\\\/swr-barroselas-metalfest-xxi-arranca-hoje\\\/\",\"url\":\"https:\\\/\\\/www.altominho.tv\\\/site\\\/2018\\\/04\\\/26\\\/swr-barroselas-metalfest-xxi-arranca-hoje\\\/\",\"name\":\"SWR Barroselas Metalfest XXI arranca hoje\",\"isPartOf\":{\"@id\":\"https:\\\/\\\/www.altominho.tv\\\/site\\\/#website\"},\"primaryImageOfPage\":{\"@id\":\"https:\\\/\\\/www.altominho.tv\\\/site\\\/2018\\\/04\\\/26\\\/swr-barroselas-metalfest-xxi-arranca-hoje\\\/#primaryimage\"},\"image\":{\"@id\":\"https:\\\/\\\/www.altominho.tv\\\/site\\\/2018\\\/04\\\/26\\\/swr-barroselas-metalfest-xxi-arranca-hoje\\\/#primaryimage\"},\"thumbnailUrl\":\"https:\\\/\\\/www.altominho.tv\\\/site\\\/wp-content\\\/uploads\\\/2018\\\/04\\\/barroselas.jpg\",\"datePublished\":\"2018-04-26T12:22:03+00:00\",\"author\":{\"@id\":\"https:\\\/\\\/www.altominho.tv\\\/site\\\/#\\\/schema\\\/person\\\/a0e4ef6d041f98ca284393d8f1d97153\"},\"breadcrumb\":{\"@id\":\"https:\\\/\\\/www.altominho.tv\\\/site\\\/2018\\\/04\\\/26\\\/swr-barroselas-metalfest-xxi-arranca-hoje\\\/#breadcrumb\"},\"inLanguage\":\"pt-PT\",\"potentialAction\":[{\"@type\":\"ReadAction\",\"target\":[\"https:\\\/\\\/www.altominho.tv\\\/site\\\/2018\\\/04\\\/26\\\/swr-barroselas-metalfest-xxi-arranca-hoje\\\/\"]}]},{\"@type\":\"ImageObject\",\"inLanguage\":\"pt-PT\",\"@id\":\"https:\\\/\\\/www.altominho.tv\\\/site\\\/2018\\\/04\\\/26\\\/swr-barroselas-metalfest-xxi-arranca-hoje\\\/#primaryimage\",\"url\":\"https:\\\/\\\/www.altominho.tv\\\/site\\\/wp-content\\\/uploads\\\/2018\\\/04\\\/barroselas.jpg\",\"contentUrl\":\"https:\\\/\\\/www.altominho.tv\\\/site\\\/wp-content\\\/uploads\\\/2018\\\/04\\\/barroselas.jpg\",\"width\":755,\"height\":470},{\"@type\":\"BreadcrumbList\",\"@id\":\"https:\\\/\\\/www.altominho.tv\\\/site\\\/2018\\\/04\\\/26\\\/swr-barroselas-metalfest-xxi-arranca-hoje\\\/#breadcrumb\",\"itemListElement\":[{\"@type\":\"ListItem\",\"position\":1,\"name\":\"In\u00edcio\",\"item\":\"https:\\\/\\\/www.altominho.tv\\\/site\\\/\"},{\"@type\":\"ListItem\",\"position\":2,\"name\":\"SWR Barroselas Metalfest XXI arranca hoje\"}]},{\"@type\":\"WebSite\",\"@id\":\"https:\\\/\\\/www.altominho.tv\\\/site\\\/#website\",\"url\":\"https:\\\/\\\/www.altominho.tv\\\/site\\\/\",\"name\":\"Altominho.tv\",\"description\":\"A sua regi\u00e3o \u00e0 dist\u00e2ncia de um clique...\",\"potentialAction\":[{\"@type\":\"SearchAction\",\"target\":{\"@type\":\"EntryPoint\",\"urlTemplate\":\"https:\\\/\\\/www.altominho.tv\\\/site\\\/?s={search_term_string}\"},\"query-input\":{\"@type\":\"PropertyValueSpecification\",\"valueRequired\":true,\"valueName\":\"search_term_string\"}}],\"inLanguage\":\"pt-PT\"},{\"@type\":\"Person\",\"@id\":\"https:\\\/\\\/www.altominho.tv\\\/site\\\/#\\\/schema\\\/person\\\/a0e4ef6d041f98ca284393d8f1d97153\",\"name\":\"Andreia Cunha\",\"image\":{\"@type\":\"ImageObject\",\"inLanguage\":\"pt-PT\",\"@id\":\"https:\\\/\\\/www.altominho.tv\\\/site\\\/wp-content\\\/uploads\\\/2017\\\/11\\\/Andreia_Cunha-1-150x150.jpg\",\"url\":\"https:\\\/\\\/www.altominho.tv\\\/site\\\/wp-content\\\/uploads\\\/2017\\\/11\\\/Andreia_Cunha-1-150x150.jpg\",\"contentUrl\":\"https:\\\/\\\/www.altominho.tv\\\/site\\\/wp-content\\\/uploads\\\/2017\\\/11\\\/Andreia_Cunha-1-150x150.jpg\",\"caption\":\"Andreia Cunha\"},\"url\":\"https:\\\/\\\/www.altominho.tv\\\/site\\\/author\\\/andreiacunha\\\/\"}]}<\/script>\n<!-- \/ Yoast SEO Premium plugin. -->","yoast_head_json":{"title":"SWR Barroselas Metalfest XXI arranca hoje","robots":{"index":"index","follow":"follow","max-snippet":"max-snippet:-1","max-image-preview":"max-image-preview:large","max-video-preview":"max-video-preview:-1"},"canonical":"https:\/\/www.altominho.tv\/site\/2018\/04\/26\/swr-barroselas-metalfest-xxi-arranca-hoje\/","og_locale":"pt_PT","og_type":"article","og_title":"SWR Barroselas Metalfest XXI arranca hoje","og_description":"Viana do Castelo acolhe, ao longo de tr\u00eas dias, mais uma edi\u00e7\u00e3o do festival SWR Barroselas Metalfest. O evento &#8220;promete voltar a invadir a vila de Barroselas com os sons mais extremos&#8221;. Contando j\u00e1 com duas d\u00e9cadas de exist\u00eancia, o SWR Barroselas Metalfest &#8220;assume-se como paragem obrigat\u00f3ria para todos os f\u00e3s de heavy metal e [&hellip;]","og_url":"https:\/\/www.altominho.tv\/site\/2018\/04\/26\/swr-barroselas-metalfest-xxi-arranca-hoje\/","og_site_name":"Altominho.tv","article_publisher":"https:\/\/www.facebook.com\/altominhotv","article_published_time":"2018-04-26T12:22:03+00:00","og_image":[{"width":755,"height":470,"url":"https:\/\/www.altominho.tv\/site\/wp-content\/uploads\/2018\/04\/barroselas.jpg","type":"image\/jpeg"}],"author":"Andreia Cunha","twitter_card":"summary_large_image","twitter_creator":"@altominhoTV","twitter_site":"@altominhoTV","twitter_misc":{"Escrito por":"Andreia Cunha","Tempo estimado de leitura":"1 minuto"},"schema":{"@context":"https:\/\/schema.org","@graph":[{"@type":"Article","@id":"https:\/\/www.altominho.tv\/site\/2018\/04\/26\/swr-barroselas-metalfest-xxi-arranca-hoje\/#article","isPartOf":{"@id":"https:\/\/www.altominho.tv\/site\/2018\/04\/26\/swr-barroselas-metalfest-xxi-arranca-hoje\/"},"author":{"name":"Andreia Cunha","@id":"https:\/\/www.altominho.tv\/site\/#\/schema\/person\/a0e4ef6d041f98ca284393d8f1d97153"},"headline":"SWR Barroselas Metalfest XXI arranca hoje","datePublished":"2018-04-26T12:22:03+00:00","mainEntityOfPage":{"@id":"https:\/\/www.altominho.tv\/site\/2018\/04\/26\/swr-barroselas-metalfest-xxi-arranca-hoje\/"},"wordCount":204,"image":{"@id":"https:\/\/www.altominho.tv\/site\/2018\/04\/26\/swr-barroselas-metalfest-xxi-arranca-hoje\/#primaryimage"},"thumbnailUrl":"https:\/\/www.altominho.tv\/site\/wp-content\/uploads\/2018\/04\/barroselas.jpg","keywords":["Lazer","Sociedade"],"articleSection":["Viana do Castelo"],"inLanguage":"pt-PT","copyrightYear":"2018","copyrightHolder":{"@id":"https:\/\/www.altominho.tv\/site\/#organization"}},{"@type":"WebPage","@id":"https:\/\/www.altominho.tv\/site\/2018\/04\/26\/swr-barroselas-metalfest-xxi-arranca-hoje\/","url":"https:\/\/www.altominho.tv\/site\/2018\/04\/26\/swr-barroselas-metalfest-xxi-arranca-hoje\/","name":"SWR Barroselas Metalfest XXI arranca hoje","isPartOf":{"@id":"https:\/\/www.altominho.tv\/site\/#website"},"primaryImageOfPage":{"@id":"https:\/\/www.altominho.tv\/site\/2018\/04\/26\/swr-barroselas-metalfest-xxi-arranca-hoje\/#primaryimage"},"image":{"@id":"https:\/\/www.altominho.tv\/site\/2018\/04\/26\/swr-barroselas-metalfest-xxi-arranca-hoje\/#primaryimage"},"thumbnailUrl":"https:\/\/www.altominho.tv\/site\/wp-content\/uploads\/2018\/04\/barroselas.jpg","datePublished":"2018-04-26T12:22:03+00:00","author":{"@id":"https:\/\/www.altominho.tv\/site\/#\/schema\/person\/a0e4ef6d041f98ca284393d8f1d97153"},"breadcrumb":{"@id":"https:\/\/www.altominho.tv\/site\/2018\/04\/26\/swr-barroselas-metalfest-xxi-arranca-hoje\/#breadcrumb"},"inLanguage":"pt-PT","potentialAction":[{"@type":"ReadAction","target":["https:\/\/www.altominho.tv\/site\/2018\/04\/26\/swr-barroselas-metalfest-xxi-arranca-hoje\/"]}]},{"@type":"ImageObject","inLanguage":"pt-PT","@id":"https:\/\/www.altominho.tv\/site\/2018\/04\/26\/swr-barroselas-metalfest-xxi-arranca-hoje\/#primaryimage","url":"https:\/\/www.altominho.tv\/site\/wp-content\/uploads\/2018\/04\/barroselas.jpg","contentUrl":"https:\/\/www.altominho.tv\/site\/wp-content\/uploads\/2018\/04\/barroselas.jpg","width":755,"height":470},{"@type":"BreadcrumbList","@id":"https:\/\/www.altominho.tv\/site\/2018\/04\/26\/swr-barroselas-metalfest-xxi-arranca-hoje\/#breadcrumb","itemListElement":[{"@type":"ListItem","position":1,"name":"In\u00edcio","item":"https:\/\/www.altominho.tv\/site\/"},{"@type":"ListItem","position":2,"name":"SWR Barroselas Metalfest XXI arranca hoje"}]},{"@type":"WebSite","@id":"https:\/\/www.altominho.tv\/site\/#website","url":"https:\/\/www.altominho.tv\/site\/","name":"Altominho.tv","description":"A sua regi\u00e3o \u00e0 dist\u00e2ncia de um clique...","potentialAction":[{"@type":"SearchAction","target":{"@type":"EntryPoint","urlTemplate":"https:\/\/www.altominho.tv\/site\/?s={search_term_string}"},"query-input":{"@type":"PropertyValueSpecification","valueRequired":true,"valueName":"search_term_string"}}],"inLanguage":"pt-PT"},{"@type":"Person","@id":"https:\/\/www.altominho.tv\/site\/#\/schema\/person\/a0e4ef6d041f98ca284393d8f1d97153","name":"Andreia Cunha","image":{"@type":"ImageObject","inLanguage":"pt-PT","@id":"https:\/\/www.altominho.tv\/site\/wp-content\/uploads\/2017\/11\/Andreia_Cunha-1-150x150.jpg","url":"https:\/\/www.altominho.tv\/site\/wp-content\/uploads\/2017\/11\/Andreia_Cunha-1-150x150.jpg","contentUrl":"https:\/\/www.altominho.tv\/site\/wp-content\/uploads\/2017\/11\/Andreia_Cunha-1-150x150.jpg","caption":"Andreia Cunha"},"url":"https:\/\/www.altominho.tv\/site\/author\/andreiacunha\/"}]}},"_links":{"self":[{"href":"https:\/\/www.altominho.tv\/site\/wp-json\/wp\/v2\/posts\/12484","targetHints":{"allow":["GET"]}}],"collection":[{"href":"https:\/\/www.altominho.tv\/site\/wp-json\/wp\/v2\/posts"}],"about":[{"href":"https:\/\/www.altominho.tv\/site\/wp-json\/wp\/v2\/types\/post"}],"author":[{"embeddable":true,"href":"https:\/\/www.altominho.tv\/site\/wp-json\/wp\/v2\/users\/7"}],"replies":[{"embeddable":true,"href":"https:\/\/www.altominho.tv\/site\/wp-json\/wp\/v2\/comments?post=12484"}],"version-history":[{"count":0,"href":"https:\/\/www.altominho.tv\/site\/wp-json\/wp\/v2\/posts\/12484\/revisions"}],"wp:featuredmedia":[{"embeddable":true,"href":"https:\/\/www.altominho.tv\/site\/wp-json\/wp\/v2\/media\/12485"}],"wp:attachment":[{"href":"https:\/\/www.altominho.tv\/site\/wp-json\/wp\/v2\/media?parent=12484"}],"wp:term":[{"taxonomy":"category","embeddable":true,"href":"https:\/\/www.altominho.tv\/site\/wp-json\/wp\/v2\/categories?post=12484"},{"taxonomy":"post_tag","embeddable":true,"href":"https:\/\/www.altominho.tv\/site\/wp-json\/wp\/v2\/tags?post=12484"}],"curies":[{"name":"wp","href":"https:\/\/api.w.org\/{rel}","templated":true}]}}