{"id":124838,"date":"2025-11-04T09:49:17","date_gmt":"2025-11-04T09:49:17","guid":{"rendered":"https:\/\/www.altominho.tv\/site\/?p=124838"},"modified":"2025-11-04T10:01:01","modified_gmt":"2025-11-04T10:01:01","slug":"oito-distritos-sob-aviso-laranja-na-quinta-feira-devido-a-agitacao-maritima","status":"publish","type":"post","link":"https:\/\/www.altominho.tv\/site\/2025\/11\/04\/oito-distritos-sob-aviso-laranja-na-quinta-feira-devido-a-agitacao-maritima\/","title":{"rendered":"Oito distritos sob aviso laranja na quinta-feira devido \u00e0 agita\u00e7\u00e3o mar\u00edtima"},"content":{"rendered":"<p>O Instituto Portugu\u00eas do Mar e da Atmosfera (IPMA) emitiu aviso laranja para quinta-feira para os distritos do norte e centro de Portugal devido \u00e0 agita\u00e7\u00e3o mar\u00edtima.<\/p>\n<p>Para quarta-feira, o IPMA tinha j\u00e1 previstos avisos laranja para todo o Portugal continental, com exce\u00e7\u00e3o do distrito de Bragan\u00e7a, devido \u00e0 chuva forte.<\/p>\n<p>Os avisos para agita\u00e7\u00e3o mar\u00edtima forte visam os distritos do Porto, Set\u00fabal, Viana do Castelo, Lisboa, Leiria, Aveiro, Coimbra e Braga e v\u00e3o vigorar entre as 00h00 e as 09h00 de quinta-feira, quando se preveem ondas de oeste\/noroeste com cinco a seis metros de altura significativa, podendo atingir altura m\u00e1xima de nove metros.<\/p>\n<p>Num comunicado anterior, o IPMA j\u00e1 tinha colocado os distritos do Porto, Faro, Set\u00fabal, Viana do Castelo, Lisboa, Leiria, Beja, Aveiro, Coimbra e Braga sob aviso amarelo a partir das 21h00 de hoje por causa da agita\u00e7\u00e3o mar\u00edtima, prevendo-se ondas de oeste\/sudoeste com 04 a 05 metros.<\/p>\n<p>O IPMA emitiu tamb\u00e9m aviso laranja para 17 distritos de Portugal continental, exceto Bragan\u00e7a, entre as 03h00 e as 09h00 de quarta-feira, passando depois a amarelo at\u00e9 \u00e0s 00h00 de quinta-feira por causa da chuva, que pode ser por vezes forte.<\/p>\n<p>Estes 17 distritos v\u00e3o estar igualmente sob aviso amarelo devido \u00e0 previs\u00e3o de condi\u00e7\u00f5es favor\u00e1veis \u00e0 ocorr\u00eancia de trovoadas e fen\u00f3menos extremos de vento entre as 03h00 e as 09h00 de quarta-feira.<\/p>\n<p>O distrito de Bragan\u00e7a vai estar com aviso amarelo por causa da chuva por vezes forte entre as 06h00 e as 15h00 de quarta-feira.<\/p>\n<p>O IPMA emitiu tamb\u00e9m aviso amarelo para os distritos de Bragan\u00e7a, Viseu, Porto, Guarda, Vila Real, Viana do Castelo, Lisboa, Leiria, Castelo Branco, Aveiro, Coimbra e Braga devido \u00e0 previs\u00e3o de vento forte do quadrante sul, com rajadas da ordem de 80 quil\u00f3metros por hora (km\/h) no litoral, e da ordem de 100 km\/h nas terras altas.<\/p>\n<p>O aviso amarelo de vento forte vai estar em vigor entre as 21h00 de hoje e as 09h00 de quarta-feira.<\/p>\n<p>O aviso laranja \u00e9 emitido pelo IPMA sempre que existe &#8220;situa\u00e7\u00e3o meteorol\u00f3gica de risco moderado a elevado, e o amarelo, quando h\u00e1 uma situa\u00e7\u00e3o de risco para determinadas atividades dependentes da situa\u00e7\u00e3o meteorol\u00f3gica.<\/p>\n","protected":false},"excerpt":{"rendered":"<p>O Instituto Portugu\u00eas do Mar e da Atmosfera (IPMA) emitiu aviso laranja para quinta-feira para os distritos do norte e centro de Portugal devido \u00e0 agita\u00e7\u00e3o mar\u00edtima. Para quarta-feira, o IPMA tinha j\u00e1 previstos avisos laranja para todo o Portugal continental, com exce\u00e7\u00e3o do distrito de Bragan\u00e7a, devido \u00e0 chuva forte. Os avisos para agita\u00e7\u00e3o [&hellip;]<\/p>\n","protected":false},"author":13,"featured_media":116041,"comment_status":"closed","ping_status":"closed","sticky":false,"template":"","format":"standard","meta":{"_exactmetrics_skip_tracking":false,"_exactmetrics_sitenote_active":false,"_exactmetrics_sitenote_note":"","_exactmetrics_sitenote_category":0,"footnotes":""},"categories":[56325],"tags":[27],"class_list":["post-124838","post","type-post","status-publish","format-standard","has-post-thumbnail","hentry","category-pais","tag-sociedade"],"yoast_head":"<!-- This site is optimized with the Yoast SEO Premium plugin v27.5 (Yoast SEO v27.5) - https:\/\/yoast.com\/product\/yoast-seo-premium-wordpress\/ -->\n<title>Oito distritos sob aviso laranja na quinta-feira devido \u00e0 agita\u00e7\u00e3o mar\u00edtima<\/title>\n<meta name=\"description\" content=\"O Instituto Portugu\u00eas do Mar e da Atmosfera (IPMA) emitiu aviso laranja para quinta-feira para os distritos do norte e centro de Portugal devido \u00e0 agita\u00e7\u00e3o mar\u00edtima.\" \/>\n<meta name=\"robots\" content=\"index, follow, max-snippet:-1, max-image-preview:large, max-video-preview:-1\" \/>\n<link rel=\"canonical\" href=\"https:\/\/www.altominho.tv\/site\/2025\/11\/04\/oito-distritos-sob-aviso-laranja-na-quinta-feira-devido-a-agitacao-maritima\/\" \/>\n<meta property=\"og:locale\" content=\"pt_PT\" \/>\n<meta property=\"og:type\" content=\"article\" \/>\n<meta property=\"og:title\" content=\"Oito distritos sob aviso laranja na quinta-feira devido \u00e0 agita\u00e7\u00e3o mar\u00edtima\" \/>\n<meta property=\"og:description\" content=\"O Instituto Portugu\u00eas do Mar e da Atmosfera (IPMA) emitiu aviso laranja para quinta-feira para os distritos do norte e centro de Portugal devido \u00e0 agita\u00e7\u00e3o mar\u00edtima.\" \/>\n<meta property=\"og:url\" content=\"https:\/\/www.altominho.tv\/site\/2025\/11\/04\/oito-distritos-sob-aviso-laranja-na-quinta-feira-devido-a-agitacao-maritima\/\" \/>\n<meta property=\"og:site_name\" content=\"Altominho.tv\" \/>\n<meta property=\"article:publisher\" content=\"https:\/\/www.facebook.com\/altominhotv\" \/>\n<meta property=\"article:published_time\" content=\"2025-11-04T09:49:17+00:00\" \/>\n<meta property=\"article:modified_time\" content=\"2025-11-04T10:01:01+00:00\" \/>\n<meta property=\"og:image\" content=\"https:\/\/www.altominho.tv\/site\/wp-content\/uploads\/2025\/03\/mar.jpg\" \/>\n\t<meta property=\"og:image:width\" content=\"1200\" \/>\n\t<meta property=\"og:image:height\" content=\"630\" \/>\n\t<meta property=\"og:image:type\" content=\"image\/jpeg\" \/>\n<meta name=\"author\" content=\"Lusa\" \/>\n<meta name=\"twitter:card\" content=\"summary_large_image\" \/>\n<meta name=\"twitter:creator\" content=\"@altominhoTV\" \/>\n<meta name=\"twitter:site\" content=\"@altominhoTV\" \/>\n<meta name=\"twitter:label1\" content=\"Escrito por\" \/>\n\t<meta name=\"twitter:data1\" content=\"Lusa\" \/>\n\t<meta name=\"twitter:label2\" content=\"Tempo estimado de leitura\" \/>\n\t<meta name=\"twitter:data2\" content=\"3 minutos\" \/>\n<script type=\"application\/ld+json\" class=\"yoast-schema-graph\">{\"@context\":\"https:\\\/\\\/schema.org\",\"@graph\":[{\"@type\":\"Article\",\"@id\":\"https:\\\/\\\/www.altominho.tv\\\/site\\\/2025\\\/11\\\/04\\\/oito-distritos-sob-aviso-laranja-na-quinta-feira-devido-a-agitacao-maritima\\\/#article\",\"isPartOf\":{\"@id\":\"https:\\\/\\\/www.altominho.tv\\\/site\\\/2025\\\/11\\\/04\\\/oito-distritos-sob-aviso-laranja-na-quinta-feira-devido-a-agitacao-maritima\\\/\"},\"author\":{\"name\":\"Lusa\",\"@id\":\"https:\\\/\\\/www.altominho.tv\\\/site\\\/#\\\/schema\\\/person\\\/63f693da3e1899361cbe955c46f3232e\"},\"headline\":\"Oito distritos sob aviso laranja na quinta-feira devido \u00e0 agita\u00e7\u00e3o mar\u00edtima\",\"datePublished\":\"2025-11-04T09:49:17+00:00\",\"dateModified\":\"2025-11-04T10:01:01+00:00\",\"mainEntityOfPage\":{\"@id\":\"https:\\\/\\\/www.altominho.tv\\\/site\\\/2025\\\/11\\\/04\\\/oito-distritos-sob-aviso-laranja-na-quinta-feira-devido-a-agitacao-maritima\\\/\"},\"wordCount\":393,\"image\":{\"@id\":\"https:\\\/\\\/www.altominho.tv\\\/site\\\/2025\\\/11\\\/04\\\/oito-distritos-sob-aviso-laranja-na-quinta-feira-devido-a-agitacao-maritima\\\/#primaryimage\"},\"thumbnailUrl\":\"https:\\\/\\\/www.altominho.tv\\\/site\\\/wp-content\\\/uploads\\\/2025\\\/03\\\/mar.jpg\",\"keywords\":[\"Sociedade\"],\"articleSection\":[\"Pa\u00eds\"],\"inLanguage\":\"pt-PT\",\"copyrightYear\":\"2025\",\"copyrightHolder\":{\"@id\":\"https:\\\/\\\/www.altominho.tv\\\/site\\\/#organization\"}},{\"@type\":\"WebPage\",\"@id\":\"https:\\\/\\\/www.altominho.tv\\\/site\\\/2025\\\/11\\\/04\\\/oito-distritos-sob-aviso-laranja-na-quinta-feira-devido-a-agitacao-maritima\\\/\",\"url\":\"https:\\\/\\\/www.altominho.tv\\\/site\\\/2025\\\/11\\\/04\\\/oito-distritos-sob-aviso-laranja-na-quinta-feira-devido-a-agitacao-maritima\\\/\",\"name\":\"Oito distritos sob aviso laranja na quinta-feira devido \u00e0 agita\u00e7\u00e3o mar\u00edtima\",\"isPartOf\":{\"@id\":\"https:\\\/\\\/www.altominho.tv\\\/site\\\/#website\"},\"primaryImageOfPage\":{\"@id\":\"https:\\\/\\\/www.altominho.tv\\\/site\\\/2025\\\/11\\\/04\\\/oito-distritos-sob-aviso-laranja-na-quinta-feira-devido-a-agitacao-maritima\\\/#primaryimage\"},\"image\":{\"@id\":\"https:\\\/\\\/www.altominho.tv\\\/site\\\/2025\\\/11\\\/04\\\/oito-distritos-sob-aviso-laranja-na-quinta-feira-devido-a-agitacao-maritima\\\/#primaryimage\"},\"thumbnailUrl\":\"https:\\\/\\\/www.altominho.tv\\\/site\\\/wp-content\\\/uploads\\\/2025\\\/03\\\/mar.jpg\",\"datePublished\":\"2025-11-04T09:49:17+00:00\",\"dateModified\":\"2025-11-04T10:01:01+00:00\",\"author\":{\"@id\":\"https:\\\/\\\/www.altominho.tv\\\/site\\\/#\\\/schema\\\/person\\\/63f693da3e1899361cbe955c46f3232e\"},\"description\":\"O Instituto Portugu\u00eas do Mar e da Atmosfera (IPMA) emitiu aviso laranja para quinta-feira para os distritos do norte e centro de Portugal devido \u00e0 agita\u00e7\u00e3o mar\u00edtima.\",\"breadcrumb\":{\"@id\":\"https:\\\/\\\/www.altominho.tv\\\/site\\\/2025\\\/11\\\/04\\\/oito-distritos-sob-aviso-laranja-na-quinta-feira-devido-a-agitacao-maritima\\\/#breadcrumb\"},\"inLanguage\":\"pt-PT\",\"potentialAction\":[{\"@type\":\"ReadAction\",\"target\":[\"https:\\\/\\\/www.altominho.tv\\\/site\\\/2025\\\/11\\\/04\\\/oito-distritos-sob-aviso-laranja-na-quinta-feira-devido-a-agitacao-maritima\\\/\"]}]},{\"@type\":\"ImageObject\",\"inLanguage\":\"pt-PT\",\"@id\":\"https:\\\/\\\/www.altominho.tv\\\/site\\\/2025\\\/11\\\/04\\\/oito-distritos-sob-aviso-laranja-na-quinta-feira-devido-a-agitacao-maritima\\\/#primaryimage\",\"url\":\"https:\\\/\\\/www.altominho.tv\\\/site\\\/wp-content\\\/uploads\\\/2025\\\/03\\\/mar.jpg\",\"contentUrl\":\"https:\\\/\\\/www.altominho.tv\\\/site\\\/wp-content\\\/uploads\\\/2025\\\/03\\\/mar.jpg\",\"width\":1200,\"height\":630},{\"@type\":\"BreadcrumbList\",\"@id\":\"https:\\\/\\\/www.altominho.tv\\\/site\\\/2025\\\/11\\\/04\\\/oito-distritos-sob-aviso-laranja-na-quinta-feira-devido-a-agitacao-maritima\\\/#breadcrumb\",\"itemListElement\":[{\"@type\":\"ListItem\",\"position\":1,\"name\":\"In\u00edcio\",\"item\":\"https:\\\/\\\/www.altominho.tv\\\/site\\\/\"},{\"@type\":\"ListItem\",\"position\":2,\"name\":\"Oito distritos sob aviso laranja na quinta-feira devido \u00e0 agita\u00e7\u00e3o mar\u00edtima\"}]},{\"@type\":\"WebSite\",\"@id\":\"https:\\\/\\\/www.altominho.tv\\\/site\\\/#website\",\"url\":\"https:\\\/\\\/www.altominho.tv\\\/site\\\/\",\"name\":\"Altominho.tv\",\"description\":\"A sua regi\u00e3o \u00e0 dist\u00e2ncia de um clique...\",\"potentialAction\":[{\"@type\":\"SearchAction\",\"target\":{\"@type\":\"EntryPoint\",\"urlTemplate\":\"https:\\\/\\\/www.altominho.tv\\\/site\\\/?s={search_term_string}\"},\"query-input\":{\"@type\":\"PropertyValueSpecification\",\"valueRequired\":true,\"valueName\":\"search_term_string\"}}],\"inLanguage\":\"pt-PT\"},{\"@type\":\"Person\",\"@id\":\"https:\\\/\\\/www.altominho.tv\\\/site\\\/#\\\/schema\\\/person\\\/63f693da3e1899361cbe955c46f3232e\",\"name\":\"Lusa\",\"image\":{\"@type\":\"ImageObject\",\"inLanguage\":\"pt-PT\",\"@id\":\"https:\\\/\\\/www.altominho.tv\\\/site\\\/wp-content\\\/uploads\\\/2019\\\/08\\\/LUSA_Logo.gif\",\"url\":\"https:\\\/\\\/www.altominho.tv\\\/site\\\/wp-content\\\/uploads\\\/2019\\\/08\\\/LUSA_Logo.gif\",\"contentUrl\":\"https:\\\/\\\/www.altominho.tv\\\/site\\\/wp-content\\\/uploads\\\/2019\\\/08\\\/LUSA_Logo.gif\",\"caption\":\"Lusa\"},\"sameAs\":[\"http:\\\/\\\/\\\/\\\/www.altominho.tv\\\/site\"],\"url\":\"https:\\\/\\\/www.altominho.tv\\\/site\\\/author\\\/lusa\\\/\"}]}<\/script>\n<!-- \/ Yoast SEO Premium plugin. -->","yoast_head_json":{"title":"Oito distritos sob aviso laranja na quinta-feira devido \u00e0 agita\u00e7\u00e3o mar\u00edtima","description":"O Instituto Portugu\u00eas do Mar e da Atmosfera (IPMA) emitiu aviso laranja para quinta-feira para os distritos do norte e centro de Portugal devido \u00e0 agita\u00e7\u00e3o mar\u00edtima.","robots":{"index":"index","follow":"follow","max-snippet":"max-snippet:-1","max-image-preview":"max-image-preview:large","max-video-preview":"max-video-preview:-1"},"canonical":"https:\/\/www.altominho.tv\/site\/2025\/11\/04\/oito-distritos-sob-aviso-laranja-na-quinta-feira-devido-a-agitacao-maritima\/","og_locale":"pt_PT","og_type":"article","og_title":"Oito distritos sob aviso laranja na quinta-feira devido \u00e0 agita\u00e7\u00e3o mar\u00edtima","og_description":"O Instituto Portugu\u00eas do Mar e da Atmosfera (IPMA) emitiu aviso laranja para quinta-feira para os distritos do norte e centro de Portugal devido \u00e0 agita\u00e7\u00e3o mar\u00edtima.","og_url":"https:\/\/www.altominho.tv\/site\/2025\/11\/04\/oito-distritos-sob-aviso-laranja-na-quinta-feira-devido-a-agitacao-maritima\/","og_site_name":"Altominho.tv","article_publisher":"https:\/\/www.facebook.com\/altominhotv","article_published_time":"2025-11-04T09:49:17+00:00","article_modified_time":"2025-11-04T10:01:01+00:00","og_image":[{"width":1200,"height":630,"url":"https:\/\/www.altominho.tv\/site\/wp-content\/uploads\/2025\/03\/mar.jpg","type":"image\/jpeg"}],"author":"Lusa","twitter_card":"summary_large_image","twitter_creator":"@altominhoTV","twitter_site":"@altominhoTV","twitter_misc":{"Escrito por":"Lusa","Tempo estimado de leitura":"3 minutos"},"schema":{"@context":"https:\/\/schema.org","@graph":[{"@type":"Article","@id":"https:\/\/www.altominho.tv\/site\/2025\/11\/04\/oito-distritos-sob-aviso-laranja-na-quinta-feira-devido-a-agitacao-maritima\/#article","isPartOf":{"@id":"https:\/\/www.altominho.tv\/site\/2025\/11\/04\/oito-distritos-sob-aviso-laranja-na-quinta-feira-devido-a-agitacao-maritima\/"},"author":{"name":"Lusa","@id":"https:\/\/www.altominho.tv\/site\/#\/schema\/person\/63f693da3e1899361cbe955c46f3232e"},"headline":"Oito distritos sob aviso laranja na quinta-feira devido \u00e0 agita\u00e7\u00e3o mar\u00edtima","datePublished":"2025-11-04T09:49:17+00:00","dateModified":"2025-11-04T10:01:01+00:00","mainEntityOfPage":{"@id":"https:\/\/www.altominho.tv\/site\/2025\/11\/04\/oito-distritos-sob-aviso-laranja-na-quinta-feira-devido-a-agitacao-maritima\/"},"wordCount":393,"image":{"@id":"https:\/\/www.altominho.tv\/site\/2025\/11\/04\/oito-distritos-sob-aviso-laranja-na-quinta-feira-devido-a-agitacao-maritima\/#primaryimage"},"thumbnailUrl":"https:\/\/www.altominho.tv\/site\/wp-content\/uploads\/2025\/03\/mar.jpg","keywords":["Sociedade"],"articleSection":["Pa\u00eds"],"inLanguage":"pt-PT","copyrightYear":"2025","copyrightHolder":{"@id":"https:\/\/www.altominho.tv\/site\/#organization"}},{"@type":"WebPage","@id":"https:\/\/www.altominho.tv\/site\/2025\/11\/04\/oito-distritos-sob-aviso-laranja-na-quinta-feira-devido-a-agitacao-maritima\/","url":"https:\/\/www.altominho.tv\/site\/2025\/11\/04\/oito-distritos-sob-aviso-laranja-na-quinta-feira-devido-a-agitacao-maritima\/","name":"Oito distritos sob aviso laranja na quinta-feira devido \u00e0 agita\u00e7\u00e3o mar\u00edtima","isPartOf":{"@id":"https:\/\/www.altominho.tv\/site\/#website"},"primaryImageOfPage":{"@id":"https:\/\/www.altominho.tv\/site\/2025\/11\/04\/oito-distritos-sob-aviso-laranja-na-quinta-feira-devido-a-agitacao-maritima\/#primaryimage"},"image":{"@id":"https:\/\/www.altominho.tv\/site\/2025\/11\/04\/oito-distritos-sob-aviso-laranja-na-quinta-feira-devido-a-agitacao-maritima\/#primaryimage"},"thumbnailUrl":"https:\/\/www.altominho.tv\/site\/wp-content\/uploads\/2025\/03\/mar.jpg","datePublished":"2025-11-04T09:49:17+00:00","dateModified":"2025-11-04T10:01:01+00:00","author":{"@id":"https:\/\/www.altominho.tv\/site\/#\/schema\/person\/63f693da3e1899361cbe955c46f3232e"},"description":"O Instituto Portugu\u00eas do Mar e da Atmosfera (IPMA) emitiu aviso laranja para quinta-feira para os distritos do norte e centro de Portugal devido \u00e0 agita\u00e7\u00e3o mar\u00edtima.","breadcrumb":{"@id":"https:\/\/www.altominho.tv\/site\/2025\/11\/04\/oito-distritos-sob-aviso-laranja-na-quinta-feira-devido-a-agitacao-maritima\/#breadcrumb"},"inLanguage":"pt-PT","potentialAction":[{"@type":"ReadAction","target":["https:\/\/www.altominho.tv\/site\/2025\/11\/04\/oito-distritos-sob-aviso-laranja-na-quinta-feira-devido-a-agitacao-maritima\/"]}]},{"@type":"ImageObject","inLanguage":"pt-PT","@id":"https:\/\/www.altominho.tv\/site\/2025\/11\/04\/oito-distritos-sob-aviso-laranja-na-quinta-feira-devido-a-agitacao-maritima\/#primaryimage","url":"https:\/\/www.altominho.tv\/site\/wp-content\/uploads\/2025\/03\/mar.jpg","contentUrl":"https:\/\/www.altominho.tv\/site\/wp-content\/uploads\/2025\/03\/mar.jpg","width":1200,"height":630},{"@type":"BreadcrumbList","@id":"https:\/\/www.altominho.tv\/site\/2025\/11\/04\/oito-distritos-sob-aviso-laranja-na-quinta-feira-devido-a-agitacao-maritima\/#breadcrumb","itemListElement":[{"@type":"ListItem","position":1,"name":"In\u00edcio","item":"https:\/\/www.altominho.tv\/site\/"},{"@type":"ListItem","position":2,"name":"Oito distritos sob aviso laranja na quinta-feira devido \u00e0 agita\u00e7\u00e3o mar\u00edtima"}]},{"@type":"WebSite","@id":"https:\/\/www.altominho.tv\/site\/#website","url":"https:\/\/www.altominho.tv\/site\/","name":"Altominho.tv","description":"A sua regi\u00e3o \u00e0 dist\u00e2ncia de um clique...","potentialAction":[{"@type":"SearchAction","target":{"@type":"EntryPoint","urlTemplate":"https:\/\/www.altominho.tv\/site\/?s={search_term_string}"},"query-input":{"@type":"PropertyValueSpecification","valueRequired":true,"valueName":"search_term_string"}}],"inLanguage":"pt-PT"},{"@type":"Person","@id":"https:\/\/www.altominho.tv\/site\/#\/schema\/person\/63f693da3e1899361cbe955c46f3232e","name":"Lusa","image":{"@type":"ImageObject","inLanguage":"pt-PT","@id":"https:\/\/www.altominho.tv\/site\/wp-content\/uploads\/2019\/08\/LUSA_Logo.gif","url":"https:\/\/www.altominho.tv\/site\/wp-content\/uploads\/2019\/08\/LUSA_Logo.gif","contentUrl":"https:\/\/www.altominho.tv\/site\/wp-content\/uploads\/2019\/08\/LUSA_Logo.gif","caption":"Lusa"},"sameAs":["http:\/\/\/\/www.altominho.tv\/site"],"url":"https:\/\/www.altominho.tv\/site\/author\/lusa\/"}]}},"_links":{"self":[{"href":"https:\/\/www.altominho.tv\/site\/wp-json\/wp\/v2\/posts\/124838","targetHints":{"allow":["GET"]}}],"collection":[{"href":"https:\/\/www.altominho.tv\/site\/wp-json\/wp\/v2\/posts"}],"about":[{"href":"https:\/\/www.altominho.tv\/site\/wp-json\/wp\/v2\/types\/post"}],"author":[{"embeddable":true,"href":"https:\/\/www.altominho.tv\/site\/wp-json\/wp\/v2\/users\/13"}],"replies":[{"embeddable":true,"href":"https:\/\/www.altominho.tv\/site\/wp-json\/wp\/v2\/comments?post=124838"}],"version-history":[{"count":2,"href":"https:\/\/www.altominho.tv\/site\/wp-json\/wp\/v2\/posts\/124838\/revisions"}],"predecessor-version":[{"id":124840,"href":"https:\/\/www.altominho.tv\/site\/wp-json\/wp\/v2\/posts\/124838\/revisions\/124840"}],"wp:featuredmedia":[{"embeddable":true,"href":"https:\/\/www.altominho.tv\/site\/wp-json\/wp\/v2\/media\/116041"}],"wp:attachment":[{"href":"https:\/\/www.altominho.tv\/site\/wp-json\/wp\/v2\/media?parent=124838"}],"wp:term":[{"taxonomy":"category","embeddable":true,"href":"https:\/\/www.altominho.tv\/site\/wp-json\/wp\/v2\/categories?post=124838"},{"taxonomy":"post_tag","embeddable":true,"href":"https:\/\/www.altominho.tv\/site\/wp-json\/wp\/v2\/tags?post=124838"}],"curies":[{"name":"wp","href":"https:\/\/api.w.org\/{rel}","templated":true}]}}