{"id":124826,"date":"2025-11-03T15:55:49","date_gmt":"2025-11-03T15:55:49","guid":{"rendered":"https:\/\/www.altominho.tv\/site\/?p=124826"},"modified":"2025-11-03T15:55:51","modified_gmt":"2025-11-03T15:55:51","slug":"marcio-costa-participa-no-campeonato-mundial-de-pizza-doc","status":"publish","type":"post","link":"https:\/\/www.altominho.tv\/site\/2025\/11\/03\/marcio-costa-participa-no-campeonato-mundial-de-pizza-doc\/","title":{"rendered":"M\u00e1rcio Costa participa no Campeonato Mundial de Pizza DOC"},"content":{"rendered":"<p class=\"p1\">M\u00e1rcio Costa, natural de Viana do Castelo e propriet\u00e1rio do restaurante Buonissima Pizzaria Restaurante, situado em Ponte de Lima, vai participar no Campeonato Mundial Pizza-DOC, que se realiza em N\u00e1poles, em It\u00e1lia, de 10 a 12 de novembro.<\/p>\n<p class=\"p1\">Aberto h\u00e1 cerca de tr\u00eas anos, a Buonissima Pizzaria Ristorante \u00e9 reconhecido pelo seu estilo aut\u00eantico italiano e j\u00e1 soma diversas participa\u00e7\u00f5es em campeonatos nacionais e internacionais, incluindo competi\u00e7\u00f5es no Alto Minho, onde conquistou v\u00e1rios pr\u00e9mios.<\/p>\n<p class=\"p1\">M\u00e1rcio revela que \u201cpara n\u00f3s \u00e9 um enorme orgulho e um grande desafio, pois vamos estar junto dos melhores pizzaiolos do mundo e avaliados por j\u00faris muito exigentes\u201d.<\/p>\n<p class=\"p1\">O campeonato distingue-se por avaliar todo o processo de confe\u00e7\u00e3o da pizza, desde a forma como \u00e9 trabalhada e aberta, at\u00e9 \u00e0 cozedura e ao tempo no forno. Ap\u00f3s pronta, a pizza \u00e9 entregue a um j\u00fari invis\u00edvel, que analisa crit\u00e9rios como textura, hidrata\u00e7\u00e3o, combina\u00e7\u00e3o de ingredientes e ponto de cozedura.<\/p>\n<p class=\"p1\">\u201cDecidi mais uma vez participar no Campeonato do Mundo porque gosto da competi\u00e7\u00e3o, gosto do desafio, gosto de me superar. Est\u00e1 no meu \u00a0ADN. E mais uma vez vamos p\u00f4r \u00e0 prova o melhor que sei fazer e procurar algum reconhecimento, sem d\u00favida\u201d, acrescenta ainda o pizzaiolo.<\/p>\n","protected":false},"excerpt":{"rendered":"<p>M\u00e1rcio Costa, natural de Viana do Castelo e propriet\u00e1rio do restaurante Buonissima Pizzaria Restaurante, situado em Ponte de Lima, vai participar no Campeonato Mundial Pizza-DOC, que se realiza em N\u00e1poles, em It\u00e1lia, de 10 a 12 de novembro. Aberto h\u00e1 cerca de tr\u00eas anos, a Buonissima Pizzaria Ristorante \u00e9 reconhecido pelo seu estilo aut\u00eantico italiano [&hellip;]<\/p>\n","protected":false},"author":30,"featured_media":124827,"comment_status":"closed","ping_status":"closed","sticky":false,"template":"","format":"standard","meta":{"_exactmetrics_skip_tracking":false,"_exactmetrics_sitenote_active":false,"_exactmetrics_sitenote_note":"","_exactmetrics_sitenote_category":0,"footnotes":""},"categories":[12],"tags":[81,23],"class_list":["post-124826","post","type-post","status-publish","format-standard","has-post-thumbnail","hentry","category-ponte-de-lima","tag-gastronomia","tag-gente"],"yoast_head":"<!-- This site is optimized with the Yoast SEO Premium plugin v27.4 (Yoast SEO v27.4) - https:\/\/yoast.com\/product\/yoast-seo-premium-wordpress\/ -->\n<title>M\u00e1rcio Costa participa no Campeonato Mundial de Pizza DOC<\/title>\n<meta name=\"description\" content=\"O campeonato distingue-se por avaliar todo o processo de confe\u00e7\u00e3o da pizza, desde a forma como \u00e9 trabalhada e aberta, at\u00e9 \u00e0 cozedura e ao tempo no forno.\" \/>\n<meta name=\"robots\" content=\"index, follow, max-snippet:-1, max-image-preview:large, max-video-preview:-1\" \/>\n<link rel=\"canonical\" href=\"https:\/\/www.altominho.tv\/site\/2025\/11\/03\/marcio-costa-participa-no-campeonato-mundial-de-pizza-doc\/\" \/>\n<meta property=\"og:locale\" content=\"pt_PT\" \/>\n<meta property=\"og:type\" content=\"article\" \/>\n<meta property=\"og:title\" content=\"M\u00e1rcio Costa participa no Campeonato Mundial de Pizza DOC\" \/>\n<meta property=\"og:description\" content=\"O campeonato distingue-se por avaliar todo o processo de confe\u00e7\u00e3o da pizza, desde a forma como \u00e9 trabalhada e aberta, at\u00e9 \u00e0 cozedura e ao tempo no forno.\" \/>\n<meta property=\"og:url\" content=\"https:\/\/www.altominho.tv\/site\/2025\/11\/03\/marcio-costa-participa-no-campeonato-mundial-de-pizza-doc\/\" \/>\n<meta property=\"og:site_name\" content=\"Altominho.tv\" \/>\n<meta property=\"article:publisher\" content=\"https:\/\/www.facebook.com\/altominhotv\" \/>\n<meta property=\"article:published_time\" content=\"2025-11-03T15:55:49+00:00\" \/>\n<meta property=\"article:modified_time\" content=\"2025-11-03T15:55:51+00:00\" \/>\n<meta property=\"og:image\" content=\"https:\/\/www.altominho.tv\/site\/wp-content\/uploads\/2025\/11\/marcio-costa.jpg\" \/>\n\t<meta property=\"og:image:width\" content=\"1200\" \/>\n\t<meta property=\"og:image:height\" content=\"630\" \/>\n\t<meta property=\"og:image:type\" content=\"image\/jpeg\" \/>\n<meta name=\"author\" content=\"Eduarda Cardoso\" \/>\n<meta name=\"twitter:card\" content=\"summary_large_image\" \/>\n<meta name=\"twitter:creator\" content=\"@altominhoTV\" \/>\n<meta name=\"twitter:site\" content=\"@altominhoTV\" \/>\n<meta name=\"twitter:label1\" content=\"Escrito por\" \/>\n\t<meta name=\"twitter:data1\" content=\"Eduarda Cardoso\" \/>\n\t<meta name=\"twitter:label2\" content=\"Tempo estimado de leitura\" \/>\n\t<meta name=\"twitter:data2\" content=\"2 minutos\" \/>\n<script type=\"application\/ld+json\" class=\"yoast-schema-graph\">{\"@context\":\"https:\\\/\\\/schema.org\",\"@graph\":[{\"@type\":\"Article\",\"@id\":\"https:\\\/\\\/www.altominho.tv\\\/site\\\/2025\\\/11\\\/03\\\/marcio-costa-participa-no-campeonato-mundial-de-pizza-doc\\\/#article\",\"isPartOf\":{\"@id\":\"https:\\\/\\\/www.altominho.tv\\\/site\\\/2025\\\/11\\\/03\\\/marcio-costa-participa-no-campeonato-mundial-de-pizza-doc\\\/\"},\"author\":{\"name\":\"Eduarda Cardoso\",\"@id\":\"https:\\\/\\\/www.altominho.tv\\\/site\\\/#\\\/schema\\\/person\\\/9e351387b727413d005ccf1152c93539\"},\"headline\":\"M\u00e1rcio Costa participa no Campeonato Mundial de Pizza DOC\",\"datePublished\":\"2025-11-03T15:55:49+00:00\",\"dateModified\":\"2025-11-03T15:55:51+00:00\",\"mainEntityOfPage\":{\"@id\":\"https:\\\/\\\/www.altominho.tv\\\/site\\\/2025\\\/11\\\/03\\\/marcio-costa-participa-no-campeonato-mundial-de-pizza-doc\\\/\"},\"wordCount\":225,\"image\":{\"@id\":\"https:\\\/\\\/www.altominho.tv\\\/site\\\/2025\\\/11\\\/03\\\/marcio-costa-participa-no-campeonato-mundial-de-pizza-doc\\\/#primaryimage\"},\"thumbnailUrl\":\"https:\\\/\\\/www.altominho.tv\\\/site\\\/wp-content\\\/uploads\\\/2025\\\/11\\\/marcio-costa.jpg\",\"keywords\":[\"Gastronomia\",\"Gente\"],\"articleSection\":[\"Ponte de Lima\"],\"inLanguage\":\"pt-PT\",\"copyrightYear\":\"2025\",\"copyrightHolder\":{\"@id\":\"https:\\\/\\\/www.altominho.tv\\\/site\\\/#organization\"}},{\"@type\":\"WebPage\",\"@id\":\"https:\\\/\\\/www.altominho.tv\\\/site\\\/2025\\\/11\\\/03\\\/marcio-costa-participa-no-campeonato-mundial-de-pizza-doc\\\/\",\"url\":\"https:\\\/\\\/www.altominho.tv\\\/site\\\/2025\\\/11\\\/03\\\/marcio-costa-participa-no-campeonato-mundial-de-pizza-doc\\\/\",\"name\":\"M\u00e1rcio Costa participa no Campeonato Mundial de Pizza DOC\",\"isPartOf\":{\"@id\":\"https:\\\/\\\/www.altominho.tv\\\/site\\\/#website\"},\"primaryImageOfPage\":{\"@id\":\"https:\\\/\\\/www.altominho.tv\\\/site\\\/2025\\\/11\\\/03\\\/marcio-costa-participa-no-campeonato-mundial-de-pizza-doc\\\/#primaryimage\"},\"image\":{\"@id\":\"https:\\\/\\\/www.altominho.tv\\\/site\\\/2025\\\/11\\\/03\\\/marcio-costa-participa-no-campeonato-mundial-de-pizza-doc\\\/#primaryimage\"},\"thumbnailUrl\":\"https:\\\/\\\/www.altominho.tv\\\/site\\\/wp-content\\\/uploads\\\/2025\\\/11\\\/marcio-costa.jpg\",\"datePublished\":\"2025-11-03T15:55:49+00:00\",\"dateModified\":\"2025-11-03T15:55:51+00:00\",\"author\":{\"@id\":\"https:\\\/\\\/www.altominho.tv\\\/site\\\/#\\\/schema\\\/person\\\/9e351387b727413d005ccf1152c93539\"},\"description\":\"O campeonato distingue-se por avaliar todo o processo de confe\u00e7\u00e3o da pizza, desde a forma como \u00e9 trabalhada e aberta, at\u00e9 \u00e0 cozedura e ao tempo no forno.\",\"breadcrumb\":{\"@id\":\"https:\\\/\\\/www.altominho.tv\\\/site\\\/2025\\\/11\\\/03\\\/marcio-costa-participa-no-campeonato-mundial-de-pizza-doc\\\/#breadcrumb\"},\"inLanguage\":\"pt-PT\",\"potentialAction\":[{\"@type\":\"ReadAction\",\"target\":[\"https:\\\/\\\/www.altominho.tv\\\/site\\\/2025\\\/11\\\/03\\\/marcio-costa-participa-no-campeonato-mundial-de-pizza-doc\\\/\"]}]},{\"@type\":\"ImageObject\",\"inLanguage\":\"pt-PT\",\"@id\":\"https:\\\/\\\/www.altominho.tv\\\/site\\\/2025\\\/11\\\/03\\\/marcio-costa-participa-no-campeonato-mundial-de-pizza-doc\\\/#primaryimage\",\"url\":\"https:\\\/\\\/www.altominho.tv\\\/site\\\/wp-content\\\/uploads\\\/2025\\\/11\\\/marcio-costa.jpg\",\"contentUrl\":\"https:\\\/\\\/www.altominho.tv\\\/site\\\/wp-content\\\/uploads\\\/2025\\\/11\\\/marcio-costa.jpg\",\"width\":1200,\"height\":630},{\"@type\":\"BreadcrumbList\",\"@id\":\"https:\\\/\\\/www.altominho.tv\\\/site\\\/2025\\\/11\\\/03\\\/marcio-costa-participa-no-campeonato-mundial-de-pizza-doc\\\/#breadcrumb\",\"itemListElement\":[{\"@type\":\"ListItem\",\"position\":1,\"name\":\"In\u00edcio\",\"item\":\"https:\\\/\\\/www.altominho.tv\\\/site\\\/\"},{\"@type\":\"ListItem\",\"position\":2,\"name\":\"M\u00e1rcio Costa participa no Campeonato Mundial de Pizza DOC\"}]},{\"@type\":\"WebSite\",\"@id\":\"https:\\\/\\\/www.altominho.tv\\\/site\\\/#website\",\"url\":\"https:\\\/\\\/www.altominho.tv\\\/site\\\/\",\"name\":\"Altominho.tv\",\"description\":\"A sua regi\u00e3o \u00e0 dist\u00e2ncia de um clique...\",\"potentialAction\":[{\"@type\":\"SearchAction\",\"target\":{\"@type\":\"EntryPoint\",\"urlTemplate\":\"https:\\\/\\\/www.altominho.tv\\\/site\\\/?s={search_term_string}\"},\"query-input\":{\"@type\":\"PropertyValueSpecification\",\"valueRequired\":true,\"valueName\":\"search_term_string\"}}],\"inLanguage\":\"pt-PT\"},{\"@type\":\"Person\",\"@id\":\"https:\\\/\\\/www.altominho.tv\\\/site\\\/#\\\/schema\\\/person\\\/9e351387b727413d005ccf1152c93539\",\"name\":\"Eduarda Cardoso\",\"image\":{\"@type\":\"ImageObject\",\"inLanguage\":\"pt-PT\",\"@id\":\"https:\\\/\\\/www.altominho.tv\\\/site\\\/wp-content\\\/uploads\\\/2021\\\/01\\\/cropped-Logo-ATV_WEB-150x150.png\",\"url\":\"https:\\\/\\\/www.altominho.tv\\\/site\\\/wp-content\\\/uploads\\\/2021\\\/01\\\/cropped-Logo-ATV_WEB-150x150.png\",\"contentUrl\":\"https:\\\/\\\/www.altominho.tv\\\/site\\\/wp-content\\\/uploads\\\/2021\\\/01\\\/cropped-Logo-ATV_WEB-150x150.png\",\"caption\":\"Eduarda Cardoso\"},\"url\":\"https:\\\/\\\/www.altominho.tv\\\/site\\\/author\\\/eduarda-cardoso\\\/\"}]}<\/script>\n<!-- \/ Yoast SEO Premium plugin. -->","yoast_head_json":{"title":"M\u00e1rcio Costa participa no Campeonato Mundial de Pizza DOC","description":"O campeonato distingue-se por avaliar todo o processo de confe\u00e7\u00e3o da pizza, desde a forma como \u00e9 trabalhada e aberta, at\u00e9 \u00e0 cozedura e ao tempo no forno.","robots":{"index":"index","follow":"follow","max-snippet":"max-snippet:-1","max-image-preview":"max-image-preview:large","max-video-preview":"max-video-preview:-1"},"canonical":"https:\/\/www.altominho.tv\/site\/2025\/11\/03\/marcio-costa-participa-no-campeonato-mundial-de-pizza-doc\/","og_locale":"pt_PT","og_type":"article","og_title":"M\u00e1rcio Costa participa no Campeonato Mundial de Pizza DOC","og_description":"O campeonato distingue-se por avaliar todo o processo de confe\u00e7\u00e3o da pizza, desde a forma como \u00e9 trabalhada e aberta, at\u00e9 \u00e0 cozedura e ao tempo no forno.","og_url":"https:\/\/www.altominho.tv\/site\/2025\/11\/03\/marcio-costa-participa-no-campeonato-mundial-de-pizza-doc\/","og_site_name":"Altominho.tv","article_publisher":"https:\/\/www.facebook.com\/altominhotv","article_published_time":"2025-11-03T15:55:49+00:00","article_modified_time":"2025-11-03T15:55:51+00:00","og_image":[{"width":1200,"height":630,"url":"https:\/\/www.altominho.tv\/site\/wp-content\/uploads\/2025\/11\/marcio-costa.jpg","type":"image\/jpeg"}],"author":"Eduarda Cardoso","twitter_card":"summary_large_image","twitter_creator":"@altominhoTV","twitter_site":"@altominhoTV","twitter_misc":{"Escrito por":"Eduarda Cardoso","Tempo estimado de leitura":"2 minutos"},"schema":{"@context":"https:\/\/schema.org","@graph":[{"@type":"Article","@id":"https:\/\/www.altominho.tv\/site\/2025\/11\/03\/marcio-costa-participa-no-campeonato-mundial-de-pizza-doc\/#article","isPartOf":{"@id":"https:\/\/www.altominho.tv\/site\/2025\/11\/03\/marcio-costa-participa-no-campeonato-mundial-de-pizza-doc\/"},"author":{"name":"Eduarda Cardoso","@id":"https:\/\/www.altominho.tv\/site\/#\/schema\/person\/9e351387b727413d005ccf1152c93539"},"headline":"M\u00e1rcio Costa participa no Campeonato Mundial de Pizza DOC","datePublished":"2025-11-03T15:55:49+00:00","dateModified":"2025-11-03T15:55:51+00:00","mainEntityOfPage":{"@id":"https:\/\/www.altominho.tv\/site\/2025\/11\/03\/marcio-costa-participa-no-campeonato-mundial-de-pizza-doc\/"},"wordCount":225,"image":{"@id":"https:\/\/www.altominho.tv\/site\/2025\/11\/03\/marcio-costa-participa-no-campeonato-mundial-de-pizza-doc\/#primaryimage"},"thumbnailUrl":"https:\/\/www.altominho.tv\/site\/wp-content\/uploads\/2025\/11\/marcio-costa.jpg","keywords":["Gastronomia","Gente"],"articleSection":["Ponte de Lima"],"inLanguage":"pt-PT","copyrightYear":"2025","copyrightHolder":{"@id":"https:\/\/www.altominho.tv\/site\/#organization"}},{"@type":"WebPage","@id":"https:\/\/www.altominho.tv\/site\/2025\/11\/03\/marcio-costa-participa-no-campeonato-mundial-de-pizza-doc\/","url":"https:\/\/www.altominho.tv\/site\/2025\/11\/03\/marcio-costa-participa-no-campeonato-mundial-de-pizza-doc\/","name":"M\u00e1rcio Costa participa no Campeonato Mundial de Pizza DOC","isPartOf":{"@id":"https:\/\/www.altominho.tv\/site\/#website"},"primaryImageOfPage":{"@id":"https:\/\/www.altominho.tv\/site\/2025\/11\/03\/marcio-costa-participa-no-campeonato-mundial-de-pizza-doc\/#primaryimage"},"image":{"@id":"https:\/\/www.altominho.tv\/site\/2025\/11\/03\/marcio-costa-participa-no-campeonato-mundial-de-pizza-doc\/#primaryimage"},"thumbnailUrl":"https:\/\/www.altominho.tv\/site\/wp-content\/uploads\/2025\/11\/marcio-costa.jpg","datePublished":"2025-11-03T15:55:49+00:00","dateModified":"2025-11-03T15:55:51+00:00","author":{"@id":"https:\/\/www.altominho.tv\/site\/#\/schema\/person\/9e351387b727413d005ccf1152c93539"},"description":"O campeonato distingue-se por avaliar todo o processo de confe\u00e7\u00e3o da pizza, desde a forma como \u00e9 trabalhada e aberta, at\u00e9 \u00e0 cozedura e ao tempo no forno.","breadcrumb":{"@id":"https:\/\/www.altominho.tv\/site\/2025\/11\/03\/marcio-costa-participa-no-campeonato-mundial-de-pizza-doc\/#breadcrumb"},"inLanguage":"pt-PT","potentialAction":[{"@type":"ReadAction","target":["https:\/\/www.altominho.tv\/site\/2025\/11\/03\/marcio-costa-participa-no-campeonato-mundial-de-pizza-doc\/"]}]},{"@type":"ImageObject","inLanguage":"pt-PT","@id":"https:\/\/www.altominho.tv\/site\/2025\/11\/03\/marcio-costa-participa-no-campeonato-mundial-de-pizza-doc\/#primaryimage","url":"https:\/\/www.altominho.tv\/site\/wp-content\/uploads\/2025\/11\/marcio-costa.jpg","contentUrl":"https:\/\/www.altominho.tv\/site\/wp-content\/uploads\/2025\/11\/marcio-costa.jpg","width":1200,"height":630},{"@type":"BreadcrumbList","@id":"https:\/\/www.altominho.tv\/site\/2025\/11\/03\/marcio-costa-participa-no-campeonato-mundial-de-pizza-doc\/#breadcrumb","itemListElement":[{"@type":"ListItem","position":1,"name":"In\u00edcio","item":"https:\/\/www.altominho.tv\/site\/"},{"@type":"ListItem","position":2,"name":"M\u00e1rcio Costa participa no Campeonato Mundial de Pizza DOC"}]},{"@type":"WebSite","@id":"https:\/\/www.altominho.tv\/site\/#website","url":"https:\/\/www.altominho.tv\/site\/","name":"Altominho.tv","description":"A sua regi\u00e3o \u00e0 dist\u00e2ncia de um clique...","potentialAction":[{"@type":"SearchAction","target":{"@type":"EntryPoint","urlTemplate":"https:\/\/www.altominho.tv\/site\/?s={search_term_string}"},"query-input":{"@type":"PropertyValueSpecification","valueRequired":true,"valueName":"search_term_string"}}],"inLanguage":"pt-PT"},{"@type":"Person","@id":"https:\/\/www.altominho.tv\/site\/#\/schema\/person\/9e351387b727413d005ccf1152c93539","name":"Eduarda Cardoso","image":{"@type":"ImageObject","inLanguage":"pt-PT","@id":"https:\/\/www.altominho.tv\/site\/wp-content\/uploads\/2021\/01\/cropped-Logo-ATV_WEB-150x150.png","url":"https:\/\/www.altominho.tv\/site\/wp-content\/uploads\/2021\/01\/cropped-Logo-ATV_WEB-150x150.png","contentUrl":"https:\/\/www.altominho.tv\/site\/wp-content\/uploads\/2021\/01\/cropped-Logo-ATV_WEB-150x150.png","caption":"Eduarda Cardoso"},"url":"https:\/\/www.altominho.tv\/site\/author\/eduarda-cardoso\/"}]}},"_links":{"self":[{"href":"https:\/\/www.altominho.tv\/site\/wp-json\/wp\/v2\/posts\/124826","targetHints":{"allow":["GET"]}}],"collection":[{"href":"https:\/\/www.altominho.tv\/site\/wp-json\/wp\/v2\/posts"}],"about":[{"href":"https:\/\/www.altominho.tv\/site\/wp-json\/wp\/v2\/types\/post"}],"author":[{"embeddable":true,"href":"https:\/\/www.altominho.tv\/site\/wp-json\/wp\/v2\/users\/30"}],"replies":[{"embeddable":true,"href":"https:\/\/www.altominho.tv\/site\/wp-json\/wp\/v2\/comments?post=124826"}],"version-history":[{"count":1,"href":"https:\/\/www.altominho.tv\/site\/wp-json\/wp\/v2\/posts\/124826\/revisions"}],"predecessor-version":[{"id":124828,"href":"https:\/\/www.altominho.tv\/site\/wp-json\/wp\/v2\/posts\/124826\/revisions\/124828"}],"wp:featuredmedia":[{"embeddable":true,"href":"https:\/\/www.altominho.tv\/site\/wp-json\/wp\/v2\/media\/124827"}],"wp:attachment":[{"href":"https:\/\/www.altominho.tv\/site\/wp-json\/wp\/v2\/media?parent=124826"}],"wp:term":[{"taxonomy":"category","embeddable":true,"href":"https:\/\/www.altominho.tv\/site\/wp-json\/wp\/v2\/categories?post=124826"},{"taxonomy":"post_tag","embeddable":true,"href":"https:\/\/www.altominho.tv\/site\/wp-json\/wp\/v2\/tags?post=124826"}],"curies":[{"name":"wp","href":"https:\/\/api.w.org\/{rel}","templated":true}]}}