{"id":124801,"date":"2025-11-03T11:40:52","date_gmt":"2025-11-03T11:40:52","guid":{"rendered":"https:\/\/www.altominho.tv\/site\/?p=124801"},"modified":"2025-11-03T11:40:54","modified_gmt":"2025-11-03T11:40:54","slug":"barras-dos-portos-de-caminha-e-vila-praia-de-ancora-fechadas","status":"publish","type":"post","link":"https:\/\/www.altominho.tv\/site\/2025\/11\/03\/barras-dos-portos-de-caminha-e-vila-praia-de-ancora-fechadas\/","title":{"rendered":"Barras dos portos de Caminha e Vila Praia de \u00c2ncora fechadas devido ao agravamento da agita\u00e7\u00e3o mar\u00edtima"},"content":{"rendered":"<p class=\"p1\">A Autoridade Mar\u00edtima Nacional (AMN) divulgou que as barras dos portos de Caminha e de Vila Praia de \u00c2ncora se encontram fechadas a toda a navega\u00e7\u00e3o, na sequ\u00eancia da previs\u00e3o do IPMA, que aponta para o agravamento da agita\u00e7\u00e3o mar\u00edtima.<\/p>\n<p class=\"p1\">Assim, a Autoridade Mar\u00edtima Nacional refor\u00e7a a recomenda\u00e7\u00e3o, em especial \u00e0 comunidade piscat\u00f3ria e da n\u00e1utica de recreio que se encontra no mar, para o eventual regresso ao porto de abrigo mais pr\u00f3ximo e a ado\u00e7\u00e3o de medidas de precau\u00e7\u00e3o, de acordo com as recomenda\u00e7\u00f5es das capitanias dos portos, evitando sair para o mar at\u00e9 que as condi\u00e7\u00f5es melhorem.<\/p>\n<p class=\"p1\">Ainda \u00e0 comunidade piscat\u00f3ria, n\u00e1utica de recreio e atividades mar\u00edtimo-tur\u00edsticas que operam e navegam no rio Minho, &#8220;refor\u00e7a-se a recomenda\u00e7\u00e3o para evitar a navega\u00e7\u00e3o nos per\u00edodos de aviso de vento e adotar as medidas de precau\u00e7\u00e3o adequadas \u00e0 salvaguarda da vida humana e material&#8221;.<\/p>\n<p class=\"p1\">\u00c0 popula\u00e7\u00e3o em geral, que habitualmente frequenta as zonas costeiras, aconselha-se que se abstenham da pr\u00e1tica de passeios junto \u00e0 costa e nas praias, bem como da pr\u00e1tica de atividades l\u00fadicas nas zonas expostas \u00e0 agita\u00e7\u00e3o mar\u00edtima.<\/p>\n<p class=\"p1\">\u201cAconselha-se muito particularmente os pescadores l\u00fadicos de pesca \u00e0 cana para que assumam extrema cautela, evitando pescar junto a fal\u00e9sias, arribas, quebra-mares e zonas rochosas nas frentes costeiras atingidas pela rebenta\u00e7\u00e3o das ondas, tendo sempre presente que nestas condi\u00e7\u00f5es extremas o mar pode facilmente alcan\u00e7ar zonas aparentemente seguras\u201d, l\u00ea-se ainda no comunicado divulgado pela AMN.<\/p>\n<p class=\"p1\">Segundo a AMN, o estado das barras pode ser alterado a qualquer momento.<\/p>\n","protected":false},"excerpt":{"rendered":"<p>A Autoridade Mar\u00edtima Nacional (AMN) divulgou que as barras dos portos de Caminha e de Vila Praia de \u00c2ncora se encontram fechadas a toda a navega\u00e7\u00e3o, na sequ\u00eancia da previs\u00e3o do IPMA, que aponta para o agravamento da agita\u00e7\u00e3o mar\u00edtima. Assim, a Autoridade Mar\u00edtima Nacional refor\u00e7a a recomenda\u00e7\u00e3o, em especial \u00e0 comunidade piscat\u00f3ria e da [&hellip;]<\/p>\n","protected":false},"author":30,"featured_media":122237,"comment_status":"closed","ping_status":"closed","sticky":false,"template":"","format":"standard","meta":{"_exactmetrics_skip_tracking":false,"_exactmetrics_sitenote_active":false,"_exactmetrics_sitenote_note":"","_exactmetrics_sitenote_category":0,"footnotes":""},"categories":[7],"tags":[27],"class_list":["post-124801","post","type-post","status-publish","format-standard","has-post-thumbnail","hentry","category-caminha","tag-sociedade"],"yoast_head":"<!-- This site is optimized with the Yoast SEO Premium plugin v27.5 (Yoast SEO v27.5) - https:\/\/yoast.com\/product\/yoast-seo-premium-wordpress\/ -->\n<title>Barras dos portos de Caminha e Vila Praia de \u00c2ncora fechadas devido ao agravamento da agita\u00e7\u00e3o mar\u00edtima<\/title>\n<meta name=\"description\" content=\"A Autoridade Mar\u00edtima Nacional (AMN) divulgou que as barras dos portos de Caminha e de Vila Praia de \u00c2ncora se encontram fechadas a toda a navega\u00e7\u00e3o, na sequ\u00eancia da previs\u00e3o do IPMA, que aponta para o agravamento da agita\u00e7\u00e3o mar\u00edtima.\" \/>\n<meta name=\"robots\" content=\"index, follow, max-snippet:-1, max-image-preview:large, max-video-preview:-1\" \/>\n<link rel=\"canonical\" href=\"https:\/\/www.altominho.tv\/site\/2025\/11\/03\/barras-dos-portos-de-caminha-e-vila-praia-de-ancora-fechadas\/\" \/>\n<meta property=\"og:locale\" content=\"pt_PT\" \/>\n<meta property=\"og:type\" content=\"article\" \/>\n<meta property=\"og:title\" content=\"Barras dos portos de Caminha e Vila Praia de \u00c2ncora fechadas devido ao agravamento da agita\u00e7\u00e3o mar\u00edtima\" \/>\n<meta property=\"og:description\" content=\"A Autoridade Mar\u00edtima Nacional (AMN) divulgou que as barras dos portos de Caminha e de Vila Praia de \u00c2ncora se encontram fechadas a toda a navega\u00e7\u00e3o, na sequ\u00eancia da previs\u00e3o do IPMA, que aponta para o agravamento da agita\u00e7\u00e3o mar\u00edtima.\" \/>\n<meta property=\"og:url\" content=\"https:\/\/www.altominho.tv\/site\/2025\/11\/03\/barras-dos-portos-de-caminha-e-vila-praia-de-ancora-fechadas\/\" \/>\n<meta property=\"og:site_name\" content=\"Altominho.tv\" \/>\n<meta property=\"article:publisher\" content=\"https:\/\/www.facebook.com\/altominhotv\" \/>\n<meta property=\"article:published_time\" content=\"2025-11-03T11:40:52+00:00\" \/>\n<meta property=\"article:modified_time\" content=\"2025-11-03T11:40:54+00:00\" \/>\n<meta property=\"og:image\" content=\"https:\/\/www.altominho.tv\/site\/wp-content\/uploads\/2025\/08\/agitacao-maritima-.png\" \/>\n\t<meta property=\"og:image:width\" content=\"1200\" \/>\n\t<meta property=\"og:image:height\" content=\"630\" \/>\n\t<meta property=\"og:image:type\" content=\"image\/png\" \/>\n<meta name=\"author\" content=\"Eduarda Cardoso\" \/>\n<meta name=\"twitter:card\" content=\"summary_large_image\" \/>\n<meta name=\"twitter:creator\" content=\"@altominhoTV\" \/>\n<meta name=\"twitter:site\" content=\"@altominhoTV\" \/>\n<meta name=\"twitter:label1\" content=\"Escrito por\" \/>\n\t<meta name=\"twitter:data1\" content=\"Eduarda Cardoso\" \/>\n\t<meta name=\"twitter:label2\" content=\"Tempo estimado de leitura\" \/>\n\t<meta name=\"twitter:data2\" content=\"2 minutos\" \/>\n<script type=\"application\/ld+json\" class=\"yoast-schema-graph\">{\"@context\":\"https:\\\/\\\/schema.org\",\"@graph\":[{\"@type\":\"Article\",\"@id\":\"https:\\\/\\\/www.altominho.tv\\\/site\\\/2025\\\/11\\\/03\\\/barras-dos-portos-de-caminha-e-vila-praia-de-ancora-fechadas\\\/#article\",\"isPartOf\":{\"@id\":\"https:\\\/\\\/www.altominho.tv\\\/site\\\/2025\\\/11\\\/03\\\/barras-dos-portos-de-caminha-e-vila-praia-de-ancora-fechadas\\\/\"},\"author\":{\"name\":\"Eduarda Cardoso\",\"@id\":\"https:\\\/\\\/www.altominho.tv\\\/site\\\/#\\\/schema\\\/person\\\/9e351387b727413d005ccf1152c93539\"},\"headline\":\"Barras dos portos de Caminha e Vila Praia de \u00c2ncora fechadas devido ao agravamento da agita\u00e7\u00e3o mar\u00edtima\",\"datePublished\":\"2025-11-03T11:40:52+00:00\",\"dateModified\":\"2025-11-03T11:40:54+00:00\",\"mainEntityOfPage\":{\"@id\":\"https:\\\/\\\/www.altominho.tv\\\/site\\\/2025\\\/11\\\/03\\\/barras-dos-portos-de-caminha-e-vila-praia-de-ancora-fechadas\\\/\"},\"wordCount\":297,\"image\":{\"@id\":\"https:\\\/\\\/www.altominho.tv\\\/site\\\/2025\\\/11\\\/03\\\/barras-dos-portos-de-caminha-e-vila-praia-de-ancora-fechadas\\\/#primaryimage\"},\"thumbnailUrl\":\"https:\\\/\\\/www.altominho.tv\\\/site\\\/wp-content\\\/uploads\\\/2025\\\/08\\\/agitacao-maritima-.png\",\"keywords\":[\"Sociedade\"],\"articleSection\":[\"Caminha\"],\"inLanguage\":\"pt-PT\",\"copyrightYear\":\"2025\",\"copyrightHolder\":{\"@id\":\"https:\\\/\\\/www.altominho.tv\\\/site\\\/#organization\"}},{\"@type\":\"WebPage\",\"@id\":\"https:\\\/\\\/www.altominho.tv\\\/site\\\/2025\\\/11\\\/03\\\/barras-dos-portos-de-caminha-e-vila-praia-de-ancora-fechadas\\\/\",\"url\":\"https:\\\/\\\/www.altominho.tv\\\/site\\\/2025\\\/11\\\/03\\\/barras-dos-portos-de-caminha-e-vila-praia-de-ancora-fechadas\\\/\",\"name\":\"Barras dos portos de Caminha e Vila Praia de \u00c2ncora fechadas devido ao agravamento da agita\u00e7\u00e3o mar\u00edtima\",\"isPartOf\":{\"@id\":\"https:\\\/\\\/www.altominho.tv\\\/site\\\/#website\"},\"primaryImageOfPage\":{\"@id\":\"https:\\\/\\\/www.altominho.tv\\\/site\\\/2025\\\/11\\\/03\\\/barras-dos-portos-de-caminha-e-vila-praia-de-ancora-fechadas\\\/#primaryimage\"},\"image\":{\"@id\":\"https:\\\/\\\/www.altominho.tv\\\/site\\\/2025\\\/11\\\/03\\\/barras-dos-portos-de-caminha-e-vila-praia-de-ancora-fechadas\\\/#primaryimage\"},\"thumbnailUrl\":\"https:\\\/\\\/www.altominho.tv\\\/site\\\/wp-content\\\/uploads\\\/2025\\\/08\\\/agitacao-maritima-.png\",\"datePublished\":\"2025-11-03T11:40:52+00:00\",\"dateModified\":\"2025-11-03T11:40:54+00:00\",\"author\":{\"@id\":\"https:\\\/\\\/www.altominho.tv\\\/site\\\/#\\\/schema\\\/person\\\/9e351387b727413d005ccf1152c93539\"},\"description\":\"A Autoridade Mar\u00edtima Nacional (AMN) divulgou que as barras dos portos de Caminha e de Vila Praia de \u00c2ncora se encontram fechadas a toda a navega\u00e7\u00e3o, na sequ\u00eancia da previs\u00e3o do IPMA, que aponta para o agravamento da agita\u00e7\u00e3o mar\u00edtima.\",\"breadcrumb\":{\"@id\":\"https:\\\/\\\/www.altominho.tv\\\/site\\\/2025\\\/11\\\/03\\\/barras-dos-portos-de-caminha-e-vila-praia-de-ancora-fechadas\\\/#breadcrumb\"},\"inLanguage\":\"pt-PT\",\"potentialAction\":[{\"@type\":\"ReadAction\",\"target\":[\"https:\\\/\\\/www.altominho.tv\\\/site\\\/2025\\\/11\\\/03\\\/barras-dos-portos-de-caminha-e-vila-praia-de-ancora-fechadas\\\/\"]}]},{\"@type\":\"ImageObject\",\"inLanguage\":\"pt-PT\",\"@id\":\"https:\\\/\\\/www.altominho.tv\\\/site\\\/2025\\\/11\\\/03\\\/barras-dos-portos-de-caminha-e-vila-praia-de-ancora-fechadas\\\/#primaryimage\",\"url\":\"https:\\\/\\\/www.altominho.tv\\\/site\\\/wp-content\\\/uploads\\\/2025\\\/08\\\/agitacao-maritima-.png\",\"contentUrl\":\"https:\\\/\\\/www.altominho.tv\\\/site\\\/wp-content\\\/uploads\\\/2025\\\/08\\\/agitacao-maritima-.png\",\"width\":1200,\"height\":630},{\"@type\":\"BreadcrumbList\",\"@id\":\"https:\\\/\\\/www.altominho.tv\\\/site\\\/2025\\\/11\\\/03\\\/barras-dos-portos-de-caminha-e-vila-praia-de-ancora-fechadas\\\/#breadcrumb\",\"itemListElement\":[{\"@type\":\"ListItem\",\"position\":1,\"name\":\"In\u00edcio\",\"item\":\"https:\\\/\\\/www.altominho.tv\\\/site\\\/\"},{\"@type\":\"ListItem\",\"position\":2,\"name\":\"Barras dos portos de Caminha e Vila Praia de \u00c2ncora fechadas devido ao agravamento da agita\u00e7\u00e3o mar\u00edtima\"}]},{\"@type\":\"WebSite\",\"@id\":\"https:\\\/\\\/www.altominho.tv\\\/site\\\/#website\",\"url\":\"https:\\\/\\\/www.altominho.tv\\\/site\\\/\",\"name\":\"Altominho.tv\",\"description\":\"A sua regi\u00e3o \u00e0 dist\u00e2ncia de um clique...\",\"potentialAction\":[{\"@type\":\"SearchAction\",\"target\":{\"@type\":\"EntryPoint\",\"urlTemplate\":\"https:\\\/\\\/www.altominho.tv\\\/site\\\/?s={search_term_string}\"},\"query-input\":{\"@type\":\"PropertyValueSpecification\",\"valueRequired\":true,\"valueName\":\"search_term_string\"}}],\"inLanguage\":\"pt-PT\"},{\"@type\":\"Person\",\"@id\":\"https:\\\/\\\/www.altominho.tv\\\/site\\\/#\\\/schema\\\/person\\\/9e351387b727413d005ccf1152c93539\",\"name\":\"Eduarda Cardoso\",\"image\":{\"@type\":\"ImageObject\",\"inLanguage\":\"pt-PT\",\"@id\":\"https:\\\/\\\/www.altominho.tv\\\/site\\\/wp-content\\\/uploads\\\/2021\\\/01\\\/cropped-Logo-ATV_WEB-150x150.png\",\"url\":\"https:\\\/\\\/www.altominho.tv\\\/site\\\/wp-content\\\/uploads\\\/2021\\\/01\\\/cropped-Logo-ATV_WEB-150x150.png\",\"contentUrl\":\"https:\\\/\\\/www.altominho.tv\\\/site\\\/wp-content\\\/uploads\\\/2021\\\/01\\\/cropped-Logo-ATV_WEB-150x150.png\",\"caption\":\"Eduarda Cardoso\"},\"url\":\"https:\\\/\\\/www.altominho.tv\\\/site\\\/author\\\/eduarda-cardoso\\\/\"}]}<\/script>\n<!-- \/ Yoast SEO Premium plugin. -->","yoast_head_json":{"title":"Barras dos portos de Caminha e Vila Praia de \u00c2ncora fechadas devido ao agravamento da agita\u00e7\u00e3o mar\u00edtima","description":"A Autoridade Mar\u00edtima Nacional (AMN) divulgou que as barras dos portos de Caminha e de Vila Praia de \u00c2ncora se encontram fechadas a toda a navega\u00e7\u00e3o, na sequ\u00eancia da previs\u00e3o do IPMA, que aponta para o agravamento da agita\u00e7\u00e3o mar\u00edtima.","robots":{"index":"index","follow":"follow","max-snippet":"max-snippet:-1","max-image-preview":"max-image-preview:large","max-video-preview":"max-video-preview:-1"},"canonical":"https:\/\/www.altominho.tv\/site\/2025\/11\/03\/barras-dos-portos-de-caminha-e-vila-praia-de-ancora-fechadas\/","og_locale":"pt_PT","og_type":"article","og_title":"Barras dos portos de Caminha e Vila Praia de \u00c2ncora fechadas devido ao agravamento da agita\u00e7\u00e3o mar\u00edtima","og_description":"A Autoridade Mar\u00edtima Nacional (AMN) divulgou que as barras dos portos de Caminha e de Vila Praia de \u00c2ncora se encontram fechadas a toda a navega\u00e7\u00e3o, na sequ\u00eancia da previs\u00e3o do IPMA, que aponta para o agravamento da agita\u00e7\u00e3o mar\u00edtima.","og_url":"https:\/\/www.altominho.tv\/site\/2025\/11\/03\/barras-dos-portos-de-caminha-e-vila-praia-de-ancora-fechadas\/","og_site_name":"Altominho.tv","article_publisher":"https:\/\/www.facebook.com\/altominhotv","article_published_time":"2025-11-03T11:40:52+00:00","article_modified_time":"2025-11-03T11:40:54+00:00","og_image":[{"width":1200,"height":630,"url":"https:\/\/www.altominho.tv\/site\/wp-content\/uploads\/2025\/08\/agitacao-maritima-.png","type":"image\/png"}],"author":"Eduarda Cardoso","twitter_card":"summary_large_image","twitter_creator":"@altominhoTV","twitter_site":"@altominhoTV","twitter_misc":{"Escrito por":"Eduarda Cardoso","Tempo estimado de leitura":"2 minutos"},"schema":{"@context":"https:\/\/schema.org","@graph":[{"@type":"Article","@id":"https:\/\/www.altominho.tv\/site\/2025\/11\/03\/barras-dos-portos-de-caminha-e-vila-praia-de-ancora-fechadas\/#article","isPartOf":{"@id":"https:\/\/www.altominho.tv\/site\/2025\/11\/03\/barras-dos-portos-de-caminha-e-vila-praia-de-ancora-fechadas\/"},"author":{"name":"Eduarda Cardoso","@id":"https:\/\/www.altominho.tv\/site\/#\/schema\/person\/9e351387b727413d005ccf1152c93539"},"headline":"Barras dos portos de Caminha e Vila Praia de \u00c2ncora fechadas devido ao agravamento da agita\u00e7\u00e3o mar\u00edtima","datePublished":"2025-11-03T11:40:52+00:00","dateModified":"2025-11-03T11:40:54+00:00","mainEntityOfPage":{"@id":"https:\/\/www.altominho.tv\/site\/2025\/11\/03\/barras-dos-portos-de-caminha-e-vila-praia-de-ancora-fechadas\/"},"wordCount":297,"image":{"@id":"https:\/\/www.altominho.tv\/site\/2025\/11\/03\/barras-dos-portos-de-caminha-e-vila-praia-de-ancora-fechadas\/#primaryimage"},"thumbnailUrl":"https:\/\/www.altominho.tv\/site\/wp-content\/uploads\/2025\/08\/agitacao-maritima-.png","keywords":["Sociedade"],"articleSection":["Caminha"],"inLanguage":"pt-PT","copyrightYear":"2025","copyrightHolder":{"@id":"https:\/\/www.altominho.tv\/site\/#organization"}},{"@type":"WebPage","@id":"https:\/\/www.altominho.tv\/site\/2025\/11\/03\/barras-dos-portos-de-caminha-e-vila-praia-de-ancora-fechadas\/","url":"https:\/\/www.altominho.tv\/site\/2025\/11\/03\/barras-dos-portos-de-caminha-e-vila-praia-de-ancora-fechadas\/","name":"Barras dos portos de Caminha e Vila Praia de \u00c2ncora fechadas devido ao agravamento da agita\u00e7\u00e3o mar\u00edtima","isPartOf":{"@id":"https:\/\/www.altominho.tv\/site\/#website"},"primaryImageOfPage":{"@id":"https:\/\/www.altominho.tv\/site\/2025\/11\/03\/barras-dos-portos-de-caminha-e-vila-praia-de-ancora-fechadas\/#primaryimage"},"image":{"@id":"https:\/\/www.altominho.tv\/site\/2025\/11\/03\/barras-dos-portos-de-caminha-e-vila-praia-de-ancora-fechadas\/#primaryimage"},"thumbnailUrl":"https:\/\/www.altominho.tv\/site\/wp-content\/uploads\/2025\/08\/agitacao-maritima-.png","datePublished":"2025-11-03T11:40:52+00:00","dateModified":"2025-11-03T11:40:54+00:00","author":{"@id":"https:\/\/www.altominho.tv\/site\/#\/schema\/person\/9e351387b727413d005ccf1152c93539"},"description":"A Autoridade Mar\u00edtima Nacional (AMN) divulgou que as barras dos portos de Caminha e de Vila Praia de \u00c2ncora se encontram fechadas a toda a navega\u00e7\u00e3o, na sequ\u00eancia da previs\u00e3o do IPMA, que aponta para o agravamento da agita\u00e7\u00e3o mar\u00edtima.","breadcrumb":{"@id":"https:\/\/www.altominho.tv\/site\/2025\/11\/03\/barras-dos-portos-de-caminha-e-vila-praia-de-ancora-fechadas\/#breadcrumb"},"inLanguage":"pt-PT","potentialAction":[{"@type":"ReadAction","target":["https:\/\/www.altominho.tv\/site\/2025\/11\/03\/barras-dos-portos-de-caminha-e-vila-praia-de-ancora-fechadas\/"]}]},{"@type":"ImageObject","inLanguage":"pt-PT","@id":"https:\/\/www.altominho.tv\/site\/2025\/11\/03\/barras-dos-portos-de-caminha-e-vila-praia-de-ancora-fechadas\/#primaryimage","url":"https:\/\/www.altominho.tv\/site\/wp-content\/uploads\/2025\/08\/agitacao-maritima-.png","contentUrl":"https:\/\/www.altominho.tv\/site\/wp-content\/uploads\/2025\/08\/agitacao-maritima-.png","width":1200,"height":630},{"@type":"BreadcrumbList","@id":"https:\/\/www.altominho.tv\/site\/2025\/11\/03\/barras-dos-portos-de-caminha-e-vila-praia-de-ancora-fechadas\/#breadcrumb","itemListElement":[{"@type":"ListItem","position":1,"name":"In\u00edcio","item":"https:\/\/www.altominho.tv\/site\/"},{"@type":"ListItem","position":2,"name":"Barras dos portos de Caminha e Vila Praia de \u00c2ncora fechadas devido ao agravamento da agita\u00e7\u00e3o mar\u00edtima"}]},{"@type":"WebSite","@id":"https:\/\/www.altominho.tv\/site\/#website","url":"https:\/\/www.altominho.tv\/site\/","name":"Altominho.tv","description":"A sua regi\u00e3o \u00e0 dist\u00e2ncia de um clique...","potentialAction":[{"@type":"SearchAction","target":{"@type":"EntryPoint","urlTemplate":"https:\/\/www.altominho.tv\/site\/?s={search_term_string}"},"query-input":{"@type":"PropertyValueSpecification","valueRequired":true,"valueName":"search_term_string"}}],"inLanguage":"pt-PT"},{"@type":"Person","@id":"https:\/\/www.altominho.tv\/site\/#\/schema\/person\/9e351387b727413d005ccf1152c93539","name":"Eduarda Cardoso","image":{"@type":"ImageObject","inLanguage":"pt-PT","@id":"https:\/\/www.altominho.tv\/site\/wp-content\/uploads\/2021\/01\/cropped-Logo-ATV_WEB-150x150.png","url":"https:\/\/www.altominho.tv\/site\/wp-content\/uploads\/2021\/01\/cropped-Logo-ATV_WEB-150x150.png","contentUrl":"https:\/\/www.altominho.tv\/site\/wp-content\/uploads\/2021\/01\/cropped-Logo-ATV_WEB-150x150.png","caption":"Eduarda Cardoso"},"url":"https:\/\/www.altominho.tv\/site\/author\/eduarda-cardoso\/"}]}},"_links":{"self":[{"href":"https:\/\/www.altominho.tv\/site\/wp-json\/wp\/v2\/posts\/124801","targetHints":{"allow":["GET"]}}],"collection":[{"href":"https:\/\/www.altominho.tv\/site\/wp-json\/wp\/v2\/posts"}],"about":[{"href":"https:\/\/www.altominho.tv\/site\/wp-json\/wp\/v2\/types\/post"}],"author":[{"embeddable":true,"href":"https:\/\/www.altominho.tv\/site\/wp-json\/wp\/v2\/users\/30"}],"replies":[{"embeddable":true,"href":"https:\/\/www.altominho.tv\/site\/wp-json\/wp\/v2\/comments?post=124801"}],"version-history":[{"count":1,"href":"https:\/\/www.altominho.tv\/site\/wp-json\/wp\/v2\/posts\/124801\/revisions"}],"predecessor-version":[{"id":124802,"href":"https:\/\/www.altominho.tv\/site\/wp-json\/wp\/v2\/posts\/124801\/revisions\/124802"}],"wp:featuredmedia":[{"embeddable":true,"href":"https:\/\/www.altominho.tv\/site\/wp-json\/wp\/v2\/media\/122237"}],"wp:attachment":[{"href":"https:\/\/www.altominho.tv\/site\/wp-json\/wp\/v2\/media?parent=124801"}],"wp:term":[{"taxonomy":"category","embeddable":true,"href":"https:\/\/www.altominho.tv\/site\/wp-json\/wp\/v2\/categories?post=124801"},{"taxonomy":"post_tag","embeddable":true,"href":"https:\/\/www.altominho.tv\/site\/wp-json\/wp\/v2\/tags?post=124801"}],"curies":[{"name":"wp","href":"https:\/\/api.w.org\/{rel}","templated":true}]}}