{"id":124689,"date":"2025-10-30T09:37:25","date_gmt":"2025-10-30T09:37:25","guid":{"rendered":"https:\/\/www.altominho.tv\/site\/?p=124689"},"modified":"2025-10-30T09:37:27","modified_gmt":"2025-10-30T09:37:27","slug":"marcelo-rebelo-de-sousa-marca-data-para-eleicoes-presidenciais","status":"publish","type":"post","link":"https:\/\/www.altominho.tv\/site\/2025\/10\/30\/marcelo-rebelo-de-sousa-marca-data-para-eleicoes-presidenciais\/","title":{"rendered":"Marcelo Rebelo de Sousa marca data para elei\u00e7\u00f5es presidenciais"},"content":{"rendered":"<p class=\"p1\">O presidente da Rep\u00fablica, Marcelo Rebelo de Sousa, anunciou esta quinta-feira a data para as elei\u00e7\u00f5es presidenciais. Os portugueses v\u00e3o \u00e0s urnas no dia 18 de janeiro de 2026.<\/p>\n<p class=\"p1\">&#8220;Nos termos previstos na Constitui\u00e7\u00e3o e na Lei Eleitoral, o Presidente da Rep\u00fablica assinou o Decreto que fixa as elei\u00e7\u00f5es presidenciais para domingo 18 de janeiro de 2026, o qual seguiu para publica\u00e7\u00e3o no Di\u00e1rio da Rep\u00fablica&#8221;,\u00a0<span class=\"s1\">l\u00ea-se na nota da presid\u00eancia.<\/span><\/p>\n<p class=\"p1\">Henrique Gouveia e Melo, Lu\u00eds Marques Mendes, Andr\u00e9 Ventura, Catarina Martins, Ant\u00f3nio Jos\u00e9 Seguro, Ant\u00f3nio Filipe, Joana Amaral Dias, Jo\u00e3o Cotrim de Figueiredo e Jorge Pinto s\u00e3o alguns dos candidatos \u00e0s presidenciais.<\/p>\n<p class=\"p1\">Marcelo Rebelo de Sousa foi eleito pela primeira vez em janeiro de 2016, tendo vencido na primeira volta com\u00a0\u00a052% dos votos. Foi depois reeleito em 2021, tamb\u00e9m na primeira volta, com 60,7% dos votos.<\/p>\n","protected":false},"excerpt":{"rendered":"<p>O presidente da Rep\u00fablica, Marcelo Rebelo de Sousa, anunciou esta quinta-feira a data para as elei\u00e7\u00f5es presidenciais. Os portugueses v\u00e3o \u00e0s urnas no dia 18 de janeiro de 2026. &#8220;Nos termos previstos na Constitui\u00e7\u00e3o e na Lei Eleitoral, o Presidente da Rep\u00fablica assinou o Decreto que fixa as elei\u00e7\u00f5es presidenciais para domingo 18 de janeiro [&hellip;]<\/p>\n","protected":false},"author":30,"featured_media":124690,"comment_status":"closed","ping_status":"closed","sticky":false,"template":"","format":"standard","meta":{"_exactmetrics_skip_tracking":false,"_exactmetrics_sitenote_active":false,"_exactmetrics_sitenote_note":"","_exactmetrics_sitenote_category":0,"footnotes":""},"categories":[56325],"tags":[56326],"class_list":["post-124689","post","type-post","status-publish","format-standard","has-post-thumbnail","hentry","category-pais","tag-politica"],"yoast_head":"<!-- This site is optimized with the Yoast SEO Premium plugin v27.5 (Yoast SEO v27.5) - https:\/\/yoast.com\/product\/yoast-seo-premium-wordpress\/ -->\n<title>Marcelo Rebelo de Sousa marca data para elei\u00e7\u00f5es presidenciais<\/title>\n<meta name=\"description\" content=\"O presidente da Rep\u00fablica, Marcelo Rebelo de Sousa, anunciou esta quinta-feira a data para as elei\u00e7\u00f5es presidenciais. Os portugueses v\u00e3o \u00e0s urnas no dia 18 de janeiro de 2026.\" \/>\n<meta name=\"robots\" content=\"index, follow, max-snippet:-1, max-image-preview:large, max-video-preview:-1\" \/>\n<link rel=\"canonical\" href=\"https:\/\/www.altominho.tv\/site\/2025\/10\/30\/marcelo-rebelo-de-sousa-marca-data-para-eleicoes-presidenciais\/\" \/>\n<meta property=\"og:locale\" content=\"pt_PT\" \/>\n<meta property=\"og:type\" content=\"article\" \/>\n<meta property=\"og:title\" content=\"Marcelo Rebelo de Sousa marca data para elei\u00e7\u00f5es presidenciais\" \/>\n<meta property=\"og:description\" content=\"O presidente da Rep\u00fablica, Marcelo Rebelo de Sousa, anunciou esta quinta-feira a data para as elei\u00e7\u00f5es presidenciais. Os portugueses v\u00e3o \u00e0s urnas no dia 18 de janeiro de 2026.\" \/>\n<meta property=\"og:url\" content=\"https:\/\/www.altominho.tv\/site\/2025\/10\/30\/marcelo-rebelo-de-sousa-marca-data-para-eleicoes-presidenciais\/\" \/>\n<meta property=\"og:site_name\" content=\"Altominho.tv\" \/>\n<meta property=\"article:publisher\" content=\"https:\/\/www.facebook.com\/altominhotv\" \/>\n<meta property=\"article:published_time\" content=\"2025-10-30T09:37:25+00:00\" \/>\n<meta property=\"article:modified_time\" content=\"2025-10-30T09:37:27+00:00\" \/>\n<meta property=\"og:image\" content=\"https:\/\/www.altominho.tv\/site\/wp-content\/uploads\/2025\/10\/eleicoes-votos.jpg\" \/>\n\t<meta property=\"og:image:width\" content=\"1200\" \/>\n\t<meta property=\"og:image:height\" content=\"630\" \/>\n\t<meta property=\"og:image:type\" content=\"image\/jpeg\" \/>\n<meta name=\"author\" content=\"Eduarda Cardoso\" \/>\n<meta name=\"twitter:card\" content=\"summary_large_image\" \/>\n<meta name=\"twitter:creator\" content=\"@altominhoTV\" \/>\n<meta name=\"twitter:site\" content=\"@altominhoTV\" \/>\n<meta name=\"twitter:label1\" content=\"Escrito por\" \/>\n\t<meta name=\"twitter:data1\" content=\"Eduarda Cardoso\" \/>\n\t<meta name=\"twitter:label2\" content=\"Tempo estimado de leitura\" \/>\n\t<meta name=\"twitter:data2\" content=\"1 minuto\" \/>\n<script type=\"application\/ld+json\" class=\"yoast-schema-graph\">{\"@context\":\"https:\\\/\\\/schema.org\",\"@graph\":[{\"@type\":\"Article\",\"@id\":\"https:\\\/\\\/www.altominho.tv\\\/site\\\/2025\\\/10\\\/30\\\/marcelo-rebelo-de-sousa-marca-data-para-eleicoes-presidenciais\\\/#article\",\"isPartOf\":{\"@id\":\"https:\\\/\\\/www.altominho.tv\\\/site\\\/2025\\\/10\\\/30\\\/marcelo-rebelo-de-sousa-marca-data-para-eleicoes-presidenciais\\\/\"},\"author\":{\"name\":\"Eduarda Cardoso\",\"@id\":\"https:\\\/\\\/www.altominho.tv\\\/site\\\/#\\\/schema\\\/person\\\/9e351387b727413d005ccf1152c93539\"},\"headline\":\"Marcelo Rebelo de Sousa marca data para elei\u00e7\u00f5es presidenciais\",\"datePublished\":\"2025-10-30T09:37:25+00:00\",\"dateModified\":\"2025-10-30T09:37:27+00:00\",\"mainEntityOfPage\":{\"@id\":\"https:\\\/\\\/www.altominho.tv\\\/site\\\/2025\\\/10\\\/30\\\/marcelo-rebelo-de-sousa-marca-data-para-eleicoes-presidenciais\\\/\"},\"wordCount\":157,\"image\":{\"@id\":\"https:\\\/\\\/www.altominho.tv\\\/site\\\/2025\\\/10\\\/30\\\/marcelo-rebelo-de-sousa-marca-data-para-eleicoes-presidenciais\\\/#primaryimage\"},\"thumbnailUrl\":\"https:\\\/\\\/www.altominho.tv\\\/site\\\/wp-content\\\/uploads\\\/2025\\\/10\\\/eleicoes-votos.jpg\",\"keywords\":[\"Pol\u00edtica\"],\"articleSection\":[\"Pa\u00eds\"],\"inLanguage\":\"pt-PT\",\"copyrightYear\":\"2025\",\"copyrightHolder\":{\"@id\":\"https:\\\/\\\/www.altominho.tv\\\/site\\\/#organization\"}},{\"@type\":\"WebPage\",\"@id\":\"https:\\\/\\\/www.altominho.tv\\\/site\\\/2025\\\/10\\\/30\\\/marcelo-rebelo-de-sousa-marca-data-para-eleicoes-presidenciais\\\/\",\"url\":\"https:\\\/\\\/www.altominho.tv\\\/site\\\/2025\\\/10\\\/30\\\/marcelo-rebelo-de-sousa-marca-data-para-eleicoes-presidenciais\\\/\",\"name\":\"Marcelo Rebelo de Sousa marca data para elei\u00e7\u00f5es presidenciais\",\"isPartOf\":{\"@id\":\"https:\\\/\\\/www.altominho.tv\\\/site\\\/#website\"},\"primaryImageOfPage\":{\"@id\":\"https:\\\/\\\/www.altominho.tv\\\/site\\\/2025\\\/10\\\/30\\\/marcelo-rebelo-de-sousa-marca-data-para-eleicoes-presidenciais\\\/#primaryimage\"},\"image\":{\"@id\":\"https:\\\/\\\/www.altominho.tv\\\/site\\\/2025\\\/10\\\/30\\\/marcelo-rebelo-de-sousa-marca-data-para-eleicoes-presidenciais\\\/#primaryimage\"},\"thumbnailUrl\":\"https:\\\/\\\/www.altominho.tv\\\/site\\\/wp-content\\\/uploads\\\/2025\\\/10\\\/eleicoes-votos.jpg\",\"datePublished\":\"2025-10-30T09:37:25+00:00\",\"dateModified\":\"2025-10-30T09:37:27+00:00\",\"author\":{\"@id\":\"https:\\\/\\\/www.altominho.tv\\\/site\\\/#\\\/schema\\\/person\\\/9e351387b727413d005ccf1152c93539\"},\"description\":\"O presidente da Rep\u00fablica, Marcelo Rebelo de Sousa, anunciou esta quinta-feira a data para as elei\u00e7\u00f5es presidenciais. Os portugueses v\u00e3o \u00e0s urnas no dia 18 de janeiro de 2026.\",\"breadcrumb\":{\"@id\":\"https:\\\/\\\/www.altominho.tv\\\/site\\\/2025\\\/10\\\/30\\\/marcelo-rebelo-de-sousa-marca-data-para-eleicoes-presidenciais\\\/#breadcrumb\"},\"inLanguage\":\"pt-PT\",\"potentialAction\":[{\"@type\":\"ReadAction\",\"target\":[\"https:\\\/\\\/www.altominho.tv\\\/site\\\/2025\\\/10\\\/30\\\/marcelo-rebelo-de-sousa-marca-data-para-eleicoes-presidenciais\\\/\"]}]},{\"@type\":\"ImageObject\",\"inLanguage\":\"pt-PT\",\"@id\":\"https:\\\/\\\/www.altominho.tv\\\/site\\\/2025\\\/10\\\/30\\\/marcelo-rebelo-de-sousa-marca-data-para-eleicoes-presidenciais\\\/#primaryimage\",\"url\":\"https:\\\/\\\/www.altominho.tv\\\/site\\\/wp-content\\\/uploads\\\/2025\\\/10\\\/eleicoes-votos.jpg\",\"contentUrl\":\"https:\\\/\\\/www.altominho.tv\\\/site\\\/wp-content\\\/uploads\\\/2025\\\/10\\\/eleicoes-votos.jpg\",\"width\":1200,\"height\":630},{\"@type\":\"BreadcrumbList\",\"@id\":\"https:\\\/\\\/www.altominho.tv\\\/site\\\/2025\\\/10\\\/30\\\/marcelo-rebelo-de-sousa-marca-data-para-eleicoes-presidenciais\\\/#breadcrumb\",\"itemListElement\":[{\"@type\":\"ListItem\",\"position\":1,\"name\":\"In\u00edcio\",\"item\":\"https:\\\/\\\/www.altominho.tv\\\/site\\\/\"},{\"@type\":\"ListItem\",\"position\":2,\"name\":\"Marcelo Rebelo de Sousa marca data para elei\u00e7\u00f5es presidenciais\"}]},{\"@type\":\"WebSite\",\"@id\":\"https:\\\/\\\/www.altominho.tv\\\/site\\\/#website\",\"url\":\"https:\\\/\\\/www.altominho.tv\\\/site\\\/\",\"name\":\"Altominho.tv\",\"description\":\"A sua regi\u00e3o \u00e0 dist\u00e2ncia de um clique...\",\"potentialAction\":[{\"@type\":\"SearchAction\",\"target\":{\"@type\":\"EntryPoint\",\"urlTemplate\":\"https:\\\/\\\/www.altominho.tv\\\/site\\\/?s={search_term_string}\"},\"query-input\":{\"@type\":\"PropertyValueSpecification\",\"valueRequired\":true,\"valueName\":\"search_term_string\"}}],\"inLanguage\":\"pt-PT\"},{\"@type\":\"Person\",\"@id\":\"https:\\\/\\\/www.altominho.tv\\\/site\\\/#\\\/schema\\\/person\\\/9e351387b727413d005ccf1152c93539\",\"name\":\"Eduarda Cardoso\",\"image\":{\"@type\":\"ImageObject\",\"inLanguage\":\"pt-PT\",\"@id\":\"https:\\\/\\\/www.altominho.tv\\\/site\\\/wp-content\\\/uploads\\\/2021\\\/01\\\/cropped-Logo-ATV_WEB-150x150.png\",\"url\":\"https:\\\/\\\/www.altominho.tv\\\/site\\\/wp-content\\\/uploads\\\/2021\\\/01\\\/cropped-Logo-ATV_WEB-150x150.png\",\"contentUrl\":\"https:\\\/\\\/www.altominho.tv\\\/site\\\/wp-content\\\/uploads\\\/2021\\\/01\\\/cropped-Logo-ATV_WEB-150x150.png\",\"caption\":\"Eduarda Cardoso\"},\"url\":\"https:\\\/\\\/www.altominho.tv\\\/site\\\/author\\\/eduarda-cardoso\\\/\"}]}<\/script>\n<!-- \/ Yoast SEO Premium plugin. -->","yoast_head_json":{"title":"Marcelo Rebelo de Sousa marca data para elei\u00e7\u00f5es presidenciais","description":"O presidente da Rep\u00fablica, Marcelo Rebelo de Sousa, anunciou esta quinta-feira a data para as elei\u00e7\u00f5es presidenciais. Os portugueses v\u00e3o \u00e0s urnas no dia 18 de janeiro de 2026.","robots":{"index":"index","follow":"follow","max-snippet":"max-snippet:-1","max-image-preview":"max-image-preview:large","max-video-preview":"max-video-preview:-1"},"canonical":"https:\/\/www.altominho.tv\/site\/2025\/10\/30\/marcelo-rebelo-de-sousa-marca-data-para-eleicoes-presidenciais\/","og_locale":"pt_PT","og_type":"article","og_title":"Marcelo Rebelo de Sousa marca data para elei\u00e7\u00f5es presidenciais","og_description":"O presidente da Rep\u00fablica, Marcelo Rebelo de Sousa, anunciou esta quinta-feira a data para as elei\u00e7\u00f5es presidenciais. Os portugueses v\u00e3o \u00e0s urnas no dia 18 de janeiro de 2026.","og_url":"https:\/\/www.altominho.tv\/site\/2025\/10\/30\/marcelo-rebelo-de-sousa-marca-data-para-eleicoes-presidenciais\/","og_site_name":"Altominho.tv","article_publisher":"https:\/\/www.facebook.com\/altominhotv","article_published_time":"2025-10-30T09:37:25+00:00","article_modified_time":"2025-10-30T09:37:27+00:00","og_image":[{"width":1200,"height":630,"url":"https:\/\/www.altominho.tv\/site\/wp-content\/uploads\/2025\/10\/eleicoes-votos.jpg","type":"image\/jpeg"}],"author":"Eduarda Cardoso","twitter_card":"summary_large_image","twitter_creator":"@altominhoTV","twitter_site":"@altominhoTV","twitter_misc":{"Escrito por":"Eduarda Cardoso","Tempo estimado de leitura":"1 minuto"},"schema":{"@context":"https:\/\/schema.org","@graph":[{"@type":"Article","@id":"https:\/\/www.altominho.tv\/site\/2025\/10\/30\/marcelo-rebelo-de-sousa-marca-data-para-eleicoes-presidenciais\/#article","isPartOf":{"@id":"https:\/\/www.altominho.tv\/site\/2025\/10\/30\/marcelo-rebelo-de-sousa-marca-data-para-eleicoes-presidenciais\/"},"author":{"name":"Eduarda Cardoso","@id":"https:\/\/www.altominho.tv\/site\/#\/schema\/person\/9e351387b727413d005ccf1152c93539"},"headline":"Marcelo Rebelo de Sousa marca data para elei\u00e7\u00f5es presidenciais","datePublished":"2025-10-30T09:37:25+00:00","dateModified":"2025-10-30T09:37:27+00:00","mainEntityOfPage":{"@id":"https:\/\/www.altominho.tv\/site\/2025\/10\/30\/marcelo-rebelo-de-sousa-marca-data-para-eleicoes-presidenciais\/"},"wordCount":157,"image":{"@id":"https:\/\/www.altominho.tv\/site\/2025\/10\/30\/marcelo-rebelo-de-sousa-marca-data-para-eleicoes-presidenciais\/#primaryimage"},"thumbnailUrl":"https:\/\/www.altominho.tv\/site\/wp-content\/uploads\/2025\/10\/eleicoes-votos.jpg","keywords":["Pol\u00edtica"],"articleSection":["Pa\u00eds"],"inLanguage":"pt-PT","copyrightYear":"2025","copyrightHolder":{"@id":"https:\/\/www.altominho.tv\/site\/#organization"}},{"@type":"WebPage","@id":"https:\/\/www.altominho.tv\/site\/2025\/10\/30\/marcelo-rebelo-de-sousa-marca-data-para-eleicoes-presidenciais\/","url":"https:\/\/www.altominho.tv\/site\/2025\/10\/30\/marcelo-rebelo-de-sousa-marca-data-para-eleicoes-presidenciais\/","name":"Marcelo Rebelo de Sousa marca data para elei\u00e7\u00f5es presidenciais","isPartOf":{"@id":"https:\/\/www.altominho.tv\/site\/#website"},"primaryImageOfPage":{"@id":"https:\/\/www.altominho.tv\/site\/2025\/10\/30\/marcelo-rebelo-de-sousa-marca-data-para-eleicoes-presidenciais\/#primaryimage"},"image":{"@id":"https:\/\/www.altominho.tv\/site\/2025\/10\/30\/marcelo-rebelo-de-sousa-marca-data-para-eleicoes-presidenciais\/#primaryimage"},"thumbnailUrl":"https:\/\/www.altominho.tv\/site\/wp-content\/uploads\/2025\/10\/eleicoes-votos.jpg","datePublished":"2025-10-30T09:37:25+00:00","dateModified":"2025-10-30T09:37:27+00:00","author":{"@id":"https:\/\/www.altominho.tv\/site\/#\/schema\/person\/9e351387b727413d005ccf1152c93539"},"description":"O presidente da Rep\u00fablica, Marcelo Rebelo de Sousa, anunciou esta quinta-feira a data para as elei\u00e7\u00f5es presidenciais. Os portugueses v\u00e3o \u00e0s urnas no dia 18 de janeiro de 2026.","breadcrumb":{"@id":"https:\/\/www.altominho.tv\/site\/2025\/10\/30\/marcelo-rebelo-de-sousa-marca-data-para-eleicoes-presidenciais\/#breadcrumb"},"inLanguage":"pt-PT","potentialAction":[{"@type":"ReadAction","target":["https:\/\/www.altominho.tv\/site\/2025\/10\/30\/marcelo-rebelo-de-sousa-marca-data-para-eleicoes-presidenciais\/"]}]},{"@type":"ImageObject","inLanguage":"pt-PT","@id":"https:\/\/www.altominho.tv\/site\/2025\/10\/30\/marcelo-rebelo-de-sousa-marca-data-para-eleicoes-presidenciais\/#primaryimage","url":"https:\/\/www.altominho.tv\/site\/wp-content\/uploads\/2025\/10\/eleicoes-votos.jpg","contentUrl":"https:\/\/www.altominho.tv\/site\/wp-content\/uploads\/2025\/10\/eleicoes-votos.jpg","width":1200,"height":630},{"@type":"BreadcrumbList","@id":"https:\/\/www.altominho.tv\/site\/2025\/10\/30\/marcelo-rebelo-de-sousa-marca-data-para-eleicoes-presidenciais\/#breadcrumb","itemListElement":[{"@type":"ListItem","position":1,"name":"In\u00edcio","item":"https:\/\/www.altominho.tv\/site\/"},{"@type":"ListItem","position":2,"name":"Marcelo Rebelo de Sousa marca data para elei\u00e7\u00f5es presidenciais"}]},{"@type":"WebSite","@id":"https:\/\/www.altominho.tv\/site\/#website","url":"https:\/\/www.altominho.tv\/site\/","name":"Altominho.tv","description":"A sua regi\u00e3o \u00e0 dist\u00e2ncia de um clique...","potentialAction":[{"@type":"SearchAction","target":{"@type":"EntryPoint","urlTemplate":"https:\/\/www.altominho.tv\/site\/?s={search_term_string}"},"query-input":{"@type":"PropertyValueSpecification","valueRequired":true,"valueName":"search_term_string"}}],"inLanguage":"pt-PT"},{"@type":"Person","@id":"https:\/\/www.altominho.tv\/site\/#\/schema\/person\/9e351387b727413d005ccf1152c93539","name":"Eduarda Cardoso","image":{"@type":"ImageObject","inLanguage":"pt-PT","@id":"https:\/\/www.altominho.tv\/site\/wp-content\/uploads\/2021\/01\/cropped-Logo-ATV_WEB-150x150.png","url":"https:\/\/www.altominho.tv\/site\/wp-content\/uploads\/2021\/01\/cropped-Logo-ATV_WEB-150x150.png","contentUrl":"https:\/\/www.altominho.tv\/site\/wp-content\/uploads\/2021\/01\/cropped-Logo-ATV_WEB-150x150.png","caption":"Eduarda Cardoso"},"url":"https:\/\/www.altominho.tv\/site\/author\/eduarda-cardoso\/"}]}},"_links":{"self":[{"href":"https:\/\/www.altominho.tv\/site\/wp-json\/wp\/v2\/posts\/124689","targetHints":{"allow":["GET"]}}],"collection":[{"href":"https:\/\/www.altominho.tv\/site\/wp-json\/wp\/v2\/posts"}],"about":[{"href":"https:\/\/www.altominho.tv\/site\/wp-json\/wp\/v2\/types\/post"}],"author":[{"embeddable":true,"href":"https:\/\/www.altominho.tv\/site\/wp-json\/wp\/v2\/users\/30"}],"replies":[{"embeddable":true,"href":"https:\/\/www.altominho.tv\/site\/wp-json\/wp\/v2\/comments?post=124689"}],"version-history":[{"count":1,"href":"https:\/\/www.altominho.tv\/site\/wp-json\/wp\/v2\/posts\/124689\/revisions"}],"predecessor-version":[{"id":124691,"href":"https:\/\/www.altominho.tv\/site\/wp-json\/wp\/v2\/posts\/124689\/revisions\/124691"}],"wp:featuredmedia":[{"embeddable":true,"href":"https:\/\/www.altominho.tv\/site\/wp-json\/wp\/v2\/media\/124690"}],"wp:attachment":[{"href":"https:\/\/www.altominho.tv\/site\/wp-json\/wp\/v2\/media?parent=124689"}],"wp:term":[{"taxonomy":"category","embeddable":true,"href":"https:\/\/www.altominho.tv\/site\/wp-json\/wp\/v2\/categories?post=124689"},{"taxonomy":"post_tag","embeddable":true,"href":"https:\/\/www.altominho.tv\/site\/wp-json\/wp\/v2\/tags?post=124689"}],"curies":[{"name":"wp","href":"https:\/\/api.w.org\/{rel}","templated":true}]}}