{"id":12467,"date":"2018-04-26T12:33:10","date_gmt":"2018-04-26T11:33:10","guid":{"rendered":"http:\/\/www.altominho.tv\/site\/?p=12467"},"modified":"2018-05-04T11:52:36","modified_gmt":"2018-05-04T10:52:36","slug":"apresentacao-xviii-encontros-de-cinema-de-viana-no-dia-27-de-abri","status":"publish","type":"post","link":"https:\/\/www.altominho.tv\/site\/2018\/04\/26\/apresentacao-xviii-encontros-de-cinema-de-viana-no-dia-27-de-abri\/","title":{"rendered":"Apresenta\u00e7\u00e3o XVIII Encontros de Cinema de Viana no dia 27 de abril"},"content":{"rendered":"<p>A C\u00e2mara Municipal de Viana do Castelo e a Ao Norte \u2013 Associa\u00e7\u00e3o de Produ\u00e7\u00e3o e Anima\u00e7\u00e3o Audiovisual v\u00e3o realizar amanh\u00e3 uma confer\u00eancia de imprensa de apresenta\u00e7\u00e3o da 18.\u00aa edi\u00e7\u00e3o dos Encontros de Cinema de Viana.<\/p>\n<p>A confer\u00eancia de imprensa agendada para\u00a0amanh\u00e3, dia 27 de abril, tem lugar pelas 12 horas, no Audit\u00f3rio Carolino Ramos da Escola Secund\u00e1ria de Monserrate.<\/p>\n<p>&nbsp;<\/p>\n","protected":false},"excerpt":{"rendered":"<p>A C\u00e2mara Municipal de Viana do Castelo e a Ao Norte \u2013 Associa\u00e7\u00e3o de Produ\u00e7\u00e3o e Anima\u00e7\u00e3o Audiovisual v\u00e3o realizar amanh\u00e3 uma confer\u00eancia de imprensa de apresenta\u00e7\u00e3o da 18.\u00aa edi\u00e7\u00e3o dos Encontros de Cinema de Viana. A confer\u00eancia de imprensa agendada para\u00a0amanh\u00e3, dia 27 de abril, tem lugar pelas 12 horas, no Audit\u00f3rio Carolino Ramos [&hellip;]<\/p>\n","protected":false},"author":7,"featured_media":12468,"comment_status":"closed","ping_status":"closed","sticky":false,"template":"","format":"standard","meta":{"_exactmetrics_skip_tracking":false,"_exactmetrics_sitenote_active":false,"_exactmetrics_sitenote_note":"","_exactmetrics_sitenote_category":0,"footnotes":""},"categories":[14],"tags":[19,27],"class_list":["post-12467","post","type-post","status-publish","format-standard","has-post-thumbnail","hentry","category-viana-do-castelo","tag-cultura","tag-sociedade"],"yoast_head":"<!-- This site is optimized with the Yoast SEO Premium plugin v27.5 (Yoast SEO v27.5) - https:\/\/yoast.com\/product\/yoast-seo-premium-wordpress\/ -->\n<title>Apresenta\u00e7\u00e3o XVIII Encontros de Cinema de Viana no dia 27 de abril<\/title>\n<meta name=\"robots\" content=\"index, follow, max-snippet:-1, max-image-preview:large, max-video-preview:-1\" \/>\n<link rel=\"canonical\" href=\"https:\/\/www.altominho.tv\/site\/2018\/04\/26\/apresentacao-xviii-encontros-de-cinema-de-viana-no-dia-27-de-abri\/\" \/>\n<meta property=\"og:locale\" content=\"pt_PT\" \/>\n<meta property=\"og:type\" content=\"article\" \/>\n<meta property=\"og:title\" content=\"Apresenta\u00e7\u00e3o XVIII Encontros de Cinema de Viana no dia 27 de abril\" \/>\n<meta property=\"og:description\" content=\"A C\u00e2mara Municipal de Viana do Castelo e a Ao Norte \u2013 Associa\u00e7\u00e3o de Produ\u00e7\u00e3o e Anima\u00e7\u00e3o Audiovisual v\u00e3o realizar amanh\u00e3 uma confer\u00eancia de imprensa de apresenta\u00e7\u00e3o da 18.\u00aa edi\u00e7\u00e3o dos Encontros de Cinema de Viana. A confer\u00eancia de imprensa agendada para\u00a0amanh\u00e3, dia 27 de abril, tem lugar pelas 12 horas, no Audit\u00f3rio Carolino Ramos [&hellip;]\" \/>\n<meta property=\"og:url\" content=\"https:\/\/www.altominho.tv\/site\/2018\/04\/26\/apresentacao-xviii-encontros-de-cinema-de-viana-no-dia-27-de-abri\/\" \/>\n<meta property=\"og:site_name\" content=\"Altominho.tv\" \/>\n<meta property=\"article:publisher\" content=\"https:\/\/www.facebook.com\/altominhotv\" \/>\n<meta property=\"article:published_time\" content=\"2018-04-26T11:33:10+00:00\" \/>\n<meta property=\"article:modified_time\" content=\"2018-05-04T10:52:36+00:00\" \/>\n<meta property=\"og:image\" content=\"https:\/\/www.altominho.tv\/site\/wp-content\/uploads\/2018\/04\/cinemae.jpg\" \/>\n\t<meta property=\"og:image:width\" content=\"800\" \/>\n\t<meta property=\"og:image:height\" content=\"438\" \/>\n\t<meta property=\"og:image:type\" content=\"image\/jpeg\" \/>\n<meta name=\"author\" content=\"Andreia Cunha\" \/>\n<meta name=\"twitter:card\" content=\"summary_large_image\" \/>\n<meta name=\"twitter:creator\" content=\"@altominhoTV\" \/>\n<meta name=\"twitter:site\" content=\"@altominhoTV\" \/>\n<meta name=\"twitter:label1\" content=\"Escrito por\" \/>\n\t<meta name=\"twitter:data1\" content=\"Andreia Cunha\" \/>\n<script type=\"application\/ld+json\" class=\"yoast-schema-graph\">{\"@context\":\"https:\\\/\\\/schema.org\",\"@graph\":[{\"@type\":\"Article\",\"@id\":\"https:\\\/\\\/www.altominho.tv\\\/site\\\/2018\\\/04\\\/26\\\/apresentacao-xviii-encontros-de-cinema-de-viana-no-dia-27-de-abri\\\/#article\",\"isPartOf\":{\"@id\":\"https:\\\/\\\/www.altominho.tv\\\/site\\\/2018\\\/04\\\/26\\\/apresentacao-xviii-encontros-de-cinema-de-viana-no-dia-27-de-abri\\\/\"},\"author\":{\"name\":\"Andreia Cunha\",\"@id\":\"https:\\\/\\\/www.altominho.tv\\\/site\\\/#\\\/schema\\\/person\\\/a0e4ef6d041f98ca284393d8f1d97153\"},\"headline\":\"Apresenta\u00e7\u00e3o XVIII Encontros de Cinema de Viana no dia 27 de abril\",\"datePublished\":\"2018-04-26T11:33:10+00:00\",\"dateModified\":\"2018-05-04T10:52:36+00:00\",\"mainEntityOfPage\":{\"@id\":\"https:\\\/\\\/www.altominho.tv\\\/site\\\/2018\\\/04\\\/26\\\/apresentacao-xviii-encontros-de-cinema-de-viana-no-dia-27-de-abri\\\/\"},\"wordCount\":81,\"image\":{\"@id\":\"https:\\\/\\\/www.altominho.tv\\\/site\\\/2018\\\/04\\\/26\\\/apresentacao-xviii-encontros-de-cinema-de-viana-no-dia-27-de-abri\\\/#primaryimage\"},\"thumbnailUrl\":\"https:\\\/\\\/www.altominho.tv\\\/site\\\/wp-content\\\/uploads\\\/2018\\\/04\\\/cinemae.jpg\",\"keywords\":[\"Cultura\",\"Sociedade\"],\"articleSection\":[\"Viana do Castelo\"],\"inLanguage\":\"pt-PT\",\"copyrightYear\":\"2018\",\"copyrightHolder\":{\"@id\":\"https:\\\/\\\/www.altominho.tv\\\/site\\\/#organization\"}},{\"@type\":\"WebPage\",\"@id\":\"https:\\\/\\\/www.altominho.tv\\\/site\\\/2018\\\/04\\\/26\\\/apresentacao-xviii-encontros-de-cinema-de-viana-no-dia-27-de-abri\\\/\",\"url\":\"https:\\\/\\\/www.altominho.tv\\\/site\\\/2018\\\/04\\\/26\\\/apresentacao-xviii-encontros-de-cinema-de-viana-no-dia-27-de-abri\\\/\",\"name\":\"Apresenta\u00e7\u00e3o XVIII Encontros de Cinema de Viana no dia 27 de abril\",\"isPartOf\":{\"@id\":\"https:\\\/\\\/www.altominho.tv\\\/site\\\/#website\"},\"primaryImageOfPage\":{\"@id\":\"https:\\\/\\\/www.altominho.tv\\\/site\\\/2018\\\/04\\\/26\\\/apresentacao-xviii-encontros-de-cinema-de-viana-no-dia-27-de-abri\\\/#primaryimage\"},\"image\":{\"@id\":\"https:\\\/\\\/www.altominho.tv\\\/site\\\/2018\\\/04\\\/26\\\/apresentacao-xviii-encontros-de-cinema-de-viana-no-dia-27-de-abri\\\/#primaryimage\"},\"thumbnailUrl\":\"https:\\\/\\\/www.altominho.tv\\\/site\\\/wp-content\\\/uploads\\\/2018\\\/04\\\/cinemae.jpg\",\"datePublished\":\"2018-04-26T11:33:10+00:00\",\"dateModified\":\"2018-05-04T10:52:36+00:00\",\"author\":{\"@id\":\"https:\\\/\\\/www.altominho.tv\\\/site\\\/#\\\/schema\\\/person\\\/a0e4ef6d041f98ca284393d8f1d97153\"},\"breadcrumb\":{\"@id\":\"https:\\\/\\\/www.altominho.tv\\\/site\\\/2018\\\/04\\\/26\\\/apresentacao-xviii-encontros-de-cinema-de-viana-no-dia-27-de-abri\\\/#breadcrumb\"},\"inLanguage\":\"pt-PT\",\"potentialAction\":[{\"@type\":\"ReadAction\",\"target\":[\"https:\\\/\\\/www.altominho.tv\\\/site\\\/2018\\\/04\\\/26\\\/apresentacao-xviii-encontros-de-cinema-de-viana-no-dia-27-de-abri\\\/\"]}]},{\"@type\":\"ImageObject\",\"inLanguage\":\"pt-PT\",\"@id\":\"https:\\\/\\\/www.altominho.tv\\\/site\\\/2018\\\/04\\\/26\\\/apresentacao-xviii-encontros-de-cinema-de-viana-no-dia-27-de-abri\\\/#primaryimage\",\"url\":\"https:\\\/\\\/www.altominho.tv\\\/site\\\/wp-content\\\/uploads\\\/2018\\\/04\\\/cinemae.jpg\",\"contentUrl\":\"https:\\\/\\\/www.altominho.tv\\\/site\\\/wp-content\\\/uploads\\\/2018\\\/04\\\/cinemae.jpg\",\"width\":800,\"height\":438},{\"@type\":\"BreadcrumbList\",\"@id\":\"https:\\\/\\\/www.altominho.tv\\\/site\\\/2018\\\/04\\\/26\\\/apresentacao-xviii-encontros-de-cinema-de-viana-no-dia-27-de-abri\\\/#breadcrumb\",\"itemListElement\":[{\"@type\":\"ListItem\",\"position\":1,\"name\":\"In\u00edcio\",\"item\":\"https:\\\/\\\/www.altominho.tv\\\/site\\\/\"},{\"@type\":\"ListItem\",\"position\":2,\"name\":\"Apresenta\u00e7\u00e3o XVIII Encontros de Cinema de Viana no dia 27 de abril\"}]},{\"@type\":\"WebSite\",\"@id\":\"https:\\\/\\\/www.altominho.tv\\\/site\\\/#website\",\"url\":\"https:\\\/\\\/www.altominho.tv\\\/site\\\/\",\"name\":\"Altominho.tv\",\"description\":\"A sua regi\u00e3o \u00e0 dist\u00e2ncia de um clique...\",\"potentialAction\":[{\"@type\":\"SearchAction\",\"target\":{\"@type\":\"EntryPoint\",\"urlTemplate\":\"https:\\\/\\\/www.altominho.tv\\\/site\\\/?s={search_term_string}\"},\"query-input\":{\"@type\":\"PropertyValueSpecification\",\"valueRequired\":true,\"valueName\":\"search_term_string\"}}],\"inLanguage\":\"pt-PT\"},{\"@type\":\"Person\",\"@id\":\"https:\\\/\\\/www.altominho.tv\\\/site\\\/#\\\/schema\\\/person\\\/a0e4ef6d041f98ca284393d8f1d97153\",\"name\":\"Andreia Cunha\",\"image\":{\"@type\":\"ImageObject\",\"inLanguage\":\"pt-PT\",\"@id\":\"https:\\\/\\\/www.altominho.tv\\\/site\\\/wp-content\\\/uploads\\\/2017\\\/11\\\/Andreia_Cunha-1-150x150.jpg\",\"url\":\"https:\\\/\\\/www.altominho.tv\\\/site\\\/wp-content\\\/uploads\\\/2017\\\/11\\\/Andreia_Cunha-1-150x150.jpg\",\"contentUrl\":\"https:\\\/\\\/www.altominho.tv\\\/site\\\/wp-content\\\/uploads\\\/2017\\\/11\\\/Andreia_Cunha-1-150x150.jpg\",\"caption\":\"Andreia Cunha\"},\"url\":\"https:\\\/\\\/www.altominho.tv\\\/site\\\/author\\\/andreiacunha\\\/\"}]}<\/script>\n<!-- \/ Yoast SEO Premium plugin. -->","yoast_head_json":{"title":"Apresenta\u00e7\u00e3o XVIII Encontros de Cinema de Viana no dia 27 de abril","robots":{"index":"index","follow":"follow","max-snippet":"max-snippet:-1","max-image-preview":"max-image-preview:large","max-video-preview":"max-video-preview:-1"},"canonical":"https:\/\/www.altominho.tv\/site\/2018\/04\/26\/apresentacao-xviii-encontros-de-cinema-de-viana-no-dia-27-de-abri\/","og_locale":"pt_PT","og_type":"article","og_title":"Apresenta\u00e7\u00e3o XVIII Encontros de Cinema de Viana no dia 27 de abril","og_description":"A C\u00e2mara Municipal de Viana do Castelo e a Ao Norte \u2013 Associa\u00e7\u00e3o de Produ\u00e7\u00e3o e Anima\u00e7\u00e3o Audiovisual v\u00e3o realizar amanh\u00e3 uma confer\u00eancia de imprensa de apresenta\u00e7\u00e3o da 18.\u00aa edi\u00e7\u00e3o dos Encontros de Cinema de Viana. A confer\u00eancia de imprensa agendada para\u00a0amanh\u00e3, dia 27 de abril, tem lugar pelas 12 horas, no Audit\u00f3rio Carolino Ramos [&hellip;]","og_url":"https:\/\/www.altominho.tv\/site\/2018\/04\/26\/apresentacao-xviii-encontros-de-cinema-de-viana-no-dia-27-de-abri\/","og_site_name":"Altominho.tv","article_publisher":"https:\/\/www.facebook.com\/altominhotv","article_published_time":"2018-04-26T11:33:10+00:00","article_modified_time":"2018-05-04T10:52:36+00:00","og_image":[{"width":800,"height":438,"url":"https:\/\/www.altominho.tv\/site\/wp-content\/uploads\/2018\/04\/cinemae.jpg","type":"image\/jpeg"}],"author":"Andreia Cunha","twitter_card":"summary_large_image","twitter_creator":"@altominhoTV","twitter_site":"@altominhoTV","twitter_misc":{"Escrito por":"Andreia Cunha"},"schema":{"@context":"https:\/\/schema.org","@graph":[{"@type":"Article","@id":"https:\/\/www.altominho.tv\/site\/2018\/04\/26\/apresentacao-xviii-encontros-de-cinema-de-viana-no-dia-27-de-abri\/#article","isPartOf":{"@id":"https:\/\/www.altominho.tv\/site\/2018\/04\/26\/apresentacao-xviii-encontros-de-cinema-de-viana-no-dia-27-de-abri\/"},"author":{"name":"Andreia Cunha","@id":"https:\/\/www.altominho.tv\/site\/#\/schema\/person\/a0e4ef6d041f98ca284393d8f1d97153"},"headline":"Apresenta\u00e7\u00e3o XVIII Encontros de Cinema de Viana no dia 27 de abril","datePublished":"2018-04-26T11:33:10+00:00","dateModified":"2018-05-04T10:52:36+00:00","mainEntityOfPage":{"@id":"https:\/\/www.altominho.tv\/site\/2018\/04\/26\/apresentacao-xviii-encontros-de-cinema-de-viana-no-dia-27-de-abri\/"},"wordCount":81,"image":{"@id":"https:\/\/www.altominho.tv\/site\/2018\/04\/26\/apresentacao-xviii-encontros-de-cinema-de-viana-no-dia-27-de-abri\/#primaryimage"},"thumbnailUrl":"https:\/\/www.altominho.tv\/site\/wp-content\/uploads\/2018\/04\/cinemae.jpg","keywords":["Cultura","Sociedade"],"articleSection":["Viana do Castelo"],"inLanguage":"pt-PT","copyrightYear":"2018","copyrightHolder":{"@id":"https:\/\/www.altominho.tv\/site\/#organization"}},{"@type":"WebPage","@id":"https:\/\/www.altominho.tv\/site\/2018\/04\/26\/apresentacao-xviii-encontros-de-cinema-de-viana-no-dia-27-de-abri\/","url":"https:\/\/www.altominho.tv\/site\/2018\/04\/26\/apresentacao-xviii-encontros-de-cinema-de-viana-no-dia-27-de-abri\/","name":"Apresenta\u00e7\u00e3o XVIII Encontros de Cinema de Viana no dia 27 de abril","isPartOf":{"@id":"https:\/\/www.altominho.tv\/site\/#website"},"primaryImageOfPage":{"@id":"https:\/\/www.altominho.tv\/site\/2018\/04\/26\/apresentacao-xviii-encontros-de-cinema-de-viana-no-dia-27-de-abri\/#primaryimage"},"image":{"@id":"https:\/\/www.altominho.tv\/site\/2018\/04\/26\/apresentacao-xviii-encontros-de-cinema-de-viana-no-dia-27-de-abri\/#primaryimage"},"thumbnailUrl":"https:\/\/www.altominho.tv\/site\/wp-content\/uploads\/2018\/04\/cinemae.jpg","datePublished":"2018-04-26T11:33:10+00:00","dateModified":"2018-05-04T10:52:36+00:00","author":{"@id":"https:\/\/www.altominho.tv\/site\/#\/schema\/person\/a0e4ef6d041f98ca284393d8f1d97153"},"breadcrumb":{"@id":"https:\/\/www.altominho.tv\/site\/2018\/04\/26\/apresentacao-xviii-encontros-de-cinema-de-viana-no-dia-27-de-abri\/#breadcrumb"},"inLanguage":"pt-PT","potentialAction":[{"@type":"ReadAction","target":["https:\/\/www.altominho.tv\/site\/2018\/04\/26\/apresentacao-xviii-encontros-de-cinema-de-viana-no-dia-27-de-abri\/"]}]},{"@type":"ImageObject","inLanguage":"pt-PT","@id":"https:\/\/www.altominho.tv\/site\/2018\/04\/26\/apresentacao-xviii-encontros-de-cinema-de-viana-no-dia-27-de-abri\/#primaryimage","url":"https:\/\/www.altominho.tv\/site\/wp-content\/uploads\/2018\/04\/cinemae.jpg","contentUrl":"https:\/\/www.altominho.tv\/site\/wp-content\/uploads\/2018\/04\/cinemae.jpg","width":800,"height":438},{"@type":"BreadcrumbList","@id":"https:\/\/www.altominho.tv\/site\/2018\/04\/26\/apresentacao-xviii-encontros-de-cinema-de-viana-no-dia-27-de-abri\/#breadcrumb","itemListElement":[{"@type":"ListItem","position":1,"name":"In\u00edcio","item":"https:\/\/www.altominho.tv\/site\/"},{"@type":"ListItem","position":2,"name":"Apresenta\u00e7\u00e3o XVIII Encontros de Cinema de Viana no dia 27 de abril"}]},{"@type":"WebSite","@id":"https:\/\/www.altominho.tv\/site\/#website","url":"https:\/\/www.altominho.tv\/site\/","name":"Altominho.tv","description":"A sua regi\u00e3o \u00e0 dist\u00e2ncia de um clique...","potentialAction":[{"@type":"SearchAction","target":{"@type":"EntryPoint","urlTemplate":"https:\/\/www.altominho.tv\/site\/?s={search_term_string}"},"query-input":{"@type":"PropertyValueSpecification","valueRequired":true,"valueName":"search_term_string"}}],"inLanguage":"pt-PT"},{"@type":"Person","@id":"https:\/\/www.altominho.tv\/site\/#\/schema\/person\/a0e4ef6d041f98ca284393d8f1d97153","name":"Andreia Cunha","image":{"@type":"ImageObject","inLanguage":"pt-PT","@id":"https:\/\/www.altominho.tv\/site\/wp-content\/uploads\/2017\/11\/Andreia_Cunha-1-150x150.jpg","url":"https:\/\/www.altominho.tv\/site\/wp-content\/uploads\/2017\/11\/Andreia_Cunha-1-150x150.jpg","contentUrl":"https:\/\/www.altominho.tv\/site\/wp-content\/uploads\/2017\/11\/Andreia_Cunha-1-150x150.jpg","caption":"Andreia Cunha"},"url":"https:\/\/www.altominho.tv\/site\/author\/andreiacunha\/"}]}},"_links":{"self":[{"href":"https:\/\/www.altominho.tv\/site\/wp-json\/wp\/v2\/posts\/12467","targetHints":{"allow":["GET"]}}],"collection":[{"href":"https:\/\/www.altominho.tv\/site\/wp-json\/wp\/v2\/posts"}],"about":[{"href":"https:\/\/www.altominho.tv\/site\/wp-json\/wp\/v2\/types\/post"}],"author":[{"embeddable":true,"href":"https:\/\/www.altominho.tv\/site\/wp-json\/wp\/v2\/users\/7"}],"replies":[{"embeddable":true,"href":"https:\/\/www.altominho.tv\/site\/wp-json\/wp\/v2\/comments?post=12467"}],"version-history":[{"count":0,"href":"https:\/\/www.altominho.tv\/site\/wp-json\/wp\/v2\/posts\/12467\/revisions"}],"wp:featuredmedia":[{"embeddable":true,"href":"https:\/\/www.altominho.tv\/site\/wp-json\/wp\/v2\/media\/12468"}],"wp:attachment":[{"href":"https:\/\/www.altominho.tv\/site\/wp-json\/wp\/v2\/media?parent=12467"}],"wp:term":[{"taxonomy":"category","embeddable":true,"href":"https:\/\/www.altominho.tv\/site\/wp-json\/wp\/v2\/categories?post=12467"},{"taxonomy":"post_tag","embeddable":true,"href":"https:\/\/www.altominho.tv\/site\/wp-json\/wp\/v2\/tags?post=12467"}],"curies":[{"name":"wp","href":"https:\/\/api.w.org\/{rel}","templated":true}]}}