{"id":124647,"date":"2025-10-29T12:28:51","date_gmt":"2025-10-29T12:28:51","guid":{"rendered":"https:\/\/www.altominho.tv\/site\/?p=124647"},"modified":"2025-10-29T12:28:54","modified_gmt":"2025-10-29T12:28:54","slug":"ponte-de-lima-teatro","status":"publish","type":"post","link":"https:\/\/www.altominho.tv\/site\/2025\/10\/29\/ponte-de-lima-teatro\/","title":{"rendered":"TDB apresenta programa\u00e7\u00e3o diversificada para o m\u00eas de novembro"},"content":{"rendered":"\n<p>No m\u00eas de novembro, o Munic\u00edpio de Ponte de Lima e o Teatro Diogo Bernardes (TDB) apresentam uma programa\u00e7\u00e3o diversificada, com foco nos segmentos de m\u00fasica, teatro e dan\u00e7a.<\/p>\n\n\n\n<p>Destaque para a estreia absoluta da pe\u00e7a \u201cA D\u00favida\u201d, pela Astronauta Associa\u00e7\u00e3o Cultural, e, no m\u00eas em que se comemora o Dia Nacional do Fado, o TDB vai acolher o novo projeto da fadista Raquel Tavares.<\/p>\n\n\n\n<p>Nota ainda para a apresenta\u00e7\u00e3o do espet\u00e1culo para a inf\u00e2ncia integrado no Projeto Boca Aberta, uma iniciativa do Teatro Nacional D. Maria II e da Funda\u00e7\u00e3o &#8220;la Caixa&#8221;, em colabora\u00e7\u00e3o com o BPI, e em parceria com o Plano Nacional das Artes e o Munic\u00edpio de Ponte de Lima.<\/p>\n\n\n\n<p>Resultado da integra\u00e7\u00e3o do Teatro Diogo Bernardes na RTPA \u2013 Rede de Teatros com Programa\u00e7\u00e3o Acess\u00edvel, o espet\u00e1culo \u201cCabe mais um?\u201d ter\u00e1 recursos de acessibilidade (audiodescri\u00e7\u00e3o e interpreta\u00e7\u00e3o em L\u00edngua Gestual Portuguesa).<\/p>\n\n\n\n<p>Neste sentido, no segmento de cria\u00e7\u00e3o, vai ser apresentado o segundo espet\u00e1culo \u201cCabe mais um?\u201d com textos In\u00eas Fonseca Santos e Maria Jo\u00e3o Cruz e encena\u00e7\u00e3o Catarina Requeijo, no dia 8 de novembro, com duas sess\u00f5es, pelas 11h00 e pelas 15h30 (recursos de acessibilidades com ILGP e AD).<\/p>\n\n\n\n<p>Destaque para as coprodu\u00e7\u00f5es \u201cLa voluntad de un cuerpo\u201d, pela Companhia de Dan\u00e7a ITZ &#8211; INTRANSYT Cia, com coreografia original de Maura Morales.<\/p>\n\n\n\n<p>Partindo do fulcro da primeira pe\u00e7a que Maura Morales e Michio Woirgardt criaram para a ITZ-Intranzyt Cia\u00ae em 2023, foi constru\u00eddo um segundo quadro, uma segunda pe\u00e7a de noite completa, no que vir\u00e1 a ser um tr\u00edptico, sobre o Corpo, a Vontade e o ser, com uma sess\u00e3o exclusiva para p\u00fablico escolar no dia 14 de novembro pelas 10h30, e no dia 15 de novembro, pelas 21.30 horas, para p\u00fablico geral.<\/p>\n\n\n\n<p>A \u201cA D\u00favida\u201d, da Astronauta, Associa\u00e7\u00e3o Cultural, em Estreia Absoluta no TDB, no dia 21 de novembro, pelas 21h30.<\/p>\n\n\n\n<p>\u201cA D\u00favida\u201d conta-nos a hist\u00f3ria de um homem, perdido numa sala de estar, entre o sof\u00e1, a televis\u00e3o e os dejetos do abandono \u00e0 vida, que, a dada altura da sua vida enfrenta a sua primeira d\u00favida: premir ou n\u00e3o o gatilho.<\/p>\n\n\n\n<p>Por fim, o espet\u00e1culo tamb\u00e9m ele do segmento de teatro, \u201cMON SUPER- H\u00c9ROS | O MEU SUPER- HER\u00d3I | \u0628\u0637\u0644\u064a \u0627\u0644\u062e\u0627\u0631\u0642 \u201dde Elmano Sancho, com texto e encena\u00e7\u00e3o de Elmano Sancho, no dia 28 de novembro, pelas 21h30.<\/p>\n\n\n\n<p>Na \u00e1rea da m\u00fasica realizam-se os espet\u00e1culos, \u201cH\u00e1\u2026Jazz no TDB\u201d, pela Escola de Jazz do Porto, no dia 26 de novembro, pelas 21h30, com um Tributo ao compositor Eubie Blake (1887-1897) e no dia 29 de novembro, pelas 21h30, Raquel Tavares apresenta, ap\u00f3s uma pausa na carreira musical, durante a qual explorou novos caminhos na comunica\u00e7\u00e3o e na representa\u00e7\u00e3o, o novo projeto \u201cA voz e o cora\u00e7\u00e3o onde mora o fado\u201d.<\/p>\n\n\n\n<p>Todos os bilhetes para os eventos podem ser adquiridos na bilheteira f\u00edsica do Teatro Diogo Bernardes, de segunda a sexta feira no hor\u00e1rio normal de funcionamento ou ent\u00e3o online, no site da BOL \u2013 teatrodiogobernardes.bol.pt<\/p>\n\n\n\n<figure class=\"wp-block-image size-full\"><img loading=\"lazy\" decoding=\"async\" width=\"756\" height=\"756\" src=\"https:\/\/www.altominho.tv\/site\/wp-content\/uploads\/2025\/10\/tdb-panfleto-11-2025-copy.jpg\" alt=\"\" class=\"wp-image-124649\" srcset=\"https:\/\/www.altominho.tv\/site\/wp-content\/uploads\/2025\/10\/tdb-panfleto-11-2025-copy.jpg 756w, https:\/\/www.altominho.tv\/site\/wp-content\/uploads\/2025\/10\/tdb-panfleto-11-2025-copy-433x433.jpg 433w, https:\/\/www.altominho.tv\/site\/wp-content\/uploads\/2025\/10\/tdb-panfleto-11-2025-copy-150x150.jpg 150w, https:\/\/www.altominho.tv\/site\/wp-content\/uploads\/2025\/10\/tdb-panfleto-11-2025-copy-370x370.jpg 370w, https:\/\/www.altominho.tv\/site\/wp-content\/uploads\/2025\/10\/tdb-panfleto-11-2025-copy-270x270.jpg 270w, https:\/\/www.altominho.tv\/site\/wp-content\/uploads\/2025\/10\/tdb-panfleto-11-2025-copy-570x570.jpg 570w, https:\/\/www.altominho.tv\/site\/wp-content\/uploads\/2025\/10\/tdb-panfleto-11-2025-copy-740x740.jpg 740w\" sizes=\"auto, (max-width: 756px) 100vw, 756px\" \/><\/figure>\n","protected":false},"excerpt":{"rendered":"<p>No m\u00eas de novembro, o Munic\u00edpio de Ponte de Lima e o Teatro Diogo Bernardes (TDB) apresentam uma programa\u00e7\u00e3o diversificada, com foco nos segmentos de m\u00fasica, teatro e dan\u00e7a. Destaque para a estreia absoluta da pe\u00e7a \u201cA D\u00favida\u201d, pela Astronauta Associa\u00e7\u00e3o Cultural, e, no m\u00eas em que se comemora o Dia Nacional do Fado, o [&hellip;]<\/p>\n","protected":false},"author":7,"featured_media":124650,"comment_status":"closed","ping_status":"closed","sticky":false,"template":"","format":"standard","meta":{"_exactmetrics_skip_tracking":false,"_exactmetrics_sitenote_active":false,"_exactmetrics_sitenote_note":"","_exactmetrics_sitenote_category":0,"footnotes":""},"categories":[12],"tags":[19,24],"class_list":["post-124647","post","type-post","status-publish","format-standard","has-post-thumbnail","hentry","category-ponte-de-lima","tag-cultura","tag-lazer"],"yoast_head":"<!-- This site is optimized with the Yoast SEO Premium plugin v27.5 (Yoast SEO v27.5) - https:\/\/yoast.com\/product\/yoast-seo-premium-wordpress\/ -->\n<title>TDB apresenta programa\u00e7\u00e3o diversificada para o m\u00eas de novembro<\/title>\n<meta name=\"description\" content=\"O Teatro Diogo Bernardes, em Ponte de Lima, apresenta uma programa\u00e7\u00e3o diversificada para o m\u00eas de novembro.\" \/>\n<meta name=\"robots\" content=\"index, follow, max-snippet:-1, max-image-preview:large, max-video-preview:-1\" \/>\n<link rel=\"canonical\" href=\"https:\/\/www.altominho.tv\/site\/2025\/10\/29\/ponte-de-lima-teatro\/\" \/>\n<meta property=\"og:locale\" content=\"pt_PT\" \/>\n<meta property=\"og:type\" content=\"article\" \/>\n<meta property=\"og:title\" content=\"TDB apresenta programa\u00e7\u00e3o diversificada para o m\u00eas de novembro\" \/>\n<meta property=\"og:description\" content=\"O Teatro Diogo Bernardes, em Ponte de Lima, apresenta uma programa\u00e7\u00e3o diversificada para o m\u00eas de novembro.\" \/>\n<meta property=\"og:url\" content=\"https:\/\/www.altominho.tv\/site\/2025\/10\/29\/ponte-de-lima-teatro\/\" \/>\n<meta property=\"og:site_name\" content=\"Altominho.tv\" \/>\n<meta property=\"article:publisher\" content=\"https:\/\/www.facebook.com\/altominhotv\" \/>\n<meta property=\"article:published_time\" content=\"2025-10-29T12:28:51+00:00\" \/>\n<meta property=\"article:modified_time\" content=\"2025-10-29T12:28:54+00:00\" \/>\n<meta property=\"og:image\" content=\"https:\/\/www.altominho.tv\/site\/wp-content\/uploads\/2025\/10\/raquel.png\" \/>\n\t<meta property=\"og:image:width\" content=\"1200\" \/>\n\t<meta property=\"og:image:height\" content=\"630\" \/>\n\t<meta property=\"og:image:type\" content=\"image\/png\" \/>\n<meta name=\"author\" content=\"Andreia Cunha\" \/>\n<meta name=\"twitter:card\" content=\"summary_large_image\" \/>\n<meta name=\"twitter:creator\" content=\"@altominhoTV\" \/>\n<meta name=\"twitter:site\" content=\"@altominhoTV\" \/>\n<meta name=\"twitter:label1\" content=\"Escrito por\" \/>\n\t<meta name=\"twitter:data1\" content=\"Andreia Cunha\" \/>\n\t<meta name=\"twitter:label2\" content=\"Tempo estimado de leitura\" \/>\n\t<meta name=\"twitter:data2\" content=\"4 minutos\" \/>\n<script type=\"application\/ld+json\" class=\"yoast-schema-graph\">{\"@context\":\"https:\\\/\\\/schema.org\",\"@graph\":[{\"@type\":\"Article\",\"@id\":\"https:\\\/\\\/www.altominho.tv\\\/site\\\/2025\\\/10\\\/29\\\/ponte-de-lima-teatro\\\/#article\",\"isPartOf\":{\"@id\":\"https:\\\/\\\/www.altominho.tv\\\/site\\\/2025\\\/10\\\/29\\\/ponte-de-lima-teatro\\\/\"},\"author\":{\"name\":\"Andreia Cunha\",\"@id\":\"https:\\\/\\\/www.altominho.tv\\\/site\\\/#\\\/schema\\\/person\\\/a0e4ef6d041f98ca284393d8f1d97153\"},\"headline\":\"TDB apresenta programa\u00e7\u00e3o diversificada para o m\u00eas de novembro\",\"datePublished\":\"2025-10-29T12:28:51+00:00\",\"dateModified\":\"2025-10-29T12:28:54+00:00\",\"mainEntityOfPage\":{\"@id\":\"https:\\\/\\\/www.altominho.tv\\\/site\\\/2025\\\/10\\\/29\\\/ponte-de-lima-teatro\\\/\"},\"wordCount\":549,\"image\":{\"@id\":\"https:\\\/\\\/www.altominho.tv\\\/site\\\/2025\\\/10\\\/29\\\/ponte-de-lima-teatro\\\/#primaryimage\"},\"thumbnailUrl\":\"https:\\\/\\\/www.altominho.tv\\\/site\\\/wp-content\\\/uploads\\\/2025\\\/10\\\/raquel.png\",\"keywords\":[\"Cultura\",\"Lazer\"],\"articleSection\":[\"Ponte de Lima\"],\"inLanguage\":\"pt-PT\",\"copyrightYear\":\"2025\",\"copyrightHolder\":{\"@id\":\"https:\\\/\\\/www.altominho.tv\\\/site\\\/#organization\"}},{\"@type\":\"WebPage\",\"@id\":\"https:\\\/\\\/www.altominho.tv\\\/site\\\/2025\\\/10\\\/29\\\/ponte-de-lima-teatro\\\/\",\"url\":\"https:\\\/\\\/www.altominho.tv\\\/site\\\/2025\\\/10\\\/29\\\/ponte-de-lima-teatro\\\/\",\"name\":\"TDB apresenta programa\u00e7\u00e3o diversificada para o m\u00eas de novembro\",\"isPartOf\":{\"@id\":\"https:\\\/\\\/www.altominho.tv\\\/site\\\/#website\"},\"primaryImageOfPage\":{\"@id\":\"https:\\\/\\\/www.altominho.tv\\\/site\\\/2025\\\/10\\\/29\\\/ponte-de-lima-teatro\\\/#primaryimage\"},\"image\":{\"@id\":\"https:\\\/\\\/www.altominho.tv\\\/site\\\/2025\\\/10\\\/29\\\/ponte-de-lima-teatro\\\/#primaryimage\"},\"thumbnailUrl\":\"https:\\\/\\\/www.altominho.tv\\\/site\\\/wp-content\\\/uploads\\\/2025\\\/10\\\/raquel.png\",\"datePublished\":\"2025-10-29T12:28:51+00:00\",\"dateModified\":\"2025-10-29T12:28:54+00:00\",\"author\":{\"@id\":\"https:\\\/\\\/www.altominho.tv\\\/site\\\/#\\\/schema\\\/person\\\/a0e4ef6d041f98ca284393d8f1d97153\"},\"description\":\"O Teatro Diogo Bernardes, em Ponte de Lima, apresenta uma programa\u00e7\u00e3o diversificada para o m\u00eas de novembro.\",\"breadcrumb\":{\"@id\":\"https:\\\/\\\/www.altominho.tv\\\/site\\\/2025\\\/10\\\/29\\\/ponte-de-lima-teatro\\\/#breadcrumb\"},\"inLanguage\":\"pt-PT\",\"potentialAction\":[{\"@type\":\"ReadAction\",\"target\":[\"https:\\\/\\\/www.altominho.tv\\\/site\\\/2025\\\/10\\\/29\\\/ponte-de-lima-teatro\\\/\"]}]},{\"@type\":\"ImageObject\",\"inLanguage\":\"pt-PT\",\"@id\":\"https:\\\/\\\/www.altominho.tv\\\/site\\\/2025\\\/10\\\/29\\\/ponte-de-lima-teatro\\\/#primaryimage\",\"url\":\"https:\\\/\\\/www.altominho.tv\\\/site\\\/wp-content\\\/uploads\\\/2025\\\/10\\\/raquel.png\",\"contentUrl\":\"https:\\\/\\\/www.altominho.tv\\\/site\\\/wp-content\\\/uploads\\\/2025\\\/10\\\/raquel.png\",\"width\":1200,\"height\":630},{\"@type\":\"BreadcrumbList\",\"@id\":\"https:\\\/\\\/www.altominho.tv\\\/site\\\/2025\\\/10\\\/29\\\/ponte-de-lima-teatro\\\/#breadcrumb\",\"itemListElement\":[{\"@type\":\"ListItem\",\"position\":1,\"name\":\"In\u00edcio\",\"item\":\"https:\\\/\\\/www.altominho.tv\\\/site\\\/\"},{\"@type\":\"ListItem\",\"position\":2,\"name\":\"TDB apresenta programa\u00e7\u00e3o diversificada para o m\u00eas de novembro\"}]},{\"@type\":\"WebSite\",\"@id\":\"https:\\\/\\\/www.altominho.tv\\\/site\\\/#website\",\"url\":\"https:\\\/\\\/www.altominho.tv\\\/site\\\/\",\"name\":\"Altominho.tv\",\"description\":\"A sua regi\u00e3o \u00e0 dist\u00e2ncia de um clique...\",\"potentialAction\":[{\"@type\":\"SearchAction\",\"target\":{\"@type\":\"EntryPoint\",\"urlTemplate\":\"https:\\\/\\\/www.altominho.tv\\\/site\\\/?s={search_term_string}\"},\"query-input\":{\"@type\":\"PropertyValueSpecification\",\"valueRequired\":true,\"valueName\":\"search_term_string\"}}],\"inLanguage\":\"pt-PT\"},{\"@type\":\"Person\",\"@id\":\"https:\\\/\\\/www.altominho.tv\\\/site\\\/#\\\/schema\\\/person\\\/a0e4ef6d041f98ca284393d8f1d97153\",\"name\":\"Andreia Cunha\",\"image\":{\"@type\":\"ImageObject\",\"inLanguage\":\"pt-PT\",\"@id\":\"https:\\\/\\\/www.altominho.tv\\\/site\\\/wp-content\\\/uploads\\\/2017\\\/11\\\/Andreia_Cunha-1-150x150.jpg\",\"url\":\"https:\\\/\\\/www.altominho.tv\\\/site\\\/wp-content\\\/uploads\\\/2017\\\/11\\\/Andreia_Cunha-1-150x150.jpg\",\"contentUrl\":\"https:\\\/\\\/www.altominho.tv\\\/site\\\/wp-content\\\/uploads\\\/2017\\\/11\\\/Andreia_Cunha-1-150x150.jpg\",\"caption\":\"Andreia Cunha\"},\"url\":\"https:\\\/\\\/www.altominho.tv\\\/site\\\/author\\\/andreiacunha\\\/\"}]}<\/script>\n<!-- \/ Yoast SEO Premium plugin. -->","yoast_head_json":{"title":"TDB apresenta programa\u00e7\u00e3o diversificada para o m\u00eas de novembro","description":"O Teatro Diogo Bernardes, em Ponte de Lima, apresenta uma programa\u00e7\u00e3o diversificada para o m\u00eas de novembro.","robots":{"index":"index","follow":"follow","max-snippet":"max-snippet:-1","max-image-preview":"max-image-preview:large","max-video-preview":"max-video-preview:-1"},"canonical":"https:\/\/www.altominho.tv\/site\/2025\/10\/29\/ponte-de-lima-teatro\/","og_locale":"pt_PT","og_type":"article","og_title":"TDB apresenta programa\u00e7\u00e3o diversificada para o m\u00eas de novembro","og_description":"O Teatro Diogo Bernardes, em Ponte de Lima, apresenta uma programa\u00e7\u00e3o diversificada para o m\u00eas de novembro.","og_url":"https:\/\/www.altominho.tv\/site\/2025\/10\/29\/ponte-de-lima-teatro\/","og_site_name":"Altominho.tv","article_publisher":"https:\/\/www.facebook.com\/altominhotv","article_published_time":"2025-10-29T12:28:51+00:00","article_modified_time":"2025-10-29T12:28:54+00:00","og_image":[{"width":1200,"height":630,"url":"https:\/\/www.altominho.tv\/site\/wp-content\/uploads\/2025\/10\/raquel.png","type":"image\/png"}],"author":"Andreia Cunha","twitter_card":"summary_large_image","twitter_creator":"@altominhoTV","twitter_site":"@altominhoTV","twitter_misc":{"Escrito por":"Andreia Cunha","Tempo estimado de leitura":"4 minutos"},"schema":{"@context":"https:\/\/schema.org","@graph":[{"@type":"Article","@id":"https:\/\/www.altominho.tv\/site\/2025\/10\/29\/ponte-de-lima-teatro\/#article","isPartOf":{"@id":"https:\/\/www.altominho.tv\/site\/2025\/10\/29\/ponte-de-lima-teatro\/"},"author":{"name":"Andreia Cunha","@id":"https:\/\/www.altominho.tv\/site\/#\/schema\/person\/a0e4ef6d041f98ca284393d8f1d97153"},"headline":"TDB apresenta programa\u00e7\u00e3o diversificada para o m\u00eas de novembro","datePublished":"2025-10-29T12:28:51+00:00","dateModified":"2025-10-29T12:28:54+00:00","mainEntityOfPage":{"@id":"https:\/\/www.altominho.tv\/site\/2025\/10\/29\/ponte-de-lima-teatro\/"},"wordCount":549,"image":{"@id":"https:\/\/www.altominho.tv\/site\/2025\/10\/29\/ponte-de-lima-teatro\/#primaryimage"},"thumbnailUrl":"https:\/\/www.altominho.tv\/site\/wp-content\/uploads\/2025\/10\/raquel.png","keywords":["Cultura","Lazer"],"articleSection":["Ponte de Lima"],"inLanguage":"pt-PT","copyrightYear":"2025","copyrightHolder":{"@id":"https:\/\/www.altominho.tv\/site\/#organization"}},{"@type":"WebPage","@id":"https:\/\/www.altominho.tv\/site\/2025\/10\/29\/ponte-de-lima-teatro\/","url":"https:\/\/www.altominho.tv\/site\/2025\/10\/29\/ponte-de-lima-teatro\/","name":"TDB apresenta programa\u00e7\u00e3o diversificada para o m\u00eas de novembro","isPartOf":{"@id":"https:\/\/www.altominho.tv\/site\/#website"},"primaryImageOfPage":{"@id":"https:\/\/www.altominho.tv\/site\/2025\/10\/29\/ponte-de-lima-teatro\/#primaryimage"},"image":{"@id":"https:\/\/www.altominho.tv\/site\/2025\/10\/29\/ponte-de-lima-teatro\/#primaryimage"},"thumbnailUrl":"https:\/\/www.altominho.tv\/site\/wp-content\/uploads\/2025\/10\/raquel.png","datePublished":"2025-10-29T12:28:51+00:00","dateModified":"2025-10-29T12:28:54+00:00","author":{"@id":"https:\/\/www.altominho.tv\/site\/#\/schema\/person\/a0e4ef6d041f98ca284393d8f1d97153"},"description":"O Teatro Diogo Bernardes, em Ponte de Lima, apresenta uma programa\u00e7\u00e3o diversificada para o m\u00eas de novembro.","breadcrumb":{"@id":"https:\/\/www.altominho.tv\/site\/2025\/10\/29\/ponte-de-lima-teatro\/#breadcrumb"},"inLanguage":"pt-PT","potentialAction":[{"@type":"ReadAction","target":["https:\/\/www.altominho.tv\/site\/2025\/10\/29\/ponte-de-lima-teatro\/"]}]},{"@type":"ImageObject","inLanguage":"pt-PT","@id":"https:\/\/www.altominho.tv\/site\/2025\/10\/29\/ponte-de-lima-teatro\/#primaryimage","url":"https:\/\/www.altominho.tv\/site\/wp-content\/uploads\/2025\/10\/raquel.png","contentUrl":"https:\/\/www.altominho.tv\/site\/wp-content\/uploads\/2025\/10\/raquel.png","width":1200,"height":630},{"@type":"BreadcrumbList","@id":"https:\/\/www.altominho.tv\/site\/2025\/10\/29\/ponte-de-lima-teatro\/#breadcrumb","itemListElement":[{"@type":"ListItem","position":1,"name":"In\u00edcio","item":"https:\/\/www.altominho.tv\/site\/"},{"@type":"ListItem","position":2,"name":"TDB apresenta programa\u00e7\u00e3o diversificada para o m\u00eas de novembro"}]},{"@type":"WebSite","@id":"https:\/\/www.altominho.tv\/site\/#website","url":"https:\/\/www.altominho.tv\/site\/","name":"Altominho.tv","description":"A sua regi\u00e3o \u00e0 dist\u00e2ncia de um clique...","potentialAction":[{"@type":"SearchAction","target":{"@type":"EntryPoint","urlTemplate":"https:\/\/www.altominho.tv\/site\/?s={search_term_string}"},"query-input":{"@type":"PropertyValueSpecification","valueRequired":true,"valueName":"search_term_string"}}],"inLanguage":"pt-PT"},{"@type":"Person","@id":"https:\/\/www.altominho.tv\/site\/#\/schema\/person\/a0e4ef6d041f98ca284393d8f1d97153","name":"Andreia Cunha","image":{"@type":"ImageObject","inLanguage":"pt-PT","@id":"https:\/\/www.altominho.tv\/site\/wp-content\/uploads\/2017\/11\/Andreia_Cunha-1-150x150.jpg","url":"https:\/\/www.altominho.tv\/site\/wp-content\/uploads\/2017\/11\/Andreia_Cunha-1-150x150.jpg","contentUrl":"https:\/\/www.altominho.tv\/site\/wp-content\/uploads\/2017\/11\/Andreia_Cunha-1-150x150.jpg","caption":"Andreia Cunha"},"url":"https:\/\/www.altominho.tv\/site\/author\/andreiacunha\/"}]}},"_links":{"self":[{"href":"https:\/\/www.altominho.tv\/site\/wp-json\/wp\/v2\/posts\/124647","targetHints":{"allow":["GET"]}}],"collection":[{"href":"https:\/\/www.altominho.tv\/site\/wp-json\/wp\/v2\/posts"}],"about":[{"href":"https:\/\/www.altominho.tv\/site\/wp-json\/wp\/v2\/types\/post"}],"author":[{"embeddable":true,"href":"https:\/\/www.altominho.tv\/site\/wp-json\/wp\/v2\/users\/7"}],"replies":[{"embeddable":true,"href":"https:\/\/www.altominho.tv\/site\/wp-json\/wp\/v2\/comments?post=124647"}],"version-history":[{"count":1,"href":"https:\/\/www.altominho.tv\/site\/wp-json\/wp\/v2\/posts\/124647\/revisions"}],"predecessor-version":[{"id":124651,"href":"https:\/\/www.altominho.tv\/site\/wp-json\/wp\/v2\/posts\/124647\/revisions\/124651"}],"wp:featuredmedia":[{"embeddable":true,"href":"https:\/\/www.altominho.tv\/site\/wp-json\/wp\/v2\/media\/124650"}],"wp:attachment":[{"href":"https:\/\/www.altominho.tv\/site\/wp-json\/wp\/v2\/media?parent=124647"}],"wp:term":[{"taxonomy":"category","embeddable":true,"href":"https:\/\/www.altominho.tv\/site\/wp-json\/wp\/v2\/categories?post=124647"},{"taxonomy":"post_tag","embeddable":true,"href":"https:\/\/www.altominho.tv\/site\/wp-json\/wp\/v2\/tags?post=124647"}],"curies":[{"name":"wp","href":"https:\/\/api.w.org\/{rel}","templated":true}]}}