{"id":124513,"date":"2025-10-25T14:23:48","date_gmt":"2025-10-25T13:23:48","guid":{"rendered":"https:\/\/www.altominho.tv\/site\/?p=124513"},"modified":"2025-10-25T14:23:50","modified_gmt":"2025-10-25T13:23:50","slug":"luis-nobre-quer-escrever-nova-pagina-de-sucesso-na-historia-de-viana-do-castelo","status":"publish","type":"post","link":"https:\/\/www.altominho.tv\/site\/2025\/10\/25\/luis-nobre-quer-escrever-nova-pagina-de-sucesso-na-historia-de-viana-do-castelo\/","title":{"rendered":"Lu\u00eds Nobre quer escrever nova p\u00e1gina de sucesso na hist\u00f3ria de Viana do Castelo"},"content":{"rendered":"<p>O presidente da C\u00e2mara de Viana do Castelo disse que a partir de hoje, vai come\u00e7ar-se \u201ca escrever uma nova p\u00e1gina de sucesso na hist\u00f3ria do concelho\u201d garantindo que o executivo municipal partir\u00e1 \u201c\u00e0 conquista do futuro\u201d.<\/p>\n<p>\u201cUnidos, somos mais fortes, juntos, somos a for\u00e7a transformadora que moldar\u00e1 um concelho de justi\u00e7a social, modernidade e respeito pelas nossas tradi\u00e7\u00f5es. Conto com a energia dos jovens, a sabedoria dos mais experientes e o esp\u00edrito inovador dos nossos empreendedores para fazer desta mandato um verdadeiro marco de progresso e uni\u00e3o\u201d, afirmou Lu\u00eds Nobre.<\/p>\n<p>No discurso que proferiu hoje na tomada de posse do novo executivo municipal, no teatro municipal S\u00e1 de Miranda, adiantou que um mandato que hoje se inicia ser\u00e1 \u201cde pol\u00edticas e a\u00e7\u00f5es criativas e assertivas, repleto de imagina\u00e7\u00e3o e de persistente trabalho que garanta prosperidade\u201d.<\/p>\n<p>\u201cO nosso futuro n\u00e3o poder\u00e1 deixar de estar sempre intimamente ligado ao sentimento de prosperidade, porque s\u00f3 assim podemos sonhar, gerar novos neg\u00f3cios e garantir riqueza que contribuam para o nosso desenvolvimento coletivo\u201d.<\/p>\n<p>Lu\u00eds Nobre foi reeleito, nas aut\u00e1rquicas de 12 de outubro, para um segundo mandato, mantendo o PS na presid\u00eancia da C\u00e2mara de Viana do Castelo (32 anos), ao alcan\u00e7ar 42,76 % dos votos, com cinco eleitos no executivo municipal, a mesma equipa do atual mandato.<\/p>\n<p>A coliga\u00e7\u00e3o PSD\/CDS-PP, liderada por Paulo de Morais, alcan\u00e7ou 28,02 %, elegendo tr\u00eas vereadores.<\/p>\n<p>O Chega elegeu Eduardo Teixeira, obtendo 14,98% dos votos.<\/p>\n<p>Lu\u00eds Nobre sublinhou que \u201co tempo continua a ser de mudan\u00e7as aceleradas, com muita incerteza e adversidades, mas tamb\u00e9m com linhas claras de oportunidades e desenvolvimento\u201d.<\/p>\n<p>\u201cTemos que agir e assumir roturas, quando necess\u00e1rias, para evoluir, com determina\u00e7\u00e3o, de forma sustentada e convergente. Quero um concelho sustent\u00e1vel, aberta ao mundo e \u00e0 mudan\u00e7a, respons\u00e1vel, inclusivo e integrador, que garanta crescimento participado e articulado com todos os atores e agente do concelho e os que no futuro venham a fazer parte de n\u00f3s\u201d.<\/p>\n<p>Na tomada de posse que classificou como \u201co momento da consagra\u00e7\u00e3o de um novo cap\u00edtulo na hist\u00f3ria do nosso concelho\u201d, referiu que o ultimo mandato \u201cfoi exigente, mas profundamente gratificante, em que prevaleceram o respeito, o debate democr\u00e1tico e a capacidade de construir em conjunto, mesmo quando existiram diverg\u00eancias de natureza ideol\u00f3gica\u201d, agradecendo \u201co empenho, a dedica\u00e7\u00e3o e a colabora\u00e7\u00e3o de todos [os vereadores], bem como a toler\u00e2ncia e a compreens\u00e3o demonstradas ao longo do percurso\u201d.<\/p>\n<p>Aos vianenses agradeceu \u201ca gratid\u00e3o pelo apoio e confian\u00e7a\u201d depositadas em si e, \u201cem todos os eleitos\u201d.<\/p>\n<p>\u201cReconhecemos humildemente os desafios que se nos imp\u00f5e, mas, ao mesmo tempo, vislumbramos e assumimos as in\u00fameras possibilidades e oportunidades que o futuro nos oferece.<\/p>\n<p>Lu\u00eds Nobre acrescentou que nos pr\u00f3ximos quatro anos a autarquia continuar\u00e1 \u201ca concretizar uma verdadeira agenda transformadora, alicer\u00e7ada nos dom\u00ednios da Investiga\u00e7\u00e3o, da Ind\u00fastria de Futuro (Economia Azul e Verde) e de Marcas Globais, na Educa\u00e7\u00e3o e em Projetos Educativos, no Desporto, no Ambiente, na Ci\u00eancia, na Cultura, na Sa\u00fade e na Coes\u00e3o Social e Territorial\u201d.<\/p>\n<p>Referiu que \u201cgest\u00e3o\u201d que hoje se inicia \u201cassentar\u00e1 em princ\u00edpios s\u00f3lidos de \u00e9tica, transpar\u00eancia e compromisso com a verdade, tal como aconteceu no mandato que agora termina\u201d.<\/p>\n<p>\u201cN\u00e3o se trata apenas de administrar recursos, mas de transformar a realidade por meio de a\u00e7\u00f5es que gerem impacto real e duradouro. Trabalharemos lado a lado com os cidad\u00e3os e representantes locais para desenvolver planeamento e construir estrat\u00e9gias que atendam \u00e0s necessidades de popula\u00e7\u00e3o com dignidade, efici\u00eancia e respeito\u201d, destacou.<\/p>\n<p>Segundo Lu\u00eds Nobre, o mandato que hoje come\u00e7ou \u201cfundamenta-se em metas concretas e compromissos s\u00f3lidos com a transpar\u00eancia e a responsabilidade, concretiz\u00e1veis com a execu\u00e7\u00e3o dos 10 Eixos Estruturais e as 100 medidas reconhecidas pela expressiva maioria de vianenses\u201d.<\/p>\n<p>\u201cA uni\u00e3o de sinergias \u00e9 a base para que possamos superar barreiras e alcan\u00e7ar a nossa ambi\u00e7\u00e3o. Em nome do compromisso com o bem-estar de todos os vianenses, reafirmo que o mandato se pautar\u00e1 pela \u00e9tica e pela escuta ativa. As portas estar\u00e3o sempre abertas para o di\u00e1logo\u201d (\u2026) por \u201cacreditar na for\u00e7a do debate construtivo, na transpar\u00eancia das a\u00e7\u00f5es e na responsabilidade partilhada\u201d, observou.<\/p>\n<p>Lu\u00eds Nobre afirmou que com \u201ca colabora\u00e7\u00e3o e o impulso de todos\u201d, a autarquia transformar\u00e1 \u201cos desafios em oportunidades e os sonhos em realiza\u00e7\u00f5es\u201d.<\/p>\n","protected":false},"excerpt":{"rendered":"<p>O presidente da C\u00e2mara de Viana do Castelo disse que a partir de hoje, vai come\u00e7ar-se \u201ca escrever uma nova p\u00e1gina de sucesso na hist\u00f3ria do concelho\u201d garantindo que o executivo municipal partir\u00e1 \u201c\u00e0 conquista do futuro\u201d. \u201cUnidos, somos mais fortes, juntos, somos a for\u00e7a transformadora que moldar\u00e1 um concelho de justi\u00e7a social, modernidade e [&hellip;]<\/p>\n","protected":false},"author":13,"featured_media":124514,"comment_status":"closed","ping_status":"closed","sticky":false,"template":"","format":"standard","meta":{"_exactmetrics_skip_tracking":false,"_exactmetrics_sitenote_active":false,"_exactmetrics_sitenote_note":"","_exactmetrics_sitenote_category":0,"footnotes":""},"categories":[14],"tags":[56326],"class_list":["post-124513","post","type-post","status-publish","format-standard","has-post-thumbnail","hentry","category-viana-do-castelo","tag-politica"],"yoast_head":"<!-- This site is optimized with the Yoast SEO Premium plugin v27.4 (Yoast SEO v27.4) - https:\/\/yoast.com\/product\/yoast-seo-premium-wordpress\/ -->\n<title>Lu\u00eds Nobre quer escrever nova p\u00e1gina de sucesso na hist\u00f3ria de Viana do Castelo<\/title>\n<meta name=\"description\" content=\"O presidente da C\u00e2mara de Viana do Castelo disse que a partir de hoje, vai come\u00e7ar-se \u201ca escrever uma nova p\u00e1gina de sucesso na hist\u00f3ria do concelho\u201d garantindo que o executivo municipal partir\u00e1 \u201c\u00e0 conquista do futuro\u201d.\" \/>\n<meta name=\"robots\" content=\"index, follow, max-snippet:-1, max-image-preview:large, max-video-preview:-1\" \/>\n<link rel=\"canonical\" href=\"https:\/\/www.altominho.tv\/site\/2025\/10\/25\/luis-nobre-quer-escrever-nova-pagina-de-sucesso-na-historia-de-viana-do-castelo\/\" \/>\n<meta property=\"og:locale\" content=\"pt_PT\" \/>\n<meta property=\"og:type\" content=\"article\" \/>\n<meta property=\"og:title\" content=\"Lu\u00eds Nobre quer escrever nova p\u00e1gina de sucesso na hist\u00f3ria de Viana do Castelo\" \/>\n<meta property=\"og:description\" content=\"O presidente da C\u00e2mara de Viana do Castelo disse que a partir de hoje, vai come\u00e7ar-se \u201ca escrever uma nova p\u00e1gina de sucesso na hist\u00f3ria do concelho\u201d garantindo que o executivo municipal partir\u00e1 \u201c\u00e0 conquista do futuro\u201d.\" \/>\n<meta property=\"og:url\" content=\"https:\/\/www.altominho.tv\/site\/2025\/10\/25\/luis-nobre-quer-escrever-nova-pagina-de-sucesso-na-historia-de-viana-do-castelo\/\" \/>\n<meta property=\"og:site_name\" content=\"Altominho.tv\" \/>\n<meta property=\"article:publisher\" content=\"https:\/\/www.facebook.com\/altominhotv\" \/>\n<meta property=\"article:published_time\" content=\"2025-10-25T13:23:48+00:00\" \/>\n<meta property=\"article:modified_time\" content=\"2025-10-25T13:23:50+00:00\" \/>\n<meta property=\"og:image\" content=\"https:\/\/www.altominho.tv\/site\/wp-content\/uploads\/2025\/10\/luis-nobre.jpg\" \/>\n\t<meta property=\"og:image:width\" content=\"1200\" \/>\n\t<meta property=\"og:image:height\" content=\"630\" \/>\n\t<meta property=\"og:image:type\" content=\"image\/jpeg\" \/>\n<meta name=\"author\" content=\"Lusa\" \/>\n<meta name=\"twitter:card\" content=\"summary_large_image\" \/>\n<meta name=\"twitter:creator\" content=\"@altominhoTV\" \/>\n<meta name=\"twitter:site\" content=\"@altominhoTV\" \/>\n<meta name=\"twitter:label1\" content=\"Escrito por\" \/>\n\t<meta name=\"twitter:data1\" content=\"Lusa\" \/>\n\t<meta name=\"twitter:label2\" content=\"Tempo estimado de leitura\" \/>\n\t<meta name=\"twitter:data2\" content=\"5 minutos\" \/>\n<script type=\"application\/ld+json\" class=\"yoast-schema-graph\">{\"@context\":\"https:\\\/\\\/schema.org\",\"@graph\":[{\"@type\":\"Article\",\"@id\":\"https:\\\/\\\/www.altominho.tv\\\/site\\\/2025\\\/10\\\/25\\\/luis-nobre-quer-escrever-nova-pagina-de-sucesso-na-historia-de-viana-do-castelo\\\/#article\",\"isPartOf\":{\"@id\":\"https:\\\/\\\/www.altominho.tv\\\/site\\\/2025\\\/10\\\/25\\\/luis-nobre-quer-escrever-nova-pagina-de-sucesso-na-historia-de-viana-do-castelo\\\/\"},\"author\":{\"name\":\"Lusa\",\"@id\":\"https:\\\/\\\/www.altominho.tv\\\/site\\\/#\\\/schema\\\/person\\\/63f693da3e1899361cbe955c46f3232e\"},\"headline\":\"Lu\u00eds Nobre quer escrever nova p\u00e1gina de sucesso na hist\u00f3ria de Viana do Castelo\",\"datePublished\":\"2025-10-25T13:23:48+00:00\",\"dateModified\":\"2025-10-25T13:23:50+00:00\",\"mainEntityOfPage\":{\"@id\":\"https:\\\/\\\/www.altominho.tv\\\/site\\\/2025\\\/10\\\/25\\\/luis-nobre-quer-escrever-nova-pagina-de-sucesso-na-historia-de-viana-do-castelo\\\/\"},\"wordCount\":786,\"image\":{\"@id\":\"https:\\\/\\\/www.altominho.tv\\\/site\\\/2025\\\/10\\\/25\\\/luis-nobre-quer-escrever-nova-pagina-de-sucesso-na-historia-de-viana-do-castelo\\\/#primaryimage\"},\"thumbnailUrl\":\"https:\\\/\\\/www.altominho.tv\\\/site\\\/wp-content\\\/uploads\\\/2025\\\/10\\\/luis-nobre.jpg\",\"keywords\":[\"Pol\u00edtica\"],\"articleSection\":[\"Viana do Castelo\"],\"inLanguage\":\"pt-PT\",\"copyrightYear\":\"2025\",\"copyrightHolder\":{\"@id\":\"https:\\\/\\\/www.altominho.tv\\\/site\\\/#organization\"}},{\"@type\":\"WebPage\",\"@id\":\"https:\\\/\\\/www.altominho.tv\\\/site\\\/2025\\\/10\\\/25\\\/luis-nobre-quer-escrever-nova-pagina-de-sucesso-na-historia-de-viana-do-castelo\\\/\",\"url\":\"https:\\\/\\\/www.altominho.tv\\\/site\\\/2025\\\/10\\\/25\\\/luis-nobre-quer-escrever-nova-pagina-de-sucesso-na-historia-de-viana-do-castelo\\\/\",\"name\":\"Lu\u00eds Nobre quer escrever nova p\u00e1gina de sucesso na hist\u00f3ria de Viana do Castelo\",\"isPartOf\":{\"@id\":\"https:\\\/\\\/www.altominho.tv\\\/site\\\/#website\"},\"primaryImageOfPage\":{\"@id\":\"https:\\\/\\\/www.altominho.tv\\\/site\\\/2025\\\/10\\\/25\\\/luis-nobre-quer-escrever-nova-pagina-de-sucesso-na-historia-de-viana-do-castelo\\\/#primaryimage\"},\"image\":{\"@id\":\"https:\\\/\\\/www.altominho.tv\\\/site\\\/2025\\\/10\\\/25\\\/luis-nobre-quer-escrever-nova-pagina-de-sucesso-na-historia-de-viana-do-castelo\\\/#primaryimage\"},\"thumbnailUrl\":\"https:\\\/\\\/www.altominho.tv\\\/site\\\/wp-content\\\/uploads\\\/2025\\\/10\\\/luis-nobre.jpg\",\"datePublished\":\"2025-10-25T13:23:48+00:00\",\"dateModified\":\"2025-10-25T13:23:50+00:00\",\"author\":{\"@id\":\"https:\\\/\\\/www.altominho.tv\\\/site\\\/#\\\/schema\\\/person\\\/63f693da3e1899361cbe955c46f3232e\"},\"description\":\"O presidente da C\u00e2mara de Viana do Castelo disse que a partir de hoje, vai come\u00e7ar-se \u201ca escrever uma nova p\u00e1gina de sucesso na hist\u00f3ria do concelho\u201d garantindo que o executivo municipal partir\u00e1 \u201c\u00e0 conquista do futuro\u201d.\",\"breadcrumb\":{\"@id\":\"https:\\\/\\\/www.altominho.tv\\\/site\\\/2025\\\/10\\\/25\\\/luis-nobre-quer-escrever-nova-pagina-de-sucesso-na-historia-de-viana-do-castelo\\\/#breadcrumb\"},\"inLanguage\":\"pt-PT\",\"potentialAction\":[{\"@type\":\"ReadAction\",\"target\":[\"https:\\\/\\\/www.altominho.tv\\\/site\\\/2025\\\/10\\\/25\\\/luis-nobre-quer-escrever-nova-pagina-de-sucesso-na-historia-de-viana-do-castelo\\\/\"]}]},{\"@type\":\"ImageObject\",\"inLanguage\":\"pt-PT\",\"@id\":\"https:\\\/\\\/www.altominho.tv\\\/site\\\/2025\\\/10\\\/25\\\/luis-nobre-quer-escrever-nova-pagina-de-sucesso-na-historia-de-viana-do-castelo\\\/#primaryimage\",\"url\":\"https:\\\/\\\/www.altominho.tv\\\/site\\\/wp-content\\\/uploads\\\/2025\\\/10\\\/luis-nobre.jpg\",\"contentUrl\":\"https:\\\/\\\/www.altominho.tv\\\/site\\\/wp-content\\\/uploads\\\/2025\\\/10\\\/luis-nobre.jpg\",\"width\":1200,\"height\":630},{\"@type\":\"BreadcrumbList\",\"@id\":\"https:\\\/\\\/www.altominho.tv\\\/site\\\/2025\\\/10\\\/25\\\/luis-nobre-quer-escrever-nova-pagina-de-sucesso-na-historia-de-viana-do-castelo\\\/#breadcrumb\",\"itemListElement\":[{\"@type\":\"ListItem\",\"position\":1,\"name\":\"In\u00edcio\",\"item\":\"https:\\\/\\\/www.altominho.tv\\\/site\\\/\"},{\"@type\":\"ListItem\",\"position\":2,\"name\":\"Lu\u00eds Nobre quer escrever nova p\u00e1gina de sucesso na hist\u00f3ria de Viana do Castelo\"}]},{\"@type\":\"WebSite\",\"@id\":\"https:\\\/\\\/www.altominho.tv\\\/site\\\/#website\",\"url\":\"https:\\\/\\\/www.altominho.tv\\\/site\\\/\",\"name\":\"Altominho.tv\",\"description\":\"A sua regi\u00e3o \u00e0 dist\u00e2ncia de um clique...\",\"potentialAction\":[{\"@type\":\"SearchAction\",\"target\":{\"@type\":\"EntryPoint\",\"urlTemplate\":\"https:\\\/\\\/www.altominho.tv\\\/site\\\/?s={search_term_string}\"},\"query-input\":{\"@type\":\"PropertyValueSpecification\",\"valueRequired\":true,\"valueName\":\"search_term_string\"}}],\"inLanguage\":\"pt-PT\"},{\"@type\":\"Person\",\"@id\":\"https:\\\/\\\/www.altominho.tv\\\/site\\\/#\\\/schema\\\/person\\\/63f693da3e1899361cbe955c46f3232e\",\"name\":\"Lusa\",\"image\":{\"@type\":\"ImageObject\",\"inLanguage\":\"pt-PT\",\"@id\":\"https:\\\/\\\/www.altominho.tv\\\/site\\\/wp-content\\\/uploads\\\/2019\\\/08\\\/LUSA_Logo.gif\",\"url\":\"https:\\\/\\\/www.altominho.tv\\\/site\\\/wp-content\\\/uploads\\\/2019\\\/08\\\/LUSA_Logo.gif\",\"contentUrl\":\"https:\\\/\\\/www.altominho.tv\\\/site\\\/wp-content\\\/uploads\\\/2019\\\/08\\\/LUSA_Logo.gif\",\"caption\":\"Lusa\"},\"sameAs\":[\"http:\\\/\\\/\\\/\\\/www.altominho.tv\\\/site\"],\"url\":\"https:\\\/\\\/www.altominho.tv\\\/site\\\/author\\\/lusa\\\/\"}]}<\/script>\n<!-- \/ Yoast SEO Premium plugin. -->","yoast_head_json":{"title":"Lu\u00eds Nobre quer escrever nova p\u00e1gina de sucesso na hist\u00f3ria de Viana do Castelo","description":"O presidente da C\u00e2mara de Viana do Castelo disse que a partir de hoje, vai come\u00e7ar-se \u201ca escrever uma nova p\u00e1gina de sucesso na hist\u00f3ria do concelho\u201d garantindo que o executivo municipal partir\u00e1 \u201c\u00e0 conquista do futuro\u201d.","robots":{"index":"index","follow":"follow","max-snippet":"max-snippet:-1","max-image-preview":"max-image-preview:large","max-video-preview":"max-video-preview:-1"},"canonical":"https:\/\/www.altominho.tv\/site\/2025\/10\/25\/luis-nobre-quer-escrever-nova-pagina-de-sucesso-na-historia-de-viana-do-castelo\/","og_locale":"pt_PT","og_type":"article","og_title":"Lu\u00eds Nobre quer escrever nova p\u00e1gina de sucesso na hist\u00f3ria de Viana do Castelo","og_description":"O presidente da C\u00e2mara de Viana do Castelo disse que a partir de hoje, vai come\u00e7ar-se \u201ca escrever uma nova p\u00e1gina de sucesso na hist\u00f3ria do concelho\u201d garantindo que o executivo municipal partir\u00e1 \u201c\u00e0 conquista do futuro\u201d.","og_url":"https:\/\/www.altominho.tv\/site\/2025\/10\/25\/luis-nobre-quer-escrever-nova-pagina-de-sucesso-na-historia-de-viana-do-castelo\/","og_site_name":"Altominho.tv","article_publisher":"https:\/\/www.facebook.com\/altominhotv","article_published_time":"2025-10-25T13:23:48+00:00","article_modified_time":"2025-10-25T13:23:50+00:00","og_image":[{"width":1200,"height":630,"url":"https:\/\/www.altominho.tv\/site\/wp-content\/uploads\/2025\/10\/luis-nobre.jpg","type":"image\/jpeg"}],"author":"Lusa","twitter_card":"summary_large_image","twitter_creator":"@altominhoTV","twitter_site":"@altominhoTV","twitter_misc":{"Escrito por":"Lusa","Tempo estimado de leitura":"5 minutos"},"schema":{"@context":"https:\/\/schema.org","@graph":[{"@type":"Article","@id":"https:\/\/www.altominho.tv\/site\/2025\/10\/25\/luis-nobre-quer-escrever-nova-pagina-de-sucesso-na-historia-de-viana-do-castelo\/#article","isPartOf":{"@id":"https:\/\/www.altominho.tv\/site\/2025\/10\/25\/luis-nobre-quer-escrever-nova-pagina-de-sucesso-na-historia-de-viana-do-castelo\/"},"author":{"name":"Lusa","@id":"https:\/\/www.altominho.tv\/site\/#\/schema\/person\/63f693da3e1899361cbe955c46f3232e"},"headline":"Lu\u00eds Nobre quer escrever nova p\u00e1gina de sucesso na hist\u00f3ria de Viana do Castelo","datePublished":"2025-10-25T13:23:48+00:00","dateModified":"2025-10-25T13:23:50+00:00","mainEntityOfPage":{"@id":"https:\/\/www.altominho.tv\/site\/2025\/10\/25\/luis-nobre-quer-escrever-nova-pagina-de-sucesso-na-historia-de-viana-do-castelo\/"},"wordCount":786,"image":{"@id":"https:\/\/www.altominho.tv\/site\/2025\/10\/25\/luis-nobre-quer-escrever-nova-pagina-de-sucesso-na-historia-de-viana-do-castelo\/#primaryimage"},"thumbnailUrl":"https:\/\/www.altominho.tv\/site\/wp-content\/uploads\/2025\/10\/luis-nobre.jpg","keywords":["Pol\u00edtica"],"articleSection":["Viana do Castelo"],"inLanguage":"pt-PT","copyrightYear":"2025","copyrightHolder":{"@id":"https:\/\/www.altominho.tv\/site\/#organization"}},{"@type":"WebPage","@id":"https:\/\/www.altominho.tv\/site\/2025\/10\/25\/luis-nobre-quer-escrever-nova-pagina-de-sucesso-na-historia-de-viana-do-castelo\/","url":"https:\/\/www.altominho.tv\/site\/2025\/10\/25\/luis-nobre-quer-escrever-nova-pagina-de-sucesso-na-historia-de-viana-do-castelo\/","name":"Lu\u00eds Nobre quer escrever nova p\u00e1gina de sucesso na hist\u00f3ria de Viana do Castelo","isPartOf":{"@id":"https:\/\/www.altominho.tv\/site\/#website"},"primaryImageOfPage":{"@id":"https:\/\/www.altominho.tv\/site\/2025\/10\/25\/luis-nobre-quer-escrever-nova-pagina-de-sucesso-na-historia-de-viana-do-castelo\/#primaryimage"},"image":{"@id":"https:\/\/www.altominho.tv\/site\/2025\/10\/25\/luis-nobre-quer-escrever-nova-pagina-de-sucesso-na-historia-de-viana-do-castelo\/#primaryimage"},"thumbnailUrl":"https:\/\/www.altominho.tv\/site\/wp-content\/uploads\/2025\/10\/luis-nobre.jpg","datePublished":"2025-10-25T13:23:48+00:00","dateModified":"2025-10-25T13:23:50+00:00","author":{"@id":"https:\/\/www.altominho.tv\/site\/#\/schema\/person\/63f693da3e1899361cbe955c46f3232e"},"description":"O presidente da C\u00e2mara de Viana do Castelo disse que a partir de hoje, vai come\u00e7ar-se \u201ca escrever uma nova p\u00e1gina de sucesso na hist\u00f3ria do concelho\u201d garantindo que o executivo municipal partir\u00e1 \u201c\u00e0 conquista do futuro\u201d.","breadcrumb":{"@id":"https:\/\/www.altominho.tv\/site\/2025\/10\/25\/luis-nobre-quer-escrever-nova-pagina-de-sucesso-na-historia-de-viana-do-castelo\/#breadcrumb"},"inLanguage":"pt-PT","potentialAction":[{"@type":"ReadAction","target":["https:\/\/www.altominho.tv\/site\/2025\/10\/25\/luis-nobre-quer-escrever-nova-pagina-de-sucesso-na-historia-de-viana-do-castelo\/"]}]},{"@type":"ImageObject","inLanguage":"pt-PT","@id":"https:\/\/www.altominho.tv\/site\/2025\/10\/25\/luis-nobre-quer-escrever-nova-pagina-de-sucesso-na-historia-de-viana-do-castelo\/#primaryimage","url":"https:\/\/www.altominho.tv\/site\/wp-content\/uploads\/2025\/10\/luis-nobre.jpg","contentUrl":"https:\/\/www.altominho.tv\/site\/wp-content\/uploads\/2025\/10\/luis-nobre.jpg","width":1200,"height":630},{"@type":"BreadcrumbList","@id":"https:\/\/www.altominho.tv\/site\/2025\/10\/25\/luis-nobre-quer-escrever-nova-pagina-de-sucesso-na-historia-de-viana-do-castelo\/#breadcrumb","itemListElement":[{"@type":"ListItem","position":1,"name":"In\u00edcio","item":"https:\/\/www.altominho.tv\/site\/"},{"@type":"ListItem","position":2,"name":"Lu\u00eds Nobre quer escrever nova p\u00e1gina de sucesso na hist\u00f3ria de Viana do Castelo"}]},{"@type":"WebSite","@id":"https:\/\/www.altominho.tv\/site\/#website","url":"https:\/\/www.altominho.tv\/site\/","name":"Altominho.tv","description":"A sua regi\u00e3o \u00e0 dist\u00e2ncia de um clique...","potentialAction":[{"@type":"SearchAction","target":{"@type":"EntryPoint","urlTemplate":"https:\/\/www.altominho.tv\/site\/?s={search_term_string}"},"query-input":{"@type":"PropertyValueSpecification","valueRequired":true,"valueName":"search_term_string"}}],"inLanguage":"pt-PT"},{"@type":"Person","@id":"https:\/\/www.altominho.tv\/site\/#\/schema\/person\/63f693da3e1899361cbe955c46f3232e","name":"Lusa","image":{"@type":"ImageObject","inLanguage":"pt-PT","@id":"https:\/\/www.altominho.tv\/site\/wp-content\/uploads\/2019\/08\/LUSA_Logo.gif","url":"https:\/\/www.altominho.tv\/site\/wp-content\/uploads\/2019\/08\/LUSA_Logo.gif","contentUrl":"https:\/\/www.altominho.tv\/site\/wp-content\/uploads\/2019\/08\/LUSA_Logo.gif","caption":"Lusa"},"sameAs":["http:\/\/\/\/www.altominho.tv\/site"],"url":"https:\/\/www.altominho.tv\/site\/author\/lusa\/"}]}},"_links":{"self":[{"href":"https:\/\/www.altominho.tv\/site\/wp-json\/wp\/v2\/posts\/124513","targetHints":{"allow":["GET"]}}],"collection":[{"href":"https:\/\/www.altominho.tv\/site\/wp-json\/wp\/v2\/posts"}],"about":[{"href":"https:\/\/www.altominho.tv\/site\/wp-json\/wp\/v2\/types\/post"}],"author":[{"embeddable":true,"href":"https:\/\/www.altominho.tv\/site\/wp-json\/wp\/v2\/users\/13"}],"replies":[{"embeddable":true,"href":"https:\/\/www.altominho.tv\/site\/wp-json\/wp\/v2\/comments?post=124513"}],"version-history":[{"count":1,"href":"https:\/\/www.altominho.tv\/site\/wp-json\/wp\/v2\/posts\/124513\/revisions"}],"predecessor-version":[{"id":124515,"href":"https:\/\/www.altominho.tv\/site\/wp-json\/wp\/v2\/posts\/124513\/revisions\/124515"}],"wp:featuredmedia":[{"embeddable":true,"href":"https:\/\/www.altominho.tv\/site\/wp-json\/wp\/v2\/media\/124514"}],"wp:attachment":[{"href":"https:\/\/www.altominho.tv\/site\/wp-json\/wp\/v2\/media?parent=124513"}],"wp:term":[{"taxonomy":"category","embeddable":true,"href":"https:\/\/www.altominho.tv\/site\/wp-json\/wp\/v2\/categories?post=124513"},{"taxonomy":"post_tag","embeddable":true,"href":"https:\/\/www.altominho.tv\/site\/wp-json\/wp\/v2\/tags?post=124513"}],"curies":[{"name":"wp","href":"https:\/\/api.w.org\/{rel}","templated":true}]}}