{"id":124510,"date":"2025-10-25T10:00:00","date_gmt":"2025-10-25T09:00:00","guid":{"rendered":"https:\/\/www.altominho.tv\/site\/?p=124510"},"modified":"2025-10-25T07:51:41","modified_gmt":"2025-10-25T06:51:41","slug":"da-pre-historia-a-romanizacao-caminha-celebra-o-seu-patrimonio-ancestral","status":"publish","type":"post","link":"https:\/\/www.altominho.tv\/site\/2025\/10\/25\/da-pre-historia-a-romanizacao-caminha-celebra-o-seu-patrimonio-ancestral\/","title":{"rendered":"Da Pr\u00e9-Hist\u00f3ria \u00e0 Romaniza\u00e7\u00e3o: Caminha celebra o seu patrim\u00f3nio ancestral\u201d"},"content":{"rendered":"\n<iframe loading=\"lazy\" width=\"560\" height=\"315\" src=\"https:\/\/www.youtube.com\/embed\/eTKxh14R8-Y?si=XybebBVfs0HHjBb1\" title=\"YouTube video player\" frameborder=\"0\" allow=\"accelerometer; autoplay; clipboard-write; encrypted-media; gyroscope; picture-in-picture; web-share\" referrerpolicy=\"strict-origin-when-cross-origin\" allowfullscreen><\/iframe>\n\n\n\n<p>O Museu Municipal de Caminha inaugurou a exposi\u00e7\u00e3o \u201cDa Pr\u00e9-Hist\u00f3ria \u00e0 Romaniza\u00e7\u00e3o\u201d, uma viagem pelas origens do territ\u00f3rio e pelas marcas deixadas pelas primeiras comunidades humanas. <\/p>\n\n\n\n<p>Entre as pe\u00e7as em destaque, sobressai a Piroga Mon\u00f3xila, classificada como Tesouro Nacional.<\/p>\n","protected":false},"excerpt":{"rendered":"<p>O Museu Municipal de Caminha inaugurou a exposi\u00e7\u00e3o \u201cDa Pr\u00e9-Hist\u00f3ria \u00e0 Romaniza\u00e7\u00e3o\u201d, uma viagem pelas origens do territ\u00f3rio e pelas marcas deixadas pelas primeiras comunidades humanas. Entre as pe\u00e7as em destaque, sobressai a Piroga Mon\u00f3xila, classificada como Tesouro Nacional.<\/p>\n","protected":false},"author":10,"featured_media":124511,"comment_status":"closed","ping_status":"closed","sticky":false,"template":"","format":"video","meta":{"_exactmetrics_skip_tracking":false,"_exactmetrics_sitenote_active":false,"_exactmetrics_sitenote_note":"","_exactmetrics_sitenote_category":0,"footnotes":""},"categories":[7],"tags":[27],"class_list":["post-124510","post","type-post","status-publish","format-video","has-post-thumbnail","hentry","category-caminha","tag-sociedade","post_format-post-format-video"],"yoast_head":"<!-- This site is optimized with the Yoast SEO Premium plugin v27.4 (Yoast SEO v27.4) - https:\/\/yoast.com\/product\/yoast-seo-premium-wordpress\/ -->\n<title>Da Pr\u00e9-Hist\u00f3ria \u00e0 Romaniza\u00e7\u00e3o: Caminha celebra o seu patrim\u00f3nio ancestral\u201d<\/title>\n<meta name=\"robots\" content=\"index, follow, max-snippet:-1, max-image-preview:large, max-video-preview:-1\" \/>\n<link rel=\"canonical\" href=\"https:\/\/www.altominho.tv\/site\/2025\/10\/25\/da-pre-historia-a-romanizacao-caminha-celebra-o-seu-patrimonio-ancestral\/\" \/>\n<meta property=\"og:locale\" content=\"pt_PT\" \/>\n<meta property=\"og:type\" content=\"article\" \/>\n<meta property=\"og:title\" content=\"Da Pr\u00e9-Hist\u00f3ria \u00e0 Romaniza\u00e7\u00e3o: Caminha celebra o seu patrim\u00f3nio ancestral\u201d\" \/>\n<meta property=\"og:description\" content=\"O Museu Municipal de Caminha inaugurou a exposi\u00e7\u00e3o \u201cDa Pr\u00e9-Hist\u00f3ria \u00e0 Romaniza\u00e7\u00e3o\u201d, uma viagem pelas origens do territ\u00f3rio e pelas marcas deixadas pelas primeiras comunidades humanas. Entre as pe\u00e7as em destaque, sobressai a Piroga Mon\u00f3xila, classificada como Tesouro Nacional.\" \/>\n<meta property=\"og:url\" content=\"https:\/\/www.altominho.tv\/site\/2025\/10\/25\/da-pre-historia-a-romanizacao-caminha-celebra-o-seu-patrimonio-ancestral\/\" \/>\n<meta property=\"og:site_name\" content=\"Altominho.tv\" \/>\n<meta property=\"article:publisher\" content=\"https:\/\/www.facebook.com\/altominhotv\" \/>\n<meta property=\"article:published_time\" content=\"2025-10-25T09:00:00+00:00\" \/>\n<meta property=\"og:image\" content=\"https:\/\/www.altominho.tv\/site\/wp-content\/uploads\/2025\/10\/piroga.jpg\" \/>\n\t<meta property=\"og:image:width\" content=\"1920\" \/>\n\t<meta property=\"og:image:height\" content=\"1080\" \/>\n\t<meta property=\"og:image:type\" content=\"image\/jpeg\" \/>\n<meta name=\"author\" content=\"Andreia Barreiro\" \/>\n<meta name=\"twitter:card\" content=\"summary_large_image\" \/>\n<meta name=\"twitter:creator\" content=\"@altominhoTV\" \/>\n<meta name=\"twitter:site\" content=\"@altominhoTV\" \/>\n<meta name=\"twitter:label1\" content=\"Escrito por\" \/>\n\t<meta name=\"twitter:data1\" content=\"Andreia Barreiro\" \/>\n\t<meta name=\"twitter:label2\" content=\"Tempo estimado de leitura\" \/>\n\t<meta name=\"twitter:data2\" content=\"1 minuto\" \/>\n<script type=\"application\/ld+json\" class=\"yoast-schema-graph\">{\"@context\":\"https:\\\/\\\/schema.org\",\"@graph\":[{\"@type\":\"Article\",\"@id\":\"https:\\\/\\\/www.altominho.tv\\\/site\\\/2025\\\/10\\\/25\\\/da-pre-historia-a-romanizacao-caminha-celebra-o-seu-patrimonio-ancestral\\\/#article\",\"isPartOf\":{\"@id\":\"https:\\\/\\\/www.altominho.tv\\\/site\\\/2025\\\/10\\\/25\\\/da-pre-historia-a-romanizacao-caminha-celebra-o-seu-patrimonio-ancestral\\\/\"},\"author\":{\"name\":\"Andreia Barreiro\",\"@id\":\"https:\\\/\\\/www.altominho.tv\\\/site\\\/#\\\/schema\\\/person\\\/4fa0996d8841f9d6cbb84eb43c555c2c\"},\"headline\":\"Da Pr\u00e9-Hist\u00f3ria \u00e0 Romaniza\u00e7\u00e3o: Caminha celebra o seu patrim\u00f3nio ancestral\u201d\",\"datePublished\":\"2025-10-25T09:00:00+00:00\",\"mainEntityOfPage\":{\"@id\":\"https:\\\/\\\/www.altominho.tv\\\/site\\\/2025\\\/10\\\/25\\\/da-pre-historia-a-romanizacao-caminha-celebra-o-seu-patrimonio-ancestral\\\/\"},\"wordCount\":58,\"image\":{\"@id\":\"https:\\\/\\\/www.altominho.tv\\\/site\\\/2025\\\/10\\\/25\\\/da-pre-historia-a-romanizacao-caminha-celebra-o-seu-patrimonio-ancestral\\\/#primaryimage\"},\"thumbnailUrl\":\"https:\\\/\\\/www.altominho.tv\\\/site\\\/wp-content\\\/uploads\\\/2025\\\/10\\\/piroga.jpg\",\"keywords\":[\"Sociedade\"],\"articleSection\":[\"Caminha\"],\"inLanguage\":\"pt-PT\",\"copyrightYear\":\"2025\",\"copyrightHolder\":{\"@id\":\"https:\\\/\\\/www.altominho.tv\\\/site\\\/#organization\"}},{\"@type\":\"WebPage\",\"@id\":\"https:\\\/\\\/www.altominho.tv\\\/site\\\/2025\\\/10\\\/25\\\/da-pre-historia-a-romanizacao-caminha-celebra-o-seu-patrimonio-ancestral\\\/\",\"url\":\"https:\\\/\\\/www.altominho.tv\\\/site\\\/2025\\\/10\\\/25\\\/da-pre-historia-a-romanizacao-caminha-celebra-o-seu-patrimonio-ancestral\\\/\",\"name\":\"Da Pr\u00e9-Hist\u00f3ria \u00e0 Romaniza\u00e7\u00e3o: Caminha celebra o seu patrim\u00f3nio ancestral\u201d\",\"isPartOf\":{\"@id\":\"https:\\\/\\\/www.altominho.tv\\\/site\\\/#website\"},\"primaryImageOfPage\":{\"@id\":\"https:\\\/\\\/www.altominho.tv\\\/site\\\/2025\\\/10\\\/25\\\/da-pre-historia-a-romanizacao-caminha-celebra-o-seu-patrimonio-ancestral\\\/#primaryimage\"},\"image\":{\"@id\":\"https:\\\/\\\/www.altominho.tv\\\/site\\\/2025\\\/10\\\/25\\\/da-pre-historia-a-romanizacao-caminha-celebra-o-seu-patrimonio-ancestral\\\/#primaryimage\"},\"thumbnailUrl\":\"https:\\\/\\\/www.altominho.tv\\\/site\\\/wp-content\\\/uploads\\\/2025\\\/10\\\/piroga.jpg\",\"datePublished\":\"2025-10-25T09:00:00+00:00\",\"author\":{\"@id\":\"https:\\\/\\\/www.altominho.tv\\\/site\\\/#\\\/schema\\\/person\\\/4fa0996d8841f9d6cbb84eb43c555c2c\"},\"breadcrumb\":{\"@id\":\"https:\\\/\\\/www.altominho.tv\\\/site\\\/2025\\\/10\\\/25\\\/da-pre-historia-a-romanizacao-caminha-celebra-o-seu-patrimonio-ancestral\\\/#breadcrumb\"},\"inLanguage\":\"pt-PT\",\"potentialAction\":[{\"@type\":\"ReadAction\",\"target\":[\"https:\\\/\\\/www.altominho.tv\\\/site\\\/2025\\\/10\\\/25\\\/da-pre-historia-a-romanizacao-caminha-celebra-o-seu-patrimonio-ancestral\\\/\"]}]},{\"@type\":\"ImageObject\",\"inLanguage\":\"pt-PT\",\"@id\":\"https:\\\/\\\/www.altominho.tv\\\/site\\\/2025\\\/10\\\/25\\\/da-pre-historia-a-romanizacao-caminha-celebra-o-seu-patrimonio-ancestral\\\/#primaryimage\",\"url\":\"https:\\\/\\\/www.altominho.tv\\\/site\\\/wp-content\\\/uploads\\\/2025\\\/10\\\/piroga.jpg\",\"contentUrl\":\"https:\\\/\\\/www.altominho.tv\\\/site\\\/wp-content\\\/uploads\\\/2025\\\/10\\\/piroga.jpg\",\"width\":1920,\"height\":1080},{\"@type\":\"BreadcrumbList\",\"@id\":\"https:\\\/\\\/www.altominho.tv\\\/site\\\/2025\\\/10\\\/25\\\/da-pre-historia-a-romanizacao-caminha-celebra-o-seu-patrimonio-ancestral\\\/#breadcrumb\",\"itemListElement\":[{\"@type\":\"ListItem\",\"position\":1,\"name\":\"In\u00edcio\",\"item\":\"https:\\\/\\\/www.altominho.tv\\\/site\\\/\"},{\"@type\":\"ListItem\",\"position\":2,\"name\":\"Da Pr\u00e9-Hist\u00f3ria \u00e0 Romaniza\u00e7\u00e3o: Caminha celebra o seu patrim\u00f3nio ancestral\u201d\"}]},{\"@type\":\"WebSite\",\"@id\":\"https:\\\/\\\/www.altominho.tv\\\/site\\\/#website\",\"url\":\"https:\\\/\\\/www.altominho.tv\\\/site\\\/\",\"name\":\"Altominho.tv\",\"description\":\"A sua regi\u00e3o \u00e0 dist\u00e2ncia de um clique...\",\"potentialAction\":[{\"@type\":\"SearchAction\",\"target\":{\"@type\":\"EntryPoint\",\"urlTemplate\":\"https:\\\/\\\/www.altominho.tv\\\/site\\\/?s={search_term_string}\"},\"query-input\":{\"@type\":\"PropertyValueSpecification\",\"valueRequired\":true,\"valueName\":\"search_term_string\"}}],\"inLanguage\":\"pt-PT\"},{\"@type\":\"Person\",\"@id\":\"https:\\\/\\\/www.altominho.tv\\\/site\\\/#\\\/schema\\\/person\\\/4fa0996d8841f9d6cbb84eb43c555c2c\",\"name\":\"Andreia Barreiro\",\"image\":{\"@type\":\"ImageObject\",\"inLanguage\":\"pt-PT\",\"@id\":\"https:\\\/\\\/www.altominho.tv\\\/site\\\/wp-content\\\/uploads\\\/2021\\\/01\\\/132443895_3480358142084005_3574327946369834311_o-150x150.jpg\",\"url\":\"https:\\\/\\\/www.altominho.tv\\\/site\\\/wp-content\\\/uploads\\\/2021\\\/01\\\/132443895_3480358142084005_3574327946369834311_o-150x150.jpg\",\"contentUrl\":\"https:\\\/\\\/www.altominho.tv\\\/site\\\/wp-content\\\/uploads\\\/2021\\\/01\\\/132443895_3480358142084005_3574327946369834311_o-150x150.jpg\",\"caption\":\"Andreia Barreiro\"},\"url\":\"https:\\\/\\\/www.altominho.tv\\\/site\\\/author\\\/andreiabarreiro\\\/\"}]}<\/script>\n<!-- \/ Yoast SEO Premium plugin. -->","yoast_head_json":{"title":"Da Pr\u00e9-Hist\u00f3ria \u00e0 Romaniza\u00e7\u00e3o: Caminha celebra o seu patrim\u00f3nio ancestral\u201d","robots":{"index":"index","follow":"follow","max-snippet":"max-snippet:-1","max-image-preview":"max-image-preview:large","max-video-preview":"max-video-preview:-1"},"canonical":"https:\/\/www.altominho.tv\/site\/2025\/10\/25\/da-pre-historia-a-romanizacao-caminha-celebra-o-seu-patrimonio-ancestral\/","og_locale":"pt_PT","og_type":"article","og_title":"Da Pr\u00e9-Hist\u00f3ria \u00e0 Romaniza\u00e7\u00e3o: Caminha celebra o seu patrim\u00f3nio ancestral\u201d","og_description":"O Museu Municipal de Caminha inaugurou a exposi\u00e7\u00e3o \u201cDa Pr\u00e9-Hist\u00f3ria \u00e0 Romaniza\u00e7\u00e3o\u201d, uma viagem pelas origens do territ\u00f3rio e pelas marcas deixadas pelas primeiras comunidades humanas. Entre as pe\u00e7as em destaque, sobressai a Piroga Mon\u00f3xila, classificada como Tesouro Nacional.","og_url":"https:\/\/www.altominho.tv\/site\/2025\/10\/25\/da-pre-historia-a-romanizacao-caminha-celebra-o-seu-patrimonio-ancestral\/","og_site_name":"Altominho.tv","article_publisher":"https:\/\/www.facebook.com\/altominhotv","article_published_time":"2025-10-25T09:00:00+00:00","og_image":[{"width":1920,"height":1080,"url":"https:\/\/www.altominho.tv\/site\/wp-content\/uploads\/2025\/10\/piroga.jpg","type":"image\/jpeg"}],"author":"Andreia Barreiro","twitter_card":"summary_large_image","twitter_creator":"@altominhoTV","twitter_site":"@altominhoTV","twitter_misc":{"Escrito por":"Andreia Barreiro","Tempo estimado de leitura":"1 minuto"},"schema":{"@context":"https:\/\/schema.org","@graph":[{"@type":"Article","@id":"https:\/\/www.altominho.tv\/site\/2025\/10\/25\/da-pre-historia-a-romanizacao-caminha-celebra-o-seu-patrimonio-ancestral\/#article","isPartOf":{"@id":"https:\/\/www.altominho.tv\/site\/2025\/10\/25\/da-pre-historia-a-romanizacao-caminha-celebra-o-seu-patrimonio-ancestral\/"},"author":{"name":"Andreia Barreiro","@id":"https:\/\/www.altominho.tv\/site\/#\/schema\/person\/4fa0996d8841f9d6cbb84eb43c555c2c"},"headline":"Da Pr\u00e9-Hist\u00f3ria \u00e0 Romaniza\u00e7\u00e3o: Caminha celebra o seu patrim\u00f3nio ancestral\u201d","datePublished":"2025-10-25T09:00:00+00:00","mainEntityOfPage":{"@id":"https:\/\/www.altominho.tv\/site\/2025\/10\/25\/da-pre-historia-a-romanizacao-caminha-celebra-o-seu-patrimonio-ancestral\/"},"wordCount":58,"image":{"@id":"https:\/\/www.altominho.tv\/site\/2025\/10\/25\/da-pre-historia-a-romanizacao-caminha-celebra-o-seu-patrimonio-ancestral\/#primaryimage"},"thumbnailUrl":"https:\/\/www.altominho.tv\/site\/wp-content\/uploads\/2025\/10\/piroga.jpg","keywords":["Sociedade"],"articleSection":["Caminha"],"inLanguage":"pt-PT","copyrightYear":"2025","copyrightHolder":{"@id":"https:\/\/www.altominho.tv\/site\/#organization"}},{"@type":"WebPage","@id":"https:\/\/www.altominho.tv\/site\/2025\/10\/25\/da-pre-historia-a-romanizacao-caminha-celebra-o-seu-patrimonio-ancestral\/","url":"https:\/\/www.altominho.tv\/site\/2025\/10\/25\/da-pre-historia-a-romanizacao-caminha-celebra-o-seu-patrimonio-ancestral\/","name":"Da Pr\u00e9-Hist\u00f3ria \u00e0 Romaniza\u00e7\u00e3o: Caminha celebra o seu patrim\u00f3nio ancestral\u201d","isPartOf":{"@id":"https:\/\/www.altominho.tv\/site\/#website"},"primaryImageOfPage":{"@id":"https:\/\/www.altominho.tv\/site\/2025\/10\/25\/da-pre-historia-a-romanizacao-caminha-celebra-o-seu-patrimonio-ancestral\/#primaryimage"},"image":{"@id":"https:\/\/www.altominho.tv\/site\/2025\/10\/25\/da-pre-historia-a-romanizacao-caminha-celebra-o-seu-patrimonio-ancestral\/#primaryimage"},"thumbnailUrl":"https:\/\/www.altominho.tv\/site\/wp-content\/uploads\/2025\/10\/piroga.jpg","datePublished":"2025-10-25T09:00:00+00:00","author":{"@id":"https:\/\/www.altominho.tv\/site\/#\/schema\/person\/4fa0996d8841f9d6cbb84eb43c555c2c"},"breadcrumb":{"@id":"https:\/\/www.altominho.tv\/site\/2025\/10\/25\/da-pre-historia-a-romanizacao-caminha-celebra-o-seu-patrimonio-ancestral\/#breadcrumb"},"inLanguage":"pt-PT","potentialAction":[{"@type":"ReadAction","target":["https:\/\/www.altominho.tv\/site\/2025\/10\/25\/da-pre-historia-a-romanizacao-caminha-celebra-o-seu-patrimonio-ancestral\/"]}]},{"@type":"ImageObject","inLanguage":"pt-PT","@id":"https:\/\/www.altominho.tv\/site\/2025\/10\/25\/da-pre-historia-a-romanizacao-caminha-celebra-o-seu-patrimonio-ancestral\/#primaryimage","url":"https:\/\/www.altominho.tv\/site\/wp-content\/uploads\/2025\/10\/piroga.jpg","contentUrl":"https:\/\/www.altominho.tv\/site\/wp-content\/uploads\/2025\/10\/piroga.jpg","width":1920,"height":1080},{"@type":"BreadcrumbList","@id":"https:\/\/www.altominho.tv\/site\/2025\/10\/25\/da-pre-historia-a-romanizacao-caminha-celebra-o-seu-patrimonio-ancestral\/#breadcrumb","itemListElement":[{"@type":"ListItem","position":1,"name":"In\u00edcio","item":"https:\/\/www.altominho.tv\/site\/"},{"@type":"ListItem","position":2,"name":"Da Pr\u00e9-Hist\u00f3ria \u00e0 Romaniza\u00e7\u00e3o: Caminha celebra o seu patrim\u00f3nio ancestral\u201d"}]},{"@type":"WebSite","@id":"https:\/\/www.altominho.tv\/site\/#website","url":"https:\/\/www.altominho.tv\/site\/","name":"Altominho.tv","description":"A sua regi\u00e3o \u00e0 dist\u00e2ncia de um clique...","potentialAction":[{"@type":"SearchAction","target":{"@type":"EntryPoint","urlTemplate":"https:\/\/www.altominho.tv\/site\/?s={search_term_string}"},"query-input":{"@type":"PropertyValueSpecification","valueRequired":true,"valueName":"search_term_string"}}],"inLanguage":"pt-PT"},{"@type":"Person","@id":"https:\/\/www.altominho.tv\/site\/#\/schema\/person\/4fa0996d8841f9d6cbb84eb43c555c2c","name":"Andreia Barreiro","image":{"@type":"ImageObject","inLanguage":"pt-PT","@id":"https:\/\/www.altominho.tv\/site\/wp-content\/uploads\/2021\/01\/132443895_3480358142084005_3574327946369834311_o-150x150.jpg","url":"https:\/\/www.altominho.tv\/site\/wp-content\/uploads\/2021\/01\/132443895_3480358142084005_3574327946369834311_o-150x150.jpg","contentUrl":"https:\/\/www.altominho.tv\/site\/wp-content\/uploads\/2021\/01\/132443895_3480358142084005_3574327946369834311_o-150x150.jpg","caption":"Andreia Barreiro"},"url":"https:\/\/www.altominho.tv\/site\/author\/andreiabarreiro\/"}]}},"_links":{"self":[{"href":"https:\/\/www.altominho.tv\/site\/wp-json\/wp\/v2\/posts\/124510","targetHints":{"allow":["GET"]}}],"collection":[{"href":"https:\/\/www.altominho.tv\/site\/wp-json\/wp\/v2\/posts"}],"about":[{"href":"https:\/\/www.altominho.tv\/site\/wp-json\/wp\/v2\/types\/post"}],"author":[{"embeddable":true,"href":"https:\/\/www.altominho.tv\/site\/wp-json\/wp\/v2\/users\/10"}],"replies":[{"embeddable":true,"href":"https:\/\/www.altominho.tv\/site\/wp-json\/wp\/v2\/comments?post=124510"}],"version-history":[{"count":1,"href":"https:\/\/www.altominho.tv\/site\/wp-json\/wp\/v2\/posts\/124510\/revisions"}],"predecessor-version":[{"id":124512,"href":"https:\/\/www.altominho.tv\/site\/wp-json\/wp\/v2\/posts\/124510\/revisions\/124512"}],"wp:featuredmedia":[{"embeddable":true,"href":"https:\/\/www.altominho.tv\/site\/wp-json\/wp\/v2\/media\/124511"}],"wp:attachment":[{"href":"https:\/\/www.altominho.tv\/site\/wp-json\/wp\/v2\/media?parent=124510"}],"wp:term":[{"taxonomy":"category","embeddable":true,"href":"https:\/\/www.altominho.tv\/site\/wp-json\/wp\/v2\/categories?post=124510"},{"taxonomy":"post_tag","embeddable":true,"href":"https:\/\/www.altominho.tv\/site\/wp-json\/wp\/v2\/tags?post=124510"}],"curies":[{"name":"wp","href":"https:\/\/api.w.org\/{rel}","templated":true}]}}