{"id":124492,"date":"2025-10-24T15:48:32","date_gmt":"2025-10-24T14:48:32","guid":{"rendered":"https:\/\/www.altominho.tv\/site\/?p=124492"},"modified":"2025-10-24T15:48:35","modified_gmt":"2025-10-24T14:48:35","slug":"taxa-turistica-de-viana-do-castelo-rendeu-433-mil-euros","status":"publish","type":"post","link":"https:\/\/www.altominho.tv\/site\/2025\/10\/24\/taxa-turistica-de-viana-do-castelo-rendeu-433-mil-euros\/","title":{"rendered":"Taxa tur\u00edstica de Viana do Castelo rendeu 433 mil euros"},"content":{"rendered":"<p>A C\u00e2mara de Viana do Castelo arrecadou desde agosto de 2024 at\u00e9 hoje 433.550 euros com a cobran\u00e7a da taxa tur\u00edstica municipal de 1,50 euros na \u00e9poca alta e um euro na \u00e9poca baixa, disse hoje o presidente.<\/p>\n<p>Em declara\u00e7\u00f5es \u00e0 ag\u00eancia Lusa, Lu\u00eds Nobre adiantou que o munic\u00edpio vai manter, em 2026, o valor cobrado aos turistas que pernoitam nos hot\u00e9is e alojamentos locais da cidade.<\/p>\n<p>O autarca socialista explicou que aquele montante \u201cvai ser aplicado em iniciativas como a manuten\u00e7\u00e3o do mobili\u00e1rio urbano, no refor\u00e7o da limpeza urbana e na promo\u00e7\u00e3o e realiza\u00e7\u00e3o de eventos\u201d.<\/p>\n<p>Lu\u00eds Nobre apontou como exemplo o apoio \u00e0 produ\u00e7\u00e3o do filme de anima\u00e7\u00e3o &#8220;Viana \u2013 A Lenda dos Cora\u00e7\u00f5es de Ouro&#8221;, apresentado na noite de quinta-feira no teatro municipal S\u00e1 de Miranda, local onde ocorrer\u00e1 a antestreia, no ver\u00e3o de 2026.<\/p>\n<p>O autarca disse que o munic\u00edpio atribuiu \u201cum apoio de 65 mil \u00e0 produtora do filme &#8211; Watermelon Productions &#8211; e adiantou que aquele montante ser\u00e1 \u201crefor\u00e7ado\u201d, sem especificar o valor, por se tratar de &#8220;uma iniciativa \u00e0 escala global\u201d, que n\u00e3o \u00e9 para ficar entre muros, mas sim para projetar a cidade, o patrim\u00f3nio, a identidade, e os valores culturais pelo mundo&#8221;.<\/p>\n<p>A produ\u00e7\u00e3o do filme, em curso h\u00e1 cinco anos, num investimento de 10 milh\u00f5es de euros, envolve cerca de 200 pessoas e reproduz em 68 cen\u00e1rios inspirados na capital do Alto Minho.<\/p>\n<p>O filme conta com 850 p\u00e1ginas escritas, 2.250 sequ\u00eancias, ser\u00e1 lan\u00e7ado em portugu\u00eas e ingl\u00eas, estando a ser preparados eventos de lan\u00e7amento n\u00e3o s\u00f3 em Viana do Castelo, mas tamb\u00e9m em Londres e Nova Iorque.<\/p>\n<p>De acordo com o regulamento municipal relativo \u00e0 taxa tur\u00edstica, a \u201ctaxa de dormida \u00e9 devida por h\u00f3spede, com idade superior a 16 anos, e por noite, at\u00e9 a um m\u00e1ximo de cinco noites seguidas por pessoa e por estadia\u201d.<\/p>\n<p>Est\u00e3o abrangidas pela taxa as dormidas \u201cem qualquer tipologia de alojamento nos empreendimentos tur\u00edsticos e nos estabelecimentos de alojamento local situados no concelho\u201d.<\/p>\n<p>Isentos do pagamento ficam os h\u00f3spedes que se desloquem a Viana do Castelo a convite da c\u00e2mara, por motivos de sa\u00fade, os portadores de defici\u00eancia, com incapacidade igual ou superior a 60%, e os que, por raz\u00f5es de conflito e deslocados dos seus pa\u00edses de origem, residem temporariamente em Portugal\u201d.<\/p>\n<p>A autarquia de Viana do Castelo justificou a implementa\u00e7\u00e3o da taxa tur\u00edstica, no dia 06 de agosto de 2024, com \u201co aumento significativo do n\u00famero de estabelecimentos de alojamento local que, em 2014, era de oito unidades, passando para 408 unidades no ano de 2021\u201d, e o aumento de h\u00f3spedes e dormidas no concelho.<\/p>\n","protected":false},"excerpt":{"rendered":"<p>A C\u00e2mara de Viana do Castelo arrecadou desde agosto de 2024 at\u00e9 hoje 433.550 euros com a cobran\u00e7a da taxa tur\u00edstica municipal de 1,50 euros na \u00e9poca alta e um euro na \u00e9poca baixa, disse hoje o presidente. Em declara\u00e7\u00f5es \u00e0 ag\u00eancia Lusa, Lu\u00eds Nobre adiantou que o munic\u00edpio vai manter, em 2026, o valor [&hellip;]<\/p>\n","protected":false},"author":13,"featured_media":124493,"comment_status":"closed","ping_status":"closed","sticky":false,"template":"","format":"standard","meta":{"_exactmetrics_skip_tracking":false,"_exactmetrics_sitenote_active":false,"_exactmetrics_sitenote_note":"","_exactmetrics_sitenote_category":0,"footnotes":""},"categories":[14],"tags":[56329],"class_list":["post-124492","post","type-post","status-publish","format-standard","has-post-thumbnail","hentry","category-viana-do-castelo","tag-turismo"],"yoast_head":"<!-- This site is optimized with the Yoast SEO Premium plugin v27.4 (Yoast SEO v27.4) - https:\/\/yoast.com\/product\/yoast-seo-premium-wordpress\/ -->\n<title>Taxa tur\u00edstica de Viana do Castelo rendeu 433 mil euros<\/title>\n<meta name=\"description\" content=\"A C\u00e2mara de Viana do Castelo arrecadou desde agosto de 2024 at\u00e9 hoje 433.550 euros com a cobran\u00e7a da taxa tur\u00edstica municipal de 1,50 euros na \u00e9poca alta e um euro na \u00e9poca baixa\" \/>\n<meta name=\"robots\" content=\"index, follow, max-snippet:-1, max-image-preview:large, max-video-preview:-1\" \/>\n<link rel=\"canonical\" href=\"https:\/\/www.altominho.tv\/site\/2025\/10\/24\/taxa-turistica-de-viana-do-castelo-rendeu-433-mil-euros\/\" \/>\n<meta property=\"og:locale\" content=\"pt_PT\" \/>\n<meta property=\"og:type\" content=\"article\" \/>\n<meta property=\"og:title\" content=\"Taxa tur\u00edstica de Viana do Castelo rendeu 433 mil euros\" \/>\n<meta property=\"og:description\" content=\"A C\u00e2mara de Viana do Castelo arrecadou desde agosto de 2024 at\u00e9 hoje 433.550 euros com a cobran\u00e7a da taxa tur\u00edstica municipal de 1,50 euros na \u00e9poca alta e um euro na \u00e9poca baixa\" \/>\n<meta property=\"og:url\" content=\"https:\/\/www.altominho.tv\/site\/2025\/10\/24\/taxa-turistica-de-viana-do-castelo-rendeu-433-mil-euros\/\" \/>\n<meta property=\"og:site_name\" content=\"Altominho.tv\" \/>\n<meta property=\"article:publisher\" content=\"https:\/\/www.facebook.com\/altominhotv\" \/>\n<meta property=\"article:published_time\" content=\"2025-10-24T14:48:32+00:00\" \/>\n<meta property=\"article:modified_time\" content=\"2025-10-24T14:48:35+00:00\" \/>\n<meta property=\"og:image\" content=\"https:\/\/www.altominho.tv\/site\/wp-content\/uploads\/2025\/10\/viana.jpg\" \/>\n\t<meta property=\"og:image:width\" content=\"1200\" \/>\n\t<meta property=\"og:image:height\" content=\"630\" \/>\n\t<meta property=\"og:image:type\" content=\"image\/jpeg\" \/>\n<meta name=\"author\" content=\"Lusa\" \/>\n<meta name=\"twitter:card\" content=\"summary_large_image\" \/>\n<meta name=\"twitter:creator\" content=\"@altominhoTV\" \/>\n<meta name=\"twitter:site\" content=\"@altominhoTV\" \/>\n<meta name=\"twitter:label1\" content=\"Escrito por\" \/>\n\t<meta name=\"twitter:data1\" content=\"Lusa\" \/>\n\t<meta name=\"twitter:label2\" content=\"Tempo estimado de leitura\" \/>\n\t<meta name=\"twitter:data2\" content=\"3 minutos\" \/>\n<script type=\"application\/ld+json\" class=\"yoast-schema-graph\">{\"@context\":\"https:\\\/\\\/schema.org\",\"@graph\":[{\"@type\":\"Article\",\"@id\":\"https:\\\/\\\/www.altominho.tv\\\/site\\\/2025\\\/10\\\/24\\\/taxa-turistica-de-viana-do-castelo-rendeu-433-mil-euros\\\/#article\",\"isPartOf\":{\"@id\":\"https:\\\/\\\/www.altominho.tv\\\/site\\\/2025\\\/10\\\/24\\\/taxa-turistica-de-viana-do-castelo-rendeu-433-mil-euros\\\/\"},\"author\":{\"name\":\"Lusa\",\"@id\":\"https:\\\/\\\/www.altominho.tv\\\/site\\\/#\\\/schema\\\/person\\\/63f693da3e1899361cbe955c46f3232e\"},\"headline\":\"Taxa tur\u00edstica de Viana do Castelo rendeu 433 mil euros\",\"datePublished\":\"2025-10-24T14:48:32+00:00\",\"dateModified\":\"2025-10-24T14:48:35+00:00\",\"mainEntityOfPage\":{\"@id\":\"https:\\\/\\\/www.altominho.tv\\\/site\\\/2025\\\/10\\\/24\\\/taxa-turistica-de-viana-do-castelo-rendeu-433-mil-euros\\\/\"},\"wordCount\":467,\"image\":{\"@id\":\"https:\\\/\\\/www.altominho.tv\\\/site\\\/2025\\\/10\\\/24\\\/taxa-turistica-de-viana-do-castelo-rendeu-433-mil-euros\\\/#primaryimage\"},\"thumbnailUrl\":\"https:\\\/\\\/www.altominho.tv\\\/site\\\/wp-content\\\/uploads\\\/2025\\\/10\\\/viana.jpg\",\"keywords\":[\"Turismo\"],\"articleSection\":[\"Viana do Castelo\"],\"inLanguage\":\"pt-PT\",\"copyrightYear\":\"2025\",\"copyrightHolder\":{\"@id\":\"https:\\\/\\\/www.altominho.tv\\\/site\\\/#organization\"}},{\"@type\":\"WebPage\",\"@id\":\"https:\\\/\\\/www.altominho.tv\\\/site\\\/2025\\\/10\\\/24\\\/taxa-turistica-de-viana-do-castelo-rendeu-433-mil-euros\\\/\",\"url\":\"https:\\\/\\\/www.altominho.tv\\\/site\\\/2025\\\/10\\\/24\\\/taxa-turistica-de-viana-do-castelo-rendeu-433-mil-euros\\\/\",\"name\":\"Taxa tur\u00edstica de Viana do Castelo rendeu 433 mil euros\",\"isPartOf\":{\"@id\":\"https:\\\/\\\/www.altominho.tv\\\/site\\\/#website\"},\"primaryImageOfPage\":{\"@id\":\"https:\\\/\\\/www.altominho.tv\\\/site\\\/2025\\\/10\\\/24\\\/taxa-turistica-de-viana-do-castelo-rendeu-433-mil-euros\\\/#primaryimage\"},\"image\":{\"@id\":\"https:\\\/\\\/www.altominho.tv\\\/site\\\/2025\\\/10\\\/24\\\/taxa-turistica-de-viana-do-castelo-rendeu-433-mil-euros\\\/#primaryimage\"},\"thumbnailUrl\":\"https:\\\/\\\/www.altominho.tv\\\/site\\\/wp-content\\\/uploads\\\/2025\\\/10\\\/viana.jpg\",\"datePublished\":\"2025-10-24T14:48:32+00:00\",\"dateModified\":\"2025-10-24T14:48:35+00:00\",\"author\":{\"@id\":\"https:\\\/\\\/www.altominho.tv\\\/site\\\/#\\\/schema\\\/person\\\/63f693da3e1899361cbe955c46f3232e\"},\"description\":\"A C\u00e2mara de Viana do Castelo arrecadou desde agosto de 2024 at\u00e9 hoje 433.550 euros com a cobran\u00e7a da taxa tur\u00edstica municipal de 1,50 euros na \u00e9poca alta e um euro na \u00e9poca baixa\",\"breadcrumb\":{\"@id\":\"https:\\\/\\\/www.altominho.tv\\\/site\\\/2025\\\/10\\\/24\\\/taxa-turistica-de-viana-do-castelo-rendeu-433-mil-euros\\\/#breadcrumb\"},\"inLanguage\":\"pt-PT\",\"potentialAction\":[{\"@type\":\"ReadAction\",\"target\":[\"https:\\\/\\\/www.altominho.tv\\\/site\\\/2025\\\/10\\\/24\\\/taxa-turistica-de-viana-do-castelo-rendeu-433-mil-euros\\\/\"]}]},{\"@type\":\"ImageObject\",\"inLanguage\":\"pt-PT\",\"@id\":\"https:\\\/\\\/www.altominho.tv\\\/site\\\/2025\\\/10\\\/24\\\/taxa-turistica-de-viana-do-castelo-rendeu-433-mil-euros\\\/#primaryimage\",\"url\":\"https:\\\/\\\/www.altominho.tv\\\/site\\\/wp-content\\\/uploads\\\/2025\\\/10\\\/viana.jpg\",\"contentUrl\":\"https:\\\/\\\/www.altominho.tv\\\/site\\\/wp-content\\\/uploads\\\/2025\\\/10\\\/viana.jpg\",\"width\":1200,\"height\":630},{\"@type\":\"BreadcrumbList\",\"@id\":\"https:\\\/\\\/www.altominho.tv\\\/site\\\/2025\\\/10\\\/24\\\/taxa-turistica-de-viana-do-castelo-rendeu-433-mil-euros\\\/#breadcrumb\",\"itemListElement\":[{\"@type\":\"ListItem\",\"position\":1,\"name\":\"In\u00edcio\",\"item\":\"https:\\\/\\\/www.altominho.tv\\\/site\\\/\"},{\"@type\":\"ListItem\",\"position\":2,\"name\":\"Taxa tur\u00edstica de Viana do Castelo rendeu 433 mil euros\"}]},{\"@type\":\"WebSite\",\"@id\":\"https:\\\/\\\/www.altominho.tv\\\/site\\\/#website\",\"url\":\"https:\\\/\\\/www.altominho.tv\\\/site\\\/\",\"name\":\"Altominho.tv\",\"description\":\"A sua regi\u00e3o \u00e0 dist\u00e2ncia de um clique...\",\"potentialAction\":[{\"@type\":\"SearchAction\",\"target\":{\"@type\":\"EntryPoint\",\"urlTemplate\":\"https:\\\/\\\/www.altominho.tv\\\/site\\\/?s={search_term_string}\"},\"query-input\":{\"@type\":\"PropertyValueSpecification\",\"valueRequired\":true,\"valueName\":\"search_term_string\"}}],\"inLanguage\":\"pt-PT\"},{\"@type\":\"Person\",\"@id\":\"https:\\\/\\\/www.altominho.tv\\\/site\\\/#\\\/schema\\\/person\\\/63f693da3e1899361cbe955c46f3232e\",\"name\":\"Lusa\",\"image\":{\"@type\":\"ImageObject\",\"inLanguage\":\"pt-PT\",\"@id\":\"https:\\\/\\\/www.altominho.tv\\\/site\\\/wp-content\\\/uploads\\\/2019\\\/08\\\/LUSA_Logo.gif\",\"url\":\"https:\\\/\\\/www.altominho.tv\\\/site\\\/wp-content\\\/uploads\\\/2019\\\/08\\\/LUSA_Logo.gif\",\"contentUrl\":\"https:\\\/\\\/www.altominho.tv\\\/site\\\/wp-content\\\/uploads\\\/2019\\\/08\\\/LUSA_Logo.gif\",\"caption\":\"Lusa\"},\"sameAs\":[\"http:\\\/\\\/\\\/\\\/www.altominho.tv\\\/site\"],\"url\":\"https:\\\/\\\/www.altominho.tv\\\/site\\\/author\\\/lusa\\\/\"}]}<\/script>\n<!-- \/ Yoast SEO Premium plugin. -->","yoast_head_json":{"title":"Taxa tur\u00edstica de Viana do Castelo rendeu 433 mil euros","description":"A C\u00e2mara de Viana do Castelo arrecadou desde agosto de 2024 at\u00e9 hoje 433.550 euros com a cobran\u00e7a da taxa tur\u00edstica municipal de 1,50 euros na \u00e9poca alta e um euro na \u00e9poca baixa","robots":{"index":"index","follow":"follow","max-snippet":"max-snippet:-1","max-image-preview":"max-image-preview:large","max-video-preview":"max-video-preview:-1"},"canonical":"https:\/\/www.altominho.tv\/site\/2025\/10\/24\/taxa-turistica-de-viana-do-castelo-rendeu-433-mil-euros\/","og_locale":"pt_PT","og_type":"article","og_title":"Taxa tur\u00edstica de Viana do Castelo rendeu 433 mil euros","og_description":"A C\u00e2mara de Viana do Castelo arrecadou desde agosto de 2024 at\u00e9 hoje 433.550 euros com a cobran\u00e7a da taxa tur\u00edstica municipal de 1,50 euros na \u00e9poca alta e um euro na \u00e9poca baixa","og_url":"https:\/\/www.altominho.tv\/site\/2025\/10\/24\/taxa-turistica-de-viana-do-castelo-rendeu-433-mil-euros\/","og_site_name":"Altominho.tv","article_publisher":"https:\/\/www.facebook.com\/altominhotv","article_published_time":"2025-10-24T14:48:32+00:00","article_modified_time":"2025-10-24T14:48:35+00:00","og_image":[{"width":1200,"height":630,"url":"https:\/\/www.altominho.tv\/site\/wp-content\/uploads\/2025\/10\/viana.jpg","type":"image\/jpeg"}],"author":"Lusa","twitter_card":"summary_large_image","twitter_creator":"@altominhoTV","twitter_site":"@altominhoTV","twitter_misc":{"Escrito por":"Lusa","Tempo estimado de leitura":"3 minutos"},"schema":{"@context":"https:\/\/schema.org","@graph":[{"@type":"Article","@id":"https:\/\/www.altominho.tv\/site\/2025\/10\/24\/taxa-turistica-de-viana-do-castelo-rendeu-433-mil-euros\/#article","isPartOf":{"@id":"https:\/\/www.altominho.tv\/site\/2025\/10\/24\/taxa-turistica-de-viana-do-castelo-rendeu-433-mil-euros\/"},"author":{"name":"Lusa","@id":"https:\/\/www.altominho.tv\/site\/#\/schema\/person\/63f693da3e1899361cbe955c46f3232e"},"headline":"Taxa tur\u00edstica de Viana do Castelo rendeu 433 mil euros","datePublished":"2025-10-24T14:48:32+00:00","dateModified":"2025-10-24T14:48:35+00:00","mainEntityOfPage":{"@id":"https:\/\/www.altominho.tv\/site\/2025\/10\/24\/taxa-turistica-de-viana-do-castelo-rendeu-433-mil-euros\/"},"wordCount":467,"image":{"@id":"https:\/\/www.altominho.tv\/site\/2025\/10\/24\/taxa-turistica-de-viana-do-castelo-rendeu-433-mil-euros\/#primaryimage"},"thumbnailUrl":"https:\/\/www.altominho.tv\/site\/wp-content\/uploads\/2025\/10\/viana.jpg","keywords":["Turismo"],"articleSection":["Viana do Castelo"],"inLanguage":"pt-PT","copyrightYear":"2025","copyrightHolder":{"@id":"https:\/\/www.altominho.tv\/site\/#organization"}},{"@type":"WebPage","@id":"https:\/\/www.altominho.tv\/site\/2025\/10\/24\/taxa-turistica-de-viana-do-castelo-rendeu-433-mil-euros\/","url":"https:\/\/www.altominho.tv\/site\/2025\/10\/24\/taxa-turistica-de-viana-do-castelo-rendeu-433-mil-euros\/","name":"Taxa tur\u00edstica de Viana do Castelo rendeu 433 mil euros","isPartOf":{"@id":"https:\/\/www.altominho.tv\/site\/#website"},"primaryImageOfPage":{"@id":"https:\/\/www.altominho.tv\/site\/2025\/10\/24\/taxa-turistica-de-viana-do-castelo-rendeu-433-mil-euros\/#primaryimage"},"image":{"@id":"https:\/\/www.altominho.tv\/site\/2025\/10\/24\/taxa-turistica-de-viana-do-castelo-rendeu-433-mil-euros\/#primaryimage"},"thumbnailUrl":"https:\/\/www.altominho.tv\/site\/wp-content\/uploads\/2025\/10\/viana.jpg","datePublished":"2025-10-24T14:48:32+00:00","dateModified":"2025-10-24T14:48:35+00:00","author":{"@id":"https:\/\/www.altominho.tv\/site\/#\/schema\/person\/63f693da3e1899361cbe955c46f3232e"},"description":"A C\u00e2mara de Viana do Castelo arrecadou desde agosto de 2024 at\u00e9 hoje 433.550 euros com a cobran\u00e7a da taxa tur\u00edstica municipal de 1,50 euros na \u00e9poca alta e um euro na \u00e9poca baixa","breadcrumb":{"@id":"https:\/\/www.altominho.tv\/site\/2025\/10\/24\/taxa-turistica-de-viana-do-castelo-rendeu-433-mil-euros\/#breadcrumb"},"inLanguage":"pt-PT","potentialAction":[{"@type":"ReadAction","target":["https:\/\/www.altominho.tv\/site\/2025\/10\/24\/taxa-turistica-de-viana-do-castelo-rendeu-433-mil-euros\/"]}]},{"@type":"ImageObject","inLanguage":"pt-PT","@id":"https:\/\/www.altominho.tv\/site\/2025\/10\/24\/taxa-turistica-de-viana-do-castelo-rendeu-433-mil-euros\/#primaryimage","url":"https:\/\/www.altominho.tv\/site\/wp-content\/uploads\/2025\/10\/viana.jpg","contentUrl":"https:\/\/www.altominho.tv\/site\/wp-content\/uploads\/2025\/10\/viana.jpg","width":1200,"height":630},{"@type":"BreadcrumbList","@id":"https:\/\/www.altominho.tv\/site\/2025\/10\/24\/taxa-turistica-de-viana-do-castelo-rendeu-433-mil-euros\/#breadcrumb","itemListElement":[{"@type":"ListItem","position":1,"name":"In\u00edcio","item":"https:\/\/www.altominho.tv\/site\/"},{"@type":"ListItem","position":2,"name":"Taxa tur\u00edstica de Viana do Castelo rendeu 433 mil euros"}]},{"@type":"WebSite","@id":"https:\/\/www.altominho.tv\/site\/#website","url":"https:\/\/www.altominho.tv\/site\/","name":"Altominho.tv","description":"A sua regi\u00e3o \u00e0 dist\u00e2ncia de um clique...","potentialAction":[{"@type":"SearchAction","target":{"@type":"EntryPoint","urlTemplate":"https:\/\/www.altominho.tv\/site\/?s={search_term_string}"},"query-input":{"@type":"PropertyValueSpecification","valueRequired":true,"valueName":"search_term_string"}}],"inLanguage":"pt-PT"},{"@type":"Person","@id":"https:\/\/www.altominho.tv\/site\/#\/schema\/person\/63f693da3e1899361cbe955c46f3232e","name":"Lusa","image":{"@type":"ImageObject","inLanguage":"pt-PT","@id":"https:\/\/www.altominho.tv\/site\/wp-content\/uploads\/2019\/08\/LUSA_Logo.gif","url":"https:\/\/www.altominho.tv\/site\/wp-content\/uploads\/2019\/08\/LUSA_Logo.gif","contentUrl":"https:\/\/www.altominho.tv\/site\/wp-content\/uploads\/2019\/08\/LUSA_Logo.gif","caption":"Lusa"},"sameAs":["http:\/\/\/\/www.altominho.tv\/site"],"url":"https:\/\/www.altominho.tv\/site\/author\/lusa\/"}]}},"_links":{"self":[{"href":"https:\/\/www.altominho.tv\/site\/wp-json\/wp\/v2\/posts\/124492","targetHints":{"allow":["GET"]}}],"collection":[{"href":"https:\/\/www.altominho.tv\/site\/wp-json\/wp\/v2\/posts"}],"about":[{"href":"https:\/\/www.altominho.tv\/site\/wp-json\/wp\/v2\/types\/post"}],"author":[{"embeddable":true,"href":"https:\/\/www.altominho.tv\/site\/wp-json\/wp\/v2\/users\/13"}],"replies":[{"embeddable":true,"href":"https:\/\/www.altominho.tv\/site\/wp-json\/wp\/v2\/comments?post=124492"}],"version-history":[{"count":1,"href":"https:\/\/www.altominho.tv\/site\/wp-json\/wp\/v2\/posts\/124492\/revisions"}],"predecessor-version":[{"id":124494,"href":"https:\/\/www.altominho.tv\/site\/wp-json\/wp\/v2\/posts\/124492\/revisions\/124494"}],"wp:featuredmedia":[{"embeddable":true,"href":"https:\/\/www.altominho.tv\/site\/wp-json\/wp\/v2\/media\/124493"}],"wp:attachment":[{"href":"https:\/\/www.altominho.tv\/site\/wp-json\/wp\/v2\/media?parent=124492"}],"wp:term":[{"taxonomy":"category","embeddable":true,"href":"https:\/\/www.altominho.tv\/site\/wp-json\/wp\/v2\/categories?post=124492"},{"taxonomy":"post_tag","embeddable":true,"href":"https:\/\/www.altominho.tv\/site\/wp-json\/wp\/v2\/tags?post=124492"}],"curies":[{"name":"wp","href":"https:\/\/api.w.org\/{rel}","templated":true}]}}