{"id":124383,"date":"2025-10-21T09:11:36","date_gmt":"2025-10-21T08:11:36","guid":{"rendered":"https:\/\/www.altominho.tv\/site\/?p=124383"},"modified":"2025-10-21T09:11:38","modified_gmt":"2025-10-21T08:11:38","slug":"presidente-eleito-da-camara-de-melgaco-promete-seguro-de-saude-para-residentes","status":"publish","type":"post","link":"https:\/\/www.altominho.tv\/site\/2025\/10\/21\/presidente-eleito-da-camara-de-melgaco-promete-seguro-de-saude-para-residentes\/","title":{"rendered":"Presidente eleito da C\u00e2mara de Melga\u00e7o promete seguro de sa\u00fade para residentes"},"content":{"rendered":"\n<p>O presidente eleito da C\u00e2mara de Melga\u00e7o (PSD\/CDS-PP) est\u00e1 preocupado com as finan\u00e7as municipais mas garante que a prioridade do mandato \u00e9 criar um seguro de sa\u00fade para residentes, num investimento estimado de 300 mil euros anuais.<\/p>\n\n\n\n<p><br>\u201cEste seguro, este cart\u00e3o de sa\u00fade municipal, proporcionaria coberturas, de uma forma gratuita para os residentes, a consultas de medicina geral e familiar, a consultas de um leque alargado de especialidades e o transporte seria proporcionado tamb\u00e9m por essa empresa vencedora [de um concurso p\u00fablico lan\u00e7ado para o efeito] para a realiza\u00e7\u00e3o de exames e consultas\u201d, afirmou, em entrevista \u00e0 Lusa, Albano Domingues, que a 12 de outubro venceu as elei\u00e7\u00f5es aut\u00e1rquicas naquele concelho do distrito de Viana do Castelo, pondo fim a 43 anos de poder socialista.<\/p>\n\n\n\n<p><br>Ainda sem decidir se vai fazer uma auditoria \u00e0s contas do munic\u00edpio, o futuro presidente de C\u00e2mara, que toma posse no s\u00e1bado, espera n\u00e3o ter de \u201cdeixar cair\u201d outros projetos, mas se tiver de fazer op\u00e7\u00f5es, diz que a sa\u00fade est\u00e1 \u201cna primeira linha das prioridades\u201d.<\/p>\n\n\n\n<p><br>O candidato do PSD\/CDS-PP, que foi deputado municipal eleito pelo PSD nos dois \u00faltimos mandatos, explicou que a ideia \u00e9 elaborar um caderno de encargos para um concurso p\u00fablico internacional e &#8220;uma vez selecionada a proposta vencedora, os residentes seriam convidados a inscrever-se para poderem ter acesso a esse seguro, atrav\u00e9s do cart\u00e3o de sa\u00fade municipal\u201d, descreveu.<\/p>\n\n\n\n<p><br>Tendo em conta o n\u00famero de habitantes do concelho, que \u201candar\u00e1 na ordem dos 7.400 habitantes\u201d, o projeto ter\u00e1 um custo de cerca de 300 mil euros por ano.<\/p>\n\n\n\n<p><br>Albano Domingues admitiu que poder\u00e1 &#8220;estar limitado pela situa\u00e7\u00e3o financeira do munic\u00edpio, que n\u00e3o \u00e9 famosa, tendo em conta aquilo que s\u00e3o dados oficiais&#8221;, que apontam para &#8220;mais de 26 milh\u00f5es de euros de passivo&#8221; e &#8220;quase seis meses para pagar a fornecedores&#8221;.<\/p>\n\n\n\n<p><br>Sobre a possibilidade de ordenar uma auditoria as finan\u00e7as, admitiu que \u201c\u00e9 uma possibilidade\u201d, assegurando que \u201ca decis\u00e3o ainda n\u00e3o est\u00e1 tomada\u201d.<\/p>\n\n\n\n<p><br>\u201cQuanto ao cart\u00e3o de sa\u00fade, n\u00e3o estamos a falar de milh\u00f5es. Devo dizer que o munic\u00edpio gasta, por exemplo, com o certame da festa do Alvarinho e do Fumeiro um montante desta ordem de valores. E injeta, no centro de est\u00e1gios, cerca de um milh\u00e3o de euros. Se o dinheiro n\u00e3o chegar para tudo, teremos que estabelecer uma ordem de prioridades\u201d, frisou.<\/p>\n\n\n\n<p><br>Albano Domingues explicou que, atualmente, no centro de sa\u00fade de Melga\u00e7o, esperam-se entre \u201ctr\u00eas a cinco meses\u201d para uma consulta e \u201co tempo n\u00e3o \u00e9 s\u00f3 dinheiro, \u00e9 sa\u00fade e \u00e9 vida\u201d.<\/p>\n\n\n\n<p><br>Outra das prioridades \u00e9 \u201cestancar a sangria populacional\u201d no concelho, o que significa tamb\u00e9m atrair investimento e postos de trabalho, porque atualmente os maiores empregadores do concelho s\u00e3o a C\u00e2mara e a Santa Casa da Miseric\u00f3rdia, revelou.<\/p>\n\n\n\n<p><br>\u201cPrecisamos imensamente dos nossos jovens, n\u00e3o s\u00f3 para estarem junto das suas fam\u00edlias, mas para tamb\u00e9m criarem din\u00e2micas de toda a ordem. S\u00f3 conseguiremos criar condi\u00e7\u00f5es se houver aqui postos de trabalho para eles ocuparem, porque o fator principal \u00e9 criar postos de trabalho para eles poderem ter aqui o sal\u00e1rio, formar fam\u00edlias e sustent\u00e1-las\u201d, indicou.<\/p>\n\n\n\n<p><br>Reconhecendo que o tecido empresarial do concelho \u201cn\u00e3o \u00e9 muito vasto\u201d, Albano Domingues assinalou que a aposta passa pela atra\u00e7\u00e3o de investimento, revelando que, desde a elei\u00e7\u00e3o, j\u00e1 foi contactado por \u201cv\u00e1rios investidores interessados\u201d em Melga\u00e7o.<\/p>\n\n\n\n<p><br>O presidente eleito assinala ainda como preocupa\u00e7\u00f5es \u201ca falta de habita\u00e7\u00e3o para os jovens e para os estudantes\u201d e a rede de transportes, \u201cque \u00e9 deficit\u00e1ria\u201d.<\/p>\n\n\n\n<p><br>\u201cH\u00e1 muito trabalho a desenvolver e se h\u00e1 uma coisa que caracteriza esta candidatura e a minha pessoa em concreto \u00e9 essa capacidade de trabalho e \u00e9 para isso que c\u00e1 estamos\u201d, prometeu.<\/p>\n\n\n\n<p><br>Nas elei\u00e7\u00f5es de 12 de outubro, para a C\u00e2mara Municipal, a coliga\u00e7\u00e3o PSD\/CDS-PP obteve 53%, elegendo tr\u00eas elementos, enquanto o PS alcan\u00e7ou os 40,77% e dois mandatos.<\/p>\n\n\n\n<p><\/p>\n","protected":false},"excerpt":{"rendered":"<p>O presidente eleito da C\u00e2mara de Melga\u00e7o (PSD\/CDS-PP) est\u00e1 preocupado com as finan\u00e7as municipais mas garante que a prioridade do mandato \u00e9 criar um seguro de sa\u00fade para residentes, num investimento estimado de 300 mil euros anuais. \u201cEste seguro, este cart\u00e3o de sa\u00fade municipal, proporcionaria coberturas, de uma forma gratuita para os residentes, a consultas [&hellip;]<\/p>\n","protected":false},"author":1,"featured_media":124384,"comment_status":"closed","ping_status":"closed","sticky":false,"template":"","format":"standard","meta":{"_exactmetrics_skip_tracking":false,"_exactmetrics_sitenote_active":false,"_exactmetrics_sitenote_note":"","_exactmetrics_sitenote_category":0,"footnotes":""},"categories":[8],"tags":[56326],"class_list":["post-124383","post","type-post","status-publish","format-standard","has-post-thumbnail","hentry","category-melgaco","tag-politica"],"yoast_head":"<!-- This site is optimized with the Yoast SEO Premium plugin v27.5 (Yoast SEO v27.5) - https:\/\/yoast.com\/product\/yoast-seo-premium-wordpress\/ -->\n<title>Presidente eleito da C\u00e2mara de Melga\u00e7o promete seguro de sa\u00fade para residentes<\/title>\n<meta name=\"robots\" content=\"index, follow, max-snippet:-1, max-image-preview:large, max-video-preview:-1\" \/>\n<link rel=\"canonical\" href=\"https:\/\/www.altominho.tv\/site\/2025\/10\/21\/presidente-eleito-da-camara-de-melgaco-promete-seguro-de-saude-para-residentes\/\" \/>\n<meta property=\"og:locale\" content=\"pt_PT\" \/>\n<meta property=\"og:type\" content=\"article\" \/>\n<meta property=\"og:title\" content=\"Presidente eleito da C\u00e2mara de Melga\u00e7o promete seguro de sa\u00fade para residentes\" \/>\n<meta property=\"og:description\" content=\"O presidente eleito da C\u00e2mara de Melga\u00e7o (PSD\/CDS-PP) est\u00e1 preocupado com as finan\u00e7as municipais mas garante que a prioridade do mandato \u00e9 criar um seguro de sa\u00fade para residentes, num investimento estimado de 300 mil euros anuais. \u201cEste seguro, este cart\u00e3o de sa\u00fade municipal, proporcionaria coberturas, de uma forma gratuita para os residentes, a consultas [&hellip;]\" \/>\n<meta property=\"og:url\" content=\"https:\/\/www.altominho.tv\/site\/2025\/10\/21\/presidente-eleito-da-camara-de-melgaco-promete-seguro-de-saude-para-residentes\/\" \/>\n<meta property=\"og:site_name\" content=\"Altominho.tv\" \/>\n<meta property=\"article:publisher\" content=\"https:\/\/www.facebook.com\/altominhotv\" \/>\n<meta property=\"article:published_time\" content=\"2025-10-21T08:11:36+00:00\" \/>\n<meta property=\"article:modified_time\" content=\"2025-10-21T08:11:38+00:00\" \/>\n<meta property=\"og:image\" content=\"https:\/\/www.altominho.tv\/site\/wp-content\/uploads\/2025\/10\/BASE-FB-logo-Preto-1200-x-630-px-1.png\" \/>\n\t<meta property=\"og:image:width\" content=\"1200\" \/>\n\t<meta property=\"og:image:height\" content=\"630\" \/>\n\t<meta property=\"og:image:type\" content=\"image\/png\" \/>\n<meta name=\"author\" content=\"Altominho.tv\" \/>\n<meta name=\"twitter:card\" content=\"summary_large_image\" \/>\n<meta name=\"twitter:creator\" content=\"@altominhoTV\" \/>\n<meta name=\"twitter:site\" content=\"@altominhoTV\" \/>\n<meta name=\"twitter:label1\" content=\"Escrito por\" \/>\n\t<meta name=\"twitter:data1\" content=\"Altominho.tv\" \/>\n\t<meta name=\"twitter:label2\" content=\"Tempo estimado de leitura\" \/>\n\t<meta name=\"twitter:data2\" content=\"4 minutos\" \/>\n<script type=\"application\/ld+json\" class=\"yoast-schema-graph\">{\"@context\":\"https:\\\/\\\/schema.org\",\"@graph\":[{\"@type\":\"Article\",\"@id\":\"https:\\\/\\\/www.altominho.tv\\\/site\\\/2025\\\/10\\\/21\\\/presidente-eleito-da-camara-de-melgaco-promete-seguro-de-saude-para-residentes\\\/#article\",\"isPartOf\":{\"@id\":\"https:\\\/\\\/www.altominho.tv\\\/site\\\/2025\\\/10\\\/21\\\/presidente-eleito-da-camara-de-melgaco-promete-seguro-de-saude-para-residentes\\\/\"},\"author\":{\"name\":\"Altominho.tv\",\"@id\":\"https:\\\/\\\/www.altominho.tv\\\/site\\\/#\\\/schema\\\/person\\\/4e536851627d7914baf3dac752b6af22\"},\"headline\":\"Presidente eleito da C\u00e2mara de Melga\u00e7o promete seguro de sa\u00fade para residentes\",\"datePublished\":\"2025-10-21T08:11:36+00:00\",\"dateModified\":\"2025-10-21T08:11:38+00:00\",\"mainEntityOfPage\":{\"@id\":\"https:\\\/\\\/www.altominho.tv\\\/site\\\/2025\\\/10\\\/21\\\/presidente-eleito-da-camara-de-melgaco-promete-seguro-de-saude-para-residentes\\\/\"},\"wordCount\":695,\"image\":{\"@id\":\"https:\\\/\\\/www.altominho.tv\\\/site\\\/2025\\\/10\\\/21\\\/presidente-eleito-da-camara-de-melgaco-promete-seguro-de-saude-para-residentes\\\/#primaryimage\"},\"thumbnailUrl\":\"https:\\\/\\\/www.altominho.tv\\\/site\\\/wp-content\\\/uploads\\\/2025\\\/10\\\/BASE-FB-logo-Preto-1200-x-630-px-1.png\",\"keywords\":[\"Pol\u00edtica\"],\"articleSection\":[\"Melga\u00e7o\"],\"inLanguage\":\"pt-PT\",\"copyrightYear\":\"2025\",\"copyrightHolder\":{\"@id\":\"https:\\\/\\\/www.altominho.tv\\\/site\\\/#organization\"}},{\"@type\":\"WebPage\",\"@id\":\"https:\\\/\\\/www.altominho.tv\\\/site\\\/2025\\\/10\\\/21\\\/presidente-eleito-da-camara-de-melgaco-promete-seguro-de-saude-para-residentes\\\/\",\"url\":\"https:\\\/\\\/www.altominho.tv\\\/site\\\/2025\\\/10\\\/21\\\/presidente-eleito-da-camara-de-melgaco-promete-seguro-de-saude-para-residentes\\\/\",\"name\":\"Presidente eleito da C\u00e2mara de Melga\u00e7o promete seguro de sa\u00fade para residentes\",\"isPartOf\":{\"@id\":\"https:\\\/\\\/www.altominho.tv\\\/site\\\/#website\"},\"primaryImageOfPage\":{\"@id\":\"https:\\\/\\\/www.altominho.tv\\\/site\\\/2025\\\/10\\\/21\\\/presidente-eleito-da-camara-de-melgaco-promete-seguro-de-saude-para-residentes\\\/#primaryimage\"},\"image\":{\"@id\":\"https:\\\/\\\/www.altominho.tv\\\/site\\\/2025\\\/10\\\/21\\\/presidente-eleito-da-camara-de-melgaco-promete-seguro-de-saude-para-residentes\\\/#primaryimage\"},\"thumbnailUrl\":\"https:\\\/\\\/www.altominho.tv\\\/site\\\/wp-content\\\/uploads\\\/2025\\\/10\\\/BASE-FB-logo-Preto-1200-x-630-px-1.png\",\"datePublished\":\"2025-10-21T08:11:36+00:00\",\"dateModified\":\"2025-10-21T08:11:38+00:00\",\"author\":{\"@id\":\"https:\\\/\\\/www.altominho.tv\\\/site\\\/#\\\/schema\\\/person\\\/4e536851627d7914baf3dac752b6af22\"},\"breadcrumb\":{\"@id\":\"https:\\\/\\\/www.altominho.tv\\\/site\\\/2025\\\/10\\\/21\\\/presidente-eleito-da-camara-de-melgaco-promete-seguro-de-saude-para-residentes\\\/#breadcrumb\"},\"inLanguage\":\"pt-PT\",\"potentialAction\":[{\"@type\":\"ReadAction\",\"target\":[\"https:\\\/\\\/www.altominho.tv\\\/site\\\/2025\\\/10\\\/21\\\/presidente-eleito-da-camara-de-melgaco-promete-seguro-de-saude-para-residentes\\\/\"]}]},{\"@type\":\"ImageObject\",\"inLanguage\":\"pt-PT\",\"@id\":\"https:\\\/\\\/www.altominho.tv\\\/site\\\/2025\\\/10\\\/21\\\/presidente-eleito-da-camara-de-melgaco-promete-seguro-de-saude-para-residentes\\\/#primaryimage\",\"url\":\"https:\\\/\\\/www.altominho.tv\\\/site\\\/wp-content\\\/uploads\\\/2025\\\/10\\\/BASE-FB-logo-Preto-1200-x-630-px-1.png\",\"contentUrl\":\"https:\\\/\\\/www.altominho.tv\\\/site\\\/wp-content\\\/uploads\\\/2025\\\/10\\\/BASE-FB-logo-Preto-1200-x-630-px-1.png\",\"width\":1200,\"height\":630},{\"@type\":\"BreadcrumbList\",\"@id\":\"https:\\\/\\\/www.altominho.tv\\\/site\\\/2025\\\/10\\\/21\\\/presidente-eleito-da-camara-de-melgaco-promete-seguro-de-saude-para-residentes\\\/#breadcrumb\",\"itemListElement\":[{\"@type\":\"ListItem\",\"position\":1,\"name\":\"In\u00edcio\",\"item\":\"https:\\\/\\\/www.altominho.tv\\\/site\\\/\"},{\"@type\":\"ListItem\",\"position\":2,\"name\":\"Presidente eleito da C\u00e2mara de Melga\u00e7o promete seguro de sa\u00fade para residentes\"}]},{\"@type\":\"WebSite\",\"@id\":\"https:\\\/\\\/www.altominho.tv\\\/site\\\/#website\",\"url\":\"https:\\\/\\\/www.altominho.tv\\\/site\\\/\",\"name\":\"Altominho.tv\",\"description\":\"A sua regi\u00e3o \u00e0 dist\u00e2ncia de um clique...\",\"potentialAction\":[{\"@type\":\"SearchAction\",\"target\":{\"@type\":\"EntryPoint\",\"urlTemplate\":\"https:\\\/\\\/www.altominho.tv\\\/site\\\/?s={search_term_string}\"},\"query-input\":{\"@type\":\"PropertyValueSpecification\",\"valueRequired\":true,\"valueName\":\"search_term_string\"}}],\"inLanguage\":\"pt-PT\"},{\"@type\":\"Person\",\"@id\":\"https:\\\/\\\/www.altominho.tv\\\/site\\\/#\\\/schema\\\/person\\\/4e536851627d7914baf3dac752b6af22\",\"name\":\"Altominho.tv\",\"image\":{\"@type\":\"ImageObject\",\"inLanguage\":\"pt-PT\",\"@id\":\"https:\\\/\\\/www.altominho.tv\\\/site\\\/wp-content\\\/uploads\\\/2019\\\/11\\\/Logo_Avatar_2-150x150.jpg\",\"url\":\"https:\\\/\\\/www.altominho.tv\\\/site\\\/wp-content\\\/uploads\\\/2019\\\/11\\\/Logo_Avatar_2-150x150.jpg\",\"contentUrl\":\"https:\\\/\\\/www.altominho.tv\\\/site\\\/wp-content\\\/uploads\\\/2019\\\/11\\\/Logo_Avatar_2-150x150.jpg\",\"caption\":\"Altominho.tv\"},\"url\":\"https:\\\/\\\/www.altominho.tv\\\/site\\\/author\\\/altominhotv-tecnico\\\/\"}]}<\/script>\n<!-- \/ Yoast SEO Premium plugin. -->","yoast_head_json":{"title":"Presidente eleito da C\u00e2mara de Melga\u00e7o promete seguro de sa\u00fade para residentes","robots":{"index":"index","follow":"follow","max-snippet":"max-snippet:-1","max-image-preview":"max-image-preview:large","max-video-preview":"max-video-preview:-1"},"canonical":"https:\/\/www.altominho.tv\/site\/2025\/10\/21\/presidente-eleito-da-camara-de-melgaco-promete-seguro-de-saude-para-residentes\/","og_locale":"pt_PT","og_type":"article","og_title":"Presidente eleito da C\u00e2mara de Melga\u00e7o promete seguro de sa\u00fade para residentes","og_description":"O presidente eleito da C\u00e2mara de Melga\u00e7o (PSD\/CDS-PP) est\u00e1 preocupado com as finan\u00e7as municipais mas garante que a prioridade do mandato \u00e9 criar um seguro de sa\u00fade para residentes, num investimento estimado de 300 mil euros anuais. \u201cEste seguro, este cart\u00e3o de sa\u00fade municipal, proporcionaria coberturas, de uma forma gratuita para os residentes, a consultas [&hellip;]","og_url":"https:\/\/www.altominho.tv\/site\/2025\/10\/21\/presidente-eleito-da-camara-de-melgaco-promete-seguro-de-saude-para-residentes\/","og_site_name":"Altominho.tv","article_publisher":"https:\/\/www.facebook.com\/altominhotv","article_published_time":"2025-10-21T08:11:36+00:00","article_modified_time":"2025-10-21T08:11:38+00:00","og_image":[{"width":1200,"height":630,"url":"https:\/\/www.altominho.tv\/site\/wp-content\/uploads\/2025\/10\/BASE-FB-logo-Preto-1200-x-630-px-1.png","type":"image\/png"}],"author":"Altominho.tv","twitter_card":"summary_large_image","twitter_creator":"@altominhoTV","twitter_site":"@altominhoTV","twitter_misc":{"Escrito por":"Altominho.tv","Tempo estimado de leitura":"4 minutos"},"schema":{"@context":"https:\/\/schema.org","@graph":[{"@type":"Article","@id":"https:\/\/www.altominho.tv\/site\/2025\/10\/21\/presidente-eleito-da-camara-de-melgaco-promete-seguro-de-saude-para-residentes\/#article","isPartOf":{"@id":"https:\/\/www.altominho.tv\/site\/2025\/10\/21\/presidente-eleito-da-camara-de-melgaco-promete-seguro-de-saude-para-residentes\/"},"author":{"name":"Altominho.tv","@id":"https:\/\/www.altominho.tv\/site\/#\/schema\/person\/4e536851627d7914baf3dac752b6af22"},"headline":"Presidente eleito da C\u00e2mara de Melga\u00e7o promete seguro de sa\u00fade para residentes","datePublished":"2025-10-21T08:11:36+00:00","dateModified":"2025-10-21T08:11:38+00:00","mainEntityOfPage":{"@id":"https:\/\/www.altominho.tv\/site\/2025\/10\/21\/presidente-eleito-da-camara-de-melgaco-promete-seguro-de-saude-para-residentes\/"},"wordCount":695,"image":{"@id":"https:\/\/www.altominho.tv\/site\/2025\/10\/21\/presidente-eleito-da-camara-de-melgaco-promete-seguro-de-saude-para-residentes\/#primaryimage"},"thumbnailUrl":"https:\/\/www.altominho.tv\/site\/wp-content\/uploads\/2025\/10\/BASE-FB-logo-Preto-1200-x-630-px-1.png","keywords":["Pol\u00edtica"],"articleSection":["Melga\u00e7o"],"inLanguage":"pt-PT","copyrightYear":"2025","copyrightHolder":{"@id":"https:\/\/www.altominho.tv\/site\/#organization"}},{"@type":"WebPage","@id":"https:\/\/www.altominho.tv\/site\/2025\/10\/21\/presidente-eleito-da-camara-de-melgaco-promete-seguro-de-saude-para-residentes\/","url":"https:\/\/www.altominho.tv\/site\/2025\/10\/21\/presidente-eleito-da-camara-de-melgaco-promete-seguro-de-saude-para-residentes\/","name":"Presidente eleito da C\u00e2mara de Melga\u00e7o promete seguro de sa\u00fade para residentes","isPartOf":{"@id":"https:\/\/www.altominho.tv\/site\/#website"},"primaryImageOfPage":{"@id":"https:\/\/www.altominho.tv\/site\/2025\/10\/21\/presidente-eleito-da-camara-de-melgaco-promete-seguro-de-saude-para-residentes\/#primaryimage"},"image":{"@id":"https:\/\/www.altominho.tv\/site\/2025\/10\/21\/presidente-eleito-da-camara-de-melgaco-promete-seguro-de-saude-para-residentes\/#primaryimage"},"thumbnailUrl":"https:\/\/www.altominho.tv\/site\/wp-content\/uploads\/2025\/10\/BASE-FB-logo-Preto-1200-x-630-px-1.png","datePublished":"2025-10-21T08:11:36+00:00","dateModified":"2025-10-21T08:11:38+00:00","author":{"@id":"https:\/\/www.altominho.tv\/site\/#\/schema\/person\/4e536851627d7914baf3dac752b6af22"},"breadcrumb":{"@id":"https:\/\/www.altominho.tv\/site\/2025\/10\/21\/presidente-eleito-da-camara-de-melgaco-promete-seguro-de-saude-para-residentes\/#breadcrumb"},"inLanguage":"pt-PT","potentialAction":[{"@type":"ReadAction","target":["https:\/\/www.altominho.tv\/site\/2025\/10\/21\/presidente-eleito-da-camara-de-melgaco-promete-seguro-de-saude-para-residentes\/"]}]},{"@type":"ImageObject","inLanguage":"pt-PT","@id":"https:\/\/www.altominho.tv\/site\/2025\/10\/21\/presidente-eleito-da-camara-de-melgaco-promete-seguro-de-saude-para-residentes\/#primaryimage","url":"https:\/\/www.altominho.tv\/site\/wp-content\/uploads\/2025\/10\/BASE-FB-logo-Preto-1200-x-630-px-1.png","contentUrl":"https:\/\/www.altominho.tv\/site\/wp-content\/uploads\/2025\/10\/BASE-FB-logo-Preto-1200-x-630-px-1.png","width":1200,"height":630},{"@type":"BreadcrumbList","@id":"https:\/\/www.altominho.tv\/site\/2025\/10\/21\/presidente-eleito-da-camara-de-melgaco-promete-seguro-de-saude-para-residentes\/#breadcrumb","itemListElement":[{"@type":"ListItem","position":1,"name":"In\u00edcio","item":"https:\/\/www.altominho.tv\/site\/"},{"@type":"ListItem","position":2,"name":"Presidente eleito da C\u00e2mara de Melga\u00e7o promete seguro de sa\u00fade para residentes"}]},{"@type":"WebSite","@id":"https:\/\/www.altominho.tv\/site\/#website","url":"https:\/\/www.altominho.tv\/site\/","name":"Altominho.tv","description":"A sua regi\u00e3o \u00e0 dist\u00e2ncia de um clique...","potentialAction":[{"@type":"SearchAction","target":{"@type":"EntryPoint","urlTemplate":"https:\/\/www.altominho.tv\/site\/?s={search_term_string}"},"query-input":{"@type":"PropertyValueSpecification","valueRequired":true,"valueName":"search_term_string"}}],"inLanguage":"pt-PT"},{"@type":"Person","@id":"https:\/\/www.altominho.tv\/site\/#\/schema\/person\/4e536851627d7914baf3dac752b6af22","name":"Altominho.tv","image":{"@type":"ImageObject","inLanguage":"pt-PT","@id":"https:\/\/www.altominho.tv\/site\/wp-content\/uploads\/2019\/11\/Logo_Avatar_2-150x150.jpg","url":"https:\/\/www.altominho.tv\/site\/wp-content\/uploads\/2019\/11\/Logo_Avatar_2-150x150.jpg","contentUrl":"https:\/\/www.altominho.tv\/site\/wp-content\/uploads\/2019\/11\/Logo_Avatar_2-150x150.jpg","caption":"Altominho.tv"},"url":"https:\/\/www.altominho.tv\/site\/author\/altominhotv-tecnico\/"}]}},"_links":{"self":[{"href":"https:\/\/www.altominho.tv\/site\/wp-json\/wp\/v2\/posts\/124383","targetHints":{"allow":["GET"]}}],"collection":[{"href":"https:\/\/www.altominho.tv\/site\/wp-json\/wp\/v2\/posts"}],"about":[{"href":"https:\/\/www.altominho.tv\/site\/wp-json\/wp\/v2\/types\/post"}],"author":[{"embeddable":true,"href":"https:\/\/www.altominho.tv\/site\/wp-json\/wp\/v2\/users\/1"}],"replies":[{"embeddable":true,"href":"https:\/\/www.altominho.tv\/site\/wp-json\/wp\/v2\/comments?post=124383"}],"version-history":[{"count":1,"href":"https:\/\/www.altominho.tv\/site\/wp-json\/wp\/v2\/posts\/124383\/revisions"}],"predecessor-version":[{"id":124385,"href":"https:\/\/www.altominho.tv\/site\/wp-json\/wp\/v2\/posts\/124383\/revisions\/124385"}],"wp:featuredmedia":[{"embeddable":true,"href":"https:\/\/www.altominho.tv\/site\/wp-json\/wp\/v2\/media\/124384"}],"wp:attachment":[{"href":"https:\/\/www.altominho.tv\/site\/wp-json\/wp\/v2\/media?parent=124383"}],"wp:term":[{"taxonomy":"category","embeddable":true,"href":"https:\/\/www.altominho.tv\/site\/wp-json\/wp\/v2\/categories?post=124383"},{"taxonomy":"post_tag","embeddable":true,"href":"https:\/\/www.altominho.tv\/site\/wp-json\/wp\/v2\/tags?post=124383"}],"curies":[{"name":"wp","href":"https:\/\/api.w.org\/{rel}","templated":true}]}}