{"id":124207,"date":"2025-10-15T15:26:28","date_gmt":"2025-10-15T14:26:28","guid":{"rendered":"https:\/\/www.altominho.tv\/site\/?p=124207"},"modified":"2025-10-15T15:26:31","modified_gmt":"2025-10-15T14:26:31","slug":"do-papel-para-o-terreno-estudantes-do-ipvc-apresentam-paragem-de-autocarro-sustentavel","status":"publish","type":"post","link":"https:\/\/www.altominho.tv\/site\/2025\/10\/15\/do-papel-para-o-terreno-estudantes-do-ipvc-apresentam-paragem-de-autocarro-sustentavel\/","title":{"rendered":"Do papel para o terreno: estudantes do IPVC apresentam paragem de autocarro sustent\u00e1vel"},"content":{"rendered":"\n<p>O prot\u00f3tipo, desenvolvido por quatro alunas do curso de licenciatura em Engenharia Mecatr\u00f3nica da Escola Superior de Tecnologia e Gest\u00e3o do Polit\u00e9cnico de Viana do Castelo, vai ser apresentado na pr\u00f3xima segunda-feira, 20 de outubro, \u00e0s 10h.<\/p>\n\n\n\n<p>A paragem de autocarro sustent\u00e1vel foi um dos projetos vencedores do concurso nacional Escola da Energia | Universit\u00e1rios, promovido pela Funda\u00e7\u00e3o EDP.<\/p>\n\n\n\n<p>\u201cEnergia com Prop\u00f3sito\u201d combina inova\u00e7\u00e3o tecnol\u00f3gica, sustentabilidade ambiental e design funcional, propondo um novo modelo de espa\u00e7o urbano interativo e energeticamente aut\u00f3nomo.<\/p>\n\n\n\n<p>O projeto \u201cEnergia com Prop\u00f3sito\u201d traduz o potencial da forma\u00e7\u00e3o pr\u00e1tica e inovadora do Polit\u00e9cnico de Viana do Castelo, uma forma\u00e7\u00e3o que permite aos estudantes aplicarem conhecimentos em \u00e1reas como mecatr\u00f3nica, tecnologia limpa e design urbano em solu\u00e7\u00f5es reais e prontas a serem disponibilizadas \u00e0 comunidade em geral.<\/p>\n\n\n\n<p>O prot\u00f3tipo apresentado pelas estudantes Edite Alves, Rita Martins, Sofia Peixoto e In\u00eas Pereira inclui pain\u00e9is solares, um sistema de recolha de \u00e1gua da chuva para rega de plantas, uma bicicleta fixa geradora de energia e carregadores para dispositivos m\u00f3veis, transformando a paragem de autocarro num espa\u00e7o n\u00e3o s\u00f3 \u00fatil, mas tamb\u00e9m sustent\u00e1vel e interativo. O projeto prev\u00ea ainda m\u00fasica ambiente e informa\u00e7\u00e3o em tempo real sobre hor\u00e1rios e rotas dos transportes p\u00fablicos.<\/p>\n\n\n\n<p>A sess\u00e3o de apresenta\u00e7\u00e3o, marcada para a pr\u00f3xima segunda-feira, ir\u00e1 contar com a presen\u00e7a de elementos da Funda\u00e7\u00e3o EDP, que foi a entidade que lan\u00e7ou o desafio \u00e0s institui\u00e7\u00f5es de ensino superior.<\/p>\n\n\n\n<p>Edite Alves fala de uma \u201coportunidade perfeita\u201d para transformar uma ideia em projeto. \u201cJuntei-me \u00e0s minhas colegas e conseguimos criar uma proposta que alia sustentabilidade, tecnologia e design urbano\u201d, descreve a estudante do 2.\u00ba ano do curso de licenciatura em Engenharia Mecatr\u00f3nica da ESTG-IPVC.<\/p>\n\n\n\n<p>O primeiro objetivo est\u00e1 atingido, trabalhar para que o projeto sa\u00edsse do papel. Vai ser oficialmente apresentado na pr\u00f3xima segunda-feira, no audit\u00f3rio da Escola Superior de Tecnologia e Gest\u00e3o (ESTG-IPVC) e esperam as estudantes que suscite a curiosidade e o interesse de autarquias e outras entidades que o possam implementar ou ajudar a implementar.<\/p>\n","protected":false},"excerpt":{"rendered":"<p>O prot\u00f3tipo, desenvolvido por quatro alunas do curso de licenciatura em Engenharia Mecatr\u00f3nica da Escola Superior de Tecnologia e Gest\u00e3o do Polit\u00e9cnico de Viana do Castelo, vai ser apresentado na pr\u00f3xima segunda-feira, 20 de outubro, \u00e0s 10h. A paragem de autocarro sustent\u00e1vel foi um dos projetos vencedores do concurso nacional Escola da Energia | Universit\u00e1rios, [&hellip;]<\/p>\n","protected":false},"author":7,"featured_media":124209,"comment_status":"closed","ping_status":"closed","sticky":false,"template":"","format":"standard","meta":{"_exactmetrics_skip_tracking":false,"_exactmetrics_sitenote_active":false,"_exactmetrics_sitenote_note":"","_exactmetrics_sitenote_category":0,"footnotes":""},"categories":[14],"tags":[27],"class_list":["post-124207","post","type-post","status-publish","format-standard","has-post-thumbnail","hentry","category-viana-do-castelo","tag-sociedade"],"yoast_head":"<!-- This site is optimized with the Yoast SEO Premium plugin v27.5 (Yoast SEO v27.5) - https:\/\/yoast.com\/product\/yoast-seo-premium-wordpress\/ -->\n<title>Do papel para o terreno: estudantes do IPVC apresentam paragem de autocarro sustent\u00e1vel<\/title>\n<meta name=\"description\" content=\"Do papel para o terreno: estudantes do IPVC apresentam paragem de autocarro sustent\u00e1vel.\" \/>\n<meta name=\"robots\" content=\"index, follow, max-snippet:-1, max-image-preview:large, max-video-preview:-1\" \/>\n<link rel=\"canonical\" href=\"https:\/\/www.altominho.tv\/site\/2025\/10\/15\/do-papel-para-o-terreno-estudantes-do-ipvc-apresentam-paragem-de-autocarro-sustentavel\/\" \/>\n<meta property=\"og:locale\" content=\"pt_PT\" \/>\n<meta property=\"og:type\" content=\"article\" \/>\n<meta property=\"og:title\" content=\"Do papel para o terreno: estudantes do IPVC apresentam paragem de autocarro sustent\u00e1vel\" \/>\n<meta property=\"og:description\" content=\"Do papel para o terreno: estudantes do IPVC apresentam paragem de autocarro sustent\u00e1vel.\" \/>\n<meta property=\"og:url\" content=\"https:\/\/www.altominho.tv\/site\/2025\/10\/15\/do-papel-para-o-terreno-estudantes-do-ipvc-apresentam-paragem-de-autocarro-sustentavel\/\" \/>\n<meta property=\"og:site_name\" content=\"Altominho.tv\" \/>\n<meta property=\"article:publisher\" content=\"https:\/\/www.facebook.com\/altominhotv\" \/>\n<meta property=\"article:published_time\" content=\"2025-10-15T14:26:28+00:00\" \/>\n<meta property=\"article:modified_time\" content=\"2025-10-15T14:26:31+00:00\" \/>\n<meta property=\"og:image\" content=\"https:\/\/www.altominho.tv\/site\/wp-content\/uploads\/2025\/10\/Paragem.png\" \/>\n\t<meta property=\"og:image:width\" content=\"1200\" \/>\n\t<meta property=\"og:image:height\" content=\"630\" \/>\n\t<meta property=\"og:image:type\" content=\"image\/png\" \/>\n<meta name=\"author\" content=\"Andreia Cunha\" \/>\n<meta name=\"twitter:card\" content=\"summary_large_image\" \/>\n<meta name=\"twitter:creator\" content=\"@altominhoTV\" \/>\n<meta name=\"twitter:site\" content=\"@altominhoTV\" \/>\n<meta name=\"twitter:label1\" content=\"Escrito por\" \/>\n\t<meta name=\"twitter:data1\" content=\"Andreia Cunha\" \/>\n\t<meta name=\"twitter:label2\" content=\"Tempo estimado de leitura\" \/>\n\t<meta name=\"twitter:data2\" content=\"3 minutos\" \/>\n<script type=\"application\/ld+json\" class=\"yoast-schema-graph\">{\"@context\":\"https:\\\/\\\/schema.org\",\"@graph\":[{\"@type\":\"Article\",\"@id\":\"https:\\\/\\\/www.altominho.tv\\\/site\\\/2025\\\/10\\\/15\\\/do-papel-para-o-terreno-estudantes-do-ipvc-apresentam-paragem-de-autocarro-sustentavel\\\/#article\",\"isPartOf\":{\"@id\":\"https:\\\/\\\/www.altominho.tv\\\/site\\\/2025\\\/10\\\/15\\\/do-papel-para-o-terreno-estudantes-do-ipvc-apresentam-paragem-de-autocarro-sustentavel\\\/\"},\"author\":{\"name\":\"Andreia Cunha\",\"@id\":\"https:\\\/\\\/www.altominho.tv\\\/site\\\/#\\\/schema\\\/person\\\/a0e4ef6d041f98ca284393d8f1d97153\"},\"headline\":\"Do papel para o terreno: estudantes do IPVC apresentam paragem de autocarro sustent\u00e1vel\",\"datePublished\":\"2025-10-15T14:26:28+00:00\",\"dateModified\":\"2025-10-15T14:26:31+00:00\",\"mainEntityOfPage\":{\"@id\":\"https:\\\/\\\/www.altominho.tv\\\/site\\\/2025\\\/10\\\/15\\\/do-papel-para-o-terreno-estudantes-do-ipvc-apresentam-paragem-de-autocarro-sustentavel\\\/\"},\"wordCount\":386,\"image\":{\"@id\":\"https:\\\/\\\/www.altominho.tv\\\/site\\\/2025\\\/10\\\/15\\\/do-papel-para-o-terreno-estudantes-do-ipvc-apresentam-paragem-de-autocarro-sustentavel\\\/#primaryimage\"},\"thumbnailUrl\":\"https:\\\/\\\/www.altominho.tv\\\/site\\\/wp-content\\\/uploads\\\/2025\\\/10\\\/Paragem.png\",\"keywords\":[\"Sociedade\"],\"articleSection\":[\"Viana do Castelo\"],\"inLanguage\":\"pt-PT\",\"copyrightYear\":\"2025\",\"copyrightHolder\":{\"@id\":\"https:\\\/\\\/www.altominho.tv\\\/site\\\/#organization\"}},{\"@type\":\"WebPage\",\"@id\":\"https:\\\/\\\/www.altominho.tv\\\/site\\\/2025\\\/10\\\/15\\\/do-papel-para-o-terreno-estudantes-do-ipvc-apresentam-paragem-de-autocarro-sustentavel\\\/\",\"url\":\"https:\\\/\\\/www.altominho.tv\\\/site\\\/2025\\\/10\\\/15\\\/do-papel-para-o-terreno-estudantes-do-ipvc-apresentam-paragem-de-autocarro-sustentavel\\\/\",\"name\":\"Do papel para o terreno: estudantes do IPVC apresentam paragem de autocarro sustent\u00e1vel\",\"isPartOf\":{\"@id\":\"https:\\\/\\\/www.altominho.tv\\\/site\\\/#website\"},\"primaryImageOfPage\":{\"@id\":\"https:\\\/\\\/www.altominho.tv\\\/site\\\/2025\\\/10\\\/15\\\/do-papel-para-o-terreno-estudantes-do-ipvc-apresentam-paragem-de-autocarro-sustentavel\\\/#primaryimage\"},\"image\":{\"@id\":\"https:\\\/\\\/www.altominho.tv\\\/site\\\/2025\\\/10\\\/15\\\/do-papel-para-o-terreno-estudantes-do-ipvc-apresentam-paragem-de-autocarro-sustentavel\\\/#primaryimage\"},\"thumbnailUrl\":\"https:\\\/\\\/www.altominho.tv\\\/site\\\/wp-content\\\/uploads\\\/2025\\\/10\\\/Paragem.png\",\"datePublished\":\"2025-10-15T14:26:28+00:00\",\"dateModified\":\"2025-10-15T14:26:31+00:00\",\"author\":{\"@id\":\"https:\\\/\\\/www.altominho.tv\\\/site\\\/#\\\/schema\\\/person\\\/a0e4ef6d041f98ca284393d8f1d97153\"},\"description\":\"Do papel para o terreno: estudantes do IPVC apresentam paragem de autocarro sustent\u00e1vel.\",\"breadcrumb\":{\"@id\":\"https:\\\/\\\/www.altominho.tv\\\/site\\\/2025\\\/10\\\/15\\\/do-papel-para-o-terreno-estudantes-do-ipvc-apresentam-paragem-de-autocarro-sustentavel\\\/#breadcrumb\"},\"inLanguage\":\"pt-PT\",\"potentialAction\":[{\"@type\":\"ReadAction\",\"target\":[\"https:\\\/\\\/www.altominho.tv\\\/site\\\/2025\\\/10\\\/15\\\/do-papel-para-o-terreno-estudantes-do-ipvc-apresentam-paragem-de-autocarro-sustentavel\\\/\"]}]},{\"@type\":\"ImageObject\",\"inLanguage\":\"pt-PT\",\"@id\":\"https:\\\/\\\/www.altominho.tv\\\/site\\\/2025\\\/10\\\/15\\\/do-papel-para-o-terreno-estudantes-do-ipvc-apresentam-paragem-de-autocarro-sustentavel\\\/#primaryimage\",\"url\":\"https:\\\/\\\/www.altominho.tv\\\/site\\\/wp-content\\\/uploads\\\/2025\\\/10\\\/Paragem.png\",\"contentUrl\":\"https:\\\/\\\/www.altominho.tv\\\/site\\\/wp-content\\\/uploads\\\/2025\\\/10\\\/Paragem.png\",\"width\":1200,\"height\":630},{\"@type\":\"BreadcrumbList\",\"@id\":\"https:\\\/\\\/www.altominho.tv\\\/site\\\/2025\\\/10\\\/15\\\/do-papel-para-o-terreno-estudantes-do-ipvc-apresentam-paragem-de-autocarro-sustentavel\\\/#breadcrumb\",\"itemListElement\":[{\"@type\":\"ListItem\",\"position\":1,\"name\":\"In\u00edcio\",\"item\":\"https:\\\/\\\/www.altominho.tv\\\/site\\\/\"},{\"@type\":\"ListItem\",\"position\":2,\"name\":\"Do papel para o terreno: estudantes do IPVC apresentam paragem de autocarro sustent\u00e1vel\"}]},{\"@type\":\"WebSite\",\"@id\":\"https:\\\/\\\/www.altominho.tv\\\/site\\\/#website\",\"url\":\"https:\\\/\\\/www.altominho.tv\\\/site\\\/\",\"name\":\"Altominho.tv\",\"description\":\"A sua regi\u00e3o \u00e0 dist\u00e2ncia de um clique...\",\"potentialAction\":[{\"@type\":\"SearchAction\",\"target\":{\"@type\":\"EntryPoint\",\"urlTemplate\":\"https:\\\/\\\/www.altominho.tv\\\/site\\\/?s={search_term_string}\"},\"query-input\":{\"@type\":\"PropertyValueSpecification\",\"valueRequired\":true,\"valueName\":\"search_term_string\"}}],\"inLanguage\":\"pt-PT\"},{\"@type\":\"Person\",\"@id\":\"https:\\\/\\\/www.altominho.tv\\\/site\\\/#\\\/schema\\\/person\\\/a0e4ef6d041f98ca284393d8f1d97153\",\"name\":\"Andreia Cunha\",\"image\":{\"@type\":\"ImageObject\",\"inLanguage\":\"pt-PT\",\"@id\":\"https:\\\/\\\/www.altominho.tv\\\/site\\\/wp-content\\\/uploads\\\/2017\\\/11\\\/Andreia_Cunha-1-150x150.jpg\",\"url\":\"https:\\\/\\\/www.altominho.tv\\\/site\\\/wp-content\\\/uploads\\\/2017\\\/11\\\/Andreia_Cunha-1-150x150.jpg\",\"contentUrl\":\"https:\\\/\\\/www.altominho.tv\\\/site\\\/wp-content\\\/uploads\\\/2017\\\/11\\\/Andreia_Cunha-1-150x150.jpg\",\"caption\":\"Andreia Cunha\"},\"url\":\"https:\\\/\\\/www.altominho.tv\\\/site\\\/author\\\/andreiacunha\\\/\"}]}<\/script>\n<!-- \/ Yoast SEO Premium plugin. -->","yoast_head_json":{"title":"Do papel para o terreno: estudantes do IPVC apresentam paragem de autocarro sustent\u00e1vel","description":"Do papel para o terreno: estudantes do IPVC apresentam paragem de autocarro sustent\u00e1vel.","robots":{"index":"index","follow":"follow","max-snippet":"max-snippet:-1","max-image-preview":"max-image-preview:large","max-video-preview":"max-video-preview:-1"},"canonical":"https:\/\/www.altominho.tv\/site\/2025\/10\/15\/do-papel-para-o-terreno-estudantes-do-ipvc-apresentam-paragem-de-autocarro-sustentavel\/","og_locale":"pt_PT","og_type":"article","og_title":"Do papel para o terreno: estudantes do IPVC apresentam paragem de autocarro sustent\u00e1vel","og_description":"Do papel para o terreno: estudantes do IPVC apresentam paragem de autocarro sustent\u00e1vel.","og_url":"https:\/\/www.altominho.tv\/site\/2025\/10\/15\/do-papel-para-o-terreno-estudantes-do-ipvc-apresentam-paragem-de-autocarro-sustentavel\/","og_site_name":"Altominho.tv","article_publisher":"https:\/\/www.facebook.com\/altominhotv","article_published_time":"2025-10-15T14:26:28+00:00","article_modified_time":"2025-10-15T14:26:31+00:00","og_image":[{"width":1200,"height":630,"url":"https:\/\/www.altominho.tv\/site\/wp-content\/uploads\/2025\/10\/Paragem.png","type":"image\/png"}],"author":"Andreia Cunha","twitter_card":"summary_large_image","twitter_creator":"@altominhoTV","twitter_site":"@altominhoTV","twitter_misc":{"Escrito por":"Andreia Cunha","Tempo estimado de leitura":"3 minutos"},"schema":{"@context":"https:\/\/schema.org","@graph":[{"@type":"Article","@id":"https:\/\/www.altominho.tv\/site\/2025\/10\/15\/do-papel-para-o-terreno-estudantes-do-ipvc-apresentam-paragem-de-autocarro-sustentavel\/#article","isPartOf":{"@id":"https:\/\/www.altominho.tv\/site\/2025\/10\/15\/do-papel-para-o-terreno-estudantes-do-ipvc-apresentam-paragem-de-autocarro-sustentavel\/"},"author":{"name":"Andreia Cunha","@id":"https:\/\/www.altominho.tv\/site\/#\/schema\/person\/a0e4ef6d041f98ca284393d8f1d97153"},"headline":"Do papel para o terreno: estudantes do IPVC apresentam paragem de autocarro sustent\u00e1vel","datePublished":"2025-10-15T14:26:28+00:00","dateModified":"2025-10-15T14:26:31+00:00","mainEntityOfPage":{"@id":"https:\/\/www.altominho.tv\/site\/2025\/10\/15\/do-papel-para-o-terreno-estudantes-do-ipvc-apresentam-paragem-de-autocarro-sustentavel\/"},"wordCount":386,"image":{"@id":"https:\/\/www.altominho.tv\/site\/2025\/10\/15\/do-papel-para-o-terreno-estudantes-do-ipvc-apresentam-paragem-de-autocarro-sustentavel\/#primaryimage"},"thumbnailUrl":"https:\/\/www.altominho.tv\/site\/wp-content\/uploads\/2025\/10\/Paragem.png","keywords":["Sociedade"],"articleSection":["Viana do Castelo"],"inLanguage":"pt-PT","copyrightYear":"2025","copyrightHolder":{"@id":"https:\/\/www.altominho.tv\/site\/#organization"}},{"@type":"WebPage","@id":"https:\/\/www.altominho.tv\/site\/2025\/10\/15\/do-papel-para-o-terreno-estudantes-do-ipvc-apresentam-paragem-de-autocarro-sustentavel\/","url":"https:\/\/www.altominho.tv\/site\/2025\/10\/15\/do-papel-para-o-terreno-estudantes-do-ipvc-apresentam-paragem-de-autocarro-sustentavel\/","name":"Do papel para o terreno: estudantes do IPVC apresentam paragem de autocarro sustent\u00e1vel","isPartOf":{"@id":"https:\/\/www.altominho.tv\/site\/#website"},"primaryImageOfPage":{"@id":"https:\/\/www.altominho.tv\/site\/2025\/10\/15\/do-papel-para-o-terreno-estudantes-do-ipvc-apresentam-paragem-de-autocarro-sustentavel\/#primaryimage"},"image":{"@id":"https:\/\/www.altominho.tv\/site\/2025\/10\/15\/do-papel-para-o-terreno-estudantes-do-ipvc-apresentam-paragem-de-autocarro-sustentavel\/#primaryimage"},"thumbnailUrl":"https:\/\/www.altominho.tv\/site\/wp-content\/uploads\/2025\/10\/Paragem.png","datePublished":"2025-10-15T14:26:28+00:00","dateModified":"2025-10-15T14:26:31+00:00","author":{"@id":"https:\/\/www.altominho.tv\/site\/#\/schema\/person\/a0e4ef6d041f98ca284393d8f1d97153"},"description":"Do papel para o terreno: estudantes do IPVC apresentam paragem de autocarro sustent\u00e1vel.","breadcrumb":{"@id":"https:\/\/www.altominho.tv\/site\/2025\/10\/15\/do-papel-para-o-terreno-estudantes-do-ipvc-apresentam-paragem-de-autocarro-sustentavel\/#breadcrumb"},"inLanguage":"pt-PT","potentialAction":[{"@type":"ReadAction","target":["https:\/\/www.altominho.tv\/site\/2025\/10\/15\/do-papel-para-o-terreno-estudantes-do-ipvc-apresentam-paragem-de-autocarro-sustentavel\/"]}]},{"@type":"ImageObject","inLanguage":"pt-PT","@id":"https:\/\/www.altominho.tv\/site\/2025\/10\/15\/do-papel-para-o-terreno-estudantes-do-ipvc-apresentam-paragem-de-autocarro-sustentavel\/#primaryimage","url":"https:\/\/www.altominho.tv\/site\/wp-content\/uploads\/2025\/10\/Paragem.png","contentUrl":"https:\/\/www.altominho.tv\/site\/wp-content\/uploads\/2025\/10\/Paragem.png","width":1200,"height":630},{"@type":"BreadcrumbList","@id":"https:\/\/www.altominho.tv\/site\/2025\/10\/15\/do-papel-para-o-terreno-estudantes-do-ipvc-apresentam-paragem-de-autocarro-sustentavel\/#breadcrumb","itemListElement":[{"@type":"ListItem","position":1,"name":"In\u00edcio","item":"https:\/\/www.altominho.tv\/site\/"},{"@type":"ListItem","position":2,"name":"Do papel para o terreno: estudantes do IPVC apresentam paragem de autocarro sustent\u00e1vel"}]},{"@type":"WebSite","@id":"https:\/\/www.altominho.tv\/site\/#website","url":"https:\/\/www.altominho.tv\/site\/","name":"Altominho.tv","description":"A sua regi\u00e3o \u00e0 dist\u00e2ncia de um clique...","potentialAction":[{"@type":"SearchAction","target":{"@type":"EntryPoint","urlTemplate":"https:\/\/www.altominho.tv\/site\/?s={search_term_string}"},"query-input":{"@type":"PropertyValueSpecification","valueRequired":true,"valueName":"search_term_string"}}],"inLanguage":"pt-PT"},{"@type":"Person","@id":"https:\/\/www.altominho.tv\/site\/#\/schema\/person\/a0e4ef6d041f98ca284393d8f1d97153","name":"Andreia Cunha","image":{"@type":"ImageObject","inLanguage":"pt-PT","@id":"https:\/\/www.altominho.tv\/site\/wp-content\/uploads\/2017\/11\/Andreia_Cunha-1-150x150.jpg","url":"https:\/\/www.altominho.tv\/site\/wp-content\/uploads\/2017\/11\/Andreia_Cunha-1-150x150.jpg","contentUrl":"https:\/\/www.altominho.tv\/site\/wp-content\/uploads\/2017\/11\/Andreia_Cunha-1-150x150.jpg","caption":"Andreia Cunha"},"url":"https:\/\/www.altominho.tv\/site\/author\/andreiacunha\/"}]}},"_links":{"self":[{"href":"https:\/\/www.altominho.tv\/site\/wp-json\/wp\/v2\/posts\/124207","targetHints":{"allow":["GET"]}}],"collection":[{"href":"https:\/\/www.altominho.tv\/site\/wp-json\/wp\/v2\/posts"}],"about":[{"href":"https:\/\/www.altominho.tv\/site\/wp-json\/wp\/v2\/types\/post"}],"author":[{"embeddable":true,"href":"https:\/\/www.altominho.tv\/site\/wp-json\/wp\/v2\/users\/7"}],"replies":[{"embeddable":true,"href":"https:\/\/www.altominho.tv\/site\/wp-json\/wp\/v2\/comments?post=124207"}],"version-history":[{"count":1,"href":"https:\/\/www.altominho.tv\/site\/wp-json\/wp\/v2\/posts\/124207\/revisions"}],"predecessor-version":[{"id":124212,"href":"https:\/\/www.altominho.tv\/site\/wp-json\/wp\/v2\/posts\/124207\/revisions\/124212"}],"wp:featuredmedia":[{"embeddable":true,"href":"https:\/\/www.altominho.tv\/site\/wp-json\/wp\/v2\/media\/124209"}],"wp:attachment":[{"href":"https:\/\/www.altominho.tv\/site\/wp-json\/wp\/v2\/media?parent=124207"}],"wp:term":[{"taxonomy":"category","embeddable":true,"href":"https:\/\/www.altominho.tv\/site\/wp-json\/wp\/v2\/categories?post=124207"},{"taxonomy":"post_tag","embeddable":true,"href":"https:\/\/www.altominho.tv\/site\/wp-json\/wp\/v2\/tags?post=124207"}],"curies":[{"name":"wp","href":"https:\/\/api.w.org\/{rel}","templated":true}]}}