{"id":123864,"date":"2025-10-12T22:43:57","date_gmt":"2025-10-12T21:43:57","guid":{"rendered":"https:\/\/www.altominho.tv\/site\/?p=123864"},"modified":"2025-10-12T22:47:16","modified_gmt":"2025-10-12T21:47:16","slug":"liliana-silva-vence-eleicoes-autarquicas-em-caminha","status":"publish","type":"post","link":"https:\/\/www.altominho.tv\/site\/2025\/10\/12\/liliana-silva-vence-eleicoes-autarquicas-em-caminha\/","title":{"rendered":"Liliana Silva vence elei\u00e7\u00f5es aut\u00e1rquicas em Caminha"},"content":{"rendered":"<p>A coliga\u00e7\u00e3o O Concelho em Primeiro (PSD-CDS e PPM), liderada por Liliana Silva, foi a for\u00e7a pol\u00edtica mais votada nas elei\u00e7\u00f5es aut\u00e1rquicas em Caminha. O partido alcan\u00e7ou <strong>43,34%<\/strong> dos votos e consegue quatro elementos no executivo municipal.<\/p>\n<p>Na segunda posi\u00e7\u00e3o encontra-se o PS, liderado por Rui Lages. O partido alcan\u00e7ou <strong>43,05%<\/strong> dos votos e consegue tr\u00eas elementos na verea\u00e7\u00e3o.<\/p>\n<p class=\"p1\">J\u00e1 o Chega liderado por Eduardo Gon\u00e7alves alcan\u00e7ou<strong> 7,02%<\/strong> dos votos.<\/p>\n<p>Por sua vez, a CDU (PCP-PEV), liderado por Celestino Ribeiro obteve <strong>2,59%<\/strong> dos votos e o BE, liderado por Ab\u00edlio Cerqueira somou1,23<strong>%<\/strong>.<\/p>\n<p>H\u00e1 ainda a considerar <b>1,66%<\/b> de votos em branco e <b>1,11%<\/b> de votos nulos.<\/p>\n\n\n<figure class=\"wp-block-image size-full\"><img loading=\"lazy\" decoding=\"async\" width=\"741\" height=\"342\" src=\"https:\/\/www.altominho.tv\/site\/wp-content\/uploads\/2025\/10\/Captura-de-ecra-2025-10-12-as-22.42.19.png\" alt=\"\" class=\"wp-image-124076\" srcset=\"https:\/\/www.altominho.tv\/site\/wp-content\/uploads\/2025\/10\/Captura-de-ecra-2025-10-12-as-22.42.19.png 741w, https:\/\/www.altominho.tv\/site\/wp-content\/uploads\/2025\/10\/Captura-de-ecra-2025-10-12-as-22.42.19-370x171.png 370w, https:\/\/www.altominho.tv\/site\/wp-content\/uploads\/2025\/10\/Captura-de-ecra-2025-10-12-as-22.42.19-270x125.png 270w, https:\/\/www.altominho.tv\/site\/wp-content\/uploads\/2025\/10\/Captura-de-ecra-2025-10-12-as-22.42.19-570x263.png 570w\" sizes=\"auto, (max-width: 741px) 100vw, 741px\" \/><\/figure>\n","protected":false},"excerpt":{"rendered":"<p>A coliga\u00e7\u00e3o O Concelho em Primeiro (PSD-CDS e PPM), liderada por Liliana Silva, foi a for\u00e7a pol\u00edtica mais votada nas elei\u00e7\u00f5es aut\u00e1rquicas em Caminha. O partido alcan\u00e7ou 43,34% dos votos e consegue quatro elementos no executivo municipal. Na segunda posi\u00e7\u00e3o encontra-se o PS, liderado por Rui Lages. O partido alcan\u00e7ou 43,05% dos votos e consegue [&hellip;]<\/p>\n","protected":false},"author":1,"featured_media":123936,"comment_status":"closed","ping_status":"closed","sticky":false,"template":"","format":"standard","meta":{"_exactmetrics_skip_tracking":false,"_exactmetrics_sitenote_active":false,"_exactmetrics_sitenote_note":"","_exactmetrics_sitenote_category":0,"footnotes":""},"categories":[7],"tags":[],"class_list":["post-123864","post","type-post","status-publish","format-standard","has-post-thumbnail","hentry","category-caminha"],"yoast_head":"<!-- This site is optimized with the Yoast SEO Premium plugin v27.5 (Yoast SEO v27.5) - https:\/\/yoast.com\/product\/yoast-seo-premium-wordpress\/ -->\n<title>Liliana Silva vence elei\u00e7\u00f5es aut\u00e1rquicas em Caminha<\/title>\n<meta name=\"description\" content=\"A coliga\u00e7\u00e3o O Concelho em Primeiro (PSD-CDS e PPM), liderada por Liliana Silva ,foi a for\u00e7a pol\u00edtica mais votada nas elei\u00e7\u00f5es aut\u00e1rquicas em Caminha\" \/>\n<meta name=\"robots\" content=\"index, follow, max-snippet:-1, max-image-preview:large, max-video-preview:-1\" \/>\n<link rel=\"canonical\" href=\"https:\/\/www.altominho.tv\/site\/2025\/10\/12\/liliana-silva-vence-eleicoes-autarquicas-em-caminha\/\" \/>\n<meta property=\"og:locale\" content=\"pt_PT\" \/>\n<meta property=\"og:type\" content=\"article\" \/>\n<meta property=\"og:title\" content=\"Liliana Silva vence elei\u00e7\u00f5es aut\u00e1rquicas em Caminha\" \/>\n<meta property=\"og:description\" content=\"A coliga\u00e7\u00e3o O Concelho em Primeiro (PSD-CDS e PPM), liderada por Liliana Silva ,foi a for\u00e7a pol\u00edtica mais votada nas elei\u00e7\u00f5es aut\u00e1rquicas em Caminha\" \/>\n<meta property=\"og:url\" content=\"https:\/\/www.altominho.tv\/site\/2025\/10\/12\/liliana-silva-vence-eleicoes-autarquicas-em-caminha\/\" \/>\n<meta property=\"og:site_name\" content=\"Altominho.tv\" \/>\n<meta property=\"article:publisher\" content=\"https:\/\/www.facebook.com\/altominhotv\" \/>\n<meta property=\"article:published_time\" content=\"2025-10-12T21:43:57+00:00\" \/>\n<meta property=\"article:modified_time\" content=\"2025-10-12T21:47:16+00:00\" \/>\n<meta property=\"og:image\" content=\"https:\/\/www.altominho.tv\/site\/wp-content\/uploads\/2025\/10\/liliana-silva.png\" \/>\n\t<meta property=\"og:image:width\" content=\"1200\" \/>\n\t<meta property=\"og:image:height\" content=\"630\" \/>\n\t<meta property=\"og:image:type\" content=\"image\/png\" \/>\n<meta name=\"author\" content=\"Altominho.tv\" \/>\n<meta name=\"twitter:card\" content=\"summary_large_image\" \/>\n<meta name=\"twitter:creator\" content=\"@altominhoTV\" \/>\n<meta name=\"twitter:site\" content=\"@altominhoTV\" \/>\n<meta name=\"twitter:label1\" content=\"Escrito por\" \/>\n\t<meta name=\"twitter:data1\" content=\"Altominho.tv\" \/>\n\t<meta name=\"twitter:label2\" content=\"Tempo estimado de leitura\" \/>\n\t<meta name=\"twitter:data2\" content=\"1 minuto\" \/>\n<script type=\"application\/ld+json\" class=\"yoast-schema-graph\">{\"@context\":\"https:\\\/\\\/schema.org\",\"@graph\":[{\"@type\":\"Article\",\"@id\":\"https:\\\/\\\/www.altominho.tv\\\/site\\\/2025\\\/10\\\/12\\\/liliana-silva-vence-eleicoes-autarquicas-em-caminha\\\/#article\",\"isPartOf\":{\"@id\":\"https:\\\/\\\/www.altominho.tv\\\/site\\\/2025\\\/10\\\/12\\\/liliana-silva-vence-eleicoes-autarquicas-em-caminha\\\/\"},\"author\":{\"name\":\"Altominho.tv\",\"@id\":\"https:\\\/\\\/www.altominho.tv\\\/site\\\/#\\\/schema\\\/person\\\/4e536851627d7914baf3dac752b6af22\"},\"headline\":\"Liliana Silva vence elei\u00e7\u00f5es aut\u00e1rquicas em Caminha\",\"datePublished\":\"2025-10-12T21:43:57+00:00\",\"dateModified\":\"2025-10-12T21:47:16+00:00\",\"mainEntityOfPage\":{\"@id\":\"https:\\\/\\\/www.altominho.tv\\\/site\\\/2025\\\/10\\\/12\\\/liliana-silva-vence-eleicoes-autarquicas-em-caminha\\\/\"},\"wordCount\":122,\"image\":{\"@id\":\"https:\\\/\\\/www.altominho.tv\\\/site\\\/2025\\\/10\\\/12\\\/liliana-silva-vence-eleicoes-autarquicas-em-caminha\\\/#primaryimage\"},\"thumbnailUrl\":\"https:\\\/\\\/www.altominho.tv\\\/site\\\/wp-content\\\/uploads\\\/2025\\\/10\\\/liliana-silva.png\",\"articleSection\":[\"Caminha\"],\"inLanguage\":\"pt-PT\",\"copyrightYear\":\"2025\",\"copyrightHolder\":{\"@id\":\"https:\\\/\\\/www.altominho.tv\\\/site\\\/#organization\"}},{\"@type\":\"WebPage\",\"@id\":\"https:\\\/\\\/www.altominho.tv\\\/site\\\/2025\\\/10\\\/12\\\/liliana-silva-vence-eleicoes-autarquicas-em-caminha\\\/\",\"url\":\"https:\\\/\\\/www.altominho.tv\\\/site\\\/2025\\\/10\\\/12\\\/liliana-silva-vence-eleicoes-autarquicas-em-caminha\\\/\",\"name\":\"Liliana Silva vence elei\u00e7\u00f5es aut\u00e1rquicas em Caminha\",\"isPartOf\":{\"@id\":\"https:\\\/\\\/www.altominho.tv\\\/site\\\/#website\"},\"primaryImageOfPage\":{\"@id\":\"https:\\\/\\\/www.altominho.tv\\\/site\\\/2025\\\/10\\\/12\\\/liliana-silva-vence-eleicoes-autarquicas-em-caminha\\\/#primaryimage\"},\"image\":{\"@id\":\"https:\\\/\\\/www.altominho.tv\\\/site\\\/2025\\\/10\\\/12\\\/liliana-silva-vence-eleicoes-autarquicas-em-caminha\\\/#primaryimage\"},\"thumbnailUrl\":\"https:\\\/\\\/www.altominho.tv\\\/site\\\/wp-content\\\/uploads\\\/2025\\\/10\\\/liliana-silva.png\",\"datePublished\":\"2025-10-12T21:43:57+00:00\",\"dateModified\":\"2025-10-12T21:47:16+00:00\",\"author\":{\"@id\":\"https:\\\/\\\/www.altominho.tv\\\/site\\\/#\\\/schema\\\/person\\\/4e536851627d7914baf3dac752b6af22\"},\"description\":\"A coliga\u00e7\u00e3o O Concelho em Primeiro (PSD-CDS e PPM), liderada por Liliana Silva ,foi a for\u00e7a pol\u00edtica mais votada nas elei\u00e7\u00f5es aut\u00e1rquicas em Caminha\",\"breadcrumb\":{\"@id\":\"https:\\\/\\\/www.altominho.tv\\\/site\\\/2025\\\/10\\\/12\\\/liliana-silva-vence-eleicoes-autarquicas-em-caminha\\\/#breadcrumb\"},\"inLanguage\":\"pt-PT\",\"potentialAction\":[{\"@type\":\"ReadAction\",\"target\":[\"https:\\\/\\\/www.altominho.tv\\\/site\\\/2025\\\/10\\\/12\\\/liliana-silva-vence-eleicoes-autarquicas-em-caminha\\\/\"]}]},{\"@type\":\"ImageObject\",\"inLanguage\":\"pt-PT\",\"@id\":\"https:\\\/\\\/www.altominho.tv\\\/site\\\/2025\\\/10\\\/12\\\/liliana-silva-vence-eleicoes-autarquicas-em-caminha\\\/#primaryimage\",\"url\":\"https:\\\/\\\/www.altominho.tv\\\/site\\\/wp-content\\\/uploads\\\/2025\\\/10\\\/liliana-silva.png\",\"contentUrl\":\"https:\\\/\\\/www.altominho.tv\\\/site\\\/wp-content\\\/uploads\\\/2025\\\/10\\\/liliana-silva.png\",\"width\":1200,\"height\":630},{\"@type\":\"BreadcrumbList\",\"@id\":\"https:\\\/\\\/www.altominho.tv\\\/site\\\/2025\\\/10\\\/12\\\/liliana-silva-vence-eleicoes-autarquicas-em-caminha\\\/#breadcrumb\",\"itemListElement\":[{\"@type\":\"ListItem\",\"position\":1,\"name\":\"In\u00edcio\",\"item\":\"https:\\\/\\\/www.altominho.tv\\\/site\\\/\"},{\"@type\":\"ListItem\",\"position\":2,\"name\":\"Liliana Silva vence elei\u00e7\u00f5es aut\u00e1rquicas em Caminha\"}]},{\"@type\":\"WebSite\",\"@id\":\"https:\\\/\\\/www.altominho.tv\\\/site\\\/#website\",\"url\":\"https:\\\/\\\/www.altominho.tv\\\/site\\\/\",\"name\":\"Altominho.tv\",\"description\":\"A sua regi\u00e3o \u00e0 dist\u00e2ncia de um clique...\",\"potentialAction\":[{\"@type\":\"SearchAction\",\"target\":{\"@type\":\"EntryPoint\",\"urlTemplate\":\"https:\\\/\\\/www.altominho.tv\\\/site\\\/?s={search_term_string}\"},\"query-input\":{\"@type\":\"PropertyValueSpecification\",\"valueRequired\":true,\"valueName\":\"search_term_string\"}}],\"inLanguage\":\"pt-PT\"},{\"@type\":\"Person\",\"@id\":\"https:\\\/\\\/www.altominho.tv\\\/site\\\/#\\\/schema\\\/person\\\/4e536851627d7914baf3dac752b6af22\",\"name\":\"Altominho.tv\",\"image\":{\"@type\":\"ImageObject\",\"inLanguage\":\"pt-PT\",\"@id\":\"https:\\\/\\\/www.altominho.tv\\\/site\\\/wp-content\\\/uploads\\\/2019\\\/11\\\/Logo_Avatar_2-150x150.jpg\",\"url\":\"https:\\\/\\\/www.altominho.tv\\\/site\\\/wp-content\\\/uploads\\\/2019\\\/11\\\/Logo_Avatar_2-150x150.jpg\",\"contentUrl\":\"https:\\\/\\\/www.altominho.tv\\\/site\\\/wp-content\\\/uploads\\\/2019\\\/11\\\/Logo_Avatar_2-150x150.jpg\",\"caption\":\"Altominho.tv\"},\"url\":\"https:\\\/\\\/www.altominho.tv\\\/site\\\/author\\\/altominhotv-tecnico\\\/\"}]}<\/script>\n<!-- \/ Yoast SEO Premium plugin. -->","yoast_head_json":{"title":"Liliana Silva vence elei\u00e7\u00f5es aut\u00e1rquicas em Caminha","description":"A coliga\u00e7\u00e3o O Concelho em Primeiro (PSD-CDS e PPM), liderada por Liliana Silva ,foi a for\u00e7a pol\u00edtica mais votada nas elei\u00e7\u00f5es aut\u00e1rquicas em Caminha","robots":{"index":"index","follow":"follow","max-snippet":"max-snippet:-1","max-image-preview":"max-image-preview:large","max-video-preview":"max-video-preview:-1"},"canonical":"https:\/\/www.altominho.tv\/site\/2025\/10\/12\/liliana-silva-vence-eleicoes-autarquicas-em-caminha\/","og_locale":"pt_PT","og_type":"article","og_title":"Liliana Silva vence elei\u00e7\u00f5es aut\u00e1rquicas em Caminha","og_description":"A coliga\u00e7\u00e3o O Concelho em Primeiro (PSD-CDS e PPM), liderada por Liliana Silva ,foi a for\u00e7a pol\u00edtica mais votada nas elei\u00e7\u00f5es aut\u00e1rquicas em Caminha","og_url":"https:\/\/www.altominho.tv\/site\/2025\/10\/12\/liliana-silva-vence-eleicoes-autarquicas-em-caminha\/","og_site_name":"Altominho.tv","article_publisher":"https:\/\/www.facebook.com\/altominhotv","article_published_time":"2025-10-12T21:43:57+00:00","article_modified_time":"2025-10-12T21:47:16+00:00","og_image":[{"width":1200,"height":630,"url":"https:\/\/www.altominho.tv\/site\/wp-content\/uploads\/2025\/10\/liliana-silva.png","type":"image\/png"}],"author":"Altominho.tv","twitter_card":"summary_large_image","twitter_creator":"@altominhoTV","twitter_site":"@altominhoTV","twitter_misc":{"Escrito por":"Altominho.tv","Tempo estimado de leitura":"1 minuto"},"schema":{"@context":"https:\/\/schema.org","@graph":[{"@type":"Article","@id":"https:\/\/www.altominho.tv\/site\/2025\/10\/12\/liliana-silva-vence-eleicoes-autarquicas-em-caminha\/#article","isPartOf":{"@id":"https:\/\/www.altominho.tv\/site\/2025\/10\/12\/liliana-silva-vence-eleicoes-autarquicas-em-caminha\/"},"author":{"name":"Altominho.tv","@id":"https:\/\/www.altominho.tv\/site\/#\/schema\/person\/4e536851627d7914baf3dac752b6af22"},"headline":"Liliana Silva vence elei\u00e7\u00f5es aut\u00e1rquicas em Caminha","datePublished":"2025-10-12T21:43:57+00:00","dateModified":"2025-10-12T21:47:16+00:00","mainEntityOfPage":{"@id":"https:\/\/www.altominho.tv\/site\/2025\/10\/12\/liliana-silva-vence-eleicoes-autarquicas-em-caminha\/"},"wordCount":122,"image":{"@id":"https:\/\/www.altominho.tv\/site\/2025\/10\/12\/liliana-silva-vence-eleicoes-autarquicas-em-caminha\/#primaryimage"},"thumbnailUrl":"https:\/\/www.altominho.tv\/site\/wp-content\/uploads\/2025\/10\/liliana-silva.png","articleSection":["Caminha"],"inLanguage":"pt-PT","copyrightYear":"2025","copyrightHolder":{"@id":"https:\/\/www.altominho.tv\/site\/#organization"}},{"@type":"WebPage","@id":"https:\/\/www.altominho.tv\/site\/2025\/10\/12\/liliana-silva-vence-eleicoes-autarquicas-em-caminha\/","url":"https:\/\/www.altominho.tv\/site\/2025\/10\/12\/liliana-silva-vence-eleicoes-autarquicas-em-caminha\/","name":"Liliana Silva vence elei\u00e7\u00f5es aut\u00e1rquicas em Caminha","isPartOf":{"@id":"https:\/\/www.altominho.tv\/site\/#website"},"primaryImageOfPage":{"@id":"https:\/\/www.altominho.tv\/site\/2025\/10\/12\/liliana-silva-vence-eleicoes-autarquicas-em-caminha\/#primaryimage"},"image":{"@id":"https:\/\/www.altominho.tv\/site\/2025\/10\/12\/liliana-silva-vence-eleicoes-autarquicas-em-caminha\/#primaryimage"},"thumbnailUrl":"https:\/\/www.altominho.tv\/site\/wp-content\/uploads\/2025\/10\/liliana-silva.png","datePublished":"2025-10-12T21:43:57+00:00","dateModified":"2025-10-12T21:47:16+00:00","author":{"@id":"https:\/\/www.altominho.tv\/site\/#\/schema\/person\/4e536851627d7914baf3dac752b6af22"},"description":"A coliga\u00e7\u00e3o O Concelho em Primeiro (PSD-CDS e PPM), liderada por Liliana Silva ,foi a for\u00e7a pol\u00edtica mais votada nas elei\u00e7\u00f5es aut\u00e1rquicas em Caminha","breadcrumb":{"@id":"https:\/\/www.altominho.tv\/site\/2025\/10\/12\/liliana-silva-vence-eleicoes-autarquicas-em-caminha\/#breadcrumb"},"inLanguage":"pt-PT","potentialAction":[{"@type":"ReadAction","target":["https:\/\/www.altominho.tv\/site\/2025\/10\/12\/liliana-silva-vence-eleicoes-autarquicas-em-caminha\/"]}]},{"@type":"ImageObject","inLanguage":"pt-PT","@id":"https:\/\/www.altominho.tv\/site\/2025\/10\/12\/liliana-silva-vence-eleicoes-autarquicas-em-caminha\/#primaryimage","url":"https:\/\/www.altominho.tv\/site\/wp-content\/uploads\/2025\/10\/liliana-silva.png","contentUrl":"https:\/\/www.altominho.tv\/site\/wp-content\/uploads\/2025\/10\/liliana-silva.png","width":1200,"height":630},{"@type":"BreadcrumbList","@id":"https:\/\/www.altominho.tv\/site\/2025\/10\/12\/liliana-silva-vence-eleicoes-autarquicas-em-caminha\/#breadcrumb","itemListElement":[{"@type":"ListItem","position":1,"name":"In\u00edcio","item":"https:\/\/www.altominho.tv\/site\/"},{"@type":"ListItem","position":2,"name":"Liliana Silva vence elei\u00e7\u00f5es aut\u00e1rquicas em Caminha"}]},{"@type":"WebSite","@id":"https:\/\/www.altominho.tv\/site\/#website","url":"https:\/\/www.altominho.tv\/site\/","name":"Altominho.tv","description":"A sua regi\u00e3o \u00e0 dist\u00e2ncia de um clique...","potentialAction":[{"@type":"SearchAction","target":{"@type":"EntryPoint","urlTemplate":"https:\/\/www.altominho.tv\/site\/?s={search_term_string}"},"query-input":{"@type":"PropertyValueSpecification","valueRequired":true,"valueName":"search_term_string"}}],"inLanguage":"pt-PT"},{"@type":"Person","@id":"https:\/\/www.altominho.tv\/site\/#\/schema\/person\/4e536851627d7914baf3dac752b6af22","name":"Altominho.tv","image":{"@type":"ImageObject","inLanguage":"pt-PT","@id":"https:\/\/www.altominho.tv\/site\/wp-content\/uploads\/2019\/11\/Logo_Avatar_2-150x150.jpg","url":"https:\/\/www.altominho.tv\/site\/wp-content\/uploads\/2019\/11\/Logo_Avatar_2-150x150.jpg","contentUrl":"https:\/\/www.altominho.tv\/site\/wp-content\/uploads\/2019\/11\/Logo_Avatar_2-150x150.jpg","caption":"Altominho.tv"},"url":"https:\/\/www.altominho.tv\/site\/author\/altominhotv-tecnico\/"}]}},"_links":{"self":[{"href":"https:\/\/www.altominho.tv\/site\/wp-json\/wp\/v2\/posts\/123864","targetHints":{"allow":["GET"]}}],"collection":[{"href":"https:\/\/www.altominho.tv\/site\/wp-json\/wp\/v2\/posts"}],"about":[{"href":"https:\/\/www.altominho.tv\/site\/wp-json\/wp\/v2\/types\/post"}],"author":[{"embeddable":true,"href":"https:\/\/www.altominho.tv\/site\/wp-json\/wp\/v2\/users\/1"}],"replies":[{"embeddable":true,"href":"https:\/\/www.altominho.tv\/site\/wp-json\/wp\/v2\/comments?post=123864"}],"version-history":[{"count":3,"href":"https:\/\/www.altominho.tv\/site\/wp-json\/wp\/v2\/posts\/123864\/revisions"}],"predecessor-version":[{"id":124078,"href":"https:\/\/www.altominho.tv\/site\/wp-json\/wp\/v2\/posts\/123864\/revisions\/124078"}],"wp:featuredmedia":[{"embeddable":true,"href":"https:\/\/www.altominho.tv\/site\/wp-json\/wp\/v2\/media\/123936"}],"wp:attachment":[{"href":"https:\/\/www.altominho.tv\/site\/wp-json\/wp\/v2\/media?parent=123864"}],"wp:term":[{"taxonomy":"category","embeddable":true,"href":"https:\/\/www.altominho.tv\/site\/wp-json\/wp\/v2\/categories?post=123864"},{"taxonomy":"post_tag","embeddable":true,"href":"https:\/\/www.altominho.tv\/site\/wp-json\/wp\/v2\/tags?post=123864"}],"curies":[{"name":"wp","href":"https:\/\/api.w.org\/{rel}","templated":true}]}}