{"id":123819,"date":"2025-10-09T12:41:15","date_gmt":"2025-10-09T11:41:15","guid":{"rendered":"https:\/\/www.altominho.tv\/site\/?p=123819"},"modified":"2025-10-09T12:41:17","modified_gmt":"2025-10-09T11:41:17","slug":"biblioteca-municipal-de-vila-nova-de-cerveira-promove-atividades-criativas-para-jovens","status":"publish","type":"post","link":"https:\/\/www.altominho.tv\/site\/2025\/10\/09\/biblioteca-municipal-de-vila-nova-de-cerveira-promove-atividades-criativas-para-jovens\/","title":{"rendered":"Biblioteca Municipal de Vila Nova de Cerveira promove atividades criativas para jovens"},"content":{"rendered":"<p class=\"p1\">O Espa\u00e7o Juventude Sem Fronteiras da Biblioteca Municipal de Vila Nova de Cerveira promove, entre outubro e dezembro, uma iniciativa dirigida aos jovens da Eurocidade Cerveira-Tomi\u00f1o a explorar a criatividade, a arte e a conviv\u00eancia social.<\/p>\n<p class=\"p1\">Dividido em duas \u00e1reas principais, \u201cJovens + Criativos\u201d e \u201cJovens + Sociais\u201d, o programa \u201cJuventude em Movimento\u201d desafia os participantes a desenvolver novas compet\u00eancias art\u00edsticas e sociais, atrav\u00e9s de atividades mensais que combinam aprendizagem, divers\u00e3o e cidadania ativa.<\/p>\n<p class=\"p1\">Assim, as oficinas \u201cJovens + Criativos\u201d realizam-se uma vez por m\u00eas, nos dias 11 de outubro, 8 de novembro e 19 de dezembro, com dura\u00e7\u00e3o de tr\u00eas horas. Estas oficinas focam-se nas artes pl\u00e1sticas, como pintura, escultura, instala\u00e7\u00e3o, mural e escrita.<\/p>\n<p class=\"p1\">No \u00e2mbito das oficinas \u201cJovens + Sociais\u201d, nos dias 24 de outubro e 28 de novembro, realiza-se o Torneio de Jogos de Tabuleiro (Papel &amp; Mar Salgado, Lus\u00edadas e Cascadia) &amp; PlayStation (FC25), um encontro para jovens que gostam de estrat\u00e9gia e racioc\u00ednio.<\/p>\n<p class=\"p1\">J\u00e1 no dia 20 de dezembro, o destaque vai para os Jogos de Tabuleiro Modernos &amp; Futebol de Caricas, com a orienta\u00e7\u00e3o da Associa\u00e7\u00e3o Artmatriz e a presen\u00e7a de jogadores dos clubes Pelames Futebol Caricas e Os Hist\u00f3ricos Futebol Caricas de Vila Nova de Cerveira.<\/p>\n<p class=\"p1\">As atividades destinam-se a jovens a partir dos 12 anos, residentes na Eurocidade Cerveira-Tomi\u00f1o.<\/p>\n<p class=\"p1\">A participa\u00e7\u00e3o \u00e9 gratuita, mas sujeita a inscri\u00e7\u00e3o pr\u00e9via junto da Biblioteca Municipal de Vila Nova de Cerveira.<\/p>\n","protected":false},"excerpt":{"rendered":"<p>O Espa\u00e7o Juventude Sem Fronteiras da Biblioteca Municipal de Vila Nova de Cerveira promove, entre outubro e dezembro, uma iniciativa dirigida aos jovens da Eurocidade Cerveira-Tomi\u00f1o a explorar a criatividade, a arte e a conviv\u00eancia social. Dividido em duas \u00e1reas principais, \u201cJovens + Criativos\u201d e \u201cJovens + Sociais\u201d, o programa \u201cJuventude em Movimento\u201d desafia os [&hellip;]<\/p>\n","protected":false},"author":30,"featured_media":123820,"comment_status":"closed","ping_status":"closed","sticky":false,"template":"","format":"standard","meta":{"_exactmetrics_skip_tracking":false,"_exactmetrics_sitenote_active":false,"_exactmetrics_sitenote_note":"","_exactmetrics_sitenote_category":0,"footnotes":""},"categories":[15],"tags":[27],"class_list":["post-123819","post","type-post","status-publish","format-standard","has-post-thumbnail","hentry","category-vila-nova-de-cerveira","tag-sociedade"],"yoast_head":"<!-- This site is optimized with the Yoast SEO Premium plugin v27.5 (Yoast SEO v27.5) - https:\/\/yoast.com\/product\/yoast-seo-premium-wordpress\/ -->\n<title>Biblioteca Municipal de Vila Nova de Cerveira promove atividades criativas para jovens<\/title>\n<meta name=\"description\" content=\"O Espa\u00e7o Juventude Sem Fronteiras da Biblioteca Municipal de Vila Nova de Cerveira promove, entre outubro e dezembro, uma iniciativa dirigida aos jovens da Eurocidade Cerveira-Tomi\u00f1o a explorar a criatividade, a arte e a conviv\u00eancia social\" \/>\n<meta name=\"robots\" content=\"index, follow, max-snippet:-1, max-image-preview:large, max-video-preview:-1\" \/>\n<link rel=\"canonical\" href=\"https:\/\/www.altominho.tv\/site\/2025\/10\/09\/biblioteca-municipal-de-vila-nova-de-cerveira-promove-atividades-criativas-para-jovens\/\" \/>\n<meta property=\"og:locale\" content=\"pt_PT\" \/>\n<meta property=\"og:type\" content=\"article\" \/>\n<meta property=\"og:title\" content=\"Biblioteca Municipal de Vila Nova de Cerveira promove atividades criativas para jovens\" \/>\n<meta property=\"og:description\" content=\"O Espa\u00e7o Juventude Sem Fronteiras da Biblioteca Municipal de Vila Nova de Cerveira promove, entre outubro e dezembro, uma iniciativa dirigida aos jovens da Eurocidade Cerveira-Tomi\u00f1o a explorar a criatividade, a arte e a conviv\u00eancia social\" \/>\n<meta property=\"og:url\" content=\"https:\/\/www.altominho.tv\/site\/2025\/10\/09\/biblioteca-municipal-de-vila-nova-de-cerveira-promove-atividades-criativas-para-jovens\/\" \/>\n<meta property=\"og:site_name\" content=\"Altominho.tv\" \/>\n<meta property=\"article:publisher\" content=\"https:\/\/www.facebook.com\/altominhotv\" \/>\n<meta property=\"article:published_time\" content=\"2025-10-09T11:41:15+00:00\" \/>\n<meta property=\"article:modified_time\" content=\"2025-10-09T11:41:17+00:00\" \/>\n<meta property=\"og:image\" content=\"https:\/\/www.altominho.tv\/site\/wp-content\/uploads\/2025\/10\/pintura.jpg\" \/>\n\t<meta property=\"og:image:width\" content=\"1200\" \/>\n\t<meta property=\"og:image:height\" content=\"630\" \/>\n\t<meta property=\"og:image:type\" content=\"image\/jpeg\" \/>\n<meta name=\"author\" content=\"Eduarda Cardoso\" \/>\n<meta name=\"twitter:card\" content=\"summary_large_image\" \/>\n<meta name=\"twitter:creator\" content=\"@altominhoTV\" \/>\n<meta name=\"twitter:site\" content=\"@altominhoTV\" \/>\n<meta name=\"twitter:label1\" content=\"Escrito por\" \/>\n\t<meta name=\"twitter:data1\" content=\"Eduarda Cardoso\" \/>\n\t<meta name=\"twitter:label2\" content=\"Tempo estimado de leitura\" \/>\n\t<meta name=\"twitter:data2\" content=\"2 minutos\" \/>\n<script type=\"application\/ld+json\" class=\"yoast-schema-graph\">{\"@context\":\"https:\\\/\\\/schema.org\",\"@graph\":[{\"@type\":\"Article\",\"@id\":\"https:\\\/\\\/www.altominho.tv\\\/site\\\/2025\\\/10\\\/09\\\/biblioteca-municipal-de-vila-nova-de-cerveira-promove-atividades-criativas-para-jovens\\\/#article\",\"isPartOf\":{\"@id\":\"https:\\\/\\\/www.altominho.tv\\\/site\\\/2025\\\/10\\\/09\\\/biblioteca-municipal-de-vila-nova-de-cerveira-promove-atividades-criativas-para-jovens\\\/\"},\"author\":{\"name\":\"Eduarda Cardoso\",\"@id\":\"https:\\\/\\\/www.altominho.tv\\\/site\\\/#\\\/schema\\\/person\\\/9e351387b727413d005ccf1152c93539\"},\"headline\":\"Biblioteca Municipal de Vila Nova de Cerveira promove atividades criativas para jovens\",\"datePublished\":\"2025-10-09T11:41:15+00:00\",\"dateModified\":\"2025-10-09T11:41:17+00:00\",\"mainEntityOfPage\":{\"@id\":\"https:\\\/\\\/www.altominho.tv\\\/site\\\/2025\\\/10\\\/09\\\/biblioteca-municipal-de-vila-nova-de-cerveira-promove-atividades-criativas-para-jovens\\\/\"},\"wordCount\":258,\"image\":{\"@id\":\"https:\\\/\\\/www.altominho.tv\\\/site\\\/2025\\\/10\\\/09\\\/biblioteca-municipal-de-vila-nova-de-cerveira-promove-atividades-criativas-para-jovens\\\/#primaryimage\"},\"thumbnailUrl\":\"https:\\\/\\\/www.altominho.tv\\\/site\\\/wp-content\\\/uploads\\\/2025\\\/10\\\/pintura.jpg\",\"keywords\":[\"Sociedade\"],\"articleSection\":[\"Vila Nova de Cerveira\"],\"inLanguage\":\"pt-PT\",\"copyrightYear\":\"2025\",\"copyrightHolder\":{\"@id\":\"https:\\\/\\\/www.altominho.tv\\\/site\\\/#organization\"}},{\"@type\":\"WebPage\",\"@id\":\"https:\\\/\\\/www.altominho.tv\\\/site\\\/2025\\\/10\\\/09\\\/biblioteca-municipal-de-vila-nova-de-cerveira-promove-atividades-criativas-para-jovens\\\/\",\"url\":\"https:\\\/\\\/www.altominho.tv\\\/site\\\/2025\\\/10\\\/09\\\/biblioteca-municipal-de-vila-nova-de-cerveira-promove-atividades-criativas-para-jovens\\\/\",\"name\":\"Biblioteca Municipal de Vila Nova de Cerveira promove atividades criativas para jovens\",\"isPartOf\":{\"@id\":\"https:\\\/\\\/www.altominho.tv\\\/site\\\/#website\"},\"primaryImageOfPage\":{\"@id\":\"https:\\\/\\\/www.altominho.tv\\\/site\\\/2025\\\/10\\\/09\\\/biblioteca-municipal-de-vila-nova-de-cerveira-promove-atividades-criativas-para-jovens\\\/#primaryimage\"},\"image\":{\"@id\":\"https:\\\/\\\/www.altominho.tv\\\/site\\\/2025\\\/10\\\/09\\\/biblioteca-municipal-de-vila-nova-de-cerveira-promove-atividades-criativas-para-jovens\\\/#primaryimage\"},\"thumbnailUrl\":\"https:\\\/\\\/www.altominho.tv\\\/site\\\/wp-content\\\/uploads\\\/2025\\\/10\\\/pintura.jpg\",\"datePublished\":\"2025-10-09T11:41:15+00:00\",\"dateModified\":\"2025-10-09T11:41:17+00:00\",\"author\":{\"@id\":\"https:\\\/\\\/www.altominho.tv\\\/site\\\/#\\\/schema\\\/person\\\/9e351387b727413d005ccf1152c93539\"},\"description\":\"O Espa\u00e7o Juventude Sem Fronteiras da Biblioteca Municipal de Vila Nova de Cerveira promove, entre outubro e dezembro, uma iniciativa dirigida aos jovens da Eurocidade Cerveira-Tomi\u00f1o a explorar a criatividade, a arte e a conviv\u00eancia social\",\"breadcrumb\":{\"@id\":\"https:\\\/\\\/www.altominho.tv\\\/site\\\/2025\\\/10\\\/09\\\/biblioteca-municipal-de-vila-nova-de-cerveira-promove-atividades-criativas-para-jovens\\\/#breadcrumb\"},\"inLanguage\":\"pt-PT\",\"potentialAction\":[{\"@type\":\"ReadAction\",\"target\":[\"https:\\\/\\\/www.altominho.tv\\\/site\\\/2025\\\/10\\\/09\\\/biblioteca-municipal-de-vila-nova-de-cerveira-promove-atividades-criativas-para-jovens\\\/\"]}]},{\"@type\":\"ImageObject\",\"inLanguage\":\"pt-PT\",\"@id\":\"https:\\\/\\\/www.altominho.tv\\\/site\\\/2025\\\/10\\\/09\\\/biblioteca-municipal-de-vila-nova-de-cerveira-promove-atividades-criativas-para-jovens\\\/#primaryimage\",\"url\":\"https:\\\/\\\/www.altominho.tv\\\/site\\\/wp-content\\\/uploads\\\/2025\\\/10\\\/pintura.jpg\",\"contentUrl\":\"https:\\\/\\\/www.altominho.tv\\\/site\\\/wp-content\\\/uploads\\\/2025\\\/10\\\/pintura.jpg\",\"width\":1200,\"height\":630},{\"@type\":\"BreadcrumbList\",\"@id\":\"https:\\\/\\\/www.altominho.tv\\\/site\\\/2025\\\/10\\\/09\\\/biblioteca-municipal-de-vila-nova-de-cerveira-promove-atividades-criativas-para-jovens\\\/#breadcrumb\",\"itemListElement\":[{\"@type\":\"ListItem\",\"position\":1,\"name\":\"In\u00edcio\",\"item\":\"https:\\\/\\\/www.altominho.tv\\\/site\\\/\"},{\"@type\":\"ListItem\",\"position\":2,\"name\":\"Biblioteca Municipal de Vila Nova de Cerveira promove atividades criativas para jovens\"}]},{\"@type\":\"WebSite\",\"@id\":\"https:\\\/\\\/www.altominho.tv\\\/site\\\/#website\",\"url\":\"https:\\\/\\\/www.altominho.tv\\\/site\\\/\",\"name\":\"Altominho.tv\",\"description\":\"A sua regi\u00e3o \u00e0 dist\u00e2ncia de um clique...\",\"potentialAction\":[{\"@type\":\"SearchAction\",\"target\":{\"@type\":\"EntryPoint\",\"urlTemplate\":\"https:\\\/\\\/www.altominho.tv\\\/site\\\/?s={search_term_string}\"},\"query-input\":{\"@type\":\"PropertyValueSpecification\",\"valueRequired\":true,\"valueName\":\"search_term_string\"}}],\"inLanguage\":\"pt-PT\"},{\"@type\":\"Person\",\"@id\":\"https:\\\/\\\/www.altominho.tv\\\/site\\\/#\\\/schema\\\/person\\\/9e351387b727413d005ccf1152c93539\",\"name\":\"Eduarda Cardoso\",\"image\":{\"@type\":\"ImageObject\",\"inLanguage\":\"pt-PT\",\"@id\":\"https:\\\/\\\/www.altominho.tv\\\/site\\\/wp-content\\\/uploads\\\/2021\\\/01\\\/cropped-Logo-ATV_WEB-150x150.png\",\"url\":\"https:\\\/\\\/www.altominho.tv\\\/site\\\/wp-content\\\/uploads\\\/2021\\\/01\\\/cropped-Logo-ATV_WEB-150x150.png\",\"contentUrl\":\"https:\\\/\\\/www.altominho.tv\\\/site\\\/wp-content\\\/uploads\\\/2021\\\/01\\\/cropped-Logo-ATV_WEB-150x150.png\",\"caption\":\"Eduarda Cardoso\"},\"url\":\"https:\\\/\\\/www.altominho.tv\\\/site\\\/author\\\/eduarda-cardoso\\\/\"}]}<\/script>\n<!-- \/ Yoast SEO Premium plugin. -->","yoast_head_json":{"title":"Biblioteca Municipal de Vila Nova de Cerveira promove atividades criativas para jovens","description":"O Espa\u00e7o Juventude Sem Fronteiras da Biblioteca Municipal de Vila Nova de Cerveira promove, entre outubro e dezembro, uma iniciativa dirigida aos jovens da Eurocidade Cerveira-Tomi\u00f1o a explorar a criatividade, a arte e a conviv\u00eancia social","robots":{"index":"index","follow":"follow","max-snippet":"max-snippet:-1","max-image-preview":"max-image-preview:large","max-video-preview":"max-video-preview:-1"},"canonical":"https:\/\/www.altominho.tv\/site\/2025\/10\/09\/biblioteca-municipal-de-vila-nova-de-cerveira-promove-atividades-criativas-para-jovens\/","og_locale":"pt_PT","og_type":"article","og_title":"Biblioteca Municipal de Vila Nova de Cerveira promove atividades criativas para jovens","og_description":"O Espa\u00e7o Juventude Sem Fronteiras da Biblioteca Municipal de Vila Nova de Cerveira promove, entre outubro e dezembro, uma iniciativa dirigida aos jovens da Eurocidade Cerveira-Tomi\u00f1o a explorar a criatividade, a arte e a conviv\u00eancia social","og_url":"https:\/\/www.altominho.tv\/site\/2025\/10\/09\/biblioteca-municipal-de-vila-nova-de-cerveira-promove-atividades-criativas-para-jovens\/","og_site_name":"Altominho.tv","article_publisher":"https:\/\/www.facebook.com\/altominhotv","article_published_time":"2025-10-09T11:41:15+00:00","article_modified_time":"2025-10-09T11:41:17+00:00","og_image":[{"width":1200,"height":630,"url":"https:\/\/www.altominho.tv\/site\/wp-content\/uploads\/2025\/10\/pintura.jpg","type":"image\/jpeg"}],"author":"Eduarda Cardoso","twitter_card":"summary_large_image","twitter_creator":"@altominhoTV","twitter_site":"@altominhoTV","twitter_misc":{"Escrito por":"Eduarda Cardoso","Tempo estimado de leitura":"2 minutos"},"schema":{"@context":"https:\/\/schema.org","@graph":[{"@type":"Article","@id":"https:\/\/www.altominho.tv\/site\/2025\/10\/09\/biblioteca-municipal-de-vila-nova-de-cerveira-promove-atividades-criativas-para-jovens\/#article","isPartOf":{"@id":"https:\/\/www.altominho.tv\/site\/2025\/10\/09\/biblioteca-municipal-de-vila-nova-de-cerveira-promove-atividades-criativas-para-jovens\/"},"author":{"name":"Eduarda Cardoso","@id":"https:\/\/www.altominho.tv\/site\/#\/schema\/person\/9e351387b727413d005ccf1152c93539"},"headline":"Biblioteca Municipal de Vila Nova de Cerveira promove atividades criativas para jovens","datePublished":"2025-10-09T11:41:15+00:00","dateModified":"2025-10-09T11:41:17+00:00","mainEntityOfPage":{"@id":"https:\/\/www.altominho.tv\/site\/2025\/10\/09\/biblioteca-municipal-de-vila-nova-de-cerveira-promove-atividades-criativas-para-jovens\/"},"wordCount":258,"image":{"@id":"https:\/\/www.altominho.tv\/site\/2025\/10\/09\/biblioteca-municipal-de-vila-nova-de-cerveira-promove-atividades-criativas-para-jovens\/#primaryimage"},"thumbnailUrl":"https:\/\/www.altominho.tv\/site\/wp-content\/uploads\/2025\/10\/pintura.jpg","keywords":["Sociedade"],"articleSection":["Vila Nova de Cerveira"],"inLanguage":"pt-PT","copyrightYear":"2025","copyrightHolder":{"@id":"https:\/\/www.altominho.tv\/site\/#organization"}},{"@type":"WebPage","@id":"https:\/\/www.altominho.tv\/site\/2025\/10\/09\/biblioteca-municipal-de-vila-nova-de-cerveira-promove-atividades-criativas-para-jovens\/","url":"https:\/\/www.altominho.tv\/site\/2025\/10\/09\/biblioteca-municipal-de-vila-nova-de-cerveira-promove-atividades-criativas-para-jovens\/","name":"Biblioteca Municipal de Vila Nova de Cerveira promove atividades criativas para jovens","isPartOf":{"@id":"https:\/\/www.altominho.tv\/site\/#website"},"primaryImageOfPage":{"@id":"https:\/\/www.altominho.tv\/site\/2025\/10\/09\/biblioteca-municipal-de-vila-nova-de-cerveira-promove-atividades-criativas-para-jovens\/#primaryimage"},"image":{"@id":"https:\/\/www.altominho.tv\/site\/2025\/10\/09\/biblioteca-municipal-de-vila-nova-de-cerveira-promove-atividades-criativas-para-jovens\/#primaryimage"},"thumbnailUrl":"https:\/\/www.altominho.tv\/site\/wp-content\/uploads\/2025\/10\/pintura.jpg","datePublished":"2025-10-09T11:41:15+00:00","dateModified":"2025-10-09T11:41:17+00:00","author":{"@id":"https:\/\/www.altominho.tv\/site\/#\/schema\/person\/9e351387b727413d005ccf1152c93539"},"description":"O Espa\u00e7o Juventude Sem Fronteiras da Biblioteca Municipal de Vila Nova de Cerveira promove, entre outubro e dezembro, uma iniciativa dirigida aos jovens da Eurocidade Cerveira-Tomi\u00f1o a explorar a criatividade, a arte e a conviv\u00eancia social","breadcrumb":{"@id":"https:\/\/www.altominho.tv\/site\/2025\/10\/09\/biblioteca-municipal-de-vila-nova-de-cerveira-promove-atividades-criativas-para-jovens\/#breadcrumb"},"inLanguage":"pt-PT","potentialAction":[{"@type":"ReadAction","target":["https:\/\/www.altominho.tv\/site\/2025\/10\/09\/biblioteca-municipal-de-vila-nova-de-cerveira-promove-atividades-criativas-para-jovens\/"]}]},{"@type":"ImageObject","inLanguage":"pt-PT","@id":"https:\/\/www.altominho.tv\/site\/2025\/10\/09\/biblioteca-municipal-de-vila-nova-de-cerveira-promove-atividades-criativas-para-jovens\/#primaryimage","url":"https:\/\/www.altominho.tv\/site\/wp-content\/uploads\/2025\/10\/pintura.jpg","contentUrl":"https:\/\/www.altominho.tv\/site\/wp-content\/uploads\/2025\/10\/pintura.jpg","width":1200,"height":630},{"@type":"BreadcrumbList","@id":"https:\/\/www.altominho.tv\/site\/2025\/10\/09\/biblioteca-municipal-de-vila-nova-de-cerveira-promove-atividades-criativas-para-jovens\/#breadcrumb","itemListElement":[{"@type":"ListItem","position":1,"name":"In\u00edcio","item":"https:\/\/www.altominho.tv\/site\/"},{"@type":"ListItem","position":2,"name":"Biblioteca Municipal de Vila Nova de Cerveira promove atividades criativas para jovens"}]},{"@type":"WebSite","@id":"https:\/\/www.altominho.tv\/site\/#website","url":"https:\/\/www.altominho.tv\/site\/","name":"Altominho.tv","description":"A sua regi\u00e3o \u00e0 dist\u00e2ncia de um clique...","potentialAction":[{"@type":"SearchAction","target":{"@type":"EntryPoint","urlTemplate":"https:\/\/www.altominho.tv\/site\/?s={search_term_string}"},"query-input":{"@type":"PropertyValueSpecification","valueRequired":true,"valueName":"search_term_string"}}],"inLanguage":"pt-PT"},{"@type":"Person","@id":"https:\/\/www.altominho.tv\/site\/#\/schema\/person\/9e351387b727413d005ccf1152c93539","name":"Eduarda Cardoso","image":{"@type":"ImageObject","inLanguage":"pt-PT","@id":"https:\/\/www.altominho.tv\/site\/wp-content\/uploads\/2021\/01\/cropped-Logo-ATV_WEB-150x150.png","url":"https:\/\/www.altominho.tv\/site\/wp-content\/uploads\/2021\/01\/cropped-Logo-ATV_WEB-150x150.png","contentUrl":"https:\/\/www.altominho.tv\/site\/wp-content\/uploads\/2021\/01\/cropped-Logo-ATV_WEB-150x150.png","caption":"Eduarda Cardoso"},"url":"https:\/\/www.altominho.tv\/site\/author\/eduarda-cardoso\/"}]}},"_links":{"self":[{"href":"https:\/\/www.altominho.tv\/site\/wp-json\/wp\/v2\/posts\/123819","targetHints":{"allow":["GET"]}}],"collection":[{"href":"https:\/\/www.altominho.tv\/site\/wp-json\/wp\/v2\/posts"}],"about":[{"href":"https:\/\/www.altominho.tv\/site\/wp-json\/wp\/v2\/types\/post"}],"author":[{"embeddable":true,"href":"https:\/\/www.altominho.tv\/site\/wp-json\/wp\/v2\/users\/30"}],"replies":[{"embeddable":true,"href":"https:\/\/www.altominho.tv\/site\/wp-json\/wp\/v2\/comments?post=123819"}],"version-history":[{"count":1,"href":"https:\/\/www.altominho.tv\/site\/wp-json\/wp\/v2\/posts\/123819\/revisions"}],"predecessor-version":[{"id":123821,"href":"https:\/\/www.altominho.tv\/site\/wp-json\/wp\/v2\/posts\/123819\/revisions\/123821"}],"wp:featuredmedia":[{"embeddable":true,"href":"https:\/\/www.altominho.tv\/site\/wp-json\/wp\/v2\/media\/123820"}],"wp:attachment":[{"href":"https:\/\/www.altominho.tv\/site\/wp-json\/wp\/v2\/media?parent=123819"}],"wp:term":[{"taxonomy":"category","embeddable":true,"href":"https:\/\/www.altominho.tv\/site\/wp-json\/wp\/v2\/categories?post=123819"},{"taxonomy":"post_tag","embeddable":true,"href":"https:\/\/www.altominho.tv\/site\/wp-json\/wp\/v2\/tags?post=123819"}],"curies":[{"name":"wp","href":"https:\/\/api.w.org\/{rel}","templated":true}]}}