{"id":123755,"date":"2025-10-08T10:47:04","date_gmt":"2025-10-08T09:47:04","guid":{"rendered":"https:\/\/www.altominho.tv\/site\/?p=123755"},"modified":"2025-10-08T10:47:06","modified_gmt":"2025-10-08T09:47:06","slug":"eira-transforma-gestos-do-trabalho-rural-em-espetaculo-de-danca-contemporanea-em-ponte-da-barca","status":"publish","type":"post","link":"https:\/\/www.altominho.tv\/site\/2025\/10\/08\/eira-transforma-gestos-do-trabalho-rural-em-espetaculo-de-danca-contemporanea-em-ponte-da-barca\/","title":{"rendered":"&#8220;EIRA&#8221; transforma gestos do trabalho rural em espet\u00e1culo de dan\u00e7a contempor\u00e2nea em Ponte da Barca"},"content":{"rendered":"<p data-start=\"115\" data-end=\"459\">O Audit\u00f3rio Municipal de Ponte da Barca recebe, nos dias 17 e 18 de outubro, pelas 21h30, o espet\u00e1culo \u201cEIRA\u201d, uma cria\u00e7\u00e3o que leva para o palco os gestos do trabalho rural, transformando-os em dan\u00e7a e propondo um di\u00e1logo entre corpo, m\u00e1quina e natureza. A entrada \u00e9 livre e o espet\u00e1culo \u00e9 destinado a maiores de seis anos.<\/p>\n<p data-start=\"461\" data-end=\"797\">\u201cEIRA\u201d parte da ideia de que o espa\u00e7o de trabalho agr\u00edcola \u00e9 tamb\u00e9m um lugar de encontro e celebra\u00e7\u00e3o, onde os movimentos quotidianos se tornam express\u00e3o art\u00edstica. Entre a semente e o p\u00e3o partilhado, o corpo habita simultaneamente o mundo natural e o tecnol\u00f3gico, acompanhando o ritmo do ciclo agr\u00edcola e evocando mem\u00f3rias coletivas.<\/p>\n<p data-start=\"799\" data-end=\"1152\">A performance combina sons tradicionais \u2014 como o da concertina e das vozes polif\u00f3nicas \u2014 com novas texturas e paisagens sonoras contempor\u00e2neas, criando um ambiente que mistura tradi\u00e7\u00e3o e inova\u00e7\u00e3o. O resultado \u00e9 uma dramaturgia f\u00edsico-musical que transforma o gesto do trabalho em movimento coreogr\u00e1fico e reinventa a heran\u00e7a popular \u00e0 luz do presente.<\/p>\n<p data-start=\"1154\" data-end=\"1479\">O projeto \u201cEIRA\u201d desenvolveu-se em tr\u00eas fases ao longo de 2024 e 2025, envolvendo a comunidade local na recolha de sons, movimentos, hist\u00f3rias e saberes ligados \u00e0 vida rural. Esta cria\u00e7\u00e3o art\u00edstica visa valorizar a identidade do territ\u00f3rio, promover a coes\u00e3o social e explorar novas formas de sustentabilidade cultural.<\/p>\n<p data-start=\"1481\" data-end=\"1744\" data-is-last-node=\"\" data-is-only-node=\"\">A iniciativa \u00e9 apoiada pelo Programa de Apoio \u201cArte e Coes\u00e3o Territorial\u201d, uma parceria entre a Dire\u00e7\u00e3o-Geral das Artes e o Observat\u00f3rio Portugu\u00eas das Atividades Culturais, que apoia projetos art\u00edsticos com impacto comunit\u00e1rio e liga\u00e7\u00e3o ao territ\u00f3rio.<\/p>\n","protected":false},"excerpt":{"rendered":"<p>O Audit\u00f3rio Municipal de Ponte da Barca recebe, nos dias 17 e 18 de outubro, pelas 21h30, o espet\u00e1culo \u201cEIRA\u201d, uma cria\u00e7\u00e3o que leva para o palco os gestos do trabalho rural, transformando-os em dan\u00e7a e propondo um di\u00e1logo entre corpo, m\u00e1quina e natureza. A entrada \u00e9 livre e o espet\u00e1culo \u00e9 destinado a maiores [&hellip;]<\/p>\n","protected":false},"author":1,"featured_media":123756,"comment_status":"closed","ping_status":"closed","sticky":false,"template":"","format":"standard","meta":{"_exactmetrics_skip_tracking":false,"_exactmetrics_sitenote_active":false,"_exactmetrics_sitenote_note":"","_exactmetrics_sitenote_category":0,"footnotes":""},"categories":[11],"tags":[19],"class_list":["post-123755","post","type-post","status-publish","format-standard","has-post-thumbnail","hentry","category-ponte-da-barca","tag-cultura"],"yoast_head":"<!-- This site is optimized with the Yoast SEO Premium plugin v27.5 (Yoast SEO v27.5) - https:\/\/yoast.com\/product\/yoast-seo-premium-wordpress\/ -->\n<title>&quot;EIRA&quot; transforma gestos do trabalho rural em espet\u00e1culo de dan\u00e7a contempor\u00e2nea em Ponte da Barca<\/title>\n<meta name=\"description\" content=\"O Audit\u00f3rio Municipal de Ponte da Barca recebe, nos dias 17 e 18 de outubro, pelas 21h30, o espet\u00e1culo \u201cEIRA\u201d, uma cria\u00e7\u00e3o que leva para o palco os gestos do trabalho rural, transformando-os em dan\u00e7a e propondo um di\u00e1logo entre corpo, m\u00e1quina e natureza.\" \/>\n<meta name=\"robots\" content=\"index, follow, max-snippet:-1, max-image-preview:large, max-video-preview:-1\" \/>\n<link rel=\"canonical\" href=\"https:\/\/www.altominho.tv\/site\/2025\/10\/08\/eira-transforma-gestos-do-trabalho-rural-em-espetaculo-de-danca-contemporanea-em-ponte-da-barca\/\" \/>\n<meta property=\"og:locale\" content=\"pt_PT\" \/>\n<meta property=\"og:type\" content=\"article\" \/>\n<meta property=\"og:title\" content=\"&quot;EIRA&quot; transforma gestos do trabalho rural em espet\u00e1culo de dan\u00e7a contempor\u00e2nea em Ponte da Barca\" \/>\n<meta property=\"og:description\" content=\"O Audit\u00f3rio Municipal de Ponte da Barca recebe, nos dias 17 e 18 de outubro, pelas 21h30, o espet\u00e1culo \u201cEIRA\u201d, uma cria\u00e7\u00e3o que leva para o palco os gestos do trabalho rural, transformando-os em dan\u00e7a e propondo um di\u00e1logo entre corpo, m\u00e1quina e natureza.\" \/>\n<meta property=\"og:url\" content=\"https:\/\/www.altominho.tv\/site\/2025\/10\/08\/eira-transforma-gestos-do-trabalho-rural-em-espetaculo-de-danca-contemporanea-em-ponte-da-barca\/\" \/>\n<meta property=\"og:site_name\" content=\"Altominho.tv\" \/>\n<meta property=\"article:publisher\" content=\"https:\/\/www.facebook.com\/altominhotv\" \/>\n<meta property=\"article:published_time\" content=\"2025-10-08T09:47:04+00:00\" \/>\n<meta property=\"article:modified_time\" content=\"2025-10-08T09:47:06+00:00\" \/>\n<meta property=\"og:image\" content=\"https:\/\/www.altominho.tv\/site\/wp-content\/uploads\/2025\/10\/eira-pt-barca.jpg\" \/>\n\t<meta property=\"og:image:width\" content=\"1200\" \/>\n\t<meta property=\"og:image:height\" content=\"630\" \/>\n\t<meta property=\"og:image:type\" content=\"image\/jpeg\" \/>\n<meta name=\"author\" content=\"Altominho.tv\" \/>\n<meta name=\"twitter:card\" content=\"summary_large_image\" \/>\n<meta name=\"twitter:creator\" content=\"@altominhoTV\" \/>\n<meta name=\"twitter:site\" content=\"@altominhoTV\" \/>\n<meta name=\"twitter:label1\" content=\"Escrito por\" \/>\n\t<meta name=\"twitter:data1\" content=\"Altominho.tv\" \/>\n\t<meta name=\"twitter:label2\" content=\"Tempo estimado de leitura\" \/>\n\t<meta name=\"twitter:data2\" content=\"2 minutos\" \/>\n<script type=\"application\/ld+json\" class=\"yoast-schema-graph\">{\"@context\":\"https:\\\/\\\/schema.org\",\"@graph\":[{\"@type\":\"Article\",\"@id\":\"https:\\\/\\\/www.altominho.tv\\\/site\\\/2025\\\/10\\\/08\\\/eira-transforma-gestos-do-trabalho-rural-em-espetaculo-de-danca-contemporanea-em-ponte-da-barca\\\/#article\",\"isPartOf\":{\"@id\":\"https:\\\/\\\/www.altominho.tv\\\/site\\\/2025\\\/10\\\/08\\\/eira-transforma-gestos-do-trabalho-rural-em-espetaculo-de-danca-contemporanea-em-ponte-da-barca\\\/\"},\"author\":{\"name\":\"Altominho.tv\",\"@id\":\"https:\\\/\\\/www.altominho.tv\\\/site\\\/#\\\/schema\\\/person\\\/4e536851627d7914baf3dac752b6af22\"},\"headline\":\"&#8220;EIRA&#8221; transforma gestos do trabalho rural em espet\u00e1culo de dan\u00e7a contempor\u00e2nea em Ponte da Barca\",\"datePublished\":\"2025-10-08T09:47:04+00:00\",\"dateModified\":\"2025-10-08T09:47:06+00:00\",\"mainEntityOfPage\":{\"@id\":\"https:\\\/\\\/www.altominho.tv\\\/site\\\/2025\\\/10\\\/08\\\/eira-transforma-gestos-do-trabalho-rural-em-espetaculo-de-danca-contemporanea-em-ponte-da-barca\\\/\"},\"wordCount\":295,\"image\":{\"@id\":\"https:\\\/\\\/www.altominho.tv\\\/site\\\/2025\\\/10\\\/08\\\/eira-transforma-gestos-do-trabalho-rural-em-espetaculo-de-danca-contemporanea-em-ponte-da-barca\\\/#primaryimage\"},\"thumbnailUrl\":\"https:\\\/\\\/www.altominho.tv\\\/site\\\/wp-content\\\/uploads\\\/2025\\\/10\\\/eira-pt-barca.jpg\",\"keywords\":[\"Cultura\"],\"articleSection\":[\"Ponte da Barca\"],\"inLanguage\":\"pt-PT\",\"copyrightYear\":\"2025\",\"copyrightHolder\":{\"@id\":\"https:\\\/\\\/www.altominho.tv\\\/site\\\/#organization\"}},{\"@type\":\"WebPage\",\"@id\":\"https:\\\/\\\/www.altominho.tv\\\/site\\\/2025\\\/10\\\/08\\\/eira-transforma-gestos-do-trabalho-rural-em-espetaculo-de-danca-contemporanea-em-ponte-da-barca\\\/\",\"url\":\"https:\\\/\\\/www.altominho.tv\\\/site\\\/2025\\\/10\\\/08\\\/eira-transforma-gestos-do-trabalho-rural-em-espetaculo-de-danca-contemporanea-em-ponte-da-barca\\\/\",\"name\":\"\\\"EIRA\\\" transforma gestos do trabalho rural em espet\u00e1culo de dan\u00e7a contempor\u00e2nea em Ponte da Barca\",\"isPartOf\":{\"@id\":\"https:\\\/\\\/www.altominho.tv\\\/site\\\/#website\"},\"primaryImageOfPage\":{\"@id\":\"https:\\\/\\\/www.altominho.tv\\\/site\\\/2025\\\/10\\\/08\\\/eira-transforma-gestos-do-trabalho-rural-em-espetaculo-de-danca-contemporanea-em-ponte-da-barca\\\/#primaryimage\"},\"image\":{\"@id\":\"https:\\\/\\\/www.altominho.tv\\\/site\\\/2025\\\/10\\\/08\\\/eira-transforma-gestos-do-trabalho-rural-em-espetaculo-de-danca-contemporanea-em-ponte-da-barca\\\/#primaryimage\"},\"thumbnailUrl\":\"https:\\\/\\\/www.altominho.tv\\\/site\\\/wp-content\\\/uploads\\\/2025\\\/10\\\/eira-pt-barca.jpg\",\"datePublished\":\"2025-10-08T09:47:04+00:00\",\"dateModified\":\"2025-10-08T09:47:06+00:00\",\"author\":{\"@id\":\"https:\\\/\\\/www.altominho.tv\\\/site\\\/#\\\/schema\\\/person\\\/4e536851627d7914baf3dac752b6af22\"},\"description\":\"O Audit\u00f3rio Municipal de Ponte da Barca recebe, nos dias 17 e 18 de outubro, pelas 21h30, o espet\u00e1culo \u201cEIRA\u201d, uma cria\u00e7\u00e3o que leva para o palco os gestos do trabalho rural, transformando-os em dan\u00e7a e propondo um di\u00e1logo entre corpo, m\u00e1quina e natureza.\",\"breadcrumb\":{\"@id\":\"https:\\\/\\\/www.altominho.tv\\\/site\\\/2025\\\/10\\\/08\\\/eira-transforma-gestos-do-trabalho-rural-em-espetaculo-de-danca-contemporanea-em-ponte-da-barca\\\/#breadcrumb\"},\"inLanguage\":\"pt-PT\",\"potentialAction\":[{\"@type\":\"ReadAction\",\"target\":[\"https:\\\/\\\/www.altominho.tv\\\/site\\\/2025\\\/10\\\/08\\\/eira-transforma-gestos-do-trabalho-rural-em-espetaculo-de-danca-contemporanea-em-ponte-da-barca\\\/\"]}]},{\"@type\":\"ImageObject\",\"inLanguage\":\"pt-PT\",\"@id\":\"https:\\\/\\\/www.altominho.tv\\\/site\\\/2025\\\/10\\\/08\\\/eira-transforma-gestos-do-trabalho-rural-em-espetaculo-de-danca-contemporanea-em-ponte-da-barca\\\/#primaryimage\",\"url\":\"https:\\\/\\\/www.altominho.tv\\\/site\\\/wp-content\\\/uploads\\\/2025\\\/10\\\/eira-pt-barca.jpg\",\"contentUrl\":\"https:\\\/\\\/www.altominho.tv\\\/site\\\/wp-content\\\/uploads\\\/2025\\\/10\\\/eira-pt-barca.jpg\",\"width\":1200,\"height\":630},{\"@type\":\"BreadcrumbList\",\"@id\":\"https:\\\/\\\/www.altominho.tv\\\/site\\\/2025\\\/10\\\/08\\\/eira-transforma-gestos-do-trabalho-rural-em-espetaculo-de-danca-contemporanea-em-ponte-da-barca\\\/#breadcrumb\",\"itemListElement\":[{\"@type\":\"ListItem\",\"position\":1,\"name\":\"In\u00edcio\",\"item\":\"https:\\\/\\\/www.altominho.tv\\\/site\\\/\"},{\"@type\":\"ListItem\",\"position\":2,\"name\":\"&#8220;EIRA&#8221; transforma gestos do trabalho rural em espet\u00e1culo de dan\u00e7a contempor\u00e2nea em Ponte da Barca\"}]},{\"@type\":\"WebSite\",\"@id\":\"https:\\\/\\\/www.altominho.tv\\\/site\\\/#website\",\"url\":\"https:\\\/\\\/www.altominho.tv\\\/site\\\/\",\"name\":\"Altominho.tv\",\"description\":\"A sua regi\u00e3o \u00e0 dist\u00e2ncia de um clique...\",\"potentialAction\":[{\"@type\":\"SearchAction\",\"target\":{\"@type\":\"EntryPoint\",\"urlTemplate\":\"https:\\\/\\\/www.altominho.tv\\\/site\\\/?s={search_term_string}\"},\"query-input\":{\"@type\":\"PropertyValueSpecification\",\"valueRequired\":true,\"valueName\":\"search_term_string\"}}],\"inLanguage\":\"pt-PT\"},{\"@type\":\"Person\",\"@id\":\"https:\\\/\\\/www.altominho.tv\\\/site\\\/#\\\/schema\\\/person\\\/4e536851627d7914baf3dac752b6af22\",\"name\":\"Altominho.tv\",\"image\":{\"@type\":\"ImageObject\",\"inLanguage\":\"pt-PT\",\"@id\":\"https:\\\/\\\/www.altominho.tv\\\/site\\\/wp-content\\\/uploads\\\/2019\\\/11\\\/Logo_Avatar_2-150x150.jpg\",\"url\":\"https:\\\/\\\/www.altominho.tv\\\/site\\\/wp-content\\\/uploads\\\/2019\\\/11\\\/Logo_Avatar_2-150x150.jpg\",\"contentUrl\":\"https:\\\/\\\/www.altominho.tv\\\/site\\\/wp-content\\\/uploads\\\/2019\\\/11\\\/Logo_Avatar_2-150x150.jpg\",\"caption\":\"Altominho.tv\"},\"url\":\"https:\\\/\\\/www.altominho.tv\\\/site\\\/author\\\/altominhotv-tecnico\\\/\"}]}<\/script>\n<!-- \/ Yoast SEO Premium plugin. -->","yoast_head_json":{"title":"\"EIRA\" transforma gestos do trabalho rural em espet\u00e1culo de dan\u00e7a contempor\u00e2nea em Ponte da Barca","description":"O Audit\u00f3rio Municipal de Ponte da Barca recebe, nos dias 17 e 18 de outubro, pelas 21h30, o espet\u00e1culo \u201cEIRA\u201d, uma cria\u00e7\u00e3o que leva para o palco os gestos do trabalho rural, transformando-os em dan\u00e7a e propondo um di\u00e1logo entre corpo, m\u00e1quina e natureza.","robots":{"index":"index","follow":"follow","max-snippet":"max-snippet:-1","max-image-preview":"max-image-preview:large","max-video-preview":"max-video-preview:-1"},"canonical":"https:\/\/www.altominho.tv\/site\/2025\/10\/08\/eira-transforma-gestos-do-trabalho-rural-em-espetaculo-de-danca-contemporanea-em-ponte-da-barca\/","og_locale":"pt_PT","og_type":"article","og_title":"\"EIRA\" transforma gestos do trabalho rural em espet\u00e1culo de dan\u00e7a contempor\u00e2nea em Ponte da Barca","og_description":"O Audit\u00f3rio Municipal de Ponte da Barca recebe, nos dias 17 e 18 de outubro, pelas 21h30, o espet\u00e1culo \u201cEIRA\u201d, uma cria\u00e7\u00e3o que leva para o palco os gestos do trabalho rural, transformando-os em dan\u00e7a e propondo um di\u00e1logo entre corpo, m\u00e1quina e natureza.","og_url":"https:\/\/www.altominho.tv\/site\/2025\/10\/08\/eira-transforma-gestos-do-trabalho-rural-em-espetaculo-de-danca-contemporanea-em-ponte-da-barca\/","og_site_name":"Altominho.tv","article_publisher":"https:\/\/www.facebook.com\/altominhotv","article_published_time":"2025-10-08T09:47:04+00:00","article_modified_time":"2025-10-08T09:47:06+00:00","og_image":[{"width":1200,"height":630,"url":"https:\/\/www.altominho.tv\/site\/wp-content\/uploads\/2025\/10\/eira-pt-barca.jpg","type":"image\/jpeg"}],"author":"Altominho.tv","twitter_card":"summary_large_image","twitter_creator":"@altominhoTV","twitter_site":"@altominhoTV","twitter_misc":{"Escrito por":"Altominho.tv","Tempo estimado de leitura":"2 minutos"},"schema":{"@context":"https:\/\/schema.org","@graph":[{"@type":"Article","@id":"https:\/\/www.altominho.tv\/site\/2025\/10\/08\/eira-transforma-gestos-do-trabalho-rural-em-espetaculo-de-danca-contemporanea-em-ponte-da-barca\/#article","isPartOf":{"@id":"https:\/\/www.altominho.tv\/site\/2025\/10\/08\/eira-transforma-gestos-do-trabalho-rural-em-espetaculo-de-danca-contemporanea-em-ponte-da-barca\/"},"author":{"name":"Altominho.tv","@id":"https:\/\/www.altominho.tv\/site\/#\/schema\/person\/4e536851627d7914baf3dac752b6af22"},"headline":"&#8220;EIRA&#8221; transforma gestos do trabalho rural em espet\u00e1culo de dan\u00e7a contempor\u00e2nea em Ponte da Barca","datePublished":"2025-10-08T09:47:04+00:00","dateModified":"2025-10-08T09:47:06+00:00","mainEntityOfPage":{"@id":"https:\/\/www.altominho.tv\/site\/2025\/10\/08\/eira-transforma-gestos-do-trabalho-rural-em-espetaculo-de-danca-contemporanea-em-ponte-da-barca\/"},"wordCount":295,"image":{"@id":"https:\/\/www.altominho.tv\/site\/2025\/10\/08\/eira-transforma-gestos-do-trabalho-rural-em-espetaculo-de-danca-contemporanea-em-ponte-da-barca\/#primaryimage"},"thumbnailUrl":"https:\/\/www.altominho.tv\/site\/wp-content\/uploads\/2025\/10\/eira-pt-barca.jpg","keywords":["Cultura"],"articleSection":["Ponte da Barca"],"inLanguage":"pt-PT","copyrightYear":"2025","copyrightHolder":{"@id":"https:\/\/www.altominho.tv\/site\/#organization"}},{"@type":"WebPage","@id":"https:\/\/www.altominho.tv\/site\/2025\/10\/08\/eira-transforma-gestos-do-trabalho-rural-em-espetaculo-de-danca-contemporanea-em-ponte-da-barca\/","url":"https:\/\/www.altominho.tv\/site\/2025\/10\/08\/eira-transforma-gestos-do-trabalho-rural-em-espetaculo-de-danca-contemporanea-em-ponte-da-barca\/","name":"\"EIRA\" transforma gestos do trabalho rural em espet\u00e1culo de dan\u00e7a contempor\u00e2nea em Ponte da Barca","isPartOf":{"@id":"https:\/\/www.altominho.tv\/site\/#website"},"primaryImageOfPage":{"@id":"https:\/\/www.altominho.tv\/site\/2025\/10\/08\/eira-transforma-gestos-do-trabalho-rural-em-espetaculo-de-danca-contemporanea-em-ponte-da-barca\/#primaryimage"},"image":{"@id":"https:\/\/www.altominho.tv\/site\/2025\/10\/08\/eira-transforma-gestos-do-trabalho-rural-em-espetaculo-de-danca-contemporanea-em-ponte-da-barca\/#primaryimage"},"thumbnailUrl":"https:\/\/www.altominho.tv\/site\/wp-content\/uploads\/2025\/10\/eira-pt-barca.jpg","datePublished":"2025-10-08T09:47:04+00:00","dateModified":"2025-10-08T09:47:06+00:00","author":{"@id":"https:\/\/www.altominho.tv\/site\/#\/schema\/person\/4e536851627d7914baf3dac752b6af22"},"description":"O Audit\u00f3rio Municipal de Ponte da Barca recebe, nos dias 17 e 18 de outubro, pelas 21h30, o espet\u00e1culo \u201cEIRA\u201d, uma cria\u00e7\u00e3o que leva para o palco os gestos do trabalho rural, transformando-os em dan\u00e7a e propondo um di\u00e1logo entre corpo, m\u00e1quina e natureza.","breadcrumb":{"@id":"https:\/\/www.altominho.tv\/site\/2025\/10\/08\/eira-transforma-gestos-do-trabalho-rural-em-espetaculo-de-danca-contemporanea-em-ponte-da-barca\/#breadcrumb"},"inLanguage":"pt-PT","potentialAction":[{"@type":"ReadAction","target":["https:\/\/www.altominho.tv\/site\/2025\/10\/08\/eira-transforma-gestos-do-trabalho-rural-em-espetaculo-de-danca-contemporanea-em-ponte-da-barca\/"]}]},{"@type":"ImageObject","inLanguage":"pt-PT","@id":"https:\/\/www.altominho.tv\/site\/2025\/10\/08\/eira-transforma-gestos-do-trabalho-rural-em-espetaculo-de-danca-contemporanea-em-ponte-da-barca\/#primaryimage","url":"https:\/\/www.altominho.tv\/site\/wp-content\/uploads\/2025\/10\/eira-pt-barca.jpg","contentUrl":"https:\/\/www.altominho.tv\/site\/wp-content\/uploads\/2025\/10\/eira-pt-barca.jpg","width":1200,"height":630},{"@type":"BreadcrumbList","@id":"https:\/\/www.altominho.tv\/site\/2025\/10\/08\/eira-transforma-gestos-do-trabalho-rural-em-espetaculo-de-danca-contemporanea-em-ponte-da-barca\/#breadcrumb","itemListElement":[{"@type":"ListItem","position":1,"name":"In\u00edcio","item":"https:\/\/www.altominho.tv\/site\/"},{"@type":"ListItem","position":2,"name":"&#8220;EIRA&#8221; transforma gestos do trabalho rural em espet\u00e1culo de dan\u00e7a contempor\u00e2nea em Ponte da Barca"}]},{"@type":"WebSite","@id":"https:\/\/www.altominho.tv\/site\/#website","url":"https:\/\/www.altominho.tv\/site\/","name":"Altominho.tv","description":"A sua regi\u00e3o \u00e0 dist\u00e2ncia de um clique...","potentialAction":[{"@type":"SearchAction","target":{"@type":"EntryPoint","urlTemplate":"https:\/\/www.altominho.tv\/site\/?s={search_term_string}"},"query-input":{"@type":"PropertyValueSpecification","valueRequired":true,"valueName":"search_term_string"}}],"inLanguage":"pt-PT"},{"@type":"Person","@id":"https:\/\/www.altominho.tv\/site\/#\/schema\/person\/4e536851627d7914baf3dac752b6af22","name":"Altominho.tv","image":{"@type":"ImageObject","inLanguage":"pt-PT","@id":"https:\/\/www.altominho.tv\/site\/wp-content\/uploads\/2019\/11\/Logo_Avatar_2-150x150.jpg","url":"https:\/\/www.altominho.tv\/site\/wp-content\/uploads\/2019\/11\/Logo_Avatar_2-150x150.jpg","contentUrl":"https:\/\/www.altominho.tv\/site\/wp-content\/uploads\/2019\/11\/Logo_Avatar_2-150x150.jpg","caption":"Altominho.tv"},"url":"https:\/\/www.altominho.tv\/site\/author\/altominhotv-tecnico\/"}]}},"_links":{"self":[{"href":"https:\/\/www.altominho.tv\/site\/wp-json\/wp\/v2\/posts\/123755","targetHints":{"allow":["GET"]}}],"collection":[{"href":"https:\/\/www.altominho.tv\/site\/wp-json\/wp\/v2\/posts"}],"about":[{"href":"https:\/\/www.altominho.tv\/site\/wp-json\/wp\/v2\/types\/post"}],"author":[{"embeddable":true,"href":"https:\/\/www.altominho.tv\/site\/wp-json\/wp\/v2\/users\/1"}],"replies":[{"embeddable":true,"href":"https:\/\/www.altominho.tv\/site\/wp-json\/wp\/v2\/comments?post=123755"}],"version-history":[{"count":1,"href":"https:\/\/www.altominho.tv\/site\/wp-json\/wp\/v2\/posts\/123755\/revisions"}],"predecessor-version":[{"id":123757,"href":"https:\/\/www.altominho.tv\/site\/wp-json\/wp\/v2\/posts\/123755\/revisions\/123757"}],"wp:featuredmedia":[{"embeddable":true,"href":"https:\/\/www.altominho.tv\/site\/wp-json\/wp\/v2\/media\/123756"}],"wp:attachment":[{"href":"https:\/\/www.altominho.tv\/site\/wp-json\/wp\/v2\/media?parent=123755"}],"wp:term":[{"taxonomy":"category","embeddable":true,"href":"https:\/\/www.altominho.tv\/site\/wp-json\/wp\/v2\/categories?post=123755"},{"taxonomy":"post_tag","embeddable":true,"href":"https:\/\/www.altominho.tv\/site\/wp-json\/wp\/v2\/tags?post=123755"}],"curies":[{"name":"wp","href":"https:\/\/api.w.org\/{rel}","templated":true}]}}