{"id":123715,"date":"2025-10-07T16:02:10","date_gmt":"2025-10-07T15:02:10","guid":{"rendered":"https:\/\/www.altominho.tv\/site\/?p=123715"},"modified":"2025-10-07T16:02:12","modified_gmt":"2025-10-07T15:02:12","slug":"biblioteca-de-valenca-recebe-o-principe-com-orelhas-de-burro-na-nova-sessao-de-historias-em-familia","status":"publish","type":"post","link":"https:\/\/www.altominho.tv\/site\/2025\/10\/07\/biblioteca-de-valenca-recebe-o-principe-com-orelhas-de-burro-na-nova-sessao-de-historias-em-familia\/","title":{"rendered":"Biblioteca de Valen\u00e7a recebe \u201cO Pr\u00edncipe com Orelhas de Burro\u201d na nova sess\u00e3o de Hist\u00f3rias em Fam\u00edlia"},"content":{"rendered":"<p data-start=\"121\" data-end=\"490\">A Biblioteca Municipal de Valen\u00e7a volta a abrir as portas ao imagin\u00e1rio infantil com mais uma edi\u00e7\u00e3o de <em data-start=\"240\" data-end=\"262\">Hist\u00f3rias em Fam\u00edlia<\/em>, este s\u00e1bado, 11 de outubro, \u00e0s 10h30. A sess\u00e3o contar\u00e1 com a leitura encenada do conto tradicional portugu\u00eas \u201cO Pr\u00edncipe com Orelhas de Burro\u201d, acompanhada por uma oficina tem\u00e1tica dinamizada por Susana Coelho e Carla Gomes.<\/p>\n<p data-start=\"492\" data-end=\"832\">A atividade convida as crian\u00e7as a mergulharem numa hist\u00f3ria repleta de magia e ensinamentos sobre autoaceita\u00e7\u00e3o e respeito pela diferen\u00e7a.<\/p>\n<p data-start=\"492\" data-end=\"832\">O conto narra as aventuras de um pr\u00edncipe que nasce com orelhas de burro e precisa de aprender a lidar com o olhar dos outros, valorizando quem realmente \u00e9 e reconhecendo a beleza da individualidade.<\/p>\n<p data-start=\"834\" data-end=\"1210\" data-is-last-node=\"\" data-is-only-node=\"\">A participa\u00e7\u00e3o \u00e9 gratuita e dirigida a crian\u00e7as entre os 3 e os 10 anos, mediante inscri\u00e7\u00e3o pr\u00e9via atrav\u00e9s do telefone 251 800 330 ou do e-mail <a class=\"decorated-link cursor-pointer\" rel=\"noopener\" data-start=\"978\" data-end=\"1002\">biblioteca@cm-valenca.pt<\/a>.<\/p>\n<p data-start=\"834\" data-end=\"1210\" data-is-last-node=\"\" data-is-only-node=\"\">A iniciativa integra o programa <em data-start=\"1036\" data-end=\"1058\">Hist\u00f3rias em Fam\u00edlia<\/em>, que promove, aos s\u00e1bados de manh\u00e3, momentos de partilha e descoberta entre pais e filhos, aproximando as fam\u00edlias do universo dos livros e da leitura.<\/p>\n","protected":false},"excerpt":{"rendered":"<p>A Biblioteca Municipal de Valen\u00e7a volta a abrir as portas ao imagin\u00e1rio infantil com mais uma edi\u00e7\u00e3o de Hist\u00f3rias em Fam\u00edlia, este s\u00e1bado, 11 de outubro, \u00e0s 10h30. A sess\u00e3o contar\u00e1 com a leitura encenada do conto tradicional portugu\u00eas \u201cO Pr\u00edncipe com Orelhas de Burro\u201d, acompanhada por uma oficina tem\u00e1tica dinamizada por Susana Coelho e [&hellip;]<\/p>\n","protected":false},"author":1,"featured_media":123716,"comment_status":"closed","ping_status":"closed","sticky":false,"template":"","format":"standard","meta":{"_exactmetrics_skip_tracking":false,"_exactmetrics_sitenote_active":false,"_exactmetrics_sitenote_note":"","_exactmetrics_sitenote_category":0,"footnotes":""},"categories":[13],"tags":[19],"class_list":["post-123715","post","type-post","status-publish","format-standard","has-post-thumbnail","hentry","category-valenca","tag-cultura"],"yoast_head":"<!-- This site is optimized with the Yoast SEO Premium plugin v27.5 (Yoast SEO v27.5) - https:\/\/yoast.com\/product\/yoast-seo-premium-wordpress\/ -->\n<title>Biblioteca de Valen\u00e7a recebe \u201cO Pr\u00edncipe com Orelhas de Burro\u201d na nova sess\u00e3o de Hist\u00f3rias em Fam\u00edlia<\/title>\n<meta name=\"description\" content=\"A Biblioteca Municipal de Valen\u00e7a volta a abrir as portas ao imagin\u00e1rio infantil com mais uma edi\u00e7\u00e3o de Hist\u00f3rias em Fam\u00edlia, este s\u00e1bado, 11 de outubro, \u00e0s 10h30. A sess\u00e3o contar\u00e1 com a leitura encenada do conto tradicional portugu\u00eas \u201cO Pr\u00edncipe com Orelhas de Burro\u201d, acompanhada por uma oficina tem\u00e1tica dinamizada por Susana Coelho e Carla Gomes.\" \/>\n<meta name=\"robots\" content=\"index, follow, max-snippet:-1, max-image-preview:large, max-video-preview:-1\" \/>\n<link rel=\"canonical\" href=\"https:\/\/www.altominho.tv\/site\/2025\/10\/07\/biblioteca-de-valenca-recebe-o-principe-com-orelhas-de-burro-na-nova-sessao-de-historias-em-familia\/\" \/>\n<meta property=\"og:locale\" content=\"pt_PT\" \/>\n<meta property=\"og:type\" content=\"article\" \/>\n<meta property=\"og:title\" content=\"Biblioteca de Valen\u00e7a recebe \u201cO Pr\u00edncipe com Orelhas de Burro\u201d na nova sess\u00e3o de Hist\u00f3rias em Fam\u00edlia\" \/>\n<meta property=\"og:description\" content=\"A Biblioteca Municipal de Valen\u00e7a volta a abrir as portas ao imagin\u00e1rio infantil com mais uma edi\u00e7\u00e3o de Hist\u00f3rias em Fam\u00edlia, este s\u00e1bado, 11 de outubro, \u00e0s 10h30. A sess\u00e3o contar\u00e1 com a leitura encenada do conto tradicional portugu\u00eas \u201cO Pr\u00edncipe com Orelhas de Burro\u201d, acompanhada por uma oficina tem\u00e1tica dinamizada por Susana Coelho e Carla Gomes.\" \/>\n<meta property=\"og:url\" content=\"https:\/\/www.altominho.tv\/site\/2025\/10\/07\/biblioteca-de-valenca-recebe-o-principe-com-orelhas-de-burro-na-nova-sessao-de-historias-em-familia\/\" \/>\n<meta property=\"og:site_name\" content=\"Altominho.tv\" \/>\n<meta property=\"article:publisher\" content=\"https:\/\/www.facebook.com\/altominhotv\" \/>\n<meta property=\"article:published_time\" content=\"2025-10-07T15:02:10+00:00\" \/>\n<meta property=\"article:modified_time\" content=\"2025-10-07T15:02:12+00:00\" \/>\n<meta property=\"og:image\" content=\"https:\/\/www.altominho.tv\/site\/wp-content\/uploads\/2025\/10\/livro.jpg\" \/>\n\t<meta property=\"og:image:width\" content=\"1200\" \/>\n\t<meta property=\"og:image:height\" content=\"630\" \/>\n\t<meta property=\"og:image:type\" content=\"image\/jpeg\" \/>\n<meta name=\"author\" content=\"Altominho.tv\" \/>\n<meta name=\"twitter:card\" content=\"summary_large_image\" \/>\n<meta name=\"twitter:creator\" content=\"@altominhoTV\" \/>\n<meta name=\"twitter:site\" content=\"@altominhoTV\" \/>\n<meta name=\"twitter:label1\" content=\"Escrito por\" \/>\n\t<meta name=\"twitter:data1\" content=\"Altominho.tv\" \/>\n\t<meta name=\"twitter:label2\" content=\"Tempo estimado de leitura\" \/>\n\t<meta name=\"twitter:data2\" content=\"2 minutos\" \/>\n<script type=\"application\/ld+json\" class=\"yoast-schema-graph\">{\"@context\":\"https:\\\/\\\/schema.org\",\"@graph\":[{\"@type\":\"Article\",\"@id\":\"https:\\\/\\\/www.altominho.tv\\\/site\\\/2025\\\/10\\\/07\\\/biblioteca-de-valenca-recebe-o-principe-com-orelhas-de-burro-na-nova-sessao-de-historias-em-familia\\\/#article\",\"isPartOf\":{\"@id\":\"https:\\\/\\\/www.altominho.tv\\\/site\\\/2025\\\/10\\\/07\\\/biblioteca-de-valenca-recebe-o-principe-com-orelhas-de-burro-na-nova-sessao-de-historias-em-familia\\\/\"},\"author\":{\"name\":\"Altominho.tv\",\"@id\":\"https:\\\/\\\/www.altominho.tv\\\/site\\\/#\\\/schema\\\/person\\\/4e536851627d7914baf3dac752b6af22\"},\"headline\":\"Biblioteca de Valen\u00e7a recebe \u201cO Pr\u00edncipe com Orelhas de Burro\u201d na nova sess\u00e3o de Hist\u00f3rias em Fam\u00edlia\",\"datePublished\":\"2025-10-07T15:02:10+00:00\",\"dateModified\":\"2025-10-07T15:02:12+00:00\",\"mainEntityOfPage\":{\"@id\":\"https:\\\/\\\/www.altominho.tv\\\/site\\\/2025\\\/10\\\/07\\\/biblioteca-de-valenca-recebe-o-principe-com-orelhas-de-burro-na-nova-sessao-de-historias-em-familia\\\/\"},\"wordCount\":213,\"image\":{\"@id\":\"https:\\\/\\\/www.altominho.tv\\\/site\\\/2025\\\/10\\\/07\\\/biblioteca-de-valenca-recebe-o-principe-com-orelhas-de-burro-na-nova-sessao-de-historias-em-familia\\\/#primaryimage\"},\"thumbnailUrl\":\"https:\\\/\\\/www.altominho.tv\\\/site\\\/wp-content\\\/uploads\\\/2025\\\/10\\\/livro.jpg\",\"keywords\":[\"Cultura\"],\"articleSection\":[\"Valen\u00e7a\"],\"inLanguage\":\"pt-PT\",\"copyrightYear\":\"2025\",\"copyrightHolder\":{\"@id\":\"https:\\\/\\\/www.altominho.tv\\\/site\\\/#organization\"}},{\"@type\":\"WebPage\",\"@id\":\"https:\\\/\\\/www.altominho.tv\\\/site\\\/2025\\\/10\\\/07\\\/biblioteca-de-valenca-recebe-o-principe-com-orelhas-de-burro-na-nova-sessao-de-historias-em-familia\\\/\",\"url\":\"https:\\\/\\\/www.altominho.tv\\\/site\\\/2025\\\/10\\\/07\\\/biblioteca-de-valenca-recebe-o-principe-com-orelhas-de-burro-na-nova-sessao-de-historias-em-familia\\\/\",\"name\":\"Biblioteca de Valen\u00e7a recebe \u201cO Pr\u00edncipe com Orelhas de Burro\u201d na nova sess\u00e3o de Hist\u00f3rias em Fam\u00edlia\",\"isPartOf\":{\"@id\":\"https:\\\/\\\/www.altominho.tv\\\/site\\\/#website\"},\"primaryImageOfPage\":{\"@id\":\"https:\\\/\\\/www.altominho.tv\\\/site\\\/2025\\\/10\\\/07\\\/biblioteca-de-valenca-recebe-o-principe-com-orelhas-de-burro-na-nova-sessao-de-historias-em-familia\\\/#primaryimage\"},\"image\":{\"@id\":\"https:\\\/\\\/www.altominho.tv\\\/site\\\/2025\\\/10\\\/07\\\/biblioteca-de-valenca-recebe-o-principe-com-orelhas-de-burro-na-nova-sessao-de-historias-em-familia\\\/#primaryimage\"},\"thumbnailUrl\":\"https:\\\/\\\/www.altominho.tv\\\/site\\\/wp-content\\\/uploads\\\/2025\\\/10\\\/livro.jpg\",\"datePublished\":\"2025-10-07T15:02:10+00:00\",\"dateModified\":\"2025-10-07T15:02:12+00:00\",\"author\":{\"@id\":\"https:\\\/\\\/www.altominho.tv\\\/site\\\/#\\\/schema\\\/person\\\/4e536851627d7914baf3dac752b6af22\"},\"description\":\"A Biblioteca Municipal de Valen\u00e7a volta a abrir as portas ao imagin\u00e1rio infantil com mais uma edi\u00e7\u00e3o de Hist\u00f3rias em Fam\u00edlia, este s\u00e1bado, 11 de outubro, \u00e0s 10h30. A sess\u00e3o contar\u00e1 com a leitura encenada do conto tradicional portugu\u00eas \u201cO Pr\u00edncipe com Orelhas de Burro\u201d, acompanhada por uma oficina tem\u00e1tica dinamizada por Susana Coelho e Carla Gomes.\",\"breadcrumb\":{\"@id\":\"https:\\\/\\\/www.altominho.tv\\\/site\\\/2025\\\/10\\\/07\\\/biblioteca-de-valenca-recebe-o-principe-com-orelhas-de-burro-na-nova-sessao-de-historias-em-familia\\\/#breadcrumb\"},\"inLanguage\":\"pt-PT\",\"potentialAction\":[{\"@type\":\"ReadAction\",\"target\":[\"https:\\\/\\\/www.altominho.tv\\\/site\\\/2025\\\/10\\\/07\\\/biblioteca-de-valenca-recebe-o-principe-com-orelhas-de-burro-na-nova-sessao-de-historias-em-familia\\\/\"]}]},{\"@type\":\"ImageObject\",\"inLanguage\":\"pt-PT\",\"@id\":\"https:\\\/\\\/www.altominho.tv\\\/site\\\/2025\\\/10\\\/07\\\/biblioteca-de-valenca-recebe-o-principe-com-orelhas-de-burro-na-nova-sessao-de-historias-em-familia\\\/#primaryimage\",\"url\":\"https:\\\/\\\/www.altominho.tv\\\/site\\\/wp-content\\\/uploads\\\/2025\\\/10\\\/livro.jpg\",\"contentUrl\":\"https:\\\/\\\/www.altominho.tv\\\/site\\\/wp-content\\\/uploads\\\/2025\\\/10\\\/livro.jpg\",\"width\":1200,\"height\":630},{\"@type\":\"BreadcrumbList\",\"@id\":\"https:\\\/\\\/www.altominho.tv\\\/site\\\/2025\\\/10\\\/07\\\/biblioteca-de-valenca-recebe-o-principe-com-orelhas-de-burro-na-nova-sessao-de-historias-em-familia\\\/#breadcrumb\",\"itemListElement\":[{\"@type\":\"ListItem\",\"position\":1,\"name\":\"In\u00edcio\",\"item\":\"https:\\\/\\\/www.altominho.tv\\\/site\\\/\"},{\"@type\":\"ListItem\",\"position\":2,\"name\":\"Biblioteca de Valen\u00e7a recebe \u201cO Pr\u00edncipe com Orelhas de Burro\u201d na nova sess\u00e3o de Hist\u00f3rias em Fam\u00edlia\"}]},{\"@type\":\"WebSite\",\"@id\":\"https:\\\/\\\/www.altominho.tv\\\/site\\\/#website\",\"url\":\"https:\\\/\\\/www.altominho.tv\\\/site\\\/\",\"name\":\"Altominho.tv\",\"description\":\"A sua regi\u00e3o \u00e0 dist\u00e2ncia de um clique...\",\"potentialAction\":[{\"@type\":\"SearchAction\",\"target\":{\"@type\":\"EntryPoint\",\"urlTemplate\":\"https:\\\/\\\/www.altominho.tv\\\/site\\\/?s={search_term_string}\"},\"query-input\":{\"@type\":\"PropertyValueSpecification\",\"valueRequired\":true,\"valueName\":\"search_term_string\"}}],\"inLanguage\":\"pt-PT\"},{\"@type\":\"Person\",\"@id\":\"https:\\\/\\\/www.altominho.tv\\\/site\\\/#\\\/schema\\\/person\\\/4e536851627d7914baf3dac752b6af22\",\"name\":\"Altominho.tv\",\"image\":{\"@type\":\"ImageObject\",\"inLanguage\":\"pt-PT\",\"@id\":\"https:\\\/\\\/www.altominho.tv\\\/site\\\/wp-content\\\/uploads\\\/2019\\\/11\\\/Logo_Avatar_2-150x150.jpg\",\"url\":\"https:\\\/\\\/www.altominho.tv\\\/site\\\/wp-content\\\/uploads\\\/2019\\\/11\\\/Logo_Avatar_2-150x150.jpg\",\"contentUrl\":\"https:\\\/\\\/www.altominho.tv\\\/site\\\/wp-content\\\/uploads\\\/2019\\\/11\\\/Logo_Avatar_2-150x150.jpg\",\"caption\":\"Altominho.tv\"},\"url\":\"https:\\\/\\\/www.altominho.tv\\\/site\\\/author\\\/altominhotv-tecnico\\\/\"}]}<\/script>\n<!-- \/ Yoast SEO Premium plugin. -->","yoast_head_json":{"title":"Biblioteca de Valen\u00e7a recebe \u201cO Pr\u00edncipe com Orelhas de Burro\u201d na nova sess\u00e3o de Hist\u00f3rias em Fam\u00edlia","description":"A Biblioteca Municipal de Valen\u00e7a volta a abrir as portas ao imagin\u00e1rio infantil com mais uma edi\u00e7\u00e3o de Hist\u00f3rias em Fam\u00edlia, este s\u00e1bado, 11 de outubro, \u00e0s 10h30. A sess\u00e3o contar\u00e1 com a leitura encenada do conto tradicional portugu\u00eas \u201cO Pr\u00edncipe com Orelhas de Burro\u201d, acompanhada por uma oficina tem\u00e1tica dinamizada por Susana Coelho e Carla Gomes.","robots":{"index":"index","follow":"follow","max-snippet":"max-snippet:-1","max-image-preview":"max-image-preview:large","max-video-preview":"max-video-preview:-1"},"canonical":"https:\/\/www.altominho.tv\/site\/2025\/10\/07\/biblioteca-de-valenca-recebe-o-principe-com-orelhas-de-burro-na-nova-sessao-de-historias-em-familia\/","og_locale":"pt_PT","og_type":"article","og_title":"Biblioteca de Valen\u00e7a recebe \u201cO Pr\u00edncipe com Orelhas de Burro\u201d na nova sess\u00e3o de Hist\u00f3rias em Fam\u00edlia","og_description":"A Biblioteca Municipal de Valen\u00e7a volta a abrir as portas ao imagin\u00e1rio infantil com mais uma edi\u00e7\u00e3o de Hist\u00f3rias em Fam\u00edlia, este s\u00e1bado, 11 de outubro, \u00e0s 10h30. A sess\u00e3o contar\u00e1 com a leitura encenada do conto tradicional portugu\u00eas \u201cO Pr\u00edncipe com Orelhas de Burro\u201d, acompanhada por uma oficina tem\u00e1tica dinamizada por Susana Coelho e Carla Gomes.","og_url":"https:\/\/www.altominho.tv\/site\/2025\/10\/07\/biblioteca-de-valenca-recebe-o-principe-com-orelhas-de-burro-na-nova-sessao-de-historias-em-familia\/","og_site_name":"Altominho.tv","article_publisher":"https:\/\/www.facebook.com\/altominhotv","article_published_time":"2025-10-07T15:02:10+00:00","article_modified_time":"2025-10-07T15:02:12+00:00","og_image":[{"width":1200,"height":630,"url":"https:\/\/www.altominho.tv\/site\/wp-content\/uploads\/2025\/10\/livro.jpg","type":"image\/jpeg"}],"author":"Altominho.tv","twitter_card":"summary_large_image","twitter_creator":"@altominhoTV","twitter_site":"@altominhoTV","twitter_misc":{"Escrito por":"Altominho.tv","Tempo estimado de leitura":"2 minutos"},"schema":{"@context":"https:\/\/schema.org","@graph":[{"@type":"Article","@id":"https:\/\/www.altominho.tv\/site\/2025\/10\/07\/biblioteca-de-valenca-recebe-o-principe-com-orelhas-de-burro-na-nova-sessao-de-historias-em-familia\/#article","isPartOf":{"@id":"https:\/\/www.altominho.tv\/site\/2025\/10\/07\/biblioteca-de-valenca-recebe-o-principe-com-orelhas-de-burro-na-nova-sessao-de-historias-em-familia\/"},"author":{"name":"Altominho.tv","@id":"https:\/\/www.altominho.tv\/site\/#\/schema\/person\/4e536851627d7914baf3dac752b6af22"},"headline":"Biblioteca de Valen\u00e7a recebe \u201cO Pr\u00edncipe com Orelhas de Burro\u201d na nova sess\u00e3o de Hist\u00f3rias em Fam\u00edlia","datePublished":"2025-10-07T15:02:10+00:00","dateModified":"2025-10-07T15:02:12+00:00","mainEntityOfPage":{"@id":"https:\/\/www.altominho.tv\/site\/2025\/10\/07\/biblioteca-de-valenca-recebe-o-principe-com-orelhas-de-burro-na-nova-sessao-de-historias-em-familia\/"},"wordCount":213,"image":{"@id":"https:\/\/www.altominho.tv\/site\/2025\/10\/07\/biblioteca-de-valenca-recebe-o-principe-com-orelhas-de-burro-na-nova-sessao-de-historias-em-familia\/#primaryimage"},"thumbnailUrl":"https:\/\/www.altominho.tv\/site\/wp-content\/uploads\/2025\/10\/livro.jpg","keywords":["Cultura"],"articleSection":["Valen\u00e7a"],"inLanguage":"pt-PT","copyrightYear":"2025","copyrightHolder":{"@id":"https:\/\/www.altominho.tv\/site\/#organization"}},{"@type":"WebPage","@id":"https:\/\/www.altominho.tv\/site\/2025\/10\/07\/biblioteca-de-valenca-recebe-o-principe-com-orelhas-de-burro-na-nova-sessao-de-historias-em-familia\/","url":"https:\/\/www.altominho.tv\/site\/2025\/10\/07\/biblioteca-de-valenca-recebe-o-principe-com-orelhas-de-burro-na-nova-sessao-de-historias-em-familia\/","name":"Biblioteca de Valen\u00e7a recebe \u201cO Pr\u00edncipe com Orelhas de Burro\u201d na nova sess\u00e3o de Hist\u00f3rias em Fam\u00edlia","isPartOf":{"@id":"https:\/\/www.altominho.tv\/site\/#website"},"primaryImageOfPage":{"@id":"https:\/\/www.altominho.tv\/site\/2025\/10\/07\/biblioteca-de-valenca-recebe-o-principe-com-orelhas-de-burro-na-nova-sessao-de-historias-em-familia\/#primaryimage"},"image":{"@id":"https:\/\/www.altominho.tv\/site\/2025\/10\/07\/biblioteca-de-valenca-recebe-o-principe-com-orelhas-de-burro-na-nova-sessao-de-historias-em-familia\/#primaryimage"},"thumbnailUrl":"https:\/\/www.altominho.tv\/site\/wp-content\/uploads\/2025\/10\/livro.jpg","datePublished":"2025-10-07T15:02:10+00:00","dateModified":"2025-10-07T15:02:12+00:00","author":{"@id":"https:\/\/www.altominho.tv\/site\/#\/schema\/person\/4e536851627d7914baf3dac752b6af22"},"description":"A Biblioteca Municipal de Valen\u00e7a volta a abrir as portas ao imagin\u00e1rio infantil com mais uma edi\u00e7\u00e3o de Hist\u00f3rias em Fam\u00edlia, este s\u00e1bado, 11 de outubro, \u00e0s 10h30. A sess\u00e3o contar\u00e1 com a leitura encenada do conto tradicional portugu\u00eas \u201cO Pr\u00edncipe com Orelhas de Burro\u201d, acompanhada por uma oficina tem\u00e1tica dinamizada por Susana Coelho e Carla Gomes.","breadcrumb":{"@id":"https:\/\/www.altominho.tv\/site\/2025\/10\/07\/biblioteca-de-valenca-recebe-o-principe-com-orelhas-de-burro-na-nova-sessao-de-historias-em-familia\/#breadcrumb"},"inLanguage":"pt-PT","potentialAction":[{"@type":"ReadAction","target":["https:\/\/www.altominho.tv\/site\/2025\/10\/07\/biblioteca-de-valenca-recebe-o-principe-com-orelhas-de-burro-na-nova-sessao-de-historias-em-familia\/"]}]},{"@type":"ImageObject","inLanguage":"pt-PT","@id":"https:\/\/www.altominho.tv\/site\/2025\/10\/07\/biblioteca-de-valenca-recebe-o-principe-com-orelhas-de-burro-na-nova-sessao-de-historias-em-familia\/#primaryimage","url":"https:\/\/www.altominho.tv\/site\/wp-content\/uploads\/2025\/10\/livro.jpg","contentUrl":"https:\/\/www.altominho.tv\/site\/wp-content\/uploads\/2025\/10\/livro.jpg","width":1200,"height":630},{"@type":"BreadcrumbList","@id":"https:\/\/www.altominho.tv\/site\/2025\/10\/07\/biblioteca-de-valenca-recebe-o-principe-com-orelhas-de-burro-na-nova-sessao-de-historias-em-familia\/#breadcrumb","itemListElement":[{"@type":"ListItem","position":1,"name":"In\u00edcio","item":"https:\/\/www.altominho.tv\/site\/"},{"@type":"ListItem","position":2,"name":"Biblioteca de Valen\u00e7a recebe \u201cO Pr\u00edncipe com Orelhas de Burro\u201d na nova sess\u00e3o de Hist\u00f3rias em Fam\u00edlia"}]},{"@type":"WebSite","@id":"https:\/\/www.altominho.tv\/site\/#website","url":"https:\/\/www.altominho.tv\/site\/","name":"Altominho.tv","description":"A sua regi\u00e3o \u00e0 dist\u00e2ncia de um clique...","potentialAction":[{"@type":"SearchAction","target":{"@type":"EntryPoint","urlTemplate":"https:\/\/www.altominho.tv\/site\/?s={search_term_string}"},"query-input":{"@type":"PropertyValueSpecification","valueRequired":true,"valueName":"search_term_string"}}],"inLanguage":"pt-PT"},{"@type":"Person","@id":"https:\/\/www.altominho.tv\/site\/#\/schema\/person\/4e536851627d7914baf3dac752b6af22","name":"Altominho.tv","image":{"@type":"ImageObject","inLanguage":"pt-PT","@id":"https:\/\/www.altominho.tv\/site\/wp-content\/uploads\/2019\/11\/Logo_Avatar_2-150x150.jpg","url":"https:\/\/www.altominho.tv\/site\/wp-content\/uploads\/2019\/11\/Logo_Avatar_2-150x150.jpg","contentUrl":"https:\/\/www.altominho.tv\/site\/wp-content\/uploads\/2019\/11\/Logo_Avatar_2-150x150.jpg","caption":"Altominho.tv"},"url":"https:\/\/www.altominho.tv\/site\/author\/altominhotv-tecnico\/"}]}},"_links":{"self":[{"href":"https:\/\/www.altominho.tv\/site\/wp-json\/wp\/v2\/posts\/123715","targetHints":{"allow":["GET"]}}],"collection":[{"href":"https:\/\/www.altominho.tv\/site\/wp-json\/wp\/v2\/posts"}],"about":[{"href":"https:\/\/www.altominho.tv\/site\/wp-json\/wp\/v2\/types\/post"}],"author":[{"embeddable":true,"href":"https:\/\/www.altominho.tv\/site\/wp-json\/wp\/v2\/users\/1"}],"replies":[{"embeddable":true,"href":"https:\/\/www.altominho.tv\/site\/wp-json\/wp\/v2\/comments?post=123715"}],"version-history":[{"count":1,"href":"https:\/\/www.altominho.tv\/site\/wp-json\/wp\/v2\/posts\/123715\/revisions"}],"predecessor-version":[{"id":123717,"href":"https:\/\/www.altominho.tv\/site\/wp-json\/wp\/v2\/posts\/123715\/revisions\/123717"}],"wp:featuredmedia":[{"embeddable":true,"href":"https:\/\/www.altominho.tv\/site\/wp-json\/wp\/v2\/media\/123716"}],"wp:attachment":[{"href":"https:\/\/www.altominho.tv\/site\/wp-json\/wp\/v2\/media?parent=123715"}],"wp:term":[{"taxonomy":"category","embeddable":true,"href":"https:\/\/www.altominho.tv\/site\/wp-json\/wp\/v2\/categories?post=123715"},{"taxonomy":"post_tag","embeddable":true,"href":"https:\/\/www.altominho.tv\/site\/wp-json\/wp\/v2\/tags?post=123715"}],"curies":[{"name":"wp","href":"https:\/\/api.w.org\/{rel}","templated":true}]}}