{"id":123683,"date":"2025-10-07T10:11:21","date_gmt":"2025-10-07T09:11:21","guid":{"rendered":"https:\/\/www.altominho.tv\/site\/?p=123683"},"modified":"2025-10-07T10:11:24","modified_gmt":"2025-10-07T09:11:24","slug":"fundacao-bienal-de-arte-de-cerveira-leva-colecao-a-salto-ate-ao-porto","status":"publish","type":"post","link":"https:\/\/www.altominho.tv\/site\/2025\/10\/07\/fundacao-bienal-de-arte-de-cerveira-leva-colecao-a-salto-ate-ao-porto\/","title":{"rendered":"Funda\u00e7\u00e3o Bienal de Arte de Cerveira leva cole\u00e7\u00e3o &#8220;a-SALTO&#8221; at\u00e9 ao Porto"},"content":{"rendered":"<p class=\"p1\">A Funda\u00e7\u00e3o Bienal de Arte de Cerveira (FBAC) vai apresentar, no Espa\u00e7o Mira, no Porto, a exposi\u00e7\u00e3o \u201cA-SALTO \u2013 os rostos da paisagem\u201d, a primeira do ciclo a-SALTO, integrado no projeto \u201cTerrit\u00f3rios sem Fronteira\u201d, que decorre entre 2025 e 2026 e culmina na XXIV Bienal Internacional de Arte de Cerveira (BIAC). A inaugura\u00e7\u00e3o est\u00e1 agendada para o dia 11 de outubro, pelas 16h00.<\/p>\n<p class=\"p1\">Com curadoria de Mafalda Santos e Manuel Santos Maia, a mostra re\u00fane 13 obras da cole\u00e7\u00e3o do Museu Bienal de Cerveira, de 15 artistas de diferentes gera\u00e7\u00f5es, que oferecem uma perspetiva renovada sobre o acervo no presente.<\/p>\n<p class=\"p1\">Evocando a condi\u00e7\u00e3o transfronteiri\u00e7a de Vila Nova de Cerveira, o projeto a-SALTO inspira-se na mem\u00f3ria de \u201cpassar a salto\u201d para repensar fronteiras e rela\u00e7\u00f5es culturais.<\/p>\n<p class=\"p1\">Atrav\u00e9s de novas curadorias sobre a cole\u00e7\u00e3o do Museu Bienal de Cerveira, prop\u00f5em-se leituras alternativas das narrativas institu\u00eddas e promove-se a itiner\u00e2ncia do acervo, refor\u00e7ando o di\u00e1logo entre mem\u00f3ria, territ\u00f3rio e cria\u00e7\u00e3o contempor\u00e2nea.<\/p>\n<p class=\"p1\">\u201cA-SALTO \u2013 os rostos da paisagem\u201d resulta de uma parceria institucional entre a FBAC e o Espa\u00e7o Mira no Porto.<\/p>\n","protected":false},"excerpt":{"rendered":"<p>A Funda\u00e7\u00e3o Bienal de Arte de Cerveira (FBAC) vai apresentar, no Espa\u00e7o Mira, no Porto, a exposi\u00e7\u00e3o \u201cA-SALTO \u2013 os rostos da paisagem\u201d, a primeira do ciclo a-SALTO, integrado no projeto \u201cTerrit\u00f3rios sem Fronteira\u201d, que decorre entre 2025 e 2026 e culmina na XXIV Bienal Internacional de Arte de Cerveira (BIAC). A inaugura\u00e7\u00e3o est\u00e1 agendada [&hellip;]<\/p>\n","protected":false},"author":30,"featured_media":123686,"comment_status":"closed","ping_status":"closed","sticky":false,"template":"","format":"standard","meta":{"_exactmetrics_skip_tracking":false,"_exactmetrics_sitenote_active":false,"_exactmetrics_sitenote_note":"","_exactmetrics_sitenote_category":0,"footnotes":""},"categories":[15],"tags":[19],"class_list":["post-123683","post","type-post","status-publish","format-standard","has-post-thumbnail","hentry","category-vila-nova-de-cerveira","tag-cultura"],"yoast_head":"<!-- This site is optimized with the Yoast SEO Premium plugin v27.4 (Yoast SEO v27.4) - https:\/\/yoast.com\/product\/yoast-seo-premium-wordpress\/ -->\n<title>Funda\u00e7\u00e3o Bienal de Arte de Cerveira leva cole\u00e7\u00e3o &quot;a-SALTO&quot; at\u00e9 ao Porto<\/title>\n<meta name=\"description\" content=\"A Funda\u00e7\u00e3o Bienal de Arte de Cerveira (FBAC) vai apresentar, no Espa\u00e7o Mira, no Porto, a exposi\u00e7\u00e3o \u201cA-SALTO \u2013 os rostos da paisagem\u201d, a primeira do ciclo a-SALTO, integrado no projeto \u201cTerrit\u00f3rios sem Fronteira\u201d\" \/>\n<meta name=\"robots\" content=\"index, follow, max-snippet:-1, max-image-preview:large, max-video-preview:-1\" \/>\n<link rel=\"canonical\" href=\"https:\/\/www.altominho.tv\/site\/2025\/10\/07\/fundacao-bienal-de-arte-de-cerveira-leva-colecao-a-salto-ate-ao-porto\/\" \/>\n<meta property=\"og:locale\" content=\"pt_PT\" \/>\n<meta property=\"og:type\" content=\"article\" \/>\n<meta property=\"og:title\" content=\"Funda\u00e7\u00e3o Bienal de Arte de Cerveira leva cole\u00e7\u00e3o &quot;a-SALTO&quot; at\u00e9 ao Porto\" \/>\n<meta property=\"og:description\" content=\"A Funda\u00e7\u00e3o Bienal de Arte de Cerveira (FBAC) vai apresentar, no Espa\u00e7o Mira, no Porto, a exposi\u00e7\u00e3o \u201cA-SALTO \u2013 os rostos da paisagem\u201d, a primeira do ciclo a-SALTO, integrado no projeto \u201cTerrit\u00f3rios sem Fronteira\u201d\" \/>\n<meta property=\"og:url\" content=\"https:\/\/www.altominho.tv\/site\/2025\/10\/07\/fundacao-bienal-de-arte-de-cerveira-leva-colecao-a-salto-ate-ao-porto\/\" \/>\n<meta property=\"og:site_name\" content=\"Altominho.tv\" \/>\n<meta property=\"article:publisher\" content=\"https:\/\/www.facebook.com\/altominhotv\" \/>\n<meta property=\"article:published_time\" content=\"2025-10-07T09:11:21+00:00\" \/>\n<meta property=\"article:modified_time\" content=\"2025-10-07T09:11:24+00:00\" \/>\n<meta property=\"og:image\" content=\"https:\/\/www.altominho.tv\/site\/wp-content\/uploads\/2025\/10\/espaco-mira-porto.jpg\" \/>\n\t<meta property=\"og:image:width\" content=\"1200\" \/>\n\t<meta property=\"og:image:height\" content=\"630\" \/>\n\t<meta property=\"og:image:type\" content=\"image\/jpeg\" \/>\n<meta name=\"author\" content=\"Eduarda Cardoso\" \/>\n<meta name=\"twitter:card\" content=\"summary_large_image\" \/>\n<meta name=\"twitter:creator\" content=\"@altominhoTV\" \/>\n<meta name=\"twitter:site\" content=\"@altominhoTV\" \/>\n<meta name=\"twitter:label1\" content=\"Escrito por\" \/>\n\t<meta name=\"twitter:data1\" content=\"Eduarda Cardoso\" \/>\n\t<meta name=\"twitter:label2\" content=\"Tempo estimado de leitura\" \/>\n\t<meta name=\"twitter:data2\" content=\"2 minutos\" \/>\n<script type=\"application\/ld+json\" class=\"yoast-schema-graph\">{\"@context\":\"https:\\\/\\\/schema.org\",\"@graph\":[{\"@type\":\"Article\",\"@id\":\"https:\\\/\\\/www.altominho.tv\\\/site\\\/2025\\\/10\\\/07\\\/fundacao-bienal-de-arte-de-cerveira-leva-colecao-a-salto-ate-ao-porto\\\/#article\",\"isPartOf\":{\"@id\":\"https:\\\/\\\/www.altominho.tv\\\/site\\\/2025\\\/10\\\/07\\\/fundacao-bienal-de-arte-de-cerveira-leva-colecao-a-salto-ate-ao-porto\\\/\"},\"author\":{\"name\":\"Eduarda Cardoso\",\"@id\":\"https:\\\/\\\/www.altominho.tv\\\/site\\\/#\\\/schema\\\/person\\\/9e351387b727413d005ccf1152c93539\"},\"headline\":\"Funda\u00e7\u00e3o Bienal de Arte de Cerveira leva cole\u00e7\u00e3o &#8220;a-SALTO&#8221; at\u00e9 ao Porto\",\"datePublished\":\"2025-10-07T09:11:21+00:00\",\"dateModified\":\"2025-10-07T09:11:24+00:00\",\"mainEntityOfPage\":{\"@id\":\"https:\\\/\\\/www.altominho.tv\\\/site\\\/2025\\\/10\\\/07\\\/fundacao-bienal-de-arte-de-cerveira-leva-colecao-a-salto-ate-ao-porto\\\/\"},\"wordCount\":209,\"image\":{\"@id\":\"https:\\\/\\\/www.altominho.tv\\\/site\\\/2025\\\/10\\\/07\\\/fundacao-bienal-de-arte-de-cerveira-leva-colecao-a-salto-ate-ao-porto\\\/#primaryimage\"},\"thumbnailUrl\":\"https:\\\/\\\/www.altominho.tv\\\/site\\\/wp-content\\\/uploads\\\/2025\\\/10\\\/espaco-mira-porto.jpg\",\"keywords\":[\"Cultura\"],\"articleSection\":[\"Vila Nova de Cerveira\"],\"inLanguage\":\"pt-PT\",\"copyrightYear\":\"2025\",\"copyrightHolder\":{\"@id\":\"https:\\\/\\\/www.altominho.tv\\\/site\\\/#organization\"}},{\"@type\":\"WebPage\",\"@id\":\"https:\\\/\\\/www.altominho.tv\\\/site\\\/2025\\\/10\\\/07\\\/fundacao-bienal-de-arte-de-cerveira-leva-colecao-a-salto-ate-ao-porto\\\/\",\"url\":\"https:\\\/\\\/www.altominho.tv\\\/site\\\/2025\\\/10\\\/07\\\/fundacao-bienal-de-arte-de-cerveira-leva-colecao-a-salto-ate-ao-porto\\\/\",\"name\":\"Funda\u00e7\u00e3o Bienal de Arte de Cerveira leva cole\u00e7\u00e3o \\\"a-SALTO\\\" at\u00e9 ao Porto\",\"isPartOf\":{\"@id\":\"https:\\\/\\\/www.altominho.tv\\\/site\\\/#website\"},\"primaryImageOfPage\":{\"@id\":\"https:\\\/\\\/www.altominho.tv\\\/site\\\/2025\\\/10\\\/07\\\/fundacao-bienal-de-arte-de-cerveira-leva-colecao-a-salto-ate-ao-porto\\\/#primaryimage\"},\"image\":{\"@id\":\"https:\\\/\\\/www.altominho.tv\\\/site\\\/2025\\\/10\\\/07\\\/fundacao-bienal-de-arte-de-cerveira-leva-colecao-a-salto-ate-ao-porto\\\/#primaryimage\"},\"thumbnailUrl\":\"https:\\\/\\\/www.altominho.tv\\\/site\\\/wp-content\\\/uploads\\\/2025\\\/10\\\/espaco-mira-porto.jpg\",\"datePublished\":\"2025-10-07T09:11:21+00:00\",\"dateModified\":\"2025-10-07T09:11:24+00:00\",\"author\":{\"@id\":\"https:\\\/\\\/www.altominho.tv\\\/site\\\/#\\\/schema\\\/person\\\/9e351387b727413d005ccf1152c93539\"},\"description\":\"A Funda\u00e7\u00e3o Bienal de Arte de Cerveira (FBAC) vai apresentar, no Espa\u00e7o Mira, no Porto, a exposi\u00e7\u00e3o \u201cA-SALTO \u2013 os rostos da paisagem\u201d, a primeira do ciclo a-SALTO, integrado no projeto \u201cTerrit\u00f3rios sem Fronteira\u201d\",\"breadcrumb\":{\"@id\":\"https:\\\/\\\/www.altominho.tv\\\/site\\\/2025\\\/10\\\/07\\\/fundacao-bienal-de-arte-de-cerveira-leva-colecao-a-salto-ate-ao-porto\\\/#breadcrumb\"},\"inLanguage\":\"pt-PT\",\"potentialAction\":[{\"@type\":\"ReadAction\",\"target\":[\"https:\\\/\\\/www.altominho.tv\\\/site\\\/2025\\\/10\\\/07\\\/fundacao-bienal-de-arte-de-cerveira-leva-colecao-a-salto-ate-ao-porto\\\/\"]}]},{\"@type\":\"ImageObject\",\"inLanguage\":\"pt-PT\",\"@id\":\"https:\\\/\\\/www.altominho.tv\\\/site\\\/2025\\\/10\\\/07\\\/fundacao-bienal-de-arte-de-cerveira-leva-colecao-a-salto-ate-ao-porto\\\/#primaryimage\",\"url\":\"https:\\\/\\\/www.altominho.tv\\\/site\\\/wp-content\\\/uploads\\\/2025\\\/10\\\/espaco-mira-porto.jpg\",\"contentUrl\":\"https:\\\/\\\/www.altominho.tv\\\/site\\\/wp-content\\\/uploads\\\/2025\\\/10\\\/espaco-mira-porto.jpg\",\"width\":1200,\"height\":630},{\"@type\":\"BreadcrumbList\",\"@id\":\"https:\\\/\\\/www.altominho.tv\\\/site\\\/2025\\\/10\\\/07\\\/fundacao-bienal-de-arte-de-cerveira-leva-colecao-a-salto-ate-ao-porto\\\/#breadcrumb\",\"itemListElement\":[{\"@type\":\"ListItem\",\"position\":1,\"name\":\"In\u00edcio\",\"item\":\"https:\\\/\\\/www.altominho.tv\\\/site\\\/\"},{\"@type\":\"ListItem\",\"position\":2,\"name\":\"Funda\u00e7\u00e3o Bienal de Arte de Cerveira leva cole\u00e7\u00e3o &#8220;a-SALTO&#8221; at\u00e9 ao Porto\"}]},{\"@type\":\"WebSite\",\"@id\":\"https:\\\/\\\/www.altominho.tv\\\/site\\\/#website\",\"url\":\"https:\\\/\\\/www.altominho.tv\\\/site\\\/\",\"name\":\"Altominho.tv\",\"description\":\"A sua regi\u00e3o \u00e0 dist\u00e2ncia de um clique...\",\"potentialAction\":[{\"@type\":\"SearchAction\",\"target\":{\"@type\":\"EntryPoint\",\"urlTemplate\":\"https:\\\/\\\/www.altominho.tv\\\/site\\\/?s={search_term_string}\"},\"query-input\":{\"@type\":\"PropertyValueSpecification\",\"valueRequired\":true,\"valueName\":\"search_term_string\"}}],\"inLanguage\":\"pt-PT\"},{\"@type\":\"Person\",\"@id\":\"https:\\\/\\\/www.altominho.tv\\\/site\\\/#\\\/schema\\\/person\\\/9e351387b727413d005ccf1152c93539\",\"name\":\"Eduarda Cardoso\",\"image\":{\"@type\":\"ImageObject\",\"inLanguage\":\"pt-PT\",\"@id\":\"https:\\\/\\\/www.altominho.tv\\\/site\\\/wp-content\\\/uploads\\\/2021\\\/01\\\/cropped-Logo-ATV_WEB-150x150.png\",\"url\":\"https:\\\/\\\/www.altominho.tv\\\/site\\\/wp-content\\\/uploads\\\/2021\\\/01\\\/cropped-Logo-ATV_WEB-150x150.png\",\"contentUrl\":\"https:\\\/\\\/www.altominho.tv\\\/site\\\/wp-content\\\/uploads\\\/2021\\\/01\\\/cropped-Logo-ATV_WEB-150x150.png\",\"caption\":\"Eduarda Cardoso\"},\"url\":\"https:\\\/\\\/www.altominho.tv\\\/site\\\/author\\\/eduarda-cardoso\\\/\"}]}<\/script>\n<!-- \/ Yoast SEO Premium plugin. -->","yoast_head_json":{"title":"Funda\u00e7\u00e3o Bienal de Arte de Cerveira leva cole\u00e7\u00e3o \"a-SALTO\" at\u00e9 ao Porto","description":"A Funda\u00e7\u00e3o Bienal de Arte de Cerveira (FBAC) vai apresentar, no Espa\u00e7o Mira, no Porto, a exposi\u00e7\u00e3o \u201cA-SALTO \u2013 os rostos da paisagem\u201d, a primeira do ciclo a-SALTO, integrado no projeto \u201cTerrit\u00f3rios sem Fronteira\u201d","robots":{"index":"index","follow":"follow","max-snippet":"max-snippet:-1","max-image-preview":"max-image-preview:large","max-video-preview":"max-video-preview:-1"},"canonical":"https:\/\/www.altominho.tv\/site\/2025\/10\/07\/fundacao-bienal-de-arte-de-cerveira-leva-colecao-a-salto-ate-ao-porto\/","og_locale":"pt_PT","og_type":"article","og_title":"Funda\u00e7\u00e3o Bienal de Arte de Cerveira leva cole\u00e7\u00e3o \"a-SALTO\" at\u00e9 ao Porto","og_description":"A Funda\u00e7\u00e3o Bienal de Arte de Cerveira (FBAC) vai apresentar, no Espa\u00e7o Mira, no Porto, a exposi\u00e7\u00e3o \u201cA-SALTO \u2013 os rostos da paisagem\u201d, a primeira do ciclo a-SALTO, integrado no projeto \u201cTerrit\u00f3rios sem Fronteira\u201d","og_url":"https:\/\/www.altominho.tv\/site\/2025\/10\/07\/fundacao-bienal-de-arte-de-cerveira-leva-colecao-a-salto-ate-ao-porto\/","og_site_name":"Altominho.tv","article_publisher":"https:\/\/www.facebook.com\/altominhotv","article_published_time":"2025-10-07T09:11:21+00:00","article_modified_time":"2025-10-07T09:11:24+00:00","og_image":[{"width":1200,"height":630,"url":"https:\/\/www.altominho.tv\/site\/wp-content\/uploads\/2025\/10\/espaco-mira-porto.jpg","type":"image\/jpeg"}],"author":"Eduarda Cardoso","twitter_card":"summary_large_image","twitter_creator":"@altominhoTV","twitter_site":"@altominhoTV","twitter_misc":{"Escrito por":"Eduarda Cardoso","Tempo estimado de leitura":"2 minutos"},"schema":{"@context":"https:\/\/schema.org","@graph":[{"@type":"Article","@id":"https:\/\/www.altominho.tv\/site\/2025\/10\/07\/fundacao-bienal-de-arte-de-cerveira-leva-colecao-a-salto-ate-ao-porto\/#article","isPartOf":{"@id":"https:\/\/www.altominho.tv\/site\/2025\/10\/07\/fundacao-bienal-de-arte-de-cerveira-leva-colecao-a-salto-ate-ao-porto\/"},"author":{"name":"Eduarda Cardoso","@id":"https:\/\/www.altominho.tv\/site\/#\/schema\/person\/9e351387b727413d005ccf1152c93539"},"headline":"Funda\u00e7\u00e3o Bienal de Arte de Cerveira leva cole\u00e7\u00e3o &#8220;a-SALTO&#8221; at\u00e9 ao Porto","datePublished":"2025-10-07T09:11:21+00:00","dateModified":"2025-10-07T09:11:24+00:00","mainEntityOfPage":{"@id":"https:\/\/www.altominho.tv\/site\/2025\/10\/07\/fundacao-bienal-de-arte-de-cerveira-leva-colecao-a-salto-ate-ao-porto\/"},"wordCount":209,"image":{"@id":"https:\/\/www.altominho.tv\/site\/2025\/10\/07\/fundacao-bienal-de-arte-de-cerveira-leva-colecao-a-salto-ate-ao-porto\/#primaryimage"},"thumbnailUrl":"https:\/\/www.altominho.tv\/site\/wp-content\/uploads\/2025\/10\/espaco-mira-porto.jpg","keywords":["Cultura"],"articleSection":["Vila Nova de Cerveira"],"inLanguage":"pt-PT","copyrightYear":"2025","copyrightHolder":{"@id":"https:\/\/www.altominho.tv\/site\/#organization"}},{"@type":"WebPage","@id":"https:\/\/www.altominho.tv\/site\/2025\/10\/07\/fundacao-bienal-de-arte-de-cerveira-leva-colecao-a-salto-ate-ao-porto\/","url":"https:\/\/www.altominho.tv\/site\/2025\/10\/07\/fundacao-bienal-de-arte-de-cerveira-leva-colecao-a-salto-ate-ao-porto\/","name":"Funda\u00e7\u00e3o Bienal de Arte de Cerveira leva cole\u00e7\u00e3o \"a-SALTO\" at\u00e9 ao Porto","isPartOf":{"@id":"https:\/\/www.altominho.tv\/site\/#website"},"primaryImageOfPage":{"@id":"https:\/\/www.altominho.tv\/site\/2025\/10\/07\/fundacao-bienal-de-arte-de-cerveira-leva-colecao-a-salto-ate-ao-porto\/#primaryimage"},"image":{"@id":"https:\/\/www.altominho.tv\/site\/2025\/10\/07\/fundacao-bienal-de-arte-de-cerveira-leva-colecao-a-salto-ate-ao-porto\/#primaryimage"},"thumbnailUrl":"https:\/\/www.altominho.tv\/site\/wp-content\/uploads\/2025\/10\/espaco-mira-porto.jpg","datePublished":"2025-10-07T09:11:21+00:00","dateModified":"2025-10-07T09:11:24+00:00","author":{"@id":"https:\/\/www.altominho.tv\/site\/#\/schema\/person\/9e351387b727413d005ccf1152c93539"},"description":"A Funda\u00e7\u00e3o Bienal de Arte de Cerveira (FBAC) vai apresentar, no Espa\u00e7o Mira, no Porto, a exposi\u00e7\u00e3o \u201cA-SALTO \u2013 os rostos da paisagem\u201d, a primeira do ciclo a-SALTO, integrado no projeto \u201cTerrit\u00f3rios sem Fronteira\u201d","breadcrumb":{"@id":"https:\/\/www.altominho.tv\/site\/2025\/10\/07\/fundacao-bienal-de-arte-de-cerveira-leva-colecao-a-salto-ate-ao-porto\/#breadcrumb"},"inLanguage":"pt-PT","potentialAction":[{"@type":"ReadAction","target":["https:\/\/www.altominho.tv\/site\/2025\/10\/07\/fundacao-bienal-de-arte-de-cerveira-leva-colecao-a-salto-ate-ao-porto\/"]}]},{"@type":"ImageObject","inLanguage":"pt-PT","@id":"https:\/\/www.altominho.tv\/site\/2025\/10\/07\/fundacao-bienal-de-arte-de-cerveira-leva-colecao-a-salto-ate-ao-porto\/#primaryimage","url":"https:\/\/www.altominho.tv\/site\/wp-content\/uploads\/2025\/10\/espaco-mira-porto.jpg","contentUrl":"https:\/\/www.altominho.tv\/site\/wp-content\/uploads\/2025\/10\/espaco-mira-porto.jpg","width":1200,"height":630},{"@type":"BreadcrumbList","@id":"https:\/\/www.altominho.tv\/site\/2025\/10\/07\/fundacao-bienal-de-arte-de-cerveira-leva-colecao-a-salto-ate-ao-porto\/#breadcrumb","itemListElement":[{"@type":"ListItem","position":1,"name":"In\u00edcio","item":"https:\/\/www.altominho.tv\/site\/"},{"@type":"ListItem","position":2,"name":"Funda\u00e7\u00e3o Bienal de Arte de Cerveira leva cole\u00e7\u00e3o &#8220;a-SALTO&#8221; at\u00e9 ao Porto"}]},{"@type":"WebSite","@id":"https:\/\/www.altominho.tv\/site\/#website","url":"https:\/\/www.altominho.tv\/site\/","name":"Altominho.tv","description":"A sua regi\u00e3o \u00e0 dist\u00e2ncia de um clique...","potentialAction":[{"@type":"SearchAction","target":{"@type":"EntryPoint","urlTemplate":"https:\/\/www.altominho.tv\/site\/?s={search_term_string}"},"query-input":{"@type":"PropertyValueSpecification","valueRequired":true,"valueName":"search_term_string"}}],"inLanguage":"pt-PT"},{"@type":"Person","@id":"https:\/\/www.altominho.tv\/site\/#\/schema\/person\/9e351387b727413d005ccf1152c93539","name":"Eduarda Cardoso","image":{"@type":"ImageObject","inLanguage":"pt-PT","@id":"https:\/\/www.altominho.tv\/site\/wp-content\/uploads\/2021\/01\/cropped-Logo-ATV_WEB-150x150.png","url":"https:\/\/www.altominho.tv\/site\/wp-content\/uploads\/2021\/01\/cropped-Logo-ATV_WEB-150x150.png","contentUrl":"https:\/\/www.altominho.tv\/site\/wp-content\/uploads\/2021\/01\/cropped-Logo-ATV_WEB-150x150.png","caption":"Eduarda Cardoso"},"url":"https:\/\/www.altominho.tv\/site\/author\/eduarda-cardoso\/"}]}},"_links":{"self":[{"href":"https:\/\/www.altominho.tv\/site\/wp-json\/wp\/v2\/posts\/123683","targetHints":{"allow":["GET"]}}],"collection":[{"href":"https:\/\/www.altominho.tv\/site\/wp-json\/wp\/v2\/posts"}],"about":[{"href":"https:\/\/www.altominho.tv\/site\/wp-json\/wp\/v2\/types\/post"}],"author":[{"embeddable":true,"href":"https:\/\/www.altominho.tv\/site\/wp-json\/wp\/v2\/users\/30"}],"replies":[{"embeddable":true,"href":"https:\/\/www.altominho.tv\/site\/wp-json\/wp\/v2\/comments?post=123683"}],"version-history":[{"count":2,"href":"https:\/\/www.altominho.tv\/site\/wp-json\/wp\/v2\/posts\/123683\/revisions"}],"predecessor-version":[{"id":123688,"href":"https:\/\/www.altominho.tv\/site\/wp-json\/wp\/v2\/posts\/123683\/revisions\/123688"}],"wp:featuredmedia":[{"embeddable":true,"href":"https:\/\/www.altominho.tv\/site\/wp-json\/wp\/v2\/media\/123686"}],"wp:attachment":[{"href":"https:\/\/www.altominho.tv\/site\/wp-json\/wp\/v2\/media?parent=123683"}],"wp:term":[{"taxonomy":"category","embeddable":true,"href":"https:\/\/www.altominho.tv\/site\/wp-json\/wp\/v2\/categories?post=123683"},{"taxonomy":"post_tag","embeddable":true,"href":"https:\/\/www.altominho.tv\/site\/wp-json\/wp\/v2\/tags?post=123683"}],"curies":[{"name":"wp","href":"https:\/\/api.w.org\/{rel}","templated":true}]}}