{"id":12361,"date":"2018-04-23T14:32:41","date_gmt":"2018-04-23T13:32:41","guid":{"rendered":"http:\/\/www.altominho.tv\/site\/?p=12361"},"modified":"2018-04-23T14:32:41","modified_gmt":"2018-04-23T13:32:41","slug":"apresentacao-ultra-trail-de-cerveira-montanha-magica-na-sexta-feira","status":"publish","type":"post","link":"https:\/\/www.altominho.tv\/site\/2018\/04\/23\/apresentacao-ultra-trail-de-cerveira-montanha-magica-na-sexta-feira\/","title":{"rendered":"Apresenta\u00e7\u00e3o Ultra Trail de Cerveira, \u2018Montanha M\u00e1gica\u2019 na Sexta-feira"},"content":{"rendered":"<p>O Ultra Trail de Cerveira, \u2018Montanha M\u00e1gica\u2019 vai ser apresentado na sexta-feira em confer\u00eancia de imprensa, pela C\u00e2mara Municipal.<\/p>\n<p>O Ultra Trail de Cerveira 2018, \u2018Montanha M\u00e1gica\u2019 tem lugar no pr\u00f3ximo dia\u00a05 de maio.<\/p>\n<p>Pelo quarto ano consecutivo, &#8220;este evento desportivo supera todas as expetativas ao n\u00edvel de inscri\u00e7\u00f5es e apresenta um conjunto de elementos diferenciadores que o tornam j\u00e1 uma refer\u00eancia no calend\u00e1rio nacional&#8221;, pode ler-se na nota enviada hoje pelo Munic\u00edpio.<\/p>\n<p>&#8220;A t\u00edtulo de exemplo, o Ultra Trail de Cerveira 2018 integra, este ano, o Calend\u00e1rio Nacional de Skyrunning, da Federa\u00e7\u00e3o de Campismo e Montanhismo de Portugal, e seleciona os jovens atletas para representar Portugal no Youth Skyrunning World Championships&#8221;.<\/p>\n<p>A sess\u00e3o de apresenta\u00e7\u00e3o p\u00fablica est\u00e1 agendada para esta sexta-feira, dia 27 de abril, pelas 11h00, nos Pa\u00e7os do Concelho.<\/p>\n","protected":false},"excerpt":{"rendered":"<p>O Ultra Trail de Cerveira, \u2018Montanha M\u00e1gica\u2019 vai ser apresentado na sexta-feira em confer\u00eancia de imprensa, pela C\u00e2mara Municipal. O Ultra Trail de Cerveira 2018, \u2018Montanha M\u00e1gica\u2019 tem lugar no pr\u00f3ximo dia\u00a05 de maio. Pelo quarto ano consecutivo, &#8220;este evento desportivo supera todas as expetativas ao n\u00edvel de inscri\u00e7\u00f5es e apresenta um conjunto de elementos [&hellip;]<\/p>\n","protected":false},"author":7,"featured_media":12362,"comment_status":"closed","ping_status":"closed","sticky":false,"template":"","format":"standard","meta":{"_exactmetrics_skip_tracking":false,"_exactmetrics_sitenote_active":false,"_exactmetrics_sitenote_note":"","_exactmetrics_sitenote_category":0,"footnotes":""},"categories":[15],"tags":[20,24],"class_list":["post-12361","post","type-post","status-publish","format-standard","has-post-thumbnail","hentry","category-vila-nova-de-cerveira","tag-desporto","tag-lazer"],"yoast_head":"<!-- This site is optimized with the Yoast SEO Premium plugin v27.4 (Yoast SEO v27.4) - https:\/\/yoast.com\/product\/yoast-seo-premium-wordpress\/ -->\n<title>Apresenta\u00e7\u00e3o Ultra Trail de Cerveira, \u2018Montanha M\u00e1gica\u2019 na Sexta-feira<\/title>\n<meta name=\"robots\" content=\"index, follow, max-snippet:-1, max-image-preview:large, max-video-preview:-1\" \/>\n<link rel=\"canonical\" href=\"https:\/\/www.altominho.tv\/site\/2018\/04\/23\/apresentacao-ultra-trail-de-cerveira-montanha-magica-na-sexta-feira\/\" \/>\n<meta property=\"og:locale\" content=\"pt_PT\" \/>\n<meta property=\"og:type\" content=\"article\" \/>\n<meta property=\"og:title\" content=\"Apresenta\u00e7\u00e3o Ultra Trail de Cerveira, \u2018Montanha M\u00e1gica\u2019 na Sexta-feira\" \/>\n<meta property=\"og:description\" content=\"O Ultra Trail de Cerveira, \u2018Montanha M\u00e1gica\u2019 vai ser apresentado na sexta-feira em confer\u00eancia de imprensa, pela C\u00e2mara Municipal. O Ultra Trail de Cerveira 2018, \u2018Montanha M\u00e1gica\u2019 tem lugar no pr\u00f3ximo dia\u00a05 de maio. Pelo quarto ano consecutivo, &#8220;este evento desportivo supera todas as expetativas ao n\u00edvel de inscri\u00e7\u00f5es e apresenta um conjunto de elementos [&hellip;]\" \/>\n<meta property=\"og:url\" content=\"https:\/\/www.altominho.tv\/site\/2018\/04\/23\/apresentacao-ultra-trail-de-cerveira-montanha-magica-na-sexta-feira\/\" \/>\n<meta property=\"og:site_name\" content=\"Altominho.tv\" \/>\n<meta property=\"article:publisher\" content=\"https:\/\/www.facebook.com\/altominhotv\" \/>\n<meta property=\"article:published_time\" content=\"2018-04-23T13:32:41+00:00\" \/>\n<meta property=\"og:image\" content=\"https:\/\/www.altominho.tv\/site\/wp-content\/uploads\/2018\/04\/Cartaz-Trail.jpg\" \/>\n\t<meta property=\"og:image:width\" content=\"2000\" \/>\n\t<meta property=\"og:image:height\" content=\"1222\" \/>\n\t<meta property=\"og:image:type\" content=\"image\/jpeg\" \/>\n<meta name=\"author\" content=\"Andreia Cunha\" \/>\n<meta name=\"twitter:card\" content=\"summary_large_image\" \/>\n<meta name=\"twitter:creator\" content=\"@altominhoTV\" \/>\n<meta name=\"twitter:site\" content=\"@altominhoTV\" \/>\n<meta name=\"twitter:label1\" content=\"Escrito por\" \/>\n\t<meta name=\"twitter:data1\" content=\"Andreia Cunha\" \/>\n\t<meta name=\"twitter:label2\" content=\"Tempo estimado de leitura\" \/>\n\t<meta name=\"twitter:data2\" content=\"1 minuto\" \/>\n<script type=\"application\/ld+json\" class=\"yoast-schema-graph\">{\"@context\":\"https:\\\/\\\/schema.org\",\"@graph\":[{\"@type\":\"Article\",\"@id\":\"https:\\\/\\\/www.altominho.tv\\\/site\\\/2018\\\/04\\\/23\\\/apresentacao-ultra-trail-de-cerveira-montanha-magica-na-sexta-feira\\\/#article\",\"isPartOf\":{\"@id\":\"https:\\\/\\\/www.altominho.tv\\\/site\\\/2018\\\/04\\\/23\\\/apresentacao-ultra-trail-de-cerveira-montanha-magica-na-sexta-feira\\\/\"},\"author\":{\"name\":\"Andreia Cunha\",\"@id\":\"https:\\\/\\\/www.altominho.tv\\\/site\\\/#\\\/schema\\\/person\\\/a0e4ef6d041f98ca284393d8f1d97153\"},\"headline\":\"Apresenta\u00e7\u00e3o Ultra Trail de Cerveira, \u2018Montanha M\u00e1gica\u2019 na Sexta-feira\",\"datePublished\":\"2018-04-23T13:32:41+00:00\",\"mainEntityOfPage\":{\"@id\":\"https:\\\/\\\/www.altominho.tv\\\/site\\\/2018\\\/04\\\/23\\\/apresentacao-ultra-trail-de-cerveira-montanha-magica-na-sexta-feira\\\/\"},\"wordCount\":157,\"image\":{\"@id\":\"https:\\\/\\\/www.altominho.tv\\\/site\\\/2018\\\/04\\\/23\\\/apresentacao-ultra-trail-de-cerveira-montanha-magica-na-sexta-feira\\\/#primaryimage\"},\"thumbnailUrl\":\"https:\\\/\\\/www.altominho.tv\\\/site\\\/wp-content\\\/uploads\\\/2018\\\/04\\\/Cartaz-Trail.jpg\",\"keywords\":[\"Desporto\",\"Lazer\"],\"articleSection\":[\"Vila Nova de Cerveira\"],\"inLanguage\":\"pt-PT\",\"copyrightYear\":\"2018\",\"copyrightHolder\":{\"@id\":\"https:\\\/\\\/www.altominho.tv\\\/site\\\/#organization\"}},{\"@type\":\"WebPage\",\"@id\":\"https:\\\/\\\/www.altominho.tv\\\/site\\\/2018\\\/04\\\/23\\\/apresentacao-ultra-trail-de-cerveira-montanha-magica-na-sexta-feira\\\/\",\"url\":\"https:\\\/\\\/www.altominho.tv\\\/site\\\/2018\\\/04\\\/23\\\/apresentacao-ultra-trail-de-cerveira-montanha-magica-na-sexta-feira\\\/\",\"name\":\"Apresenta\u00e7\u00e3o Ultra Trail de Cerveira, \u2018Montanha M\u00e1gica\u2019 na Sexta-feira\",\"isPartOf\":{\"@id\":\"https:\\\/\\\/www.altominho.tv\\\/site\\\/#website\"},\"primaryImageOfPage\":{\"@id\":\"https:\\\/\\\/www.altominho.tv\\\/site\\\/2018\\\/04\\\/23\\\/apresentacao-ultra-trail-de-cerveira-montanha-magica-na-sexta-feira\\\/#primaryimage\"},\"image\":{\"@id\":\"https:\\\/\\\/www.altominho.tv\\\/site\\\/2018\\\/04\\\/23\\\/apresentacao-ultra-trail-de-cerveira-montanha-magica-na-sexta-feira\\\/#primaryimage\"},\"thumbnailUrl\":\"https:\\\/\\\/www.altominho.tv\\\/site\\\/wp-content\\\/uploads\\\/2018\\\/04\\\/Cartaz-Trail.jpg\",\"datePublished\":\"2018-04-23T13:32:41+00:00\",\"author\":{\"@id\":\"https:\\\/\\\/www.altominho.tv\\\/site\\\/#\\\/schema\\\/person\\\/a0e4ef6d041f98ca284393d8f1d97153\"},\"breadcrumb\":{\"@id\":\"https:\\\/\\\/www.altominho.tv\\\/site\\\/2018\\\/04\\\/23\\\/apresentacao-ultra-trail-de-cerveira-montanha-magica-na-sexta-feira\\\/#breadcrumb\"},\"inLanguage\":\"pt-PT\",\"potentialAction\":[{\"@type\":\"ReadAction\",\"target\":[\"https:\\\/\\\/www.altominho.tv\\\/site\\\/2018\\\/04\\\/23\\\/apresentacao-ultra-trail-de-cerveira-montanha-magica-na-sexta-feira\\\/\"]}]},{\"@type\":\"ImageObject\",\"inLanguage\":\"pt-PT\",\"@id\":\"https:\\\/\\\/www.altominho.tv\\\/site\\\/2018\\\/04\\\/23\\\/apresentacao-ultra-trail-de-cerveira-montanha-magica-na-sexta-feira\\\/#primaryimage\",\"url\":\"https:\\\/\\\/www.altominho.tv\\\/site\\\/wp-content\\\/uploads\\\/2018\\\/04\\\/Cartaz-Trail.jpg\",\"contentUrl\":\"https:\\\/\\\/www.altominho.tv\\\/site\\\/wp-content\\\/uploads\\\/2018\\\/04\\\/Cartaz-Trail.jpg\",\"width\":2000,\"height\":1222},{\"@type\":\"BreadcrumbList\",\"@id\":\"https:\\\/\\\/www.altominho.tv\\\/site\\\/2018\\\/04\\\/23\\\/apresentacao-ultra-trail-de-cerveira-montanha-magica-na-sexta-feira\\\/#breadcrumb\",\"itemListElement\":[{\"@type\":\"ListItem\",\"position\":1,\"name\":\"In\u00edcio\",\"item\":\"https:\\\/\\\/www.altominho.tv\\\/site\\\/\"},{\"@type\":\"ListItem\",\"position\":2,\"name\":\"Apresenta\u00e7\u00e3o Ultra Trail de Cerveira, \u2018Montanha M\u00e1gica\u2019 na Sexta-feira\"}]},{\"@type\":\"WebSite\",\"@id\":\"https:\\\/\\\/www.altominho.tv\\\/site\\\/#website\",\"url\":\"https:\\\/\\\/www.altominho.tv\\\/site\\\/\",\"name\":\"Altominho.tv\",\"description\":\"A sua regi\u00e3o \u00e0 dist\u00e2ncia de um clique...\",\"potentialAction\":[{\"@type\":\"SearchAction\",\"target\":{\"@type\":\"EntryPoint\",\"urlTemplate\":\"https:\\\/\\\/www.altominho.tv\\\/site\\\/?s={search_term_string}\"},\"query-input\":{\"@type\":\"PropertyValueSpecification\",\"valueRequired\":true,\"valueName\":\"search_term_string\"}}],\"inLanguage\":\"pt-PT\"},{\"@type\":\"Person\",\"@id\":\"https:\\\/\\\/www.altominho.tv\\\/site\\\/#\\\/schema\\\/person\\\/a0e4ef6d041f98ca284393d8f1d97153\",\"name\":\"Andreia Cunha\",\"image\":{\"@type\":\"ImageObject\",\"inLanguage\":\"pt-PT\",\"@id\":\"https:\\\/\\\/www.altominho.tv\\\/site\\\/wp-content\\\/uploads\\\/2017\\\/11\\\/Andreia_Cunha-1-150x150.jpg\",\"url\":\"https:\\\/\\\/www.altominho.tv\\\/site\\\/wp-content\\\/uploads\\\/2017\\\/11\\\/Andreia_Cunha-1-150x150.jpg\",\"contentUrl\":\"https:\\\/\\\/www.altominho.tv\\\/site\\\/wp-content\\\/uploads\\\/2017\\\/11\\\/Andreia_Cunha-1-150x150.jpg\",\"caption\":\"Andreia Cunha\"},\"url\":\"https:\\\/\\\/www.altominho.tv\\\/site\\\/author\\\/andreiacunha\\\/\"}]}<\/script>\n<!-- \/ Yoast SEO Premium plugin. -->","yoast_head_json":{"title":"Apresenta\u00e7\u00e3o Ultra Trail de Cerveira, \u2018Montanha M\u00e1gica\u2019 na Sexta-feira","robots":{"index":"index","follow":"follow","max-snippet":"max-snippet:-1","max-image-preview":"max-image-preview:large","max-video-preview":"max-video-preview:-1"},"canonical":"https:\/\/www.altominho.tv\/site\/2018\/04\/23\/apresentacao-ultra-trail-de-cerveira-montanha-magica-na-sexta-feira\/","og_locale":"pt_PT","og_type":"article","og_title":"Apresenta\u00e7\u00e3o Ultra Trail de Cerveira, \u2018Montanha M\u00e1gica\u2019 na Sexta-feira","og_description":"O Ultra Trail de Cerveira, \u2018Montanha M\u00e1gica\u2019 vai ser apresentado na sexta-feira em confer\u00eancia de imprensa, pela C\u00e2mara Municipal. O Ultra Trail de Cerveira 2018, \u2018Montanha M\u00e1gica\u2019 tem lugar no pr\u00f3ximo dia\u00a05 de maio. Pelo quarto ano consecutivo, &#8220;este evento desportivo supera todas as expetativas ao n\u00edvel de inscri\u00e7\u00f5es e apresenta um conjunto de elementos [&hellip;]","og_url":"https:\/\/www.altominho.tv\/site\/2018\/04\/23\/apresentacao-ultra-trail-de-cerveira-montanha-magica-na-sexta-feira\/","og_site_name":"Altominho.tv","article_publisher":"https:\/\/www.facebook.com\/altominhotv","article_published_time":"2018-04-23T13:32:41+00:00","og_image":[{"width":2000,"height":1222,"url":"https:\/\/www.altominho.tv\/site\/wp-content\/uploads\/2018\/04\/Cartaz-Trail.jpg","type":"image\/jpeg"}],"author":"Andreia Cunha","twitter_card":"summary_large_image","twitter_creator":"@altominhoTV","twitter_site":"@altominhoTV","twitter_misc":{"Escrito por":"Andreia Cunha","Tempo estimado de leitura":"1 minuto"},"schema":{"@context":"https:\/\/schema.org","@graph":[{"@type":"Article","@id":"https:\/\/www.altominho.tv\/site\/2018\/04\/23\/apresentacao-ultra-trail-de-cerveira-montanha-magica-na-sexta-feira\/#article","isPartOf":{"@id":"https:\/\/www.altominho.tv\/site\/2018\/04\/23\/apresentacao-ultra-trail-de-cerveira-montanha-magica-na-sexta-feira\/"},"author":{"name":"Andreia Cunha","@id":"https:\/\/www.altominho.tv\/site\/#\/schema\/person\/a0e4ef6d041f98ca284393d8f1d97153"},"headline":"Apresenta\u00e7\u00e3o Ultra Trail de Cerveira, \u2018Montanha M\u00e1gica\u2019 na Sexta-feira","datePublished":"2018-04-23T13:32:41+00:00","mainEntityOfPage":{"@id":"https:\/\/www.altominho.tv\/site\/2018\/04\/23\/apresentacao-ultra-trail-de-cerveira-montanha-magica-na-sexta-feira\/"},"wordCount":157,"image":{"@id":"https:\/\/www.altominho.tv\/site\/2018\/04\/23\/apresentacao-ultra-trail-de-cerveira-montanha-magica-na-sexta-feira\/#primaryimage"},"thumbnailUrl":"https:\/\/www.altominho.tv\/site\/wp-content\/uploads\/2018\/04\/Cartaz-Trail.jpg","keywords":["Desporto","Lazer"],"articleSection":["Vila Nova de Cerveira"],"inLanguage":"pt-PT","copyrightYear":"2018","copyrightHolder":{"@id":"https:\/\/www.altominho.tv\/site\/#organization"}},{"@type":"WebPage","@id":"https:\/\/www.altominho.tv\/site\/2018\/04\/23\/apresentacao-ultra-trail-de-cerveira-montanha-magica-na-sexta-feira\/","url":"https:\/\/www.altominho.tv\/site\/2018\/04\/23\/apresentacao-ultra-trail-de-cerveira-montanha-magica-na-sexta-feira\/","name":"Apresenta\u00e7\u00e3o Ultra Trail de Cerveira, \u2018Montanha M\u00e1gica\u2019 na Sexta-feira","isPartOf":{"@id":"https:\/\/www.altominho.tv\/site\/#website"},"primaryImageOfPage":{"@id":"https:\/\/www.altominho.tv\/site\/2018\/04\/23\/apresentacao-ultra-trail-de-cerveira-montanha-magica-na-sexta-feira\/#primaryimage"},"image":{"@id":"https:\/\/www.altominho.tv\/site\/2018\/04\/23\/apresentacao-ultra-trail-de-cerveira-montanha-magica-na-sexta-feira\/#primaryimage"},"thumbnailUrl":"https:\/\/www.altominho.tv\/site\/wp-content\/uploads\/2018\/04\/Cartaz-Trail.jpg","datePublished":"2018-04-23T13:32:41+00:00","author":{"@id":"https:\/\/www.altominho.tv\/site\/#\/schema\/person\/a0e4ef6d041f98ca284393d8f1d97153"},"breadcrumb":{"@id":"https:\/\/www.altominho.tv\/site\/2018\/04\/23\/apresentacao-ultra-trail-de-cerveira-montanha-magica-na-sexta-feira\/#breadcrumb"},"inLanguage":"pt-PT","potentialAction":[{"@type":"ReadAction","target":["https:\/\/www.altominho.tv\/site\/2018\/04\/23\/apresentacao-ultra-trail-de-cerveira-montanha-magica-na-sexta-feira\/"]}]},{"@type":"ImageObject","inLanguage":"pt-PT","@id":"https:\/\/www.altominho.tv\/site\/2018\/04\/23\/apresentacao-ultra-trail-de-cerveira-montanha-magica-na-sexta-feira\/#primaryimage","url":"https:\/\/www.altominho.tv\/site\/wp-content\/uploads\/2018\/04\/Cartaz-Trail.jpg","contentUrl":"https:\/\/www.altominho.tv\/site\/wp-content\/uploads\/2018\/04\/Cartaz-Trail.jpg","width":2000,"height":1222},{"@type":"BreadcrumbList","@id":"https:\/\/www.altominho.tv\/site\/2018\/04\/23\/apresentacao-ultra-trail-de-cerveira-montanha-magica-na-sexta-feira\/#breadcrumb","itemListElement":[{"@type":"ListItem","position":1,"name":"In\u00edcio","item":"https:\/\/www.altominho.tv\/site\/"},{"@type":"ListItem","position":2,"name":"Apresenta\u00e7\u00e3o Ultra Trail de Cerveira, \u2018Montanha M\u00e1gica\u2019 na Sexta-feira"}]},{"@type":"WebSite","@id":"https:\/\/www.altominho.tv\/site\/#website","url":"https:\/\/www.altominho.tv\/site\/","name":"Altominho.tv","description":"A sua regi\u00e3o \u00e0 dist\u00e2ncia de um clique...","potentialAction":[{"@type":"SearchAction","target":{"@type":"EntryPoint","urlTemplate":"https:\/\/www.altominho.tv\/site\/?s={search_term_string}"},"query-input":{"@type":"PropertyValueSpecification","valueRequired":true,"valueName":"search_term_string"}}],"inLanguage":"pt-PT"},{"@type":"Person","@id":"https:\/\/www.altominho.tv\/site\/#\/schema\/person\/a0e4ef6d041f98ca284393d8f1d97153","name":"Andreia Cunha","image":{"@type":"ImageObject","inLanguage":"pt-PT","@id":"https:\/\/www.altominho.tv\/site\/wp-content\/uploads\/2017\/11\/Andreia_Cunha-1-150x150.jpg","url":"https:\/\/www.altominho.tv\/site\/wp-content\/uploads\/2017\/11\/Andreia_Cunha-1-150x150.jpg","contentUrl":"https:\/\/www.altominho.tv\/site\/wp-content\/uploads\/2017\/11\/Andreia_Cunha-1-150x150.jpg","caption":"Andreia Cunha"},"url":"https:\/\/www.altominho.tv\/site\/author\/andreiacunha\/"}]}},"_links":{"self":[{"href":"https:\/\/www.altominho.tv\/site\/wp-json\/wp\/v2\/posts\/12361","targetHints":{"allow":["GET"]}}],"collection":[{"href":"https:\/\/www.altominho.tv\/site\/wp-json\/wp\/v2\/posts"}],"about":[{"href":"https:\/\/www.altominho.tv\/site\/wp-json\/wp\/v2\/types\/post"}],"author":[{"embeddable":true,"href":"https:\/\/www.altominho.tv\/site\/wp-json\/wp\/v2\/users\/7"}],"replies":[{"embeddable":true,"href":"https:\/\/www.altominho.tv\/site\/wp-json\/wp\/v2\/comments?post=12361"}],"version-history":[{"count":0,"href":"https:\/\/www.altominho.tv\/site\/wp-json\/wp\/v2\/posts\/12361\/revisions"}],"wp:featuredmedia":[{"embeddable":true,"href":"https:\/\/www.altominho.tv\/site\/wp-json\/wp\/v2\/media\/12362"}],"wp:attachment":[{"href":"https:\/\/www.altominho.tv\/site\/wp-json\/wp\/v2\/media?parent=12361"}],"wp:term":[{"taxonomy":"category","embeddable":true,"href":"https:\/\/www.altominho.tv\/site\/wp-json\/wp\/v2\/categories?post=12361"},{"taxonomy":"post_tag","embeddable":true,"href":"https:\/\/www.altominho.tv\/site\/wp-json\/wp\/v2\/tags?post=12361"}],"curies":[{"name":"wp","href":"https:\/\/api.w.org\/{rel}","templated":true}]}}